{"id":59643,"date":"2020-06-23T17:17:43","date_gmt":"2020-06-23T22:17:43","guid":{"rendered":"http:\/\/quehacerpolitico.mx\/?p=59643"},"modified":"2020-06-23T17:17:43","modified_gmt":"2020-06-23T22:17:43","slug":"mara-gomez-formaliza-su-renuncia-a-la-comision-de-victimas","status":"publish","type":"post","link":"https:\/\/quehacerpolitico.mx\/?p=59643","title":{"rendered":"Mara G\u00f3mez formaliza su renuncia a la Comisi\u00f3n de V\u00edctimas"},"content":{"rendered":"<h1 class=\"news-title\">Mara G\u00f3mez formaliza su renuncia a la Comisi\u00f3n de V\u00edctimas<br \/>\nPor Redacci\u00f3n QP<\/h1>\n<p>La junta de la CEAV tendr\u00e1 una reuni\u00f3n ma\u00f1ana mi\u00e9rcoles, donde discutir\u00e1n la renuncia y podr\u00edan designar a un nuevo responsable<\/p>\n<p>Mara G\u00f3mez P\u00e9rez, quien todav\u00eda este fin de semana se desempe\u00f1\u00f3 como titular de la Comisi\u00f3n Ejecutiva de Atenci\u00f3n a V\u00edctimas (CEAV), present\u00f3 hoy martes su renuncia al Senado de la Rep\u00fablica, confirmaron fuentes a El Universal.<\/p>\n<p>La salida de Mara G\u00f3mez se dio luego de que el Presidente orden\u00f3 recortar el 75 por ciento del presupuesto, de los cap\u00edtulos 2000 y 3000, a las dependencias del gobierno federal. <strong>La comisionada critic\u00f3 que esta acci\u00f3n podr\u00eda dejar inoperante a su dependencia, aunque el secretario de Hacienda, Arturo Herrera, se comprometi\u00f3 a que esto no suceder\u00eda<\/strong>.<\/p>\n<p>El d\u00eda de ma\u00f1ana habr\u00e1 una reuni\u00f3n de la Junta de Gobierno de la CEAV, donde se discutir\u00e1 la renuncia de G\u00f3mez P\u00e9rez y se podr\u00eda designar a un nuevo responsable para que la instituci\u00f3n no quede ac\u00e9fala.<\/p>\n<p>La semana pasada el Presidente Andr\u00e9s Manuel L\u00f3pez Obrador confirm\u00f3 las renuncias de M\u00f3nica Maccise al Consejo Nacional para Prevenir la Discriminaci\u00f3n (Conapred) y de Mara G\u00f3mez a la CEAV.<\/p>\n<p>M\u00f3nica Maccise abandon\u00f3 su cargo el viernes pasado, <strong>mientras Mara G\u00f3mez lo hizo hoy al comunicar su decisi\u00f3n al Senado, instituci\u00f3n que en diciembre del 2019 la eligi\u00f3 para estar al frente de la CEAV por un periodo de cinco a\u00f1os<\/strong>.<\/p>\n<p>Con Informaci\u00f3n de SUN<\/p>\n","protected":false},"excerpt":{"rendered":"<p>Mara G\u00f3mez formaliza su renuncia a la Comisi\u00f3n de V\u00edctimas Por Redacci\u00f3n QP La junta&#8230;<\/p>\n","protected":false},"author":2,"featured_media":59644,"comment_status":"open","ping_status":"open","sticky":false,"template":"","format":"standard","meta":{"_monsterinsights_skip_tracking":false,"_monsterinsights_sitenote_active":false,"_monsterinsights_sitenote_note":"","_monsterinsights_sitenote_category":0,"footnotes":""},"categories":[2],"tags":[],"class_list":["post-59643","post","type-post","status-publish","format-standard","has-post-thumbnail","hentry","category-noticias"],"yoast_head":"<!-- This site is optimized with the Yoast SEO plugin v27.3 - https:\/\/yoast.com\/product\/yoast-seo-wordpress\/ -->\n<title>Mara G\u00f3mez formaliza su renuncia a la Comisi\u00f3n de V\u00edctimas -<\/title>\n<meta name=\"robots\" content=\"index, follow, max-snippet:-1, max-image-preview:large, max-video-preview:-1\" \/>\n<link rel=\"canonical\" href=\"https:\/\/quehacerpolitico.mx\/?p=59643\" \/>\n<meta property=\"og:locale\" content=\"es_MX\" \/>\n<meta property=\"og:type\" content=\"article\" \/>\n<meta property=\"og:title\" content=\"Mara G\u00f3mez formaliza su renuncia a la Comisi\u00f3n de V\u00edctimas -\" \/>\n<meta property=\"og:description\" content=\"Mara G\u00f3mez formaliza su renuncia a la Comisi\u00f3n de V\u00edctimas Por Redacci\u00f3n QP La junta...\" \/>\n<meta property=\"og:url\" content=\"https:\/\/quehacerpolitico.mx\/?p=59643\" \/>\n<meta property=\"article:published_time\" content=\"2020-06-23T22:17:43+00:00\" \/>\n<meta property=\"og:image\" content=\"https:\/\/quehacerpolitico.mx\/wp-content\/uploads\/2020\/06\/F370CA2B-5EF3-48CA-A14E-ACA6F7D90164.jpeg\" \/>\n\t<meta property=\"og:image:width\" content=\"678\" \/>\n\t<meta property=\"og:image:height\" content=\"452\" \/>\n\t<meta property=\"og:image:type\" content=\"image\/jpeg\" \/>\n<meta name=\"author\" content=\"Redacci\u00f3n QP\" \/>\n<meta name=\"twitter:card\" content=\"summary_large_image\" \/>\n<meta name=\"twitter:label1\" content=\"Escrito por\" \/>\n\t<meta name=\"twitter:data1\" content=\"Redacci\u00f3n QP\" \/>\n\t<meta name=\"twitter:label2\" content=\"Tiempo de lectura\" \/>\n\t<meta name=\"twitter:data2\" content=\"1 minuto\" \/>\n<script type=\"application\/ld+json\" class=\"yoast-schema-graph\">{\"@context\":\"https:\\\/\\\/schema.org\",\"@graph\":[{\"@type\":\"Article\",\"@id\":\"https:\\\/\\\/quehacerpolitico.mx\\\/?p=59643#article\",\"isPartOf\":{\"@id\":\"https:\\\/\\\/quehacerpolitico.mx\\\/?p=59643\"},\"author\":{\"name\":\"Redacci\u00f3n QP\",\"@id\":\"https:\\\/\\\/quehacerpolitico.mx\\\/#\\\/schema\\\/person\\\/496d8ad2d1d3f8036101dca7ee39e585\"},\"headline\":\"Mara G\u00f3mez formaliza su renuncia a la Comisi\u00f3n de V\u00edctimas\",\"datePublished\":\"2020-06-23T22:17:43+00:00\",\"mainEntityOfPage\":{\"@id\":\"https:\\\/\\\/quehacerpolitico.mx\\\/?p=59643\"},\"wordCount\":291,\"commentCount\":0,\"image\":{\"@id\":\"https:\\\/\\\/quehacerpolitico.mx\\\/?p=59643#primaryimage\"},\"thumbnailUrl\":\"https:\\\/\\\/quehacerpolitico.mx\\\/wp-content\\\/uploads\\\/2020\\\/06\\\/F370CA2B-5EF3-48CA-A14E-ACA6F7D90164.jpeg\",\"articleSection\":[\"Noticias\"],\"inLanguage\":\"es\",\"potentialAction\":[{\"@type\":\"CommentAction\",\"name\":\"Comment\",\"target\":[\"https:\\\/\\\/quehacerpolitico.mx\\\/?p=59643#respond\"]}]},{\"@type\":\"WebPage\",\"@id\":\"https:\\\/\\\/quehacerpolitico.mx\\\/?p=59643\",\"url\":\"https:\\\/\\\/quehacerpolitico.mx\\\/?p=59643\",\"name\":\"Mara G\u00f3mez formaliza su renuncia a la Comisi\u00f3n de V\u00edctimas -\",\"isPartOf\":{\"@id\":\"https:\\\/\\\/quehacerpolitico.mx\\\/#website\"},\"primaryImageOfPage\":{\"@id\":\"https:\\\/\\\/quehacerpolitico.mx\\\/?p=59643#primaryimage\"},\"image\":{\"@id\":\"https:\\\/\\\/quehacerpolitico.mx\\\/?p=59643#primaryimage\"},\"thumbnailUrl\":\"https:\\\/\\\/quehacerpolitico.mx\\\/wp-content\\\/uploads\\\/2020\\\/06\\\/F370CA2B-5EF3-48CA-A14E-ACA6F7D90164.jpeg\",\"datePublished\":\"2020-06-23T22:17:43+00:00\",\"author\":{\"@id\":\"https:\\\/\\\/quehacerpolitico.mx\\\/#\\\/schema\\\/person\\\/496d8ad2d1d3f8036101dca7ee39e585\"},\"breadcrumb\":{\"@id\":\"https:\\\/\\\/quehacerpolitico.mx\\\/?p=59643#breadcrumb\"},\"inLanguage\":\"es\",\"potentialAction\":[{\"@type\":\"ReadAction\",\"target\":[\"https:\\\/\\\/quehacerpolitico.mx\\\/?p=59643\"]}]},{\"@type\":\"ImageObject\",\"inLanguage\":\"es\",\"@id\":\"https:\\\/\\\/quehacerpolitico.mx\\\/?p=59643#primaryimage\",\"url\":\"https:\\\/\\\/quehacerpolitico.mx\\\/wp-content\\\/uploads\\\/2020\\\/06\\\/F370CA2B-5EF3-48CA-A14E-ACA6F7D90164.jpeg\",\"contentUrl\":\"https:\\\/\\\/quehacerpolitico.mx\\\/wp-content\\\/uploads\\\/2020\\\/06\\\/F370CA2B-5EF3-48CA-A14E-ACA6F7D90164.jpeg\",\"width\":678,\"height\":452},{\"@type\":\"BreadcrumbList\",\"@id\":\"https:\\\/\\\/quehacerpolitico.mx\\\/?p=59643#breadcrumb\",\"itemListElement\":[{\"@type\":\"ListItem\",\"position\":1,\"name\":\"Inicio\",\"item\":\"https:\\\/\\\/quehacerpolitico.mx\\\/\"},{\"@type\":\"ListItem\",\"position\":2,\"name\":\"Mara G\u00f3mez formaliza su renuncia a la Comisi\u00f3n de V\u00edctimas\"}]},{\"@type\":\"WebSite\",\"@id\":\"https:\\\/\\\/quehacerpolitico.mx\\\/#website\",\"url\":\"https:\\\/\\\/quehacerpolitico.mx\\\/\",\"name\":\"\",\"description\":\"\",\"potentialAction\":[{\"@type\":\"SearchAction\",\"target\":{\"@type\":\"EntryPoint\",\"urlTemplate\":\"https:\\\/\\\/quehacerpolitico.mx\\\/?s={search_term_string}\"},\"query-input\":{\"@type\":\"PropertyValueSpecification\",\"valueRequired\":true,\"valueName\":\"search_term_string\"}}],\"inLanguage\":\"es\"},{\"@type\":\"Person\",\"@id\":\"https:\\\/\\\/quehacerpolitico.mx\\\/#\\\/schema\\\/person\\\/496d8ad2d1d3f8036101dca7ee39e585\",\"name\":\"Redacci\u00f3n QP\",\"image\":{\"@type\":\"ImageObject\",\"inLanguage\":\"es\",\"@id\":\"https:\\\/\\\/secure.gravatar.com\\\/avatar\\\/c7164ed6fdec453195284ad24a5ae5b6e1eed2b848477fa2a4787ba9adf39a41?s=96&d=mm&r=g\",\"url\":\"https:\\\/\\\/secure.gravatar.com\\\/avatar\\\/c7164ed6fdec453195284ad24a5ae5b6e1eed2b848477fa2a4787ba9adf39a41?s=96&d=mm&r=g\",\"contentUrl\":\"https:\\\/\\\/secure.gravatar.com\\\/avatar\\\/c7164ed6fdec453195284ad24a5ae5b6e1eed2b848477fa2a4787ba9adf39a41?s=96&d=mm&r=g\",\"caption\":\"Redacci\u00f3n QP\"},\"url\":\"https:\\\/\\\/quehacerpolitico.mx\\\/?author=2\"}]}<\/script>\n<!-- \/ Yoast SEO plugin. -->","yoast_head_json":{"title":"Mara G\u00f3mez formaliza su renuncia a la Comisi\u00f3n de V\u00edctimas -","robots":{"index":"index","follow":"follow","max-snippet":"max-snippet:-1","max-image-preview":"max-image-preview:large","max-video-preview":"max-video-preview:-1"},"canonical":"https:\/\/quehacerpolitico.mx\/?p=59643","og_locale":"es_MX","og_type":"article","og_title":"Mara G\u00f3mez formaliza su renuncia a la Comisi\u00f3n de V\u00edctimas -","og_description":"Mara G\u00f3mez formaliza su renuncia a la Comisi\u00f3n de V\u00edctimas Por Redacci\u00f3n QP La junta...","og_url":"https:\/\/quehacerpolitico.mx\/?p=59643","article_published_time":"2020-06-23T22:17:43+00:00","og_image":[{"width":678,"height":452,"url":"https:\/\/quehacerpolitico.mx\/wp-content\/uploads\/2020\/06\/F370CA2B-5EF3-48CA-A14E-ACA6F7D90164.jpeg","type":"image\/jpeg"}],"author":"Redacci\u00f3n QP","twitter_card":"summary_large_image","twitter_misc":{"Escrito por":"Redacci\u00f3n QP","Tiempo de lectura":"1 minuto"},"schema":{"@context":"https:\/\/schema.org","@graph":[{"@type":"Article","@id":"https:\/\/quehacerpolitico.mx\/?p=59643#article","isPartOf":{"@id":"https:\/\/quehacerpolitico.mx\/?p=59643"},"author":{"name":"Redacci\u00f3n QP","@id":"https:\/\/quehacerpolitico.mx\/#\/schema\/person\/496d8ad2d1d3f8036101dca7ee39e585"},"headline":"Mara G\u00f3mez formaliza su renuncia a la Comisi\u00f3n de V\u00edctimas","datePublished":"2020-06-23T22:17:43+00:00","mainEntityOfPage":{"@id":"https:\/\/quehacerpolitico.mx\/?p=59643"},"wordCount":291,"commentCount":0,"image":{"@id":"https:\/\/quehacerpolitico.mx\/?p=59643#primaryimage"},"thumbnailUrl":"https:\/\/quehacerpolitico.mx\/wp-content\/uploads\/2020\/06\/F370CA2B-5EF3-48CA-A14E-ACA6F7D90164.jpeg","articleSection":["Noticias"],"inLanguage":"es","potentialAction":[{"@type":"CommentAction","name":"Comment","target":["https:\/\/quehacerpolitico.mx\/?p=59643#respond"]}]},{"@type":"WebPage","@id":"https:\/\/quehacerpolitico.mx\/?p=59643","url":"https:\/\/quehacerpolitico.mx\/?p=59643","name":"Mara G\u00f3mez formaliza su renuncia a la Comisi\u00f3n de V\u00edctimas -","isPartOf":{"@id":"https:\/\/quehacerpolitico.mx\/#website"},"primaryImageOfPage":{"@id":"https:\/\/quehacerpolitico.mx\/?p=59643#primaryimage"},"image":{"@id":"https:\/\/quehacerpolitico.mx\/?p=59643#primaryimage"},"thumbnailUrl":"https:\/\/quehacerpolitico.mx\/wp-content\/uploads\/2020\/06\/F370CA2B-5EF3-48CA-A14E-ACA6F7D90164.jpeg","datePublished":"2020-06-23T22:17:43+00:00","author":{"@id":"https:\/\/quehacerpolitico.mx\/#\/schema\/person\/496d8ad2d1d3f8036101dca7ee39e585"},"breadcrumb":{"@id":"https:\/\/quehacerpolitico.mx\/?p=59643#breadcrumb"},"inLanguage":"es","potentialAction":[{"@type":"ReadAction","target":["https:\/\/quehacerpolitico.mx\/?p=59643"]}]},{"@type":"ImageObject","inLanguage":"es","@id":"https:\/\/quehacerpolitico.mx\/?p=59643#primaryimage","url":"https:\/\/quehacerpolitico.mx\/wp-content\/uploads\/2020\/06\/F370CA2B-5EF3-48CA-A14E-ACA6F7D90164.jpeg","contentUrl":"https:\/\/quehacerpolitico.mx\/wp-content\/uploads\/2020\/06\/F370CA2B-5EF3-48CA-A14E-ACA6F7D90164.jpeg","width":678,"height":452},{"@type":"BreadcrumbList","@id":"https:\/\/quehacerpolitico.mx\/?p=59643#breadcrumb","itemListElement":[{"@type":"ListItem","position":1,"name":"Inicio","item":"https:\/\/quehacerpolitico.mx\/"},{"@type":"ListItem","position":2,"name":"Mara G\u00f3mez formaliza su renuncia a la Comisi\u00f3n de V\u00edctimas"}]},{"@type":"WebSite","@id":"https:\/\/quehacerpolitico.mx\/#website","url":"https:\/\/quehacerpolitico.mx\/","name":"","description":"","potentialAction":[{"@type":"SearchAction","target":{"@type":"EntryPoint","urlTemplate":"https:\/\/quehacerpolitico.mx\/?s={search_term_string}"},"query-input":{"@type":"PropertyValueSpecification","valueRequired":true,"valueName":"search_term_string"}}],"inLanguage":"es"},{"@type":"Person","@id":"https:\/\/quehacerpolitico.mx\/#\/schema\/person\/496d8ad2d1d3f8036101dca7ee39e585","name":"Redacci\u00f3n QP","image":{"@type":"ImageObject","inLanguage":"es","@id":"https:\/\/secure.gravatar.com\/avatar\/c7164ed6fdec453195284ad24a5ae5b6e1eed2b848477fa2a4787ba9adf39a41?s=96&d=mm&r=g","url":"https:\/\/secure.gravatar.com\/avatar\/c7164ed6fdec453195284ad24a5ae5b6e1eed2b848477fa2a4787ba9adf39a41?s=96&d=mm&r=g","contentUrl":"https:\/\/secure.gravatar.com\/avatar\/c7164ed6fdec453195284ad24a5ae5b6e1eed2b848477fa2a4787ba9adf39a41?s=96&d=mm&r=g","caption":"Redacci\u00f3n QP"},"url":"https:\/\/quehacerpolitico.mx\/?author=2"}]}},"featured_image_urls":{"full":["https:\/\/quehacerpolitico.mx\/wp-content\/uploads\/2020\/06\/F370CA2B-5EF3-48CA-A14E-ACA6F7D90164.jpeg",678,452,false],"thumbnail":["https:\/\/quehacerpolitico.mx\/wp-content\/uploads\/2020\/06\/F370CA2B-5EF3-48CA-A14E-ACA6F7D90164-150x150.jpeg",150,150,true],"medium":["https:\/\/quehacerpolitico.mx\/wp-content\/uploads\/2020\/06\/F370CA2B-5EF3-48CA-A14E-ACA6F7D90164-300x200.jpeg",300,200,true],"medium_large":["https:\/\/quehacerpolitico.mx\/wp-content\/uploads\/2020\/06\/F370CA2B-5EF3-48CA-A14E-ACA6F7D90164.jpeg",640,427,false],"large":["https:\/\/quehacerpolitico.mx\/wp-content\/uploads\/2020\/06\/F370CA2B-5EF3-48CA-A14E-ACA6F7D90164.jpeg",640,427,false],"1536x1536":["https:\/\/quehacerpolitico.mx\/wp-content\/uploads\/2020\/06\/F370CA2B-5EF3-48CA-A14E-ACA6F7D90164.jpeg",678,452,false],"2048x2048":["https:\/\/quehacerpolitico.mx\/wp-content\/uploads\/2020\/06\/F370CA2B-5EF3-48CA-A14E-ACA6F7D90164.jpeg",678,452,false],"covernews-featured":["https:\/\/quehacerpolitico.mx\/wp-content\/uploads\/2020\/06\/F370CA2B-5EF3-48CA-A14E-ACA6F7D90164.jpeg",678,452,false],"covernews-medium":["https:\/\/quehacerpolitico.mx\/wp-content\/uploads\/2020\/06\/F370CA2B-5EF3-48CA-A14E-ACA6F7D90164.jpeg",510,340,false]},"author_info":{"display_name":"Redacci\u00f3n QP","author_link":"https:\/\/quehacerpolitico.mx\/?author=2"},"category_info":"<a href=\"https:\/\/quehacerpolitico.mx\/?cat=2\" rel=\"category\">Noticias<\/a>","tag_info":"Noticias","comment_count":"0","_links":{"self":[{"href":"https:\/\/quehacerpolitico.mx\/index.php?rest_route=\/wp\/v2\/posts\/59643","targetHints":{"allow":["GET"]}}],"collection":[{"href":"https:\/\/quehacerpolitico.mx\/index.php?rest_route=\/wp\/v2\/posts"}],"about":[{"href":"https:\/\/quehacerpolitico.mx\/index.php?rest_route=\/wp\/v2\/types\/post"}],"author":[{"embeddable":true,"href":"https:\/\/quehacerpolitico.mx\/index.php?rest_route=\/wp\/v2\/users\/2"}],"replies":[{"embeddable":true,"href":"https:\/\/quehacerpolitico.mx\/index.php?rest_route=%2Fwp%2Fv2%2Fcomments&post=59643"}],"version-history":[{"count":0,"href":"https:\/\/quehacerpolitico.mx\/index.php?rest_route=\/wp\/v2\/posts\/59643\/revisions"}],"wp:featuredmedia":[{"embeddable":true,"href":"https:\/\/quehacerpolitico.mx\/index.php?rest_route=\/wp\/v2\/media\/59644"}],"wp:attachment":[{"href":"https:\/\/quehacerpolitico.mx\/index.php?rest_route=%2Fwp%2Fv2%2Fmedia&parent=59643"}],"wp:term":[{"taxonomy":"category","embeddable":true,"href":"https:\/\/quehacerpolitico.mx\/index.php?rest_route=%2Fwp%2Fv2%2Fcategories&post=59643"},{"taxonomy":"post_tag","embeddable":true,"href":"https:\/\/quehacerpolitico.mx\/index.php?rest_route=%2Fwp%2Fv2%2Ftags&post=59643"}],"curies":[{"name":"wp","href":"https:\/\/api.w.org\/{rel}","templated":true}]}}