{"id":59640,"date":"2020-06-23T16:55:43","date_gmt":"2020-06-23T21:55:43","guid":{"rendered":"http:\/\/quehacerpolitico.mx\/?p=59640"},"modified":"2020-06-23T16:55:43","modified_gmt":"2020-06-23T21:55:43","slug":"el-presidente-no-tiene-vela-en-eleccion-de-2021-lorenzo-cordova","status":"publish","type":"post","link":"https:\/\/quehacerpolitico.mx\/?p=59640","title":{"rendered":"El Presidente no tiene &#8220;vela&#8221; en elecci\u00f3n de 2021: Lorenzo C\u00f3rdova"},"content":{"rendered":"<h1 class=\"news-title\">El Presidente no tiene &#8220;vela&#8221; en elecci\u00f3n de 2021: Lorenzo C\u00f3rdova<br \/>\nPor Redacci\u00f3n QP<\/h1>\n<div class=\"news-subtitle\">\n<p>El consejero presidente del INE reiter\u00f3 que ellos no trabajan &#8220;para darle gusto a nadie y mucho menos a un gobernante&#8221;<\/p>\n<\/div>\n<div class=\"social-share-box normal\">\n<p>El Presidente Andr\u00e9s Manuel L\u00f3pez Obrador\u00a0no tiene &#8220;vela&#8221; en la elecci\u00f3n del 2021, es un proceso interno que no debe intervenir, afirm\u00f3 el consejero presidente del Instituto Nacional Electoral (INE), Lorenzo C\u00f3rdova.<\/p>\n<p>En entrevista con Ciro G\u00f3mez Leyva, se\u00f1al\u00f3 que el INE est\u00e1 por encima de los actores pol\u00edticos, sino no podr\u00eda realizar su funci\u00f3n de \u00e1rbitro electoral y que no est\u00e1n para satisfacer a un gobernante.<\/p>\n<p>&#8220;El Presidente no tiene vela en el entierro, no deber\u00eda tenerla, es el Presidente de los mexicanos hasta 2024\u2026 Estas son elecciones intermedias, el Presidente no va a intervenir. <strong>Nosotros no trabajamos para darle gusto a nadie y mucho menos a un gobernante<\/strong>&#8220;, coment\u00f3.<\/p>\n<p>Luego de las declaraciones del titular del Ejecutivo, C\u00f3rdova se\u00f1al\u00f3 que &#8220;es un actor pol\u00edtico haciendo pol\u00edtica&#8221;; afirm\u00f3 que en una democracia hay \u00e1rbitros y \u00e9stos est\u00e1n por encima de los actores pol\u00edticos, por lo que confi\u00f3 que como buen dem\u00f3crata aceptar\u00e1 los resultados del pr\u00f3ximo a\u00f1o para no sumar un problema de gobernabilidad a su gobierno.<\/p>\n<p>&#8220;Es la postura de un actor pol\u00edtico. Yo quiero entender que el Presidente hablaba a sus subordinados. Que est\u00e1 haciendo un en\u00e9rgico llamado de atenci\u00f3n para que no vayan a intervenir en los procesos electorales\u2026 para eso lo que se tiene en una democracia son los \u00e1rbitros, los \u00e1rbitros est\u00e1n por encima de los actores pol\u00edticos precisamente para garantizar que el juego democr\u00e1tico pueda llevarse a cabo&#8221;.<\/p>\n<p><strong>&#8220;El \u00fanico guardia de las elecciones en M\u00e9xico, de acuerdo a lo que dice la Constituci\u00f3n Pol\u00edtica, es el INE; quien va a decir qui\u00e9n va a ganar son las y los electores; quien va a juzgar el trabajo del INE son las y los ciudadanos&#8221;<\/strong>, dijo.<\/p>\n<p>Destac\u00f3 que desde hace semanas el INE est\u00e1 planeando el proceso electoral que comienza en septiembre y confi\u00f3 en tener recursos suficientes para realizarlo y no tener que llegar a la Suprema Corte de Justicia de la Naci\u00f3n para resolver el tema del presupuesto.<\/p>\n<p>C\u00f3rdova indic\u00f3 que el INE har\u00e1 un presupuesto muy responsable, y estima que ser\u00e1 similar al que se tuvo en 2018.<\/p>\n<p>En el proceso electoral del 2021, dijo, participar\u00e1n 95 millones electorales, para 32 elecciones locales m\u00e1s la elecci\u00f3n de federal de diputados.<\/p>\n<p>Con informaci\u00f3n de SUN<\/p>\n<\/div>\n","protected":false},"excerpt":{"rendered":"<p>El Presidente no tiene &#8220;vela&#8221; en elecci\u00f3n de 2021: Lorenzo C\u00f3rdova Por Redacci\u00f3n QP El&#8230;<\/p>\n","protected":false},"author":2,"featured_media":59641,"comment_status":"open","ping_status":"open","sticky":false,"template":"","format":"standard","meta":{"_monsterinsights_skip_tracking":false,"_monsterinsights_sitenote_active":false,"_monsterinsights_sitenote_note":"","_monsterinsights_sitenote_category":0,"footnotes":""},"categories":[2],"tags":[],"class_list":["post-59640","post","type-post","status-publish","format-standard","has-post-thumbnail","hentry","category-noticias"],"yoast_head":"<!-- This site is optimized with the Yoast SEO plugin v27.3 - https:\/\/yoast.com\/product\/yoast-seo-wordpress\/ -->\n<title>El Presidente no tiene &quot;vela&quot; en elecci\u00f3n de 2021: Lorenzo C\u00f3rdova -<\/title>\n<meta name=\"robots\" content=\"index, follow, max-snippet:-1, max-image-preview:large, max-video-preview:-1\" \/>\n<link rel=\"canonical\" href=\"https:\/\/quehacerpolitico.mx\/?p=59640\" \/>\n<meta property=\"og:locale\" content=\"es_MX\" \/>\n<meta property=\"og:type\" content=\"article\" \/>\n<meta property=\"og:title\" content=\"El Presidente no tiene &quot;vela&quot; en elecci\u00f3n de 2021: Lorenzo C\u00f3rdova -\" \/>\n<meta property=\"og:description\" content=\"El Presidente no tiene &#8220;vela&#8221; en elecci\u00f3n de 2021: Lorenzo C\u00f3rdova Por Redacci\u00f3n QP El...\" \/>\n<meta property=\"og:url\" content=\"https:\/\/quehacerpolitico.mx\/?p=59640\" \/>\n<meta property=\"article:published_time\" content=\"2020-06-23T21:55:43+00:00\" \/>\n<meta property=\"og:image\" content=\"https:\/\/quehacerpolitico.mx\/wp-content\/uploads\/2020\/06\/D00BA783-8896-4A2F-A09A-2AA0C16F2DCC.jpeg\" \/>\n\t<meta property=\"og:image:width\" content=\"615\" \/>\n\t<meta property=\"og:image:height\" content=\"400\" \/>\n\t<meta property=\"og:image:type\" content=\"image\/jpeg\" \/>\n<meta name=\"author\" content=\"Redacci\u00f3n QP\" \/>\n<meta name=\"twitter:card\" content=\"summary_large_image\" \/>\n<meta name=\"twitter:label1\" content=\"Escrito por\" \/>\n\t<meta name=\"twitter:data1\" content=\"Redacci\u00f3n QP\" \/>\n\t<meta name=\"twitter:label2\" content=\"Tiempo de lectura\" \/>\n\t<meta name=\"twitter:data2\" content=\"2 minutos\" \/>\n<script type=\"application\/ld+json\" class=\"yoast-schema-graph\">{\"@context\":\"https:\\\/\\\/schema.org\",\"@graph\":[{\"@type\":\"Article\",\"@id\":\"https:\\\/\\\/quehacerpolitico.mx\\\/?p=59640#article\",\"isPartOf\":{\"@id\":\"https:\\\/\\\/quehacerpolitico.mx\\\/?p=59640\"},\"author\":{\"name\":\"Redacci\u00f3n QP\",\"@id\":\"https:\\\/\\\/quehacerpolitico.mx\\\/#\\\/schema\\\/person\\\/496d8ad2d1d3f8036101dca7ee39e585\"},\"headline\":\"El Presidente no tiene &#8220;vela&#8221; en elecci\u00f3n de 2021: Lorenzo C\u00f3rdova\",\"datePublished\":\"2020-06-23T21:55:43+00:00\",\"mainEntityOfPage\":{\"@id\":\"https:\\\/\\\/quehacerpolitico.mx\\\/?p=59640\"},\"wordCount\":453,\"commentCount\":0,\"image\":{\"@id\":\"https:\\\/\\\/quehacerpolitico.mx\\\/?p=59640#primaryimage\"},\"thumbnailUrl\":\"https:\\\/\\\/quehacerpolitico.mx\\\/wp-content\\\/uploads\\\/2020\\\/06\\\/D00BA783-8896-4A2F-A09A-2AA0C16F2DCC.jpeg\",\"articleSection\":[\"Noticias\"],\"inLanguage\":\"es\",\"potentialAction\":[{\"@type\":\"CommentAction\",\"name\":\"Comment\",\"target\":[\"https:\\\/\\\/quehacerpolitico.mx\\\/?p=59640#respond\"]}]},{\"@type\":\"WebPage\",\"@id\":\"https:\\\/\\\/quehacerpolitico.mx\\\/?p=59640\",\"url\":\"https:\\\/\\\/quehacerpolitico.mx\\\/?p=59640\",\"name\":\"El Presidente no tiene \\\"vela\\\" en elecci\u00f3n de 2021: Lorenzo C\u00f3rdova -\",\"isPartOf\":{\"@id\":\"https:\\\/\\\/quehacerpolitico.mx\\\/#website\"},\"primaryImageOfPage\":{\"@id\":\"https:\\\/\\\/quehacerpolitico.mx\\\/?p=59640#primaryimage\"},\"image\":{\"@id\":\"https:\\\/\\\/quehacerpolitico.mx\\\/?p=59640#primaryimage\"},\"thumbnailUrl\":\"https:\\\/\\\/quehacerpolitico.mx\\\/wp-content\\\/uploads\\\/2020\\\/06\\\/D00BA783-8896-4A2F-A09A-2AA0C16F2DCC.jpeg\",\"datePublished\":\"2020-06-23T21:55:43+00:00\",\"author\":{\"@id\":\"https:\\\/\\\/quehacerpolitico.mx\\\/#\\\/schema\\\/person\\\/496d8ad2d1d3f8036101dca7ee39e585\"},\"breadcrumb\":{\"@id\":\"https:\\\/\\\/quehacerpolitico.mx\\\/?p=59640#breadcrumb\"},\"inLanguage\":\"es\",\"potentialAction\":[{\"@type\":\"ReadAction\",\"target\":[\"https:\\\/\\\/quehacerpolitico.mx\\\/?p=59640\"]}]},{\"@type\":\"ImageObject\",\"inLanguage\":\"es\",\"@id\":\"https:\\\/\\\/quehacerpolitico.mx\\\/?p=59640#primaryimage\",\"url\":\"https:\\\/\\\/quehacerpolitico.mx\\\/wp-content\\\/uploads\\\/2020\\\/06\\\/D00BA783-8896-4A2F-A09A-2AA0C16F2DCC.jpeg\",\"contentUrl\":\"https:\\\/\\\/quehacerpolitico.mx\\\/wp-content\\\/uploads\\\/2020\\\/06\\\/D00BA783-8896-4A2F-A09A-2AA0C16F2DCC.jpeg\",\"width\":615,\"height\":400},{\"@type\":\"BreadcrumbList\",\"@id\":\"https:\\\/\\\/quehacerpolitico.mx\\\/?p=59640#breadcrumb\",\"itemListElement\":[{\"@type\":\"ListItem\",\"position\":1,\"name\":\"Inicio\",\"item\":\"https:\\\/\\\/quehacerpolitico.mx\\\/\"},{\"@type\":\"ListItem\",\"position\":2,\"name\":\"El Presidente no tiene &#8220;vela&#8221; en elecci\u00f3n de 2021: Lorenzo C\u00f3rdova\"}]},{\"@type\":\"WebSite\",\"@id\":\"https:\\\/\\\/quehacerpolitico.mx\\\/#website\",\"url\":\"https:\\\/\\\/quehacerpolitico.mx\\\/\",\"name\":\"\",\"description\":\"\",\"potentialAction\":[{\"@type\":\"SearchAction\",\"target\":{\"@type\":\"EntryPoint\",\"urlTemplate\":\"https:\\\/\\\/quehacerpolitico.mx\\\/?s={search_term_string}\"},\"query-input\":{\"@type\":\"PropertyValueSpecification\",\"valueRequired\":true,\"valueName\":\"search_term_string\"}}],\"inLanguage\":\"es\"},{\"@type\":\"Person\",\"@id\":\"https:\\\/\\\/quehacerpolitico.mx\\\/#\\\/schema\\\/person\\\/496d8ad2d1d3f8036101dca7ee39e585\",\"name\":\"Redacci\u00f3n QP\",\"image\":{\"@type\":\"ImageObject\",\"inLanguage\":\"es\",\"@id\":\"https:\\\/\\\/secure.gravatar.com\\\/avatar\\\/c7164ed6fdec453195284ad24a5ae5b6e1eed2b848477fa2a4787ba9adf39a41?s=96&d=mm&r=g\",\"url\":\"https:\\\/\\\/secure.gravatar.com\\\/avatar\\\/c7164ed6fdec453195284ad24a5ae5b6e1eed2b848477fa2a4787ba9adf39a41?s=96&d=mm&r=g\",\"contentUrl\":\"https:\\\/\\\/secure.gravatar.com\\\/avatar\\\/c7164ed6fdec453195284ad24a5ae5b6e1eed2b848477fa2a4787ba9adf39a41?s=96&d=mm&r=g\",\"caption\":\"Redacci\u00f3n QP\"},\"url\":\"https:\\\/\\\/quehacerpolitico.mx\\\/?author=2\"}]}<\/script>\n<!-- \/ Yoast SEO plugin. -->","yoast_head_json":{"title":"El Presidente no tiene \"vela\" en elecci\u00f3n de 2021: Lorenzo C\u00f3rdova -","robots":{"index":"index","follow":"follow","max-snippet":"max-snippet:-1","max-image-preview":"max-image-preview:large","max-video-preview":"max-video-preview:-1"},"canonical":"https:\/\/quehacerpolitico.mx\/?p=59640","og_locale":"es_MX","og_type":"article","og_title":"El Presidente no tiene \"vela\" en elecci\u00f3n de 2021: Lorenzo C\u00f3rdova -","og_description":"El Presidente no tiene &#8220;vela&#8221; en elecci\u00f3n de 2021: Lorenzo C\u00f3rdova Por Redacci\u00f3n QP El...","og_url":"https:\/\/quehacerpolitico.mx\/?p=59640","article_published_time":"2020-06-23T21:55:43+00:00","og_image":[{"width":615,"height":400,"url":"https:\/\/quehacerpolitico.mx\/wp-content\/uploads\/2020\/06\/D00BA783-8896-4A2F-A09A-2AA0C16F2DCC.jpeg","type":"image\/jpeg"}],"author":"Redacci\u00f3n QP","twitter_card":"summary_large_image","twitter_misc":{"Escrito por":"Redacci\u00f3n QP","Tiempo de lectura":"2 minutos"},"schema":{"@context":"https:\/\/schema.org","@graph":[{"@type":"Article","@id":"https:\/\/quehacerpolitico.mx\/?p=59640#article","isPartOf":{"@id":"https:\/\/quehacerpolitico.mx\/?p=59640"},"author":{"name":"Redacci\u00f3n QP","@id":"https:\/\/quehacerpolitico.mx\/#\/schema\/person\/496d8ad2d1d3f8036101dca7ee39e585"},"headline":"El Presidente no tiene &#8220;vela&#8221; en elecci\u00f3n de 2021: Lorenzo C\u00f3rdova","datePublished":"2020-06-23T21:55:43+00:00","mainEntityOfPage":{"@id":"https:\/\/quehacerpolitico.mx\/?p=59640"},"wordCount":453,"commentCount":0,"image":{"@id":"https:\/\/quehacerpolitico.mx\/?p=59640#primaryimage"},"thumbnailUrl":"https:\/\/quehacerpolitico.mx\/wp-content\/uploads\/2020\/06\/D00BA783-8896-4A2F-A09A-2AA0C16F2DCC.jpeg","articleSection":["Noticias"],"inLanguage":"es","potentialAction":[{"@type":"CommentAction","name":"Comment","target":["https:\/\/quehacerpolitico.mx\/?p=59640#respond"]}]},{"@type":"WebPage","@id":"https:\/\/quehacerpolitico.mx\/?p=59640","url":"https:\/\/quehacerpolitico.mx\/?p=59640","name":"El Presidente no tiene \"vela\" en elecci\u00f3n de 2021: Lorenzo C\u00f3rdova -","isPartOf":{"@id":"https:\/\/quehacerpolitico.mx\/#website"},"primaryImageOfPage":{"@id":"https:\/\/quehacerpolitico.mx\/?p=59640#primaryimage"},"image":{"@id":"https:\/\/quehacerpolitico.mx\/?p=59640#primaryimage"},"thumbnailUrl":"https:\/\/quehacerpolitico.mx\/wp-content\/uploads\/2020\/06\/D00BA783-8896-4A2F-A09A-2AA0C16F2DCC.jpeg","datePublished":"2020-06-23T21:55:43+00:00","author":{"@id":"https:\/\/quehacerpolitico.mx\/#\/schema\/person\/496d8ad2d1d3f8036101dca7ee39e585"},"breadcrumb":{"@id":"https:\/\/quehacerpolitico.mx\/?p=59640#breadcrumb"},"inLanguage":"es","potentialAction":[{"@type":"ReadAction","target":["https:\/\/quehacerpolitico.mx\/?p=59640"]}]},{"@type":"ImageObject","inLanguage":"es","@id":"https:\/\/quehacerpolitico.mx\/?p=59640#primaryimage","url":"https:\/\/quehacerpolitico.mx\/wp-content\/uploads\/2020\/06\/D00BA783-8896-4A2F-A09A-2AA0C16F2DCC.jpeg","contentUrl":"https:\/\/quehacerpolitico.mx\/wp-content\/uploads\/2020\/06\/D00BA783-8896-4A2F-A09A-2AA0C16F2DCC.jpeg","width":615,"height":400},{"@type":"BreadcrumbList","@id":"https:\/\/quehacerpolitico.mx\/?p=59640#breadcrumb","itemListElement":[{"@type":"ListItem","position":1,"name":"Inicio","item":"https:\/\/quehacerpolitico.mx\/"},{"@type":"ListItem","position":2,"name":"El Presidente no tiene &#8220;vela&#8221; en elecci\u00f3n de 2021: Lorenzo C\u00f3rdova"}]},{"@type":"WebSite","@id":"https:\/\/quehacerpolitico.mx\/#website","url":"https:\/\/quehacerpolitico.mx\/","name":"","description":"","potentialAction":[{"@type":"SearchAction","target":{"@type":"EntryPoint","urlTemplate":"https:\/\/quehacerpolitico.mx\/?s={search_term_string}"},"query-input":{"@type":"PropertyValueSpecification","valueRequired":true,"valueName":"search_term_string"}}],"inLanguage":"es"},{"@type":"Person","@id":"https:\/\/quehacerpolitico.mx\/#\/schema\/person\/496d8ad2d1d3f8036101dca7ee39e585","name":"Redacci\u00f3n QP","image":{"@type":"ImageObject","inLanguage":"es","@id":"https:\/\/secure.gravatar.com\/avatar\/c7164ed6fdec453195284ad24a5ae5b6e1eed2b848477fa2a4787ba9adf39a41?s=96&d=mm&r=g","url":"https:\/\/secure.gravatar.com\/avatar\/c7164ed6fdec453195284ad24a5ae5b6e1eed2b848477fa2a4787ba9adf39a41?s=96&d=mm&r=g","contentUrl":"https:\/\/secure.gravatar.com\/avatar\/c7164ed6fdec453195284ad24a5ae5b6e1eed2b848477fa2a4787ba9adf39a41?s=96&d=mm&r=g","caption":"Redacci\u00f3n QP"},"url":"https:\/\/quehacerpolitico.mx\/?author=2"}]}},"featured_image_urls":{"full":["https:\/\/quehacerpolitico.mx\/wp-content\/uploads\/2020\/06\/D00BA783-8896-4A2F-A09A-2AA0C16F2DCC.jpeg",615,400,false],"thumbnail":["https:\/\/quehacerpolitico.mx\/wp-content\/uploads\/2020\/06\/D00BA783-8896-4A2F-A09A-2AA0C16F2DCC-150x150.jpeg",150,150,true],"medium":["https:\/\/quehacerpolitico.mx\/wp-content\/uploads\/2020\/06\/D00BA783-8896-4A2F-A09A-2AA0C16F2DCC-300x195.jpeg",300,195,true],"medium_large":["https:\/\/quehacerpolitico.mx\/wp-content\/uploads\/2020\/06\/D00BA783-8896-4A2F-A09A-2AA0C16F2DCC.jpeg",615,400,false],"large":["https:\/\/quehacerpolitico.mx\/wp-content\/uploads\/2020\/06\/D00BA783-8896-4A2F-A09A-2AA0C16F2DCC.jpeg",615,400,false],"1536x1536":["https:\/\/quehacerpolitico.mx\/wp-content\/uploads\/2020\/06\/D00BA783-8896-4A2F-A09A-2AA0C16F2DCC.jpeg",615,400,false],"2048x2048":["https:\/\/quehacerpolitico.mx\/wp-content\/uploads\/2020\/06\/D00BA783-8896-4A2F-A09A-2AA0C16F2DCC.jpeg",615,400,false],"covernews-featured":["https:\/\/quehacerpolitico.mx\/wp-content\/uploads\/2020\/06\/D00BA783-8896-4A2F-A09A-2AA0C16F2DCC.jpeg",615,400,false],"covernews-medium":["https:\/\/quehacerpolitico.mx\/wp-content\/uploads\/2020\/06\/D00BA783-8896-4A2F-A09A-2AA0C16F2DCC.jpeg",523,340,false]},"author_info":{"display_name":"Redacci\u00f3n QP","author_link":"https:\/\/quehacerpolitico.mx\/?author=2"},"category_info":"<a href=\"https:\/\/quehacerpolitico.mx\/?cat=2\" rel=\"category\">Noticias<\/a>","tag_info":"Noticias","comment_count":"0","_links":{"self":[{"href":"https:\/\/quehacerpolitico.mx\/index.php?rest_route=\/wp\/v2\/posts\/59640","targetHints":{"allow":["GET"]}}],"collection":[{"href":"https:\/\/quehacerpolitico.mx\/index.php?rest_route=\/wp\/v2\/posts"}],"about":[{"href":"https:\/\/quehacerpolitico.mx\/index.php?rest_route=\/wp\/v2\/types\/post"}],"author":[{"embeddable":true,"href":"https:\/\/quehacerpolitico.mx\/index.php?rest_route=\/wp\/v2\/users\/2"}],"replies":[{"embeddable":true,"href":"https:\/\/quehacerpolitico.mx\/index.php?rest_route=%2Fwp%2Fv2%2Fcomments&post=59640"}],"version-history":[{"count":0,"href":"https:\/\/quehacerpolitico.mx\/index.php?rest_route=\/wp\/v2\/posts\/59640\/revisions"}],"wp:featuredmedia":[{"embeddable":true,"href":"https:\/\/quehacerpolitico.mx\/index.php?rest_route=\/wp\/v2\/media\/59641"}],"wp:attachment":[{"href":"https:\/\/quehacerpolitico.mx\/index.php?rest_route=%2Fwp%2Fv2%2Fmedia&parent=59640"}],"wp:term":[{"taxonomy":"category","embeddable":true,"href":"https:\/\/quehacerpolitico.mx\/index.php?rest_route=%2Fwp%2Fv2%2Fcategories&post=59640"},{"taxonomy":"post_tag","embeddable":true,"href":"https:\/\/quehacerpolitico.mx\/index.php?rest_route=%2Fwp%2Fv2%2Ftags&post=59640"}],"curies":[{"name":"wp","href":"https:\/\/api.w.org\/{rel}","templated":true}]}}