{"id":59634,"date":"2020-06-23T16:35:09","date_gmt":"2020-06-23T21:35:09","guid":{"rendered":"http:\/\/quehacerpolitico.mx\/?p=59634"},"modified":"2020-06-23T16:35:09","modified_gmt":"2020-06-23T21:35:09","slug":"cdmx-sin-danos-tras-sismo-de-7-5-dice-sheinbaum","status":"publish","type":"post","link":"https:\/\/quehacerpolitico.mx\/?p=59634","title":{"rendered":"CDMX sin da\u00f1os tras sismo de 7.5, dice Sheinbaum"},"content":{"rendered":"<h1 class=\"news-title\">CDMX sin da\u00f1os tras sismo de 7.5, dice Sheinbaum<br \/>\nPor Redacci\u00f3n QP<\/h1>\n<p>La mandataria indica que los c\u00f3ndores sobrevuelan la Ciudad de M\u00e9xico luego de que se reportara el sismo que tuvo epicentro en el sureste de Oaxaca<\/p>\n<p>La jefa de Gobierno de la Ciudad de M\u00e9xico, Claudia Sheinbaum, indic\u00f3 que <strong>hasta el momento no se han reportado incidentes tras el sismo de 7.5 que remeci\u00f3 la capital de M\u00e9xico<\/strong>.<\/p>\n<blockquote class=\"twitter-tweet\" data-width=\"550\" data-dnt=\"true\">\n<p lang=\"es\" dir=\"ltr\">Ya estamos en <a href=\"https:\/\/twitter.com\/C5_CDMX?ref_src=twsrc%5Etfw\">@C5_CDMX<\/a> recibiendo reportes de protocolo. Hasta el momento ning\u00fan incidente mayor. Seguimos informando <a href=\"https:\/\/twitter.com\/hashtag\/sismo?src=hash&amp;ref_src=twsrc%5Etfw\">#sismo<\/a> <a href=\"https:\/\/t.co\/B6gFCwfDyf\">pic.twitter.com\/B6gFCwfDyf<\/a><\/p>\n<p>&mdash; Claudia Sheinbaum Pardo (@Claudiashein) <a href=\"https:\/\/twitter.com\/Claudiashein\/status\/1275456943549628416?ref_src=twsrc%5Etfw\">June 23, 2020<\/a><\/p><\/blockquote>\n<p><script async src=\"https:\/\/platform.twitter.com\/widgets.js\" charset=\"utf-8\"><\/script><\/p>\n<p>A trav\u00e9s de Twitter, la mandataria indic\u00f3 que <strong>los c\u00f3ndores sobrevuelan la Ciudad de M\u00e9xico luego de que se reportara el sismo<\/strong> que tuvo epicentro en el sureste de Oaxaca.<\/p>\n<blockquote class=\"twitter-tweet\" data-width=\"550\" data-dnt=\"true\">\n<p lang=\"es\" dir=\"ltr\">Informe desde el <a href=\"https:\/\/twitter.com\/C5_CDMX?ref_src=twsrc%5Etfw\">@C5_CDMX<\/a> <a href=\"https:\/\/t.co\/XuMpXx2u9l\">pic.twitter.com\/XuMpXx2u9l<\/a><\/p>\n<p>&mdash; Claudia Sheinbaum Pardo (@Claudiashein) <a href=\"https:\/\/twitter.com\/Claudiashein\/status\/1275465406334066690?ref_src=twsrc%5Etfw\">June 23, 2020<\/a><\/p><\/blockquote>\n<p><script async src=\"https:\/\/platform.twitter.com\/widgets.js\" charset=\"utf-8\"><\/script><\/p>\n<p><strong>&#8220;Contin\u00faan los protocolos de revisi\u00f3n&#8221;, agreg\u00f3<\/strong>Sheinbaum.<\/p>\n<div class=\"banner b2\">\n<div id=\"div-gpt-ad-1505954097040-2\" data-google-query-id=\"CPbSoOXvmOoCFfunwAodVfUPzA\">\n<p>Agreg\u00f3 que se encuentra en el C5 y que hasta el momento no hay alg\u00fan incidente mayor.<\/p>\n<p>La Secretar\u00eda de Gesti\u00f3n Integral de Riesgos y Protecci\u00f3n Civil de la Ciudad de M\u00e9xico inform\u00f3 que <strong>activ\u00f3 los protocolos de prevenci\u00f3n tras el sismo<\/strong>.<\/p>\n<p>A trav\u00e9s de Twitter, la dependencia local indic\u00f3 que el personal operativo realiza recorridos en coordinaci\u00f3n con autoridades locales y cuerpos de atenci\u00f3n de emergencias, para la evaluaci\u00f3n temprana de da\u00f1os.<\/p>\n<p>&#8220;Activamos protocolos de comunicaci\u00f3n con Unidades de Gesti\u00f3n Integral de Riesgos y Protecci\u00f3n Civil de las Alcald\u00edas, en breve informaremos&#8221;, inform\u00f3.<\/p>\n<p>Un fuerte sismo se registr\u00f3 este martes en el sur de Mexico con una magnitud preliminar de 7.5, de acuerdo con el Servicio Sismol\u00f3gico Nacional de M\u00e9xico.<\/p>\n<p>El epicentro se ubic\u00f3 en la localidad de Crucecita, en el sure\u00f1o estado de Oaxaca y fue perceptible en varias partes de Ciudad de M\u00e9xico.<\/p>\n<blockquote class=\"twitter-tweet\" data-width=\"550\" data-dnt=\"true\">\n<p lang=\"es\" dir=\"ltr\">SISMO Magnitud 7.5 Loc  23 km al SUR de CRUCECITA, OAX 23\/06\/20 10:29:02 Lat 15.57 Lon -96.09 Pf 5 km <a href=\"https:\/\/t.co\/8uuY2um91w\">pic.twitter.com\/8uuY2um91w<\/a><\/p>\n<p>&mdash; Sismologico Nacional (@SismologicoMX) <a href=\"https:\/\/twitter.com\/SismologicoMX\/status\/1275455094117371906?ref_src=twsrc%5Etfw\">June 23, 2020<\/a><\/p><\/blockquote>\n<p><script async src=\"https:\/\/platform.twitter.com\/widgets.js\" charset=\"utf-8\"><\/script><\/p>\n<p>Con Informaci\u00f3n de SUN<\/p>\n<\/div>\n<\/div>\n","protected":false},"excerpt":{"rendered":"<p>CDMX sin da\u00f1os tras sismo de 7.5, dice Sheinbaum Por Redacci\u00f3n QP La mandataria indica&#8230;<\/p>\n","protected":false},"author":2,"featured_media":59638,"comment_status":"open","ping_status":"open","sticky":false,"template":"","format":"standard","meta":{"_monsterinsights_skip_tracking":false,"_monsterinsights_sitenote_active":false,"_monsterinsights_sitenote_note":"","_monsterinsights_sitenote_category":0,"footnotes":""},"categories":[55],"tags":[],"class_list":["post-59634","post","type-post","status-publish","format-standard","has-post-thumbnail","hentry","category-cdmx"],"yoast_head":"<!-- This site is optimized with the Yoast SEO plugin v27.3 - https:\/\/yoast.com\/product\/yoast-seo-wordpress\/ -->\n<title>CDMX sin da\u00f1os tras sismo de 7.5, dice Sheinbaum -<\/title>\n<meta name=\"robots\" content=\"index, follow, max-snippet:-1, max-image-preview:large, max-video-preview:-1\" \/>\n<link rel=\"canonical\" href=\"https:\/\/quehacerpolitico.mx\/?p=59634\" \/>\n<meta property=\"og:locale\" content=\"es_MX\" \/>\n<meta property=\"og:type\" content=\"article\" \/>\n<meta property=\"og:title\" content=\"CDMX sin da\u00f1os tras sismo de 7.5, dice Sheinbaum -\" \/>\n<meta property=\"og:description\" content=\"CDMX sin da\u00f1os tras sismo de 7.5, dice Sheinbaum Por Redacci\u00f3n QP La mandataria indica...\" \/>\n<meta property=\"og:url\" content=\"https:\/\/quehacerpolitico.mx\/?p=59634\" \/>\n<meta property=\"article:published_time\" content=\"2020-06-23T21:35:09+00:00\" \/>\n<meta property=\"og:image\" content=\"https:\/\/quehacerpolitico.mx\/wp-content\/uploads\/2020\/06\/ECDC54E8-E2D8-429D-A2C9-EB8BC1C5FC42.jpeg\" \/>\n\t<meta property=\"og:image:width\" content=\"739\" \/>\n\t<meta property=\"og:image:height\" content=\"415\" \/>\n\t<meta property=\"og:image:type\" content=\"image\/jpeg\" \/>\n<meta name=\"author\" content=\"Redacci\u00f3n QP\" \/>\n<meta name=\"twitter:card\" content=\"summary_large_image\" \/>\n<meta name=\"twitter:label1\" content=\"Escrito por\" \/>\n\t<meta name=\"twitter:data1\" content=\"Redacci\u00f3n QP\" \/>\n\t<meta name=\"twitter:label2\" content=\"Tiempo de lectura\" \/>\n\t<meta name=\"twitter:data2\" content=\"2 minutos\" \/>\n<script type=\"application\/ld+json\" class=\"yoast-schema-graph\">{\"@context\":\"https:\\\/\\\/schema.org\",\"@graph\":[{\"@type\":\"Article\",\"@id\":\"https:\\\/\\\/quehacerpolitico.mx\\\/?p=59634#article\",\"isPartOf\":{\"@id\":\"https:\\\/\\\/quehacerpolitico.mx\\\/?p=59634\"},\"author\":{\"name\":\"Redacci\u00f3n QP\",\"@id\":\"https:\\\/\\\/quehacerpolitico.mx\\\/#\\\/schema\\\/person\\\/496d8ad2d1d3f8036101dca7ee39e585\"},\"headline\":\"CDMX sin da\u00f1os tras sismo de 7.5, dice Sheinbaum\",\"datePublished\":\"2020-06-23T21:35:09+00:00\",\"mainEntityOfPage\":{\"@id\":\"https:\\\/\\\/quehacerpolitico.mx\\\/?p=59634\"},\"wordCount\":312,\"commentCount\":0,\"image\":{\"@id\":\"https:\\\/\\\/quehacerpolitico.mx\\\/?p=59634#primaryimage\"},\"thumbnailUrl\":\"https:\\\/\\\/quehacerpolitico.mx\\\/wp-content\\\/uploads\\\/2020\\\/06\\\/ECDC54E8-E2D8-429D-A2C9-EB8BC1C5FC42.jpeg\",\"articleSection\":[\"CDMX\"],\"inLanguage\":\"es\",\"potentialAction\":[{\"@type\":\"CommentAction\",\"name\":\"Comment\",\"target\":[\"https:\\\/\\\/quehacerpolitico.mx\\\/?p=59634#respond\"]}]},{\"@type\":\"WebPage\",\"@id\":\"https:\\\/\\\/quehacerpolitico.mx\\\/?p=59634\",\"url\":\"https:\\\/\\\/quehacerpolitico.mx\\\/?p=59634\",\"name\":\"CDMX sin da\u00f1os tras sismo de 7.5, dice Sheinbaum -\",\"isPartOf\":{\"@id\":\"https:\\\/\\\/quehacerpolitico.mx\\\/#website\"},\"primaryImageOfPage\":{\"@id\":\"https:\\\/\\\/quehacerpolitico.mx\\\/?p=59634#primaryimage\"},\"image\":{\"@id\":\"https:\\\/\\\/quehacerpolitico.mx\\\/?p=59634#primaryimage\"},\"thumbnailUrl\":\"https:\\\/\\\/quehacerpolitico.mx\\\/wp-content\\\/uploads\\\/2020\\\/06\\\/ECDC54E8-E2D8-429D-A2C9-EB8BC1C5FC42.jpeg\",\"datePublished\":\"2020-06-23T21:35:09+00:00\",\"author\":{\"@id\":\"https:\\\/\\\/quehacerpolitico.mx\\\/#\\\/schema\\\/person\\\/496d8ad2d1d3f8036101dca7ee39e585\"},\"breadcrumb\":{\"@id\":\"https:\\\/\\\/quehacerpolitico.mx\\\/?p=59634#breadcrumb\"},\"inLanguage\":\"es\",\"potentialAction\":[{\"@type\":\"ReadAction\",\"target\":[\"https:\\\/\\\/quehacerpolitico.mx\\\/?p=59634\"]}]},{\"@type\":\"ImageObject\",\"inLanguage\":\"es\",\"@id\":\"https:\\\/\\\/quehacerpolitico.mx\\\/?p=59634#primaryimage\",\"url\":\"https:\\\/\\\/quehacerpolitico.mx\\\/wp-content\\\/uploads\\\/2020\\\/06\\\/ECDC54E8-E2D8-429D-A2C9-EB8BC1C5FC42.jpeg\",\"contentUrl\":\"https:\\\/\\\/quehacerpolitico.mx\\\/wp-content\\\/uploads\\\/2020\\\/06\\\/ECDC54E8-E2D8-429D-A2C9-EB8BC1C5FC42.jpeg\",\"width\":739,\"height\":415},{\"@type\":\"BreadcrumbList\",\"@id\":\"https:\\\/\\\/quehacerpolitico.mx\\\/?p=59634#breadcrumb\",\"itemListElement\":[{\"@type\":\"ListItem\",\"position\":1,\"name\":\"Inicio\",\"item\":\"https:\\\/\\\/quehacerpolitico.mx\\\/\"},{\"@type\":\"ListItem\",\"position\":2,\"name\":\"CDMX sin da\u00f1os tras sismo de 7.5, dice Sheinbaum\"}]},{\"@type\":\"WebSite\",\"@id\":\"https:\\\/\\\/quehacerpolitico.mx\\\/#website\",\"url\":\"https:\\\/\\\/quehacerpolitico.mx\\\/\",\"name\":\"\",\"description\":\"\",\"potentialAction\":[{\"@type\":\"SearchAction\",\"target\":{\"@type\":\"EntryPoint\",\"urlTemplate\":\"https:\\\/\\\/quehacerpolitico.mx\\\/?s={search_term_string}\"},\"query-input\":{\"@type\":\"PropertyValueSpecification\",\"valueRequired\":true,\"valueName\":\"search_term_string\"}}],\"inLanguage\":\"es\"},{\"@type\":\"Person\",\"@id\":\"https:\\\/\\\/quehacerpolitico.mx\\\/#\\\/schema\\\/person\\\/496d8ad2d1d3f8036101dca7ee39e585\",\"name\":\"Redacci\u00f3n QP\",\"image\":{\"@type\":\"ImageObject\",\"inLanguage\":\"es\",\"@id\":\"https:\\\/\\\/secure.gravatar.com\\\/avatar\\\/c7164ed6fdec453195284ad24a5ae5b6e1eed2b848477fa2a4787ba9adf39a41?s=96&d=mm&r=g\",\"url\":\"https:\\\/\\\/secure.gravatar.com\\\/avatar\\\/c7164ed6fdec453195284ad24a5ae5b6e1eed2b848477fa2a4787ba9adf39a41?s=96&d=mm&r=g\",\"contentUrl\":\"https:\\\/\\\/secure.gravatar.com\\\/avatar\\\/c7164ed6fdec453195284ad24a5ae5b6e1eed2b848477fa2a4787ba9adf39a41?s=96&d=mm&r=g\",\"caption\":\"Redacci\u00f3n QP\"},\"url\":\"https:\\\/\\\/quehacerpolitico.mx\\\/?author=2\"}]}<\/script>\n<!-- \/ Yoast SEO plugin. -->","yoast_head_json":{"title":"CDMX sin da\u00f1os tras sismo de 7.5, dice Sheinbaum -","robots":{"index":"index","follow":"follow","max-snippet":"max-snippet:-1","max-image-preview":"max-image-preview:large","max-video-preview":"max-video-preview:-1"},"canonical":"https:\/\/quehacerpolitico.mx\/?p=59634","og_locale":"es_MX","og_type":"article","og_title":"CDMX sin da\u00f1os tras sismo de 7.5, dice Sheinbaum -","og_description":"CDMX sin da\u00f1os tras sismo de 7.5, dice Sheinbaum Por Redacci\u00f3n QP La mandataria indica...","og_url":"https:\/\/quehacerpolitico.mx\/?p=59634","article_published_time":"2020-06-23T21:35:09+00:00","og_image":[{"width":739,"height":415,"url":"https:\/\/quehacerpolitico.mx\/wp-content\/uploads\/2020\/06\/ECDC54E8-E2D8-429D-A2C9-EB8BC1C5FC42.jpeg","type":"image\/jpeg"}],"author":"Redacci\u00f3n QP","twitter_card":"summary_large_image","twitter_misc":{"Escrito por":"Redacci\u00f3n QP","Tiempo de lectura":"2 minutos"},"schema":{"@context":"https:\/\/schema.org","@graph":[{"@type":"Article","@id":"https:\/\/quehacerpolitico.mx\/?p=59634#article","isPartOf":{"@id":"https:\/\/quehacerpolitico.mx\/?p=59634"},"author":{"name":"Redacci\u00f3n QP","@id":"https:\/\/quehacerpolitico.mx\/#\/schema\/person\/496d8ad2d1d3f8036101dca7ee39e585"},"headline":"CDMX sin da\u00f1os tras sismo de 7.5, dice Sheinbaum","datePublished":"2020-06-23T21:35:09+00:00","mainEntityOfPage":{"@id":"https:\/\/quehacerpolitico.mx\/?p=59634"},"wordCount":312,"commentCount":0,"image":{"@id":"https:\/\/quehacerpolitico.mx\/?p=59634#primaryimage"},"thumbnailUrl":"https:\/\/quehacerpolitico.mx\/wp-content\/uploads\/2020\/06\/ECDC54E8-E2D8-429D-A2C9-EB8BC1C5FC42.jpeg","articleSection":["CDMX"],"inLanguage":"es","potentialAction":[{"@type":"CommentAction","name":"Comment","target":["https:\/\/quehacerpolitico.mx\/?p=59634#respond"]}]},{"@type":"WebPage","@id":"https:\/\/quehacerpolitico.mx\/?p=59634","url":"https:\/\/quehacerpolitico.mx\/?p=59634","name":"CDMX sin da\u00f1os tras sismo de 7.5, dice Sheinbaum -","isPartOf":{"@id":"https:\/\/quehacerpolitico.mx\/#website"},"primaryImageOfPage":{"@id":"https:\/\/quehacerpolitico.mx\/?p=59634#primaryimage"},"image":{"@id":"https:\/\/quehacerpolitico.mx\/?p=59634#primaryimage"},"thumbnailUrl":"https:\/\/quehacerpolitico.mx\/wp-content\/uploads\/2020\/06\/ECDC54E8-E2D8-429D-A2C9-EB8BC1C5FC42.jpeg","datePublished":"2020-06-23T21:35:09+00:00","author":{"@id":"https:\/\/quehacerpolitico.mx\/#\/schema\/person\/496d8ad2d1d3f8036101dca7ee39e585"},"breadcrumb":{"@id":"https:\/\/quehacerpolitico.mx\/?p=59634#breadcrumb"},"inLanguage":"es","potentialAction":[{"@type":"ReadAction","target":["https:\/\/quehacerpolitico.mx\/?p=59634"]}]},{"@type":"ImageObject","inLanguage":"es","@id":"https:\/\/quehacerpolitico.mx\/?p=59634#primaryimage","url":"https:\/\/quehacerpolitico.mx\/wp-content\/uploads\/2020\/06\/ECDC54E8-E2D8-429D-A2C9-EB8BC1C5FC42.jpeg","contentUrl":"https:\/\/quehacerpolitico.mx\/wp-content\/uploads\/2020\/06\/ECDC54E8-E2D8-429D-A2C9-EB8BC1C5FC42.jpeg","width":739,"height":415},{"@type":"BreadcrumbList","@id":"https:\/\/quehacerpolitico.mx\/?p=59634#breadcrumb","itemListElement":[{"@type":"ListItem","position":1,"name":"Inicio","item":"https:\/\/quehacerpolitico.mx\/"},{"@type":"ListItem","position":2,"name":"CDMX sin da\u00f1os tras sismo de 7.5, dice Sheinbaum"}]},{"@type":"WebSite","@id":"https:\/\/quehacerpolitico.mx\/#website","url":"https:\/\/quehacerpolitico.mx\/","name":"","description":"","potentialAction":[{"@type":"SearchAction","target":{"@type":"EntryPoint","urlTemplate":"https:\/\/quehacerpolitico.mx\/?s={search_term_string}"},"query-input":{"@type":"PropertyValueSpecification","valueRequired":true,"valueName":"search_term_string"}}],"inLanguage":"es"},{"@type":"Person","@id":"https:\/\/quehacerpolitico.mx\/#\/schema\/person\/496d8ad2d1d3f8036101dca7ee39e585","name":"Redacci\u00f3n QP","image":{"@type":"ImageObject","inLanguage":"es","@id":"https:\/\/secure.gravatar.com\/avatar\/c7164ed6fdec453195284ad24a5ae5b6e1eed2b848477fa2a4787ba9adf39a41?s=96&d=mm&r=g","url":"https:\/\/secure.gravatar.com\/avatar\/c7164ed6fdec453195284ad24a5ae5b6e1eed2b848477fa2a4787ba9adf39a41?s=96&d=mm&r=g","contentUrl":"https:\/\/secure.gravatar.com\/avatar\/c7164ed6fdec453195284ad24a5ae5b6e1eed2b848477fa2a4787ba9adf39a41?s=96&d=mm&r=g","caption":"Redacci\u00f3n QP"},"url":"https:\/\/quehacerpolitico.mx\/?author=2"}]}},"featured_image_urls":{"full":["https:\/\/quehacerpolitico.mx\/wp-content\/uploads\/2020\/06\/ECDC54E8-E2D8-429D-A2C9-EB8BC1C5FC42.jpeg",739,415,false],"thumbnail":["https:\/\/quehacerpolitico.mx\/wp-content\/uploads\/2020\/06\/ECDC54E8-E2D8-429D-A2C9-EB8BC1C5FC42-150x150.jpeg",150,150,true],"medium":["https:\/\/quehacerpolitico.mx\/wp-content\/uploads\/2020\/06\/ECDC54E8-E2D8-429D-A2C9-EB8BC1C5FC42-300x168.jpeg",300,168,true],"medium_large":["https:\/\/quehacerpolitico.mx\/wp-content\/uploads\/2020\/06\/ECDC54E8-E2D8-429D-A2C9-EB8BC1C5FC42.jpeg",640,359,false],"large":["https:\/\/quehacerpolitico.mx\/wp-content\/uploads\/2020\/06\/ECDC54E8-E2D8-429D-A2C9-EB8BC1C5FC42.jpeg",640,359,false],"1536x1536":["https:\/\/quehacerpolitico.mx\/wp-content\/uploads\/2020\/06\/ECDC54E8-E2D8-429D-A2C9-EB8BC1C5FC42.jpeg",739,415,false],"2048x2048":["https:\/\/quehacerpolitico.mx\/wp-content\/uploads\/2020\/06\/ECDC54E8-E2D8-429D-A2C9-EB8BC1C5FC42.jpeg",739,415,false],"covernews-featured":["https:\/\/quehacerpolitico.mx\/wp-content\/uploads\/2020\/06\/ECDC54E8-E2D8-429D-A2C9-EB8BC1C5FC42.jpeg",739,415,false],"covernews-medium":["https:\/\/quehacerpolitico.mx\/wp-content\/uploads\/2020\/06\/ECDC54E8-E2D8-429D-A2C9-EB8BC1C5FC42.jpeg",540,303,false]},"author_info":{"display_name":"Redacci\u00f3n QP","author_link":"https:\/\/quehacerpolitico.mx\/?author=2"},"category_info":"<a href=\"https:\/\/quehacerpolitico.mx\/?cat=55\" rel=\"category\">CDMX<\/a>","tag_info":"CDMX","comment_count":"0","_links":{"self":[{"href":"https:\/\/quehacerpolitico.mx\/index.php?rest_route=\/wp\/v2\/posts\/59634","targetHints":{"allow":["GET"]}}],"collection":[{"href":"https:\/\/quehacerpolitico.mx\/index.php?rest_route=\/wp\/v2\/posts"}],"about":[{"href":"https:\/\/quehacerpolitico.mx\/index.php?rest_route=\/wp\/v2\/types\/post"}],"author":[{"embeddable":true,"href":"https:\/\/quehacerpolitico.mx\/index.php?rest_route=\/wp\/v2\/users\/2"}],"replies":[{"embeddable":true,"href":"https:\/\/quehacerpolitico.mx\/index.php?rest_route=%2Fwp%2Fv2%2Fcomments&post=59634"}],"version-history":[{"count":0,"href":"https:\/\/quehacerpolitico.mx\/index.php?rest_route=\/wp\/v2\/posts\/59634\/revisions"}],"wp:featuredmedia":[{"embeddable":true,"href":"https:\/\/quehacerpolitico.mx\/index.php?rest_route=\/wp\/v2\/media\/59638"}],"wp:attachment":[{"href":"https:\/\/quehacerpolitico.mx\/index.php?rest_route=%2Fwp%2Fv2%2Fmedia&parent=59634"}],"wp:term":[{"taxonomy":"category","embeddable":true,"href":"https:\/\/quehacerpolitico.mx\/index.php?rest_route=%2Fwp%2Fv2%2Fcategories&post=59634"},{"taxonomy":"post_tag","embeddable":true,"href":"https:\/\/quehacerpolitico.mx\/index.php?rest_route=%2Fwp%2Fv2%2Ftags&post=59634"}],"curies":[{"name":"wp","href":"https:\/\/api.w.org\/{rel}","templated":true}]}}