{"id":59620,"date":"2020-06-22T09:47:19","date_gmt":"2020-06-22T14:47:19","guid":{"rendered":"http:\/\/quehacerpolitico.mx\/?p=59620"},"modified":"2020-06-22T09:47:19","modified_gmt":"2020-06-22T14:47:19","slug":"el-quehacer-politico-a-traves-de-la-vision-de-cambio-david-razo-mas-de-8-millones-de-seres-humanos-infectados-y-la-cura","status":"publish","type":"post","link":"https:\/\/quehacerpolitico.mx\/?p=59620","title":{"rendered":"El Quehacer Pol\u00edtico a trav\u00e9s de la Visi\u00f3n de Cambio\/\/\/David Razo\/\/\/\u00bfMas de 8 millones de seres humanos infectados, y la cura?"},"content":{"rendered":"<p class=\"p1\"><span class=\"s1\">El Quehacer Pol\u00edtico a trav\u00e9s de la Visi\u00f3n de Cambio|David Razo<\/span><\/p>\n<p class=\"p1\"><span class=\"s1\">\u00bfMas de 8 millones de seres humanos infectados, y la cura?<\/span><\/p>\n<p class=\"p1\"><span class=\"s1\">Por David Razo|Empresario<\/span><\/p>\n<p class=\"p1\"><span class=\"s1\">Hasta el momento m\u00e1s de 8,1 millones de casos de nuevos coronavirus se han confirmado en todo el mundo, incluidas al menos 441.000 muertes, seg\u00fan la Universidad Johns Hopkins.<\/span><\/p>\n<p class=\"p1\"><span class=\"s1\">En el Reino Unido descubri\u00f3 que la dexametasona, un medicamento con esteroides ampliamente disponible, puede ser clave para ayudar a tratar a los pacientes m\u00e1s enfermos de covid-19, en lo que algunos consideran un hallazgo &#8220;innovador&#8221;.<\/span><\/p>\n<p class=\"p1\"><span class=\"s1\">Cerca de dos millones de personas en el mundo han contra\u00eddo el virus.<\/span><\/p>\n<p class=\"p1\"><span class=\"s1\">En casi cuatro meses hubo 8 millones de casos confirmados en todo el mundo. Los n\u00fameros muestran la rapidez con la que el Covid-19 se est\u00e1 expandiendo por 185 pa\u00edses de todos los continentes.<\/span><\/p>\n<p class=\"p1\"><span class=\"s1\">En un mundo estad\u00edstico Estados Unidos se posicion\u00f3 desde hace m\u00e1s de tres semanas como el pa\u00eds con el mayor n\u00famero de contagios en el mundo pues sus 582.594 casos confirmados triplican los de cualquier otra naci\u00f3n, incluso las m\u00e1s afectadas como Italia, Espa\u00f1a y Francia. Sin embargo, la diferencia puede radicar en la cantidad de pruebas que han dado.<\/span><\/p>\n<p class=\"p1\"><span class=\"s1\">Francia prolonga el aislamiento y Macron reconoce que no estaban lo suficientemente preparados.<\/span><\/p>\n<p class=\"p1\"><span class=\"s1\">M\u00e9xico no estaba lo suficientemente preparado para esta crisis. Todos afrontaremos las consecuencias. Europa registr\u00f3 cifras espeluznantes de contagios, mismos que se fueron expandiendo hasta llegar al continente americano, en donde hoy existen tres pa\u00edses dentro del top 10 de los m\u00e1s afectados por el coronavirus, mismos que son los m\u00e1s afectados de todo el planeta. Es por eso que los 10 pa\u00edses con m\u00e1s casos confirmados por el brote de Covid-19.<\/span><\/p>\n<p class=\"p1\"><span class=\"s1\">Estados Unidos | 2,142,224 contagios, Brasil | 850,796 contagios, Rusia | 520, 129.contagios, India | 321,626 contagios, Reino Unido | 294,375 contagios, Espa\u00f1a | 290,684 contagios, Italia | 236,651 contagios, Per\u00fa | 220,749 contagios, Alemania | 187,423 contagios, Ir\u00e1n | 184,955 contagios.<\/span><\/p>\n<p class=\"p1\"><span class=\"s1\">Los dos pa\u00edses que en las \u00faltimas semanas han presentado cifras alarmantes de contagios a causa del Covid-19 son Rusia y Brasil, este \u00faltimo superando por mucho los 775 mil casos y m\u00e1s de 39 mil fallecidos a causa de esta nueva enfermedad. Pa\u00edses de Am\u00e9rica Latina, en Latinoam\u00e9rica los pa\u00edses que han aumentado cifras de contagios son varios, pues con el brote en Brasil las alarmas crecen en este continente.<\/span><\/p>\n<p class=\"p1\"><span class=\"s1\">Los 5 pa\u00edses latinoamericanos con m\u00e1s contagios.<\/span><\/p>\n<p class=\"p1\"><span class=\"s1\">Brasil | 850,796 contagios, Per\u00fa | 220,749 contagios, Chile | 167,355 contagios, M\u00e9xico | 142,690 contagios, Ecuador | 46,356 contagios.<\/span><\/p>\n<p class=\"p1\"><span class=\"s1\">Los pa\u00edses con m\u00e1s casos de Covid-19 en cada continente. Si dividimos el planeta en continentes, en Am\u00e9rica se registra en la actualidad en mayor n\u00famero de casos confirmados con Estados Unidos y, si nos vamos al territorio sudamericano nos encontramos con Brasil, ambos pa\u00edses dentro del Top 10 m\u00e1s afectado. Mientras, en Europa, Rusia aparece como el pa\u00eds con m\u00e1s contagios (debido a su amplia extensi\u00f3n geogr\u00e1fica); en Asia, Ir\u00e1n super\u00f3 a China; \u00c1frica tiene a Sud\u00e1frica y Ocean\u00eda a Australia.<\/span><\/p>\n<p class=\"p1\"><span class=\"s1\">Am\u00e9rica | Estados Unidos: 2,144,224 contagios, Europa | Rusia: 520,129 contagios, Asia | India: 321,626 contagios, \u00c1frica | Sud\u00e1frica: 65,736 contagios, Ocean\u00eda | Australia: 17,078 contagios.<\/span><\/p>\n","protected":false},"excerpt":{"rendered":"<p>El Quehacer Pol\u00edtico a trav\u00e9s de la Visi\u00f3n de Cambio|David Razo \u00bfMas de 8 millones&#8230;<\/p>\n","protected":false},"author":2,"featured_media":59621,"comment_status":"open","ping_status":"open","sticky":false,"template":"","format":"standard","meta":{"_monsterinsights_skip_tracking":false,"_monsterinsights_sitenote_active":false,"_monsterinsights_sitenote_note":"","_monsterinsights_sitenote_category":0,"footnotes":""},"categories":[2],"tags":[],"class_list":["post-59620","post","type-post","status-publish","format-standard","has-post-thumbnail","hentry","category-noticias"],"yoast_head":"<!-- This site is optimized with the Yoast SEO plugin v27.3 - https:\/\/yoast.com\/product\/yoast-seo-wordpress\/ -->\n<title>El Quehacer Pol\u00edtico a trav\u00e9s de la Visi\u00f3n de Cambio\/\/\/David Razo\/\/\/\u00bfMas de 8 millones de seres humanos infectados, y la cura? -<\/title>\n<meta name=\"robots\" content=\"index, follow, max-snippet:-1, max-image-preview:large, max-video-preview:-1\" \/>\n<link rel=\"canonical\" href=\"https:\/\/quehacerpolitico.mx\/?p=59620\" \/>\n<meta property=\"og:locale\" content=\"es_MX\" \/>\n<meta property=\"og:type\" content=\"article\" \/>\n<meta property=\"og:title\" content=\"El Quehacer Pol\u00edtico a trav\u00e9s de la Visi\u00f3n de Cambio\/\/\/David Razo\/\/\/\u00bfMas de 8 millones de seres humanos infectados, y la cura? -\" \/>\n<meta property=\"og:description\" content=\"El Quehacer Pol\u00edtico a trav\u00e9s de la Visi\u00f3n de Cambio|David Razo \u00bfMas de 8 millones...\" \/>\n<meta property=\"og:url\" content=\"https:\/\/quehacerpolitico.mx\/?p=59620\" \/>\n<meta property=\"article:published_time\" content=\"2020-06-22T14:47:19+00:00\" \/>\n<meta property=\"og:image\" content=\"https:\/\/quehacerpolitico.mx\/wp-content\/uploads\/2020\/06\/AEA0E986-2AD4-4AF5-B09C-3676302ECD98.jpeg\" \/>\n\t<meta property=\"og:image:width\" content=\"1080\" \/>\n\t<meta property=\"og:image:height\" content=\"1080\" \/>\n\t<meta property=\"og:image:type\" content=\"image\/jpeg\" \/>\n<meta name=\"author\" content=\"Redacci\u00f3n QP\" \/>\n<meta name=\"twitter:card\" content=\"summary_large_image\" \/>\n<meta name=\"twitter:label1\" content=\"Escrito por\" \/>\n\t<meta name=\"twitter:data1\" content=\"Redacci\u00f3n QP\" \/>\n\t<meta name=\"twitter:label2\" content=\"Tiempo de lectura\" \/>\n\t<meta name=\"twitter:data2\" content=\"3 minutos\" \/>\n<script type=\"application\/ld+json\" class=\"yoast-schema-graph\">{\"@context\":\"https:\\\/\\\/schema.org\",\"@graph\":[{\"@type\":\"Article\",\"@id\":\"https:\\\/\\\/quehacerpolitico.mx\\\/?p=59620#article\",\"isPartOf\":{\"@id\":\"https:\\\/\\\/quehacerpolitico.mx\\\/?p=59620\"},\"author\":{\"name\":\"Redacci\u00f3n QP\",\"@id\":\"https:\\\/\\\/quehacerpolitico.mx\\\/#\\\/schema\\\/person\\\/496d8ad2d1d3f8036101dca7ee39e585\"},\"headline\":\"El Quehacer Pol\u00edtico a trav\u00e9s de la Visi\u00f3n de Cambio\\\/\\\/\\\/David Razo\\\/\\\/\\\/\u00bfMas de 8 millones de seres humanos infectados, y la cura?\",\"datePublished\":\"2020-06-22T14:47:19+00:00\",\"mainEntityOfPage\":{\"@id\":\"https:\\\/\\\/quehacerpolitico.mx\\\/?p=59620\"},\"wordCount\":554,\"commentCount\":0,\"image\":{\"@id\":\"https:\\\/\\\/quehacerpolitico.mx\\\/?p=59620#primaryimage\"},\"thumbnailUrl\":\"https:\\\/\\\/quehacerpolitico.mx\\\/wp-content\\\/uploads\\\/2020\\\/06\\\/AEA0E986-2AD4-4AF5-B09C-3676302ECD98.jpeg\",\"articleSection\":[\"Noticias\"],\"inLanguage\":\"es\",\"potentialAction\":[{\"@type\":\"CommentAction\",\"name\":\"Comment\",\"target\":[\"https:\\\/\\\/quehacerpolitico.mx\\\/?p=59620#respond\"]}]},{\"@type\":\"WebPage\",\"@id\":\"https:\\\/\\\/quehacerpolitico.mx\\\/?p=59620\",\"url\":\"https:\\\/\\\/quehacerpolitico.mx\\\/?p=59620\",\"name\":\"El Quehacer Pol\u00edtico a trav\u00e9s de la Visi\u00f3n de Cambio\\\/\\\/\\\/David Razo\\\/\\\/\\\/\u00bfMas de 8 millones de seres humanos infectados, y la cura? -\",\"isPartOf\":{\"@id\":\"https:\\\/\\\/quehacerpolitico.mx\\\/#website\"},\"primaryImageOfPage\":{\"@id\":\"https:\\\/\\\/quehacerpolitico.mx\\\/?p=59620#primaryimage\"},\"image\":{\"@id\":\"https:\\\/\\\/quehacerpolitico.mx\\\/?p=59620#primaryimage\"},\"thumbnailUrl\":\"https:\\\/\\\/quehacerpolitico.mx\\\/wp-content\\\/uploads\\\/2020\\\/06\\\/AEA0E986-2AD4-4AF5-B09C-3676302ECD98.jpeg\",\"datePublished\":\"2020-06-22T14:47:19+00:00\",\"author\":{\"@id\":\"https:\\\/\\\/quehacerpolitico.mx\\\/#\\\/schema\\\/person\\\/496d8ad2d1d3f8036101dca7ee39e585\"},\"breadcrumb\":{\"@id\":\"https:\\\/\\\/quehacerpolitico.mx\\\/?p=59620#breadcrumb\"},\"inLanguage\":\"es\",\"potentialAction\":[{\"@type\":\"ReadAction\",\"target\":[\"https:\\\/\\\/quehacerpolitico.mx\\\/?p=59620\"]}]},{\"@type\":\"ImageObject\",\"inLanguage\":\"es\",\"@id\":\"https:\\\/\\\/quehacerpolitico.mx\\\/?p=59620#primaryimage\",\"url\":\"https:\\\/\\\/quehacerpolitico.mx\\\/wp-content\\\/uploads\\\/2020\\\/06\\\/AEA0E986-2AD4-4AF5-B09C-3676302ECD98.jpeg\",\"contentUrl\":\"https:\\\/\\\/quehacerpolitico.mx\\\/wp-content\\\/uploads\\\/2020\\\/06\\\/AEA0E986-2AD4-4AF5-B09C-3676302ECD98.jpeg\",\"width\":1080,\"height\":1080},{\"@type\":\"BreadcrumbList\",\"@id\":\"https:\\\/\\\/quehacerpolitico.mx\\\/?p=59620#breadcrumb\",\"itemListElement\":[{\"@type\":\"ListItem\",\"position\":1,\"name\":\"Inicio\",\"item\":\"https:\\\/\\\/quehacerpolitico.mx\\\/\"},{\"@type\":\"ListItem\",\"position\":2,\"name\":\"El Quehacer Pol\u00edtico a trav\u00e9s de la Visi\u00f3n de Cambio\\\/\\\/\\\/David Razo\\\/\\\/\\\/\u00bfMas de 8 millones de seres humanos infectados, y la cura?\"}]},{\"@type\":\"WebSite\",\"@id\":\"https:\\\/\\\/quehacerpolitico.mx\\\/#website\",\"url\":\"https:\\\/\\\/quehacerpolitico.mx\\\/\",\"name\":\"\",\"description\":\"\",\"potentialAction\":[{\"@type\":\"SearchAction\",\"target\":{\"@type\":\"EntryPoint\",\"urlTemplate\":\"https:\\\/\\\/quehacerpolitico.mx\\\/?s={search_term_string}\"},\"query-input\":{\"@type\":\"PropertyValueSpecification\",\"valueRequired\":true,\"valueName\":\"search_term_string\"}}],\"inLanguage\":\"es\"},{\"@type\":\"Person\",\"@id\":\"https:\\\/\\\/quehacerpolitico.mx\\\/#\\\/schema\\\/person\\\/496d8ad2d1d3f8036101dca7ee39e585\",\"name\":\"Redacci\u00f3n QP\",\"image\":{\"@type\":\"ImageObject\",\"inLanguage\":\"es\",\"@id\":\"https:\\\/\\\/secure.gravatar.com\\\/avatar\\\/c7164ed6fdec453195284ad24a5ae5b6e1eed2b848477fa2a4787ba9adf39a41?s=96&d=mm&r=g\",\"url\":\"https:\\\/\\\/secure.gravatar.com\\\/avatar\\\/c7164ed6fdec453195284ad24a5ae5b6e1eed2b848477fa2a4787ba9adf39a41?s=96&d=mm&r=g\",\"contentUrl\":\"https:\\\/\\\/secure.gravatar.com\\\/avatar\\\/c7164ed6fdec453195284ad24a5ae5b6e1eed2b848477fa2a4787ba9adf39a41?s=96&d=mm&r=g\",\"caption\":\"Redacci\u00f3n QP\"},\"url\":\"https:\\\/\\\/quehacerpolitico.mx\\\/?author=2\"}]}<\/script>\n<!-- \/ Yoast SEO plugin. -->","yoast_head_json":{"title":"El Quehacer Pol\u00edtico a trav\u00e9s de la Visi\u00f3n de Cambio\/\/\/David Razo\/\/\/\u00bfMas de 8 millones de seres humanos infectados, y la cura? -","robots":{"index":"index","follow":"follow","max-snippet":"max-snippet:-1","max-image-preview":"max-image-preview:large","max-video-preview":"max-video-preview:-1"},"canonical":"https:\/\/quehacerpolitico.mx\/?p=59620","og_locale":"es_MX","og_type":"article","og_title":"El Quehacer Pol\u00edtico a trav\u00e9s de la Visi\u00f3n de Cambio\/\/\/David Razo\/\/\/\u00bfMas de 8 millones de seres humanos infectados, y la cura? -","og_description":"El Quehacer Pol\u00edtico a trav\u00e9s de la Visi\u00f3n de Cambio|David Razo \u00bfMas de 8 millones...","og_url":"https:\/\/quehacerpolitico.mx\/?p=59620","article_published_time":"2020-06-22T14:47:19+00:00","og_image":[{"width":1080,"height":1080,"url":"https:\/\/quehacerpolitico.mx\/wp-content\/uploads\/2020\/06\/AEA0E986-2AD4-4AF5-B09C-3676302ECD98.jpeg","type":"image\/jpeg"}],"author":"Redacci\u00f3n QP","twitter_card":"summary_large_image","twitter_misc":{"Escrito por":"Redacci\u00f3n QP","Tiempo de lectura":"3 minutos"},"schema":{"@context":"https:\/\/schema.org","@graph":[{"@type":"Article","@id":"https:\/\/quehacerpolitico.mx\/?p=59620#article","isPartOf":{"@id":"https:\/\/quehacerpolitico.mx\/?p=59620"},"author":{"name":"Redacci\u00f3n QP","@id":"https:\/\/quehacerpolitico.mx\/#\/schema\/person\/496d8ad2d1d3f8036101dca7ee39e585"},"headline":"El Quehacer Pol\u00edtico a trav\u00e9s de la Visi\u00f3n de Cambio\/\/\/David Razo\/\/\/\u00bfMas de 8 millones de seres humanos infectados, y la cura?","datePublished":"2020-06-22T14:47:19+00:00","mainEntityOfPage":{"@id":"https:\/\/quehacerpolitico.mx\/?p=59620"},"wordCount":554,"commentCount":0,"image":{"@id":"https:\/\/quehacerpolitico.mx\/?p=59620#primaryimage"},"thumbnailUrl":"https:\/\/quehacerpolitico.mx\/wp-content\/uploads\/2020\/06\/AEA0E986-2AD4-4AF5-B09C-3676302ECD98.jpeg","articleSection":["Noticias"],"inLanguage":"es","potentialAction":[{"@type":"CommentAction","name":"Comment","target":["https:\/\/quehacerpolitico.mx\/?p=59620#respond"]}]},{"@type":"WebPage","@id":"https:\/\/quehacerpolitico.mx\/?p=59620","url":"https:\/\/quehacerpolitico.mx\/?p=59620","name":"El Quehacer Pol\u00edtico a trav\u00e9s de la Visi\u00f3n de Cambio\/\/\/David Razo\/\/\/\u00bfMas de 8 millones de seres humanos infectados, y la cura? -","isPartOf":{"@id":"https:\/\/quehacerpolitico.mx\/#website"},"primaryImageOfPage":{"@id":"https:\/\/quehacerpolitico.mx\/?p=59620#primaryimage"},"image":{"@id":"https:\/\/quehacerpolitico.mx\/?p=59620#primaryimage"},"thumbnailUrl":"https:\/\/quehacerpolitico.mx\/wp-content\/uploads\/2020\/06\/AEA0E986-2AD4-4AF5-B09C-3676302ECD98.jpeg","datePublished":"2020-06-22T14:47:19+00:00","author":{"@id":"https:\/\/quehacerpolitico.mx\/#\/schema\/person\/496d8ad2d1d3f8036101dca7ee39e585"},"breadcrumb":{"@id":"https:\/\/quehacerpolitico.mx\/?p=59620#breadcrumb"},"inLanguage":"es","potentialAction":[{"@type":"ReadAction","target":["https:\/\/quehacerpolitico.mx\/?p=59620"]}]},{"@type":"ImageObject","inLanguage":"es","@id":"https:\/\/quehacerpolitico.mx\/?p=59620#primaryimage","url":"https:\/\/quehacerpolitico.mx\/wp-content\/uploads\/2020\/06\/AEA0E986-2AD4-4AF5-B09C-3676302ECD98.jpeg","contentUrl":"https:\/\/quehacerpolitico.mx\/wp-content\/uploads\/2020\/06\/AEA0E986-2AD4-4AF5-B09C-3676302ECD98.jpeg","width":1080,"height":1080},{"@type":"BreadcrumbList","@id":"https:\/\/quehacerpolitico.mx\/?p=59620#breadcrumb","itemListElement":[{"@type":"ListItem","position":1,"name":"Inicio","item":"https:\/\/quehacerpolitico.mx\/"},{"@type":"ListItem","position":2,"name":"El Quehacer Pol\u00edtico a trav\u00e9s de la Visi\u00f3n de Cambio\/\/\/David Razo\/\/\/\u00bfMas de 8 millones de seres humanos infectados, y la cura?"}]},{"@type":"WebSite","@id":"https:\/\/quehacerpolitico.mx\/#website","url":"https:\/\/quehacerpolitico.mx\/","name":"","description":"","potentialAction":[{"@type":"SearchAction","target":{"@type":"EntryPoint","urlTemplate":"https:\/\/quehacerpolitico.mx\/?s={search_term_string}"},"query-input":{"@type":"PropertyValueSpecification","valueRequired":true,"valueName":"search_term_string"}}],"inLanguage":"es"},{"@type":"Person","@id":"https:\/\/quehacerpolitico.mx\/#\/schema\/person\/496d8ad2d1d3f8036101dca7ee39e585","name":"Redacci\u00f3n QP","image":{"@type":"ImageObject","inLanguage":"es","@id":"https:\/\/secure.gravatar.com\/avatar\/c7164ed6fdec453195284ad24a5ae5b6e1eed2b848477fa2a4787ba9adf39a41?s=96&d=mm&r=g","url":"https:\/\/secure.gravatar.com\/avatar\/c7164ed6fdec453195284ad24a5ae5b6e1eed2b848477fa2a4787ba9adf39a41?s=96&d=mm&r=g","contentUrl":"https:\/\/secure.gravatar.com\/avatar\/c7164ed6fdec453195284ad24a5ae5b6e1eed2b848477fa2a4787ba9adf39a41?s=96&d=mm&r=g","caption":"Redacci\u00f3n QP"},"url":"https:\/\/quehacerpolitico.mx\/?author=2"}]}},"featured_image_urls":{"full":["https:\/\/quehacerpolitico.mx\/wp-content\/uploads\/2020\/06\/AEA0E986-2AD4-4AF5-B09C-3676302ECD98.jpeg",1080,1080,false],"thumbnail":["https:\/\/quehacerpolitico.mx\/wp-content\/uploads\/2020\/06\/AEA0E986-2AD4-4AF5-B09C-3676302ECD98-150x150.jpeg",150,150,true],"medium":["https:\/\/quehacerpolitico.mx\/wp-content\/uploads\/2020\/06\/AEA0E986-2AD4-4AF5-B09C-3676302ECD98-300x300.jpeg",300,300,true],"medium_large":["https:\/\/quehacerpolitico.mx\/wp-content\/uploads\/2020\/06\/AEA0E986-2AD4-4AF5-B09C-3676302ECD98-768x768.jpeg",640,640,true],"large":["https:\/\/quehacerpolitico.mx\/wp-content\/uploads\/2020\/06\/AEA0E986-2AD4-4AF5-B09C-3676302ECD98-1024x1024.jpeg",640,640,true],"1536x1536":["https:\/\/quehacerpolitico.mx\/wp-content\/uploads\/2020\/06\/AEA0E986-2AD4-4AF5-B09C-3676302ECD98.jpeg",1080,1080,false],"2048x2048":["https:\/\/quehacerpolitico.mx\/wp-content\/uploads\/2020\/06\/AEA0E986-2AD4-4AF5-B09C-3676302ECD98.jpeg",1080,1080,false],"covernews-featured":["https:\/\/quehacerpolitico.mx\/wp-content\/uploads\/2020\/06\/AEA0E986-2AD4-4AF5-B09C-3676302ECD98.jpeg",1024,1024,false],"covernews-medium":["https:\/\/quehacerpolitico.mx\/wp-content\/uploads\/2020\/06\/AEA0E986-2AD4-4AF5-B09C-3676302ECD98.jpeg",340,340,false]},"author_info":{"display_name":"Redacci\u00f3n QP","author_link":"https:\/\/quehacerpolitico.mx\/?author=2"},"category_info":"<a href=\"https:\/\/quehacerpolitico.mx\/?cat=2\" rel=\"category\">Noticias<\/a>","tag_info":"Noticias","comment_count":"0","_links":{"self":[{"href":"https:\/\/quehacerpolitico.mx\/index.php?rest_route=\/wp\/v2\/posts\/59620","targetHints":{"allow":["GET"]}}],"collection":[{"href":"https:\/\/quehacerpolitico.mx\/index.php?rest_route=\/wp\/v2\/posts"}],"about":[{"href":"https:\/\/quehacerpolitico.mx\/index.php?rest_route=\/wp\/v2\/types\/post"}],"author":[{"embeddable":true,"href":"https:\/\/quehacerpolitico.mx\/index.php?rest_route=\/wp\/v2\/users\/2"}],"replies":[{"embeddable":true,"href":"https:\/\/quehacerpolitico.mx\/index.php?rest_route=%2Fwp%2Fv2%2Fcomments&post=59620"}],"version-history":[{"count":0,"href":"https:\/\/quehacerpolitico.mx\/index.php?rest_route=\/wp\/v2\/posts\/59620\/revisions"}],"wp:featuredmedia":[{"embeddable":true,"href":"https:\/\/quehacerpolitico.mx\/index.php?rest_route=\/wp\/v2\/media\/59621"}],"wp:attachment":[{"href":"https:\/\/quehacerpolitico.mx\/index.php?rest_route=%2Fwp%2Fv2%2Fmedia&parent=59620"}],"wp:term":[{"taxonomy":"category","embeddable":true,"href":"https:\/\/quehacerpolitico.mx\/index.php?rest_route=%2Fwp%2Fv2%2Fcategories&post=59620"},{"taxonomy":"post_tag","embeddable":true,"href":"https:\/\/quehacerpolitico.mx\/index.php?rest_route=%2Fwp%2Fv2%2Ftags&post=59620"}],"curies":[{"name":"wp","href":"https:\/\/api.w.org\/{rel}","templated":true}]}}