{"id":59598,"date":"2020-06-19T13:17:11","date_gmt":"2020-06-19T18:17:11","guid":{"rendered":"http:\/\/quehacerpolitico.mx\/?p=59598"},"modified":"2020-06-19T13:17:11","modified_gmt":"2020-06-19T18:17:11","slug":"ciudad-de-mexico-seguira-en-semaforo-rojo-dan-reves-a-reaperturas","status":"publish","type":"post","link":"https:\/\/quehacerpolitico.mx\/?p=59598","title":{"rendered":"Ciudad de M\u00e9xico seguir\u00e1 en sem\u00e1foro rojo; dan rev\u00e9s a reaperturas"},"content":{"rendered":"<h1 class=\"news-title\">Ciudad de M\u00e9xico seguir\u00e1 en sem\u00e1foro rojo; dan rev\u00e9s a reaperturas<br \/>\nPor Redacci\u00f3n QP<\/h1>\n<p>Si se lograba pasar a naranja, el gobierno capitalino ten\u00eda planeado abrir tianguis y mercados este 22 de junio<\/p>\n<p>La jefa de gobierno de la Ciudad de M\u00e9xico,\u00a0Claudia Sheinbaum Pardo, inform\u00f3 que la capital del pa\u00eds se mantendr\u00e1 en sem\u00e1foro rojo por la epidemia de coronavirus, por lo que no se regresar\u00e1n algunas actividades como se ten\u00eda planteado.<\/p>\n<blockquote class=\"twitter-tweet\" data-width=\"550\" data-dnt=\"true\">\n<p lang=\"es\" dir=\"ltr\"><a href=\"https:\/\/twitter.com\/hashtag\/EnVivo?src=hash&amp;ref_src=twsrc%5Etfw\">#EnVivo<\/a> \u25b6\ufe0f <a href=\"https:\/\/twitter.com\/hashtag\/Videoconferencia?src=hash&amp;ref_src=twsrc%5Etfw\">#Videoconferencia<\/a> de prensa. La semana que entra seguimos en sem\u00e1foro rojo en transici\u00f3n a naranja, por lo que s\u00f3lo se permiten las actividades autorizadas hasta esta semana. <a href=\"https:\/\/twitter.com\/hashtag\/Prot%C3%A9geteYProtegeALosDem%C3%A1s?src=hash&amp;ref_src=twsrc%5Etfw\">#Prot\u00e9geteYProtegeALosDem\u00e1s<\/a> <a href=\"https:\/\/t.co\/zMEPlGTCT7\">https:\/\/t.co\/zMEPlGTCT7<\/a><\/p>\n<p>&mdash; Claudia Sheinbaum Pardo (@Claudiashein) <a href=\"https:\/\/twitter.com\/Claudiashein\/status\/1274013374473355265?ref_src=twsrc%5Etfw\">June 19, 2020<\/a><\/p><\/blockquote>\n<p><script async src=\"https:\/\/platform.twitter.com\/widgets.js\" charset=\"utf-8\"><\/script><\/p>\n<p>Si se lograba pasar al sem\u00e1foro naranja, el gobierno capitalino <strong>ten\u00eda planeado que el 22 de junio abrir\u00edan tianguis y mercados. El 23 de junio, reabrir\u00edan negocios del Centro Hist\u00f3rico.<\/strong><\/p>\n<p>Para el 24 de junio se retomar\u00edan labores los hoteles de la capital a un 30% de su capacidad, mientras que los restaurantes operarar\u00edan al 40%; en tanto, el 25 de junio, los centros comerciales y tiendas departamentales reabren a un 30% de su capacidad. Y el 28 de junio los servicios religiosos retomar\u00edan sus labores a la mitad de su capacidad.<\/p>\n<p>No obstante contin\u00faan las actividades que reabrieron esta semana como la reactivaci\u00f3n de la industria manufacturera reactiva sus actividades, la finalizaron del Hoy No Circula temporal, el regreso del Comercio de barrio y de algunos servicios\u00a0 profesionales, cient\u00edficos y t\u00e9cnicos, vinculados con las industrias que operan durante el sem\u00e1foro rojo y naranja.<\/p>\n<p>Con informaci\u00f3n de SUN<\/p>\n","protected":false},"excerpt":{"rendered":"<p>Ciudad de M\u00e9xico seguir\u00e1 en sem\u00e1foro rojo; dan rev\u00e9s a reaperturas Por Redacci\u00f3n QP Si&#8230;<\/p>\n","protected":false},"author":2,"featured_media":59601,"comment_status":"open","ping_status":"open","sticky":false,"template":"","format":"standard","meta":{"_monsterinsights_skip_tracking":false,"_monsterinsights_sitenote_active":false,"_monsterinsights_sitenote_note":"","_monsterinsights_sitenote_category":0,"footnotes":""},"categories":[55],"tags":[],"class_list":["post-59598","post","type-post","status-publish","format-standard","has-post-thumbnail","hentry","category-cdmx"],"yoast_head":"<!-- This site is optimized with the Yoast SEO plugin v27.3 - https:\/\/yoast.com\/product\/yoast-seo-wordpress\/ -->\n<title>Ciudad de M\u00e9xico seguir\u00e1 en sem\u00e1foro rojo; dan rev\u00e9s a reaperturas -<\/title>\n<meta name=\"robots\" content=\"index, follow, max-snippet:-1, max-image-preview:large, max-video-preview:-1\" \/>\n<link rel=\"canonical\" href=\"https:\/\/quehacerpolitico.mx\/?p=59598\" \/>\n<meta property=\"og:locale\" content=\"es_MX\" \/>\n<meta property=\"og:type\" content=\"article\" \/>\n<meta property=\"og:title\" content=\"Ciudad de M\u00e9xico seguir\u00e1 en sem\u00e1foro rojo; dan rev\u00e9s a reaperturas -\" \/>\n<meta property=\"og:description\" content=\"Ciudad de M\u00e9xico seguir\u00e1 en sem\u00e1foro rojo; dan rev\u00e9s a reaperturas Por Redacci\u00f3n QP Si...\" \/>\n<meta property=\"og:url\" content=\"https:\/\/quehacerpolitico.mx\/?p=59598\" \/>\n<meta property=\"article:published_time\" content=\"2020-06-19T18:17:11+00:00\" \/>\n<meta property=\"og:image\" content=\"https:\/\/quehacerpolitico.mx\/wp-content\/uploads\/2020\/06\/C21B4903-0D45-4567-8546-BF1FFF0DD179.jpeg\" \/>\n\t<meta property=\"og:image:width\" content=\"592\" \/>\n\t<meta property=\"og:image:height\" content=\"337\" \/>\n\t<meta property=\"og:image:type\" content=\"image\/jpeg\" \/>\n<meta name=\"author\" content=\"Redacci\u00f3n QP\" \/>\n<meta name=\"twitter:card\" content=\"summary_large_image\" \/>\n<meta name=\"twitter:label1\" content=\"Escrito por\" \/>\n\t<meta name=\"twitter:data1\" content=\"Redacci\u00f3n QP\" \/>\n\t<meta name=\"twitter:label2\" content=\"Tiempo de lectura\" \/>\n\t<meta name=\"twitter:data2\" content=\"1 minuto\" \/>\n<script type=\"application\/ld+json\" class=\"yoast-schema-graph\">{\"@context\":\"https:\\\/\\\/schema.org\",\"@graph\":[{\"@type\":\"Article\",\"@id\":\"https:\\\/\\\/quehacerpolitico.mx\\\/?p=59598#article\",\"isPartOf\":{\"@id\":\"https:\\\/\\\/quehacerpolitico.mx\\\/?p=59598\"},\"author\":{\"name\":\"Redacci\u00f3n QP\",\"@id\":\"https:\\\/\\\/quehacerpolitico.mx\\\/#\\\/schema\\\/person\\\/496d8ad2d1d3f8036101dca7ee39e585\"},\"headline\":\"Ciudad de M\u00e9xico seguir\u00e1 en sem\u00e1foro rojo; dan rev\u00e9s a reaperturas\",\"datePublished\":\"2020-06-19T18:17:11+00:00\",\"mainEntityOfPage\":{\"@id\":\"https:\\\/\\\/quehacerpolitico.mx\\\/?p=59598\"},\"wordCount\":256,\"commentCount\":0,\"image\":{\"@id\":\"https:\\\/\\\/quehacerpolitico.mx\\\/?p=59598#primaryimage\"},\"thumbnailUrl\":\"https:\\\/\\\/quehacerpolitico.mx\\\/wp-content\\\/uploads\\\/2020\\\/06\\\/C21B4903-0D45-4567-8546-BF1FFF0DD179.jpeg\",\"articleSection\":[\"CDMX\"],\"inLanguage\":\"es\",\"potentialAction\":[{\"@type\":\"CommentAction\",\"name\":\"Comment\",\"target\":[\"https:\\\/\\\/quehacerpolitico.mx\\\/?p=59598#respond\"]}]},{\"@type\":\"WebPage\",\"@id\":\"https:\\\/\\\/quehacerpolitico.mx\\\/?p=59598\",\"url\":\"https:\\\/\\\/quehacerpolitico.mx\\\/?p=59598\",\"name\":\"Ciudad de M\u00e9xico seguir\u00e1 en sem\u00e1foro rojo; dan rev\u00e9s a reaperturas -\",\"isPartOf\":{\"@id\":\"https:\\\/\\\/quehacerpolitico.mx\\\/#website\"},\"primaryImageOfPage\":{\"@id\":\"https:\\\/\\\/quehacerpolitico.mx\\\/?p=59598#primaryimage\"},\"image\":{\"@id\":\"https:\\\/\\\/quehacerpolitico.mx\\\/?p=59598#primaryimage\"},\"thumbnailUrl\":\"https:\\\/\\\/quehacerpolitico.mx\\\/wp-content\\\/uploads\\\/2020\\\/06\\\/C21B4903-0D45-4567-8546-BF1FFF0DD179.jpeg\",\"datePublished\":\"2020-06-19T18:17:11+00:00\",\"author\":{\"@id\":\"https:\\\/\\\/quehacerpolitico.mx\\\/#\\\/schema\\\/person\\\/496d8ad2d1d3f8036101dca7ee39e585\"},\"breadcrumb\":{\"@id\":\"https:\\\/\\\/quehacerpolitico.mx\\\/?p=59598#breadcrumb\"},\"inLanguage\":\"es\",\"potentialAction\":[{\"@type\":\"ReadAction\",\"target\":[\"https:\\\/\\\/quehacerpolitico.mx\\\/?p=59598\"]}]},{\"@type\":\"ImageObject\",\"inLanguage\":\"es\",\"@id\":\"https:\\\/\\\/quehacerpolitico.mx\\\/?p=59598#primaryimage\",\"url\":\"https:\\\/\\\/quehacerpolitico.mx\\\/wp-content\\\/uploads\\\/2020\\\/06\\\/C21B4903-0D45-4567-8546-BF1FFF0DD179.jpeg\",\"contentUrl\":\"https:\\\/\\\/quehacerpolitico.mx\\\/wp-content\\\/uploads\\\/2020\\\/06\\\/C21B4903-0D45-4567-8546-BF1FFF0DD179.jpeg\",\"width\":592,\"height\":337},{\"@type\":\"BreadcrumbList\",\"@id\":\"https:\\\/\\\/quehacerpolitico.mx\\\/?p=59598#breadcrumb\",\"itemListElement\":[{\"@type\":\"ListItem\",\"position\":1,\"name\":\"Inicio\",\"item\":\"https:\\\/\\\/quehacerpolitico.mx\\\/\"},{\"@type\":\"ListItem\",\"position\":2,\"name\":\"Ciudad de M\u00e9xico seguir\u00e1 en sem\u00e1foro rojo; dan rev\u00e9s a reaperturas\"}]},{\"@type\":\"WebSite\",\"@id\":\"https:\\\/\\\/quehacerpolitico.mx\\\/#website\",\"url\":\"https:\\\/\\\/quehacerpolitico.mx\\\/\",\"name\":\"\",\"description\":\"\",\"potentialAction\":[{\"@type\":\"SearchAction\",\"target\":{\"@type\":\"EntryPoint\",\"urlTemplate\":\"https:\\\/\\\/quehacerpolitico.mx\\\/?s={search_term_string}\"},\"query-input\":{\"@type\":\"PropertyValueSpecification\",\"valueRequired\":true,\"valueName\":\"search_term_string\"}}],\"inLanguage\":\"es\"},{\"@type\":\"Person\",\"@id\":\"https:\\\/\\\/quehacerpolitico.mx\\\/#\\\/schema\\\/person\\\/496d8ad2d1d3f8036101dca7ee39e585\",\"name\":\"Redacci\u00f3n QP\",\"image\":{\"@type\":\"ImageObject\",\"inLanguage\":\"es\",\"@id\":\"https:\\\/\\\/secure.gravatar.com\\\/avatar\\\/c7164ed6fdec453195284ad24a5ae5b6e1eed2b848477fa2a4787ba9adf39a41?s=96&d=mm&r=g\",\"url\":\"https:\\\/\\\/secure.gravatar.com\\\/avatar\\\/c7164ed6fdec453195284ad24a5ae5b6e1eed2b848477fa2a4787ba9adf39a41?s=96&d=mm&r=g\",\"contentUrl\":\"https:\\\/\\\/secure.gravatar.com\\\/avatar\\\/c7164ed6fdec453195284ad24a5ae5b6e1eed2b848477fa2a4787ba9adf39a41?s=96&d=mm&r=g\",\"caption\":\"Redacci\u00f3n QP\"},\"url\":\"https:\\\/\\\/quehacerpolitico.mx\\\/?author=2\"}]}<\/script>\n<!-- \/ Yoast SEO plugin. -->","yoast_head_json":{"title":"Ciudad de M\u00e9xico seguir\u00e1 en sem\u00e1foro rojo; dan rev\u00e9s a reaperturas -","robots":{"index":"index","follow":"follow","max-snippet":"max-snippet:-1","max-image-preview":"max-image-preview:large","max-video-preview":"max-video-preview:-1"},"canonical":"https:\/\/quehacerpolitico.mx\/?p=59598","og_locale":"es_MX","og_type":"article","og_title":"Ciudad de M\u00e9xico seguir\u00e1 en sem\u00e1foro rojo; dan rev\u00e9s a reaperturas -","og_description":"Ciudad de M\u00e9xico seguir\u00e1 en sem\u00e1foro rojo; dan rev\u00e9s a reaperturas Por Redacci\u00f3n QP Si...","og_url":"https:\/\/quehacerpolitico.mx\/?p=59598","article_published_time":"2020-06-19T18:17:11+00:00","og_image":[{"width":592,"height":337,"url":"https:\/\/quehacerpolitico.mx\/wp-content\/uploads\/2020\/06\/C21B4903-0D45-4567-8546-BF1FFF0DD179.jpeg","type":"image\/jpeg"}],"author":"Redacci\u00f3n QP","twitter_card":"summary_large_image","twitter_misc":{"Escrito por":"Redacci\u00f3n QP","Tiempo de lectura":"1 minuto"},"schema":{"@context":"https:\/\/schema.org","@graph":[{"@type":"Article","@id":"https:\/\/quehacerpolitico.mx\/?p=59598#article","isPartOf":{"@id":"https:\/\/quehacerpolitico.mx\/?p=59598"},"author":{"name":"Redacci\u00f3n QP","@id":"https:\/\/quehacerpolitico.mx\/#\/schema\/person\/496d8ad2d1d3f8036101dca7ee39e585"},"headline":"Ciudad de M\u00e9xico seguir\u00e1 en sem\u00e1foro rojo; dan rev\u00e9s a reaperturas","datePublished":"2020-06-19T18:17:11+00:00","mainEntityOfPage":{"@id":"https:\/\/quehacerpolitico.mx\/?p=59598"},"wordCount":256,"commentCount":0,"image":{"@id":"https:\/\/quehacerpolitico.mx\/?p=59598#primaryimage"},"thumbnailUrl":"https:\/\/quehacerpolitico.mx\/wp-content\/uploads\/2020\/06\/C21B4903-0D45-4567-8546-BF1FFF0DD179.jpeg","articleSection":["CDMX"],"inLanguage":"es","potentialAction":[{"@type":"CommentAction","name":"Comment","target":["https:\/\/quehacerpolitico.mx\/?p=59598#respond"]}]},{"@type":"WebPage","@id":"https:\/\/quehacerpolitico.mx\/?p=59598","url":"https:\/\/quehacerpolitico.mx\/?p=59598","name":"Ciudad de M\u00e9xico seguir\u00e1 en sem\u00e1foro rojo; dan rev\u00e9s a reaperturas -","isPartOf":{"@id":"https:\/\/quehacerpolitico.mx\/#website"},"primaryImageOfPage":{"@id":"https:\/\/quehacerpolitico.mx\/?p=59598#primaryimage"},"image":{"@id":"https:\/\/quehacerpolitico.mx\/?p=59598#primaryimage"},"thumbnailUrl":"https:\/\/quehacerpolitico.mx\/wp-content\/uploads\/2020\/06\/C21B4903-0D45-4567-8546-BF1FFF0DD179.jpeg","datePublished":"2020-06-19T18:17:11+00:00","author":{"@id":"https:\/\/quehacerpolitico.mx\/#\/schema\/person\/496d8ad2d1d3f8036101dca7ee39e585"},"breadcrumb":{"@id":"https:\/\/quehacerpolitico.mx\/?p=59598#breadcrumb"},"inLanguage":"es","potentialAction":[{"@type":"ReadAction","target":["https:\/\/quehacerpolitico.mx\/?p=59598"]}]},{"@type":"ImageObject","inLanguage":"es","@id":"https:\/\/quehacerpolitico.mx\/?p=59598#primaryimage","url":"https:\/\/quehacerpolitico.mx\/wp-content\/uploads\/2020\/06\/C21B4903-0D45-4567-8546-BF1FFF0DD179.jpeg","contentUrl":"https:\/\/quehacerpolitico.mx\/wp-content\/uploads\/2020\/06\/C21B4903-0D45-4567-8546-BF1FFF0DD179.jpeg","width":592,"height":337},{"@type":"BreadcrumbList","@id":"https:\/\/quehacerpolitico.mx\/?p=59598#breadcrumb","itemListElement":[{"@type":"ListItem","position":1,"name":"Inicio","item":"https:\/\/quehacerpolitico.mx\/"},{"@type":"ListItem","position":2,"name":"Ciudad de M\u00e9xico seguir\u00e1 en sem\u00e1foro rojo; dan rev\u00e9s a reaperturas"}]},{"@type":"WebSite","@id":"https:\/\/quehacerpolitico.mx\/#website","url":"https:\/\/quehacerpolitico.mx\/","name":"","description":"","potentialAction":[{"@type":"SearchAction","target":{"@type":"EntryPoint","urlTemplate":"https:\/\/quehacerpolitico.mx\/?s={search_term_string}"},"query-input":{"@type":"PropertyValueSpecification","valueRequired":true,"valueName":"search_term_string"}}],"inLanguage":"es"},{"@type":"Person","@id":"https:\/\/quehacerpolitico.mx\/#\/schema\/person\/496d8ad2d1d3f8036101dca7ee39e585","name":"Redacci\u00f3n QP","image":{"@type":"ImageObject","inLanguage":"es","@id":"https:\/\/secure.gravatar.com\/avatar\/c7164ed6fdec453195284ad24a5ae5b6e1eed2b848477fa2a4787ba9adf39a41?s=96&d=mm&r=g","url":"https:\/\/secure.gravatar.com\/avatar\/c7164ed6fdec453195284ad24a5ae5b6e1eed2b848477fa2a4787ba9adf39a41?s=96&d=mm&r=g","contentUrl":"https:\/\/secure.gravatar.com\/avatar\/c7164ed6fdec453195284ad24a5ae5b6e1eed2b848477fa2a4787ba9adf39a41?s=96&d=mm&r=g","caption":"Redacci\u00f3n QP"},"url":"https:\/\/quehacerpolitico.mx\/?author=2"}]}},"featured_image_urls":{"full":["https:\/\/quehacerpolitico.mx\/wp-content\/uploads\/2020\/06\/C21B4903-0D45-4567-8546-BF1FFF0DD179.jpeg",592,337,false],"thumbnail":["https:\/\/quehacerpolitico.mx\/wp-content\/uploads\/2020\/06\/C21B4903-0D45-4567-8546-BF1FFF0DD179-150x150.jpeg",150,150,true],"medium":["https:\/\/quehacerpolitico.mx\/wp-content\/uploads\/2020\/06\/C21B4903-0D45-4567-8546-BF1FFF0DD179-300x171.jpeg",300,171,true],"medium_large":["https:\/\/quehacerpolitico.mx\/wp-content\/uploads\/2020\/06\/C21B4903-0D45-4567-8546-BF1FFF0DD179.jpeg",592,337,false],"large":["https:\/\/quehacerpolitico.mx\/wp-content\/uploads\/2020\/06\/C21B4903-0D45-4567-8546-BF1FFF0DD179.jpeg",592,337,false],"1536x1536":["https:\/\/quehacerpolitico.mx\/wp-content\/uploads\/2020\/06\/C21B4903-0D45-4567-8546-BF1FFF0DD179.jpeg",592,337,false],"2048x2048":["https:\/\/quehacerpolitico.mx\/wp-content\/uploads\/2020\/06\/C21B4903-0D45-4567-8546-BF1FFF0DD179.jpeg",592,337,false],"covernews-featured":["https:\/\/quehacerpolitico.mx\/wp-content\/uploads\/2020\/06\/C21B4903-0D45-4567-8546-BF1FFF0DD179.jpeg",592,337,false],"covernews-medium":["https:\/\/quehacerpolitico.mx\/wp-content\/uploads\/2020\/06\/C21B4903-0D45-4567-8546-BF1FFF0DD179.jpeg",540,307,false]},"author_info":{"display_name":"Redacci\u00f3n QP","author_link":"https:\/\/quehacerpolitico.mx\/?author=2"},"category_info":"<a href=\"https:\/\/quehacerpolitico.mx\/?cat=55\" rel=\"category\">CDMX<\/a>","tag_info":"CDMX","comment_count":"0","_links":{"self":[{"href":"https:\/\/quehacerpolitico.mx\/index.php?rest_route=\/wp\/v2\/posts\/59598","targetHints":{"allow":["GET"]}}],"collection":[{"href":"https:\/\/quehacerpolitico.mx\/index.php?rest_route=\/wp\/v2\/posts"}],"about":[{"href":"https:\/\/quehacerpolitico.mx\/index.php?rest_route=\/wp\/v2\/types\/post"}],"author":[{"embeddable":true,"href":"https:\/\/quehacerpolitico.mx\/index.php?rest_route=\/wp\/v2\/users\/2"}],"replies":[{"embeddable":true,"href":"https:\/\/quehacerpolitico.mx\/index.php?rest_route=%2Fwp%2Fv2%2Fcomments&post=59598"}],"version-history":[{"count":0,"href":"https:\/\/quehacerpolitico.mx\/index.php?rest_route=\/wp\/v2\/posts\/59598\/revisions"}],"wp:featuredmedia":[{"embeddable":true,"href":"https:\/\/quehacerpolitico.mx\/index.php?rest_route=\/wp\/v2\/media\/59601"}],"wp:attachment":[{"href":"https:\/\/quehacerpolitico.mx\/index.php?rest_route=%2Fwp%2Fv2%2Fmedia&parent=59598"}],"wp:term":[{"taxonomy":"category","embeddable":true,"href":"https:\/\/quehacerpolitico.mx\/index.php?rest_route=%2Fwp%2Fv2%2Fcategories&post=59598"},{"taxonomy":"post_tag","embeddable":true,"href":"https:\/\/quehacerpolitico.mx\/index.php?rest_route=%2Fwp%2Fv2%2Ftags&post=59598"}],"curies":[{"name":"wp","href":"https:\/\/api.w.org\/{rel}","templated":true}]}}