{"id":59594,"date":"2020-06-19T12:39:26","date_gmt":"2020-06-19T17:39:26","guid":{"rendered":"http:\/\/quehacerpolitico.mx\/?p=59594"},"modified":"2020-06-19T12:39:26","modified_gmt":"2020-06-19T17:39:26","slug":"la-sre-reanuda-servicio-de-pasaportes-a-partir-del-lunes-22-de-junio","status":"publish","type":"post","link":"https:\/\/quehacerpolitico.mx\/?p=59594","title":{"rendered":"La SRE reanuda servicio de pasaportes a partir del lunes 22 de junio"},"content":{"rendered":"<h1 class=\"news-title\">La SRE reanuda servicio de pasaportes a partir del lunes 22 de junio<br \/>\nPor Redacci\u00f3n QP<\/h1>\n<p>El reinicio de labores ser\u00e1 en 20 de las 45 delegaciones que tiene la Secretar\u00eda de Relaciones Exteriores (SRE) en todo el pa\u00eds<\/p>\n<p>Los servicios de emisi\u00f3n de pasaportes, legalizaci\u00f3n de documentos p\u00fablicos y atenci\u00f3n de casos de protecci\u00f3n consular a mexicanos en el exterior comenzar\u00e1n a funcionar a partir del lunes 22 de junio.<\/p>\n<p><strong>El reinicio de labores ser\u00e1 en 20 de las 45 delegaciones que tiene la Secretar\u00eda de Relaciones Exteriores (SRE) en todo el pa\u00eds<\/strong>, ello con apego a las disposiciones de las secretar\u00e1s de Salud federal y estatales.<\/p>\n<p>En las alcald\u00edas de la Ciudad de M\u00e9xico, las delegaciones metropolitanas que abrir\u00e1n son: \u00c1lvaro Obreg\u00f3n; Benito Ju\u00e1rez; Cuajimalpa; Cuauht\u00e9moc; Gustavo A. Madero; Iztacalco; Iztapalapa; Miguel Hidalgo; Miguel Hidalgo II y Tlalpan.<\/p>\n<p>En el caso de las entidades de la Rep\u00fablica: La Paz, Baja California Sur; Chihuahua, Chihuahua; Ciudad Ju\u00e1rez, Chihuahua; Ciudad Victoria, Tamaulipas; Torre\u00f3n, Coahuila; Guadalajara, Jalisco; Tepic, Nayarit; Monterrey, Nuevo Le\u00f3n; Canc\u00fan, Quintana Roo; Zacatecas, Zacatecas.<\/p>\n<blockquote class=\"twitter-tweet\" data-width=\"550\" data-dnt=\"true\">\n<p lang=\"es\" dir=\"ltr\">\u25b6\ufe0f A partir del 22 de junio, el servicio en Delegaciones y oficinas municipales de enlace se reanuda de manera paulatina y siguiendo con un estricto protocolo para el cuidado de la salud de usuarios y trabajadores.<\/p>\n<p>En este video te lo explicamos a detalle. <a href=\"https:\/\/twitter.com\/hashtag\/M%C3%A9xicoUnido?src=hash&amp;ref_src=twsrc%5Etfw\">#M\u00e9xicoUnido<\/a> <a href=\"https:\/\/t.co\/IWRcDpLqfp\">pic.twitter.com\/IWRcDpLqfp<\/a><\/p>\n<p>&mdash; Relaciones Exteriores (@SRE_mx) <a href=\"https:\/\/twitter.com\/SRE_mx\/status\/1273993949368037376?ref_src=twsrc%5Etfw\">June 19, 2020<\/a><\/p><\/blockquote>\n<p><script async src=\"https:\/\/platform.twitter.com\/widgets.js\" charset=\"utf-8\"><\/script><\/p>\n<h1>Citas para pasaporte<\/h1>\n<p>La Canciller\u00eda mexicana inform\u00f3 que <strong>las citas se podr\u00e1n programar exclusivamente en el Centro de Contacto, disponible en el n\u00famero telef\u00f3nico <a href=\"tel:800 80 10 773\">800 80 10 773<\/a>, de lunes a viernes de 08:00 a 20:00 horas y s\u00e1bados de 9:00 a 16:00 horas<\/strong>.<\/p>\n<p><strong>El portal de citas por Internet se mantendr\u00e1 temporalmente desactivado<\/strong>.<\/p>\n<p>&#8220;El servicio de programaci\u00f3n de citas es gratuito. Se exhorta a los usuarios a evitar los fraudes y no realizar pagos ni dep\u00f3sitos a cuentas personales por la cita o por el pasaporte en tiendas de conveniencia&#8221;, advirti\u00f3 Relaciones Exteriores.<\/p>\n<p>Para ingresar a las sedes de las delegaciones, para el tr\u00e1mite de pasaporte, <strong>se deber\u00e1 cumplir con un protocolo: acudir con cita previa programada, 15 minutos antes de la misma; portar cubrebocas y aplicar gel antibacterial; se sugiere portar una careta de acr\u00edlico y guantes de l\u00e1tex; se tomar\u00e1 la temperatura al ingreso a la oficina; mantener 1.5 metros de distancia entre personas; no se permitir\u00e1 el acceso a quienes presenten s\u00edntomas de enfermedad respiratoria<\/strong>.<\/p>\n<p>&#8220;En la asignaci\u00f3n de citas <strong>se priorizar\u00e1n las emergencias m\u00e9dicas, acad\u00e9micas, laborales y de protecci\u00f3n consular<\/strong>. Se exhorta a no solicitar cita de no encontrarse bajo alguno de estos supuestos.<\/p>\n<p>&#8220;Respecto al resto de las delegaciones, se dar\u00e1 a conocer oportunamente la fecha de reapertura de los servicios, de acuerdo a las disposiciones de la Secretar\u00eda de Salud federal o estatal correspondiente&#8221;, detall\u00f3 la dependencia.<\/p>\n<h1>Emisi\u00f3n de pasaporte en estados<\/h1>\n<p>Para los estados donde las delegaciones de la SRE seguir\u00e1n en suspensi\u00f3n de actividades, se ratifica que est\u00e1 a la disposici\u00f3n el correo dgdelegaciones@sre.gob.mx para la atenci\u00f3n de casos de emergencia, especialmente aquellas de car\u00e1cter m\u00e9dico, laboral, acad\u00e9mico y de protecci\u00f3n consular.<\/p>\n<p>Dependiendo del sem\u00e1foro de riesgo emitido por la Secretar\u00eda de Salud federal o estatal, se podr\u00e1 reiniciar o suspender el servicio en las delegaciones.<\/p>\n<p>Con informaci\u00f3n de NTX<\/p>\n","protected":false},"excerpt":{"rendered":"<p>La SRE reanuda servicio de pasaportes a partir del lunes 22 de junio Por Redacci\u00f3n&#8230;<\/p>\n","protected":false},"author":2,"featured_media":59596,"comment_status":"open","ping_status":"open","sticky":false,"template":"","format":"standard","meta":{"_monsterinsights_skip_tracking":false,"_monsterinsights_sitenote_active":false,"_monsterinsights_sitenote_note":"","_monsterinsights_sitenote_category":0,"footnotes":""},"categories":[2],"tags":[],"class_list":["post-59594","post","type-post","status-publish","format-standard","has-post-thumbnail","hentry","category-noticias"],"yoast_head":"<!-- This site is optimized with the Yoast SEO plugin v27.3 - https:\/\/yoast.com\/product\/yoast-seo-wordpress\/ -->\n<title>La SRE reanuda servicio de pasaportes a partir del lunes 22 de junio -<\/title>\n<meta name=\"robots\" content=\"index, follow, max-snippet:-1, max-image-preview:large, max-video-preview:-1\" \/>\n<link rel=\"canonical\" href=\"https:\/\/quehacerpolitico.mx\/?p=59594\" \/>\n<meta property=\"og:locale\" content=\"es_MX\" \/>\n<meta property=\"og:type\" content=\"article\" \/>\n<meta property=\"og:title\" content=\"La SRE reanuda servicio de pasaportes a partir del lunes 22 de junio -\" \/>\n<meta property=\"og:description\" content=\"La SRE reanuda servicio de pasaportes a partir del lunes 22 de junio Por Redacci\u00f3n...\" \/>\n<meta property=\"og:url\" content=\"https:\/\/quehacerpolitico.mx\/?p=59594\" \/>\n<meta property=\"article:published_time\" content=\"2020-06-19T17:39:26+00:00\" \/>\n<meta property=\"og:image\" content=\"https:\/\/quehacerpolitico.mx\/wp-content\/uploads\/2020\/06\/2A670A97-AEC9-4C78-89FA-9E4CCAB7633E.jpeg\" \/>\n\t<meta property=\"og:image:width\" content=\"640\" \/>\n\t<meta property=\"og:image:height\" content=\"480\" \/>\n\t<meta property=\"og:image:type\" content=\"image\/jpeg\" \/>\n<meta name=\"author\" content=\"Redacci\u00f3n QP\" \/>\n<meta name=\"twitter:card\" content=\"summary_large_image\" \/>\n<meta name=\"twitter:label1\" content=\"Escrito por\" \/>\n\t<meta name=\"twitter:data1\" content=\"Redacci\u00f3n QP\" \/>\n\t<meta name=\"twitter:label2\" content=\"Tiempo de lectura\" \/>\n\t<meta name=\"twitter:data2\" content=\"3 minutos\" \/>\n<script type=\"application\/ld+json\" class=\"yoast-schema-graph\">{\"@context\":\"https:\\\/\\\/schema.org\",\"@graph\":[{\"@type\":\"Article\",\"@id\":\"https:\\\/\\\/quehacerpolitico.mx\\\/?p=59594#article\",\"isPartOf\":{\"@id\":\"https:\\\/\\\/quehacerpolitico.mx\\\/?p=59594\"},\"author\":{\"name\":\"Redacci\u00f3n QP\",\"@id\":\"https:\\\/\\\/quehacerpolitico.mx\\\/#\\\/schema\\\/person\\\/496d8ad2d1d3f8036101dca7ee39e585\"},\"headline\":\"La SRE reanuda servicio de pasaportes a partir del lunes 22 de junio\",\"datePublished\":\"2020-06-19T17:39:26+00:00\",\"mainEntityOfPage\":{\"@id\":\"https:\\\/\\\/quehacerpolitico.mx\\\/?p=59594\"},\"wordCount\":543,\"commentCount\":0,\"image\":{\"@id\":\"https:\\\/\\\/quehacerpolitico.mx\\\/?p=59594#primaryimage\"},\"thumbnailUrl\":\"https:\\\/\\\/quehacerpolitico.mx\\\/wp-content\\\/uploads\\\/2020\\\/06\\\/2A670A97-AEC9-4C78-89FA-9E4CCAB7633E.jpeg\",\"articleSection\":[\"Noticias\"],\"inLanguage\":\"es\",\"potentialAction\":[{\"@type\":\"CommentAction\",\"name\":\"Comment\",\"target\":[\"https:\\\/\\\/quehacerpolitico.mx\\\/?p=59594#respond\"]}]},{\"@type\":\"WebPage\",\"@id\":\"https:\\\/\\\/quehacerpolitico.mx\\\/?p=59594\",\"url\":\"https:\\\/\\\/quehacerpolitico.mx\\\/?p=59594\",\"name\":\"La SRE reanuda servicio de pasaportes a partir del lunes 22 de junio -\",\"isPartOf\":{\"@id\":\"https:\\\/\\\/quehacerpolitico.mx\\\/#website\"},\"primaryImageOfPage\":{\"@id\":\"https:\\\/\\\/quehacerpolitico.mx\\\/?p=59594#primaryimage\"},\"image\":{\"@id\":\"https:\\\/\\\/quehacerpolitico.mx\\\/?p=59594#primaryimage\"},\"thumbnailUrl\":\"https:\\\/\\\/quehacerpolitico.mx\\\/wp-content\\\/uploads\\\/2020\\\/06\\\/2A670A97-AEC9-4C78-89FA-9E4CCAB7633E.jpeg\",\"datePublished\":\"2020-06-19T17:39:26+00:00\",\"author\":{\"@id\":\"https:\\\/\\\/quehacerpolitico.mx\\\/#\\\/schema\\\/person\\\/496d8ad2d1d3f8036101dca7ee39e585\"},\"breadcrumb\":{\"@id\":\"https:\\\/\\\/quehacerpolitico.mx\\\/?p=59594#breadcrumb\"},\"inLanguage\":\"es\",\"potentialAction\":[{\"@type\":\"ReadAction\",\"target\":[\"https:\\\/\\\/quehacerpolitico.mx\\\/?p=59594\"]}]},{\"@type\":\"ImageObject\",\"inLanguage\":\"es\",\"@id\":\"https:\\\/\\\/quehacerpolitico.mx\\\/?p=59594#primaryimage\",\"url\":\"https:\\\/\\\/quehacerpolitico.mx\\\/wp-content\\\/uploads\\\/2020\\\/06\\\/2A670A97-AEC9-4C78-89FA-9E4CCAB7633E.jpeg\",\"contentUrl\":\"https:\\\/\\\/quehacerpolitico.mx\\\/wp-content\\\/uploads\\\/2020\\\/06\\\/2A670A97-AEC9-4C78-89FA-9E4CCAB7633E.jpeg\",\"width\":640,\"height\":480},{\"@type\":\"BreadcrumbList\",\"@id\":\"https:\\\/\\\/quehacerpolitico.mx\\\/?p=59594#breadcrumb\",\"itemListElement\":[{\"@type\":\"ListItem\",\"position\":1,\"name\":\"Inicio\",\"item\":\"https:\\\/\\\/quehacerpolitico.mx\\\/\"},{\"@type\":\"ListItem\",\"position\":2,\"name\":\"La SRE reanuda servicio de pasaportes a partir del lunes 22 de junio\"}]},{\"@type\":\"WebSite\",\"@id\":\"https:\\\/\\\/quehacerpolitico.mx\\\/#website\",\"url\":\"https:\\\/\\\/quehacerpolitico.mx\\\/\",\"name\":\"\",\"description\":\"\",\"potentialAction\":[{\"@type\":\"SearchAction\",\"target\":{\"@type\":\"EntryPoint\",\"urlTemplate\":\"https:\\\/\\\/quehacerpolitico.mx\\\/?s={search_term_string}\"},\"query-input\":{\"@type\":\"PropertyValueSpecification\",\"valueRequired\":true,\"valueName\":\"search_term_string\"}}],\"inLanguage\":\"es\"},{\"@type\":\"Person\",\"@id\":\"https:\\\/\\\/quehacerpolitico.mx\\\/#\\\/schema\\\/person\\\/496d8ad2d1d3f8036101dca7ee39e585\",\"name\":\"Redacci\u00f3n QP\",\"image\":{\"@type\":\"ImageObject\",\"inLanguage\":\"es\",\"@id\":\"https:\\\/\\\/secure.gravatar.com\\\/avatar\\\/c7164ed6fdec453195284ad24a5ae5b6e1eed2b848477fa2a4787ba9adf39a41?s=96&d=mm&r=g\",\"url\":\"https:\\\/\\\/secure.gravatar.com\\\/avatar\\\/c7164ed6fdec453195284ad24a5ae5b6e1eed2b848477fa2a4787ba9adf39a41?s=96&d=mm&r=g\",\"contentUrl\":\"https:\\\/\\\/secure.gravatar.com\\\/avatar\\\/c7164ed6fdec453195284ad24a5ae5b6e1eed2b848477fa2a4787ba9adf39a41?s=96&d=mm&r=g\",\"caption\":\"Redacci\u00f3n QP\"},\"url\":\"https:\\\/\\\/quehacerpolitico.mx\\\/?author=2\"}]}<\/script>\n<!-- \/ Yoast SEO plugin. -->","yoast_head_json":{"title":"La SRE reanuda servicio de pasaportes a partir del lunes 22 de junio -","robots":{"index":"index","follow":"follow","max-snippet":"max-snippet:-1","max-image-preview":"max-image-preview:large","max-video-preview":"max-video-preview:-1"},"canonical":"https:\/\/quehacerpolitico.mx\/?p=59594","og_locale":"es_MX","og_type":"article","og_title":"La SRE reanuda servicio de pasaportes a partir del lunes 22 de junio -","og_description":"La SRE reanuda servicio de pasaportes a partir del lunes 22 de junio Por Redacci\u00f3n...","og_url":"https:\/\/quehacerpolitico.mx\/?p=59594","article_published_time":"2020-06-19T17:39:26+00:00","og_image":[{"width":640,"height":480,"url":"https:\/\/quehacerpolitico.mx\/wp-content\/uploads\/2020\/06\/2A670A97-AEC9-4C78-89FA-9E4CCAB7633E.jpeg","type":"image\/jpeg"}],"author":"Redacci\u00f3n QP","twitter_card":"summary_large_image","twitter_misc":{"Escrito por":"Redacci\u00f3n QP","Tiempo de lectura":"3 minutos"},"schema":{"@context":"https:\/\/schema.org","@graph":[{"@type":"Article","@id":"https:\/\/quehacerpolitico.mx\/?p=59594#article","isPartOf":{"@id":"https:\/\/quehacerpolitico.mx\/?p=59594"},"author":{"name":"Redacci\u00f3n QP","@id":"https:\/\/quehacerpolitico.mx\/#\/schema\/person\/496d8ad2d1d3f8036101dca7ee39e585"},"headline":"La SRE reanuda servicio de pasaportes a partir del lunes 22 de junio","datePublished":"2020-06-19T17:39:26+00:00","mainEntityOfPage":{"@id":"https:\/\/quehacerpolitico.mx\/?p=59594"},"wordCount":543,"commentCount":0,"image":{"@id":"https:\/\/quehacerpolitico.mx\/?p=59594#primaryimage"},"thumbnailUrl":"https:\/\/quehacerpolitico.mx\/wp-content\/uploads\/2020\/06\/2A670A97-AEC9-4C78-89FA-9E4CCAB7633E.jpeg","articleSection":["Noticias"],"inLanguage":"es","potentialAction":[{"@type":"CommentAction","name":"Comment","target":["https:\/\/quehacerpolitico.mx\/?p=59594#respond"]}]},{"@type":"WebPage","@id":"https:\/\/quehacerpolitico.mx\/?p=59594","url":"https:\/\/quehacerpolitico.mx\/?p=59594","name":"La SRE reanuda servicio de pasaportes a partir del lunes 22 de junio -","isPartOf":{"@id":"https:\/\/quehacerpolitico.mx\/#website"},"primaryImageOfPage":{"@id":"https:\/\/quehacerpolitico.mx\/?p=59594#primaryimage"},"image":{"@id":"https:\/\/quehacerpolitico.mx\/?p=59594#primaryimage"},"thumbnailUrl":"https:\/\/quehacerpolitico.mx\/wp-content\/uploads\/2020\/06\/2A670A97-AEC9-4C78-89FA-9E4CCAB7633E.jpeg","datePublished":"2020-06-19T17:39:26+00:00","author":{"@id":"https:\/\/quehacerpolitico.mx\/#\/schema\/person\/496d8ad2d1d3f8036101dca7ee39e585"},"breadcrumb":{"@id":"https:\/\/quehacerpolitico.mx\/?p=59594#breadcrumb"},"inLanguage":"es","potentialAction":[{"@type":"ReadAction","target":["https:\/\/quehacerpolitico.mx\/?p=59594"]}]},{"@type":"ImageObject","inLanguage":"es","@id":"https:\/\/quehacerpolitico.mx\/?p=59594#primaryimage","url":"https:\/\/quehacerpolitico.mx\/wp-content\/uploads\/2020\/06\/2A670A97-AEC9-4C78-89FA-9E4CCAB7633E.jpeg","contentUrl":"https:\/\/quehacerpolitico.mx\/wp-content\/uploads\/2020\/06\/2A670A97-AEC9-4C78-89FA-9E4CCAB7633E.jpeg","width":640,"height":480},{"@type":"BreadcrumbList","@id":"https:\/\/quehacerpolitico.mx\/?p=59594#breadcrumb","itemListElement":[{"@type":"ListItem","position":1,"name":"Inicio","item":"https:\/\/quehacerpolitico.mx\/"},{"@type":"ListItem","position":2,"name":"La SRE reanuda servicio de pasaportes a partir del lunes 22 de junio"}]},{"@type":"WebSite","@id":"https:\/\/quehacerpolitico.mx\/#website","url":"https:\/\/quehacerpolitico.mx\/","name":"","description":"","potentialAction":[{"@type":"SearchAction","target":{"@type":"EntryPoint","urlTemplate":"https:\/\/quehacerpolitico.mx\/?s={search_term_string}"},"query-input":{"@type":"PropertyValueSpecification","valueRequired":true,"valueName":"search_term_string"}}],"inLanguage":"es"},{"@type":"Person","@id":"https:\/\/quehacerpolitico.mx\/#\/schema\/person\/496d8ad2d1d3f8036101dca7ee39e585","name":"Redacci\u00f3n QP","image":{"@type":"ImageObject","inLanguage":"es","@id":"https:\/\/secure.gravatar.com\/avatar\/c7164ed6fdec453195284ad24a5ae5b6e1eed2b848477fa2a4787ba9adf39a41?s=96&d=mm&r=g","url":"https:\/\/secure.gravatar.com\/avatar\/c7164ed6fdec453195284ad24a5ae5b6e1eed2b848477fa2a4787ba9adf39a41?s=96&d=mm&r=g","contentUrl":"https:\/\/secure.gravatar.com\/avatar\/c7164ed6fdec453195284ad24a5ae5b6e1eed2b848477fa2a4787ba9adf39a41?s=96&d=mm&r=g","caption":"Redacci\u00f3n QP"},"url":"https:\/\/quehacerpolitico.mx\/?author=2"}]}},"featured_image_urls":{"full":["https:\/\/quehacerpolitico.mx\/wp-content\/uploads\/2020\/06\/2A670A97-AEC9-4C78-89FA-9E4CCAB7633E.jpeg",640,480,false],"thumbnail":["https:\/\/quehacerpolitico.mx\/wp-content\/uploads\/2020\/06\/2A670A97-AEC9-4C78-89FA-9E4CCAB7633E-150x150.jpeg",150,150,true],"medium":["https:\/\/quehacerpolitico.mx\/wp-content\/uploads\/2020\/06\/2A670A97-AEC9-4C78-89FA-9E4CCAB7633E-300x225.jpeg",300,225,true],"medium_large":["https:\/\/quehacerpolitico.mx\/wp-content\/uploads\/2020\/06\/2A670A97-AEC9-4C78-89FA-9E4CCAB7633E.jpeg",640,480,false],"large":["https:\/\/quehacerpolitico.mx\/wp-content\/uploads\/2020\/06\/2A670A97-AEC9-4C78-89FA-9E4CCAB7633E.jpeg",640,480,false],"1536x1536":["https:\/\/quehacerpolitico.mx\/wp-content\/uploads\/2020\/06\/2A670A97-AEC9-4C78-89FA-9E4CCAB7633E.jpeg",640,480,false],"2048x2048":["https:\/\/quehacerpolitico.mx\/wp-content\/uploads\/2020\/06\/2A670A97-AEC9-4C78-89FA-9E4CCAB7633E.jpeg",640,480,false],"covernews-featured":["https:\/\/quehacerpolitico.mx\/wp-content\/uploads\/2020\/06\/2A670A97-AEC9-4C78-89FA-9E4CCAB7633E.jpeg",640,480,false],"covernews-medium":["https:\/\/quehacerpolitico.mx\/wp-content\/uploads\/2020\/06\/2A670A97-AEC9-4C78-89FA-9E4CCAB7633E.jpeg",453,340,false]},"author_info":{"display_name":"Redacci\u00f3n QP","author_link":"https:\/\/quehacerpolitico.mx\/?author=2"},"category_info":"<a href=\"https:\/\/quehacerpolitico.mx\/?cat=2\" rel=\"category\">Noticias<\/a>","tag_info":"Noticias","comment_count":"0","_links":{"self":[{"href":"https:\/\/quehacerpolitico.mx\/index.php?rest_route=\/wp\/v2\/posts\/59594","targetHints":{"allow":["GET"]}}],"collection":[{"href":"https:\/\/quehacerpolitico.mx\/index.php?rest_route=\/wp\/v2\/posts"}],"about":[{"href":"https:\/\/quehacerpolitico.mx\/index.php?rest_route=\/wp\/v2\/types\/post"}],"author":[{"embeddable":true,"href":"https:\/\/quehacerpolitico.mx\/index.php?rest_route=\/wp\/v2\/users\/2"}],"replies":[{"embeddable":true,"href":"https:\/\/quehacerpolitico.mx\/index.php?rest_route=%2Fwp%2Fv2%2Fcomments&post=59594"}],"version-history":[{"count":0,"href":"https:\/\/quehacerpolitico.mx\/index.php?rest_route=\/wp\/v2\/posts\/59594\/revisions"}],"wp:featuredmedia":[{"embeddable":true,"href":"https:\/\/quehacerpolitico.mx\/index.php?rest_route=\/wp\/v2\/media\/59596"}],"wp:attachment":[{"href":"https:\/\/quehacerpolitico.mx\/index.php?rest_route=%2Fwp%2Fv2%2Fmedia&parent=59594"}],"wp:term":[{"taxonomy":"category","embeddable":true,"href":"https:\/\/quehacerpolitico.mx\/index.php?rest_route=%2Fwp%2Fv2%2Fcategories&post=59594"},{"taxonomy":"post_tag","embeddable":true,"href":"https:\/\/quehacerpolitico.mx\/index.php?rest_route=%2Fwp%2Fv2%2Ftags&post=59594"}],"curies":[{"name":"wp","href":"https:\/\/api.w.org\/{rel}","templated":true}]}}