{"id":59591,"date":"2020-06-19T12:28:57","date_gmt":"2020-06-19T17:28:57","guid":{"rendered":"http:\/\/quehacerpolitico.mx\/?p=59591"},"modified":"2020-06-19T12:28:57","modified_gmt":"2020-06-19T17:28:57","slug":"linea-roja-jacqueline-morgado-es-normal-que-haya-protestas-estoy-acostumbrado-lopez-obrador","status":"publish","type":"post","link":"https:\/\/quehacerpolitico.mx\/?p=59591","title":{"rendered":"L\u00ednea Roja\/\/\/Jacqueline Morgado\/\/\/Es normal que haya protestas, estoy acostumbrado: L\u00f3pez Obrador"},"content":{"rendered":"<h1 class=\"news-title\">Es normal que haya protestas, estoy acostumbrado: L\u00f3pez Obrador<br \/>\nPor Jacqueline Morgado<\/h1>\n<p>El Mandatario insisti\u00f3 que las manifestaciones son con tintes electorales porque vienen las elecciones<\/p>\n<p>Al escuchar una protesta de automovilistas que hac\u00edan sonar el claxon de sus autos durante su conferencia, el Presidente Andr\u00e9s Manuel L\u00f3pez Obrador dijo que es normal porque se trata de una estrategia de militantes del PAN, porque ya est\u00e1n haciendo campa\u00f1a por las elecciones, pero los minimiz\u00f3 al se\u00f1alar que es solo bulla.<\/p>\n<p>&#8220;<strong>Es normal y estoy acostumbrado a esto, es mi mero mole, vengo de la oposici\u00f3n, luch\u00e9 por muchos a\u00f1os para cambiar el r\u00e9gimen de injusticias, de privilegios, es normal que haya protestas, y m\u00e1s ahora que vienen las elecciones<\/strong> y son militantes la mayor\u00eda del PAN que han decidido utilizar esta estrategia para hacer campa\u00f1a, pero es m\u00e1s ruido que nada, es bulla&#8221;, dijo el Mandatario.<\/p>\n<p>La reuni\u00f3n del Gabinete de Seguridad y la conferencia de prensa del titular del Ejecutivo se realiz\u00f3 en el Campo Militar 24-A, en Cuernavaca, Morelos, sobre la avenida Emiliano Zapata una de las principales v\u00edas de comunicaci\u00f3n de la ciudad.<\/p>\n<p>L\u00f3pez Obrador dijo que se escuchan dichas manifestaciones porque ejercen su derecho a manifestarse, pero insisti\u00f3 que son con tintes electorales porque vienen las elecciones.<\/p>\n<p>&#8220;La mayor\u00eda de ellos son panistas y van a seguirlo haciendo porque ya vienen las elecciones&#8221;, dijo mientras destac\u00f3 que tenemos que aceptar que habr\u00e1 esta resistencia y es leg\u00edtima, es parte de la democracia.<\/p>\n<p><strong>&#8220;Voy a seguir recorriendo el pa\u00eds y si hay manifestaciones en carros ni modo, que se sigan manifestando, yo no tengo manera de trasladarme en helic\u00f3ptero y avi\u00f3n, siempre voy a andar a ras de tierra\u2026 Puedo salir ahora, la gente est\u00e1 en sus carros, pero la gente va caminando o sale de sus casos me identifican y me hacen as\u00ed (abrazo), y as\u00ed (levanta su pulgar)&#8221;<\/strong>.<\/p>\n<p>Se\u00f1al\u00f3 que, afortunadamente la gente le est\u00e1 dando su apoyo y no le va a fallar al pueblo. &#8220;Si no traicionamos al pueblo no tenemos nada de qu\u00e9 preocuparnos&#8221;, dijo.<\/p>\n<p>Con informaci\u00f3n de SUN<\/p>\n","protected":false},"excerpt":{"rendered":"<p>Es normal que haya protestas, estoy acostumbrado: L\u00f3pez Obrador Por Jacqueline Morgado El Mandatario insisti\u00f3&#8230;<\/p>\n","protected":false},"author":2,"featured_media":59592,"comment_status":"open","ping_status":"open","sticky":false,"template":"","format":"standard","meta":{"_monsterinsights_skip_tracking":false,"_monsterinsights_sitenote_active":false,"_monsterinsights_sitenote_note":"","_monsterinsights_sitenote_category":0,"footnotes":""},"categories":[2],"tags":[],"class_list":["post-59591","post","type-post","status-publish","format-standard","has-post-thumbnail","hentry","category-noticias"],"yoast_head":"<!-- This site is optimized with the Yoast SEO plugin v27.3 - https:\/\/yoast.com\/product\/yoast-seo-wordpress\/ -->\n<title>L\u00ednea Roja\/\/\/Jacqueline Morgado\/\/\/Es normal que haya protestas, estoy acostumbrado: L\u00f3pez Obrador -<\/title>\n<meta name=\"robots\" content=\"index, follow, max-snippet:-1, max-image-preview:large, max-video-preview:-1\" \/>\n<link rel=\"canonical\" href=\"https:\/\/quehacerpolitico.mx\/?p=59591\" \/>\n<meta property=\"og:locale\" content=\"es_MX\" \/>\n<meta property=\"og:type\" content=\"article\" \/>\n<meta property=\"og:title\" content=\"L\u00ednea Roja\/\/\/Jacqueline Morgado\/\/\/Es normal que haya protestas, estoy acostumbrado: L\u00f3pez Obrador -\" \/>\n<meta property=\"og:description\" content=\"Es normal que haya protestas, estoy acostumbrado: L\u00f3pez Obrador Por Jacqueline Morgado El Mandatario insisti\u00f3...\" \/>\n<meta property=\"og:url\" content=\"https:\/\/quehacerpolitico.mx\/?p=59591\" \/>\n<meta property=\"article:published_time\" content=\"2020-06-19T17:28:57+00:00\" \/>\n<meta property=\"og:image\" content=\"https:\/\/quehacerpolitico.mx\/wp-content\/uploads\/2020\/06\/F339D577-6583-4F3B-B5BC-4F13088442F5.jpeg\" \/>\n\t<meta property=\"og:image:width\" content=\"1242\" \/>\n\t<meta property=\"og:image:height\" content=\"691\" \/>\n\t<meta property=\"og:image:type\" content=\"image\/jpeg\" \/>\n<meta name=\"author\" content=\"Redacci\u00f3n QP\" \/>\n<meta name=\"twitter:card\" content=\"summary_large_image\" \/>\n<meta name=\"twitter:label1\" content=\"Escrito por\" \/>\n\t<meta name=\"twitter:data1\" content=\"Redacci\u00f3n QP\" \/>\n\t<meta name=\"twitter:label2\" content=\"Tiempo de lectura\" \/>\n\t<meta name=\"twitter:data2\" content=\"2 minutos\" \/>\n<script type=\"application\/ld+json\" class=\"yoast-schema-graph\">{\"@context\":\"https:\\\/\\\/schema.org\",\"@graph\":[{\"@type\":\"Article\",\"@id\":\"https:\\\/\\\/quehacerpolitico.mx\\\/?p=59591#article\",\"isPartOf\":{\"@id\":\"https:\\\/\\\/quehacerpolitico.mx\\\/?p=59591\"},\"author\":{\"name\":\"Redacci\u00f3n QP\",\"@id\":\"https:\\\/\\\/quehacerpolitico.mx\\\/#\\\/schema\\\/person\\\/496d8ad2d1d3f8036101dca7ee39e585\"},\"headline\":\"L\u00ednea Roja\\\/\\\/\\\/Jacqueline Morgado\\\/\\\/\\\/Es normal que haya protestas, estoy acostumbrado: L\u00f3pez Obrador\",\"datePublished\":\"2020-06-19T17:28:57+00:00\",\"mainEntityOfPage\":{\"@id\":\"https:\\\/\\\/quehacerpolitico.mx\\\/?p=59591\"},\"wordCount\":387,\"commentCount\":0,\"image\":{\"@id\":\"https:\\\/\\\/quehacerpolitico.mx\\\/?p=59591#primaryimage\"},\"thumbnailUrl\":\"https:\\\/\\\/quehacerpolitico.mx\\\/wp-content\\\/uploads\\\/2020\\\/06\\\/F339D577-6583-4F3B-B5BC-4F13088442F5.jpeg\",\"articleSection\":[\"Noticias\"],\"inLanguage\":\"es\",\"potentialAction\":[{\"@type\":\"CommentAction\",\"name\":\"Comment\",\"target\":[\"https:\\\/\\\/quehacerpolitico.mx\\\/?p=59591#respond\"]}]},{\"@type\":\"WebPage\",\"@id\":\"https:\\\/\\\/quehacerpolitico.mx\\\/?p=59591\",\"url\":\"https:\\\/\\\/quehacerpolitico.mx\\\/?p=59591\",\"name\":\"L\u00ednea Roja\\\/\\\/\\\/Jacqueline Morgado\\\/\\\/\\\/Es normal que haya protestas, estoy acostumbrado: L\u00f3pez Obrador -\",\"isPartOf\":{\"@id\":\"https:\\\/\\\/quehacerpolitico.mx\\\/#website\"},\"primaryImageOfPage\":{\"@id\":\"https:\\\/\\\/quehacerpolitico.mx\\\/?p=59591#primaryimage\"},\"image\":{\"@id\":\"https:\\\/\\\/quehacerpolitico.mx\\\/?p=59591#primaryimage\"},\"thumbnailUrl\":\"https:\\\/\\\/quehacerpolitico.mx\\\/wp-content\\\/uploads\\\/2020\\\/06\\\/F339D577-6583-4F3B-B5BC-4F13088442F5.jpeg\",\"datePublished\":\"2020-06-19T17:28:57+00:00\",\"author\":{\"@id\":\"https:\\\/\\\/quehacerpolitico.mx\\\/#\\\/schema\\\/person\\\/496d8ad2d1d3f8036101dca7ee39e585\"},\"breadcrumb\":{\"@id\":\"https:\\\/\\\/quehacerpolitico.mx\\\/?p=59591#breadcrumb\"},\"inLanguage\":\"es\",\"potentialAction\":[{\"@type\":\"ReadAction\",\"target\":[\"https:\\\/\\\/quehacerpolitico.mx\\\/?p=59591\"]}]},{\"@type\":\"ImageObject\",\"inLanguage\":\"es\",\"@id\":\"https:\\\/\\\/quehacerpolitico.mx\\\/?p=59591#primaryimage\",\"url\":\"https:\\\/\\\/quehacerpolitico.mx\\\/wp-content\\\/uploads\\\/2020\\\/06\\\/F339D577-6583-4F3B-B5BC-4F13088442F5.jpeg\",\"contentUrl\":\"https:\\\/\\\/quehacerpolitico.mx\\\/wp-content\\\/uploads\\\/2020\\\/06\\\/F339D577-6583-4F3B-B5BC-4F13088442F5.jpeg\",\"width\":1242,\"height\":691},{\"@type\":\"BreadcrumbList\",\"@id\":\"https:\\\/\\\/quehacerpolitico.mx\\\/?p=59591#breadcrumb\",\"itemListElement\":[{\"@type\":\"ListItem\",\"position\":1,\"name\":\"Inicio\",\"item\":\"https:\\\/\\\/quehacerpolitico.mx\\\/\"},{\"@type\":\"ListItem\",\"position\":2,\"name\":\"L\u00ednea Roja\\\/\\\/\\\/Jacqueline Morgado\\\/\\\/\\\/Es normal que haya protestas, estoy acostumbrado: L\u00f3pez Obrador\"}]},{\"@type\":\"WebSite\",\"@id\":\"https:\\\/\\\/quehacerpolitico.mx\\\/#website\",\"url\":\"https:\\\/\\\/quehacerpolitico.mx\\\/\",\"name\":\"\",\"description\":\"\",\"potentialAction\":[{\"@type\":\"SearchAction\",\"target\":{\"@type\":\"EntryPoint\",\"urlTemplate\":\"https:\\\/\\\/quehacerpolitico.mx\\\/?s={search_term_string}\"},\"query-input\":{\"@type\":\"PropertyValueSpecification\",\"valueRequired\":true,\"valueName\":\"search_term_string\"}}],\"inLanguage\":\"es\"},{\"@type\":\"Person\",\"@id\":\"https:\\\/\\\/quehacerpolitico.mx\\\/#\\\/schema\\\/person\\\/496d8ad2d1d3f8036101dca7ee39e585\",\"name\":\"Redacci\u00f3n QP\",\"image\":{\"@type\":\"ImageObject\",\"inLanguage\":\"es\",\"@id\":\"https:\\\/\\\/secure.gravatar.com\\\/avatar\\\/c7164ed6fdec453195284ad24a5ae5b6e1eed2b848477fa2a4787ba9adf39a41?s=96&d=mm&r=g\",\"url\":\"https:\\\/\\\/secure.gravatar.com\\\/avatar\\\/c7164ed6fdec453195284ad24a5ae5b6e1eed2b848477fa2a4787ba9adf39a41?s=96&d=mm&r=g\",\"contentUrl\":\"https:\\\/\\\/secure.gravatar.com\\\/avatar\\\/c7164ed6fdec453195284ad24a5ae5b6e1eed2b848477fa2a4787ba9adf39a41?s=96&d=mm&r=g\",\"caption\":\"Redacci\u00f3n QP\"},\"url\":\"https:\\\/\\\/quehacerpolitico.mx\\\/?author=2\"}]}<\/script>\n<!-- \/ Yoast SEO plugin. -->","yoast_head_json":{"title":"L\u00ednea Roja\/\/\/Jacqueline Morgado\/\/\/Es normal que haya protestas, estoy acostumbrado: L\u00f3pez Obrador -","robots":{"index":"index","follow":"follow","max-snippet":"max-snippet:-1","max-image-preview":"max-image-preview:large","max-video-preview":"max-video-preview:-1"},"canonical":"https:\/\/quehacerpolitico.mx\/?p=59591","og_locale":"es_MX","og_type":"article","og_title":"L\u00ednea Roja\/\/\/Jacqueline Morgado\/\/\/Es normal que haya protestas, estoy acostumbrado: L\u00f3pez Obrador -","og_description":"Es normal que haya protestas, estoy acostumbrado: L\u00f3pez Obrador Por Jacqueline Morgado El Mandatario insisti\u00f3...","og_url":"https:\/\/quehacerpolitico.mx\/?p=59591","article_published_time":"2020-06-19T17:28:57+00:00","og_image":[{"width":1242,"height":691,"url":"https:\/\/quehacerpolitico.mx\/wp-content\/uploads\/2020\/06\/F339D577-6583-4F3B-B5BC-4F13088442F5.jpeg","type":"image\/jpeg"}],"author":"Redacci\u00f3n QP","twitter_card":"summary_large_image","twitter_misc":{"Escrito por":"Redacci\u00f3n QP","Tiempo de lectura":"2 minutos"},"schema":{"@context":"https:\/\/schema.org","@graph":[{"@type":"Article","@id":"https:\/\/quehacerpolitico.mx\/?p=59591#article","isPartOf":{"@id":"https:\/\/quehacerpolitico.mx\/?p=59591"},"author":{"name":"Redacci\u00f3n QP","@id":"https:\/\/quehacerpolitico.mx\/#\/schema\/person\/496d8ad2d1d3f8036101dca7ee39e585"},"headline":"L\u00ednea Roja\/\/\/Jacqueline Morgado\/\/\/Es normal que haya protestas, estoy acostumbrado: L\u00f3pez Obrador","datePublished":"2020-06-19T17:28:57+00:00","mainEntityOfPage":{"@id":"https:\/\/quehacerpolitico.mx\/?p=59591"},"wordCount":387,"commentCount":0,"image":{"@id":"https:\/\/quehacerpolitico.mx\/?p=59591#primaryimage"},"thumbnailUrl":"https:\/\/quehacerpolitico.mx\/wp-content\/uploads\/2020\/06\/F339D577-6583-4F3B-B5BC-4F13088442F5.jpeg","articleSection":["Noticias"],"inLanguage":"es","potentialAction":[{"@type":"CommentAction","name":"Comment","target":["https:\/\/quehacerpolitico.mx\/?p=59591#respond"]}]},{"@type":"WebPage","@id":"https:\/\/quehacerpolitico.mx\/?p=59591","url":"https:\/\/quehacerpolitico.mx\/?p=59591","name":"L\u00ednea Roja\/\/\/Jacqueline Morgado\/\/\/Es normal que haya protestas, estoy acostumbrado: L\u00f3pez Obrador -","isPartOf":{"@id":"https:\/\/quehacerpolitico.mx\/#website"},"primaryImageOfPage":{"@id":"https:\/\/quehacerpolitico.mx\/?p=59591#primaryimage"},"image":{"@id":"https:\/\/quehacerpolitico.mx\/?p=59591#primaryimage"},"thumbnailUrl":"https:\/\/quehacerpolitico.mx\/wp-content\/uploads\/2020\/06\/F339D577-6583-4F3B-B5BC-4F13088442F5.jpeg","datePublished":"2020-06-19T17:28:57+00:00","author":{"@id":"https:\/\/quehacerpolitico.mx\/#\/schema\/person\/496d8ad2d1d3f8036101dca7ee39e585"},"breadcrumb":{"@id":"https:\/\/quehacerpolitico.mx\/?p=59591#breadcrumb"},"inLanguage":"es","potentialAction":[{"@type":"ReadAction","target":["https:\/\/quehacerpolitico.mx\/?p=59591"]}]},{"@type":"ImageObject","inLanguage":"es","@id":"https:\/\/quehacerpolitico.mx\/?p=59591#primaryimage","url":"https:\/\/quehacerpolitico.mx\/wp-content\/uploads\/2020\/06\/F339D577-6583-4F3B-B5BC-4F13088442F5.jpeg","contentUrl":"https:\/\/quehacerpolitico.mx\/wp-content\/uploads\/2020\/06\/F339D577-6583-4F3B-B5BC-4F13088442F5.jpeg","width":1242,"height":691},{"@type":"BreadcrumbList","@id":"https:\/\/quehacerpolitico.mx\/?p=59591#breadcrumb","itemListElement":[{"@type":"ListItem","position":1,"name":"Inicio","item":"https:\/\/quehacerpolitico.mx\/"},{"@type":"ListItem","position":2,"name":"L\u00ednea Roja\/\/\/Jacqueline Morgado\/\/\/Es normal que haya protestas, estoy acostumbrado: L\u00f3pez Obrador"}]},{"@type":"WebSite","@id":"https:\/\/quehacerpolitico.mx\/#website","url":"https:\/\/quehacerpolitico.mx\/","name":"","description":"","potentialAction":[{"@type":"SearchAction","target":{"@type":"EntryPoint","urlTemplate":"https:\/\/quehacerpolitico.mx\/?s={search_term_string}"},"query-input":{"@type":"PropertyValueSpecification","valueRequired":true,"valueName":"search_term_string"}}],"inLanguage":"es"},{"@type":"Person","@id":"https:\/\/quehacerpolitico.mx\/#\/schema\/person\/496d8ad2d1d3f8036101dca7ee39e585","name":"Redacci\u00f3n QP","image":{"@type":"ImageObject","inLanguage":"es","@id":"https:\/\/secure.gravatar.com\/avatar\/c7164ed6fdec453195284ad24a5ae5b6e1eed2b848477fa2a4787ba9adf39a41?s=96&d=mm&r=g","url":"https:\/\/secure.gravatar.com\/avatar\/c7164ed6fdec453195284ad24a5ae5b6e1eed2b848477fa2a4787ba9adf39a41?s=96&d=mm&r=g","contentUrl":"https:\/\/secure.gravatar.com\/avatar\/c7164ed6fdec453195284ad24a5ae5b6e1eed2b848477fa2a4787ba9adf39a41?s=96&d=mm&r=g","caption":"Redacci\u00f3n QP"},"url":"https:\/\/quehacerpolitico.mx\/?author=2"}]}},"featured_image_urls":{"full":["https:\/\/quehacerpolitico.mx\/wp-content\/uploads\/2020\/06\/F339D577-6583-4F3B-B5BC-4F13088442F5.jpeg",1242,691,false],"thumbnail":["https:\/\/quehacerpolitico.mx\/wp-content\/uploads\/2020\/06\/F339D577-6583-4F3B-B5BC-4F13088442F5-150x150.jpeg",150,150,true],"medium":["https:\/\/quehacerpolitico.mx\/wp-content\/uploads\/2020\/06\/F339D577-6583-4F3B-B5BC-4F13088442F5-300x167.jpeg",300,167,true],"medium_large":["https:\/\/quehacerpolitico.mx\/wp-content\/uploads\/2020\/06\/F339D577-6583-4F3B-B5BC-4F13088442F5-768x427.jpeg",640,356,true],"large":["https:\/\/quehacerpolitico.mx\/wp-content\/uploads\/2020\/06\/F339D577-6583-4F3B-B5BC-4F13088442F5-1024x570.jpeg",640,356,true],"1536x1536":["https:\/\/quehacerpolitico.mx\/wp-content\/uploads\/2020\/06\/F339D577-6583-4F3B-B5BC-4F13088442F5.jpeg",1242,691,false],"2048x2048":["https:\/\/quehacerpolitico.mx\/wp-content\/uploads\/2020\/06\/F339D577-6583-4F3B-B5BC-4F13088442F5.jpeg",1242,691,false],"covernews-featured":["https:\/\/quehacerpolitico.mx\/wp-content\/uploads\/2020\/06\/F339D577-6583-4F3B-B5BC-4F13088442F5.jpeg",1024,570,false],"covernews-medium":["https:\/\/quehacerpolitico.mx\/wp-content\/uploads\/2020\/06\/F339D577-6583-4F3B-B5BC-4F13088442F5.jpeg",540,300,false]},"author_info":{"display_name":"Redacci\u00f3n QP","author_link":"https:\/\/quehacerpolitico.mx\/?author=2"},"category_info":"<a href=\"https:\/\/quehacerpolitico.mx\/?cat=2\" rel=\"category\">Noticias<\/a>","tag_info":"Noticias","comment_count":"0","_links":{"self":[{"href":"https:\/\/quehacerpolitico.mx\/index.php?rest_route=\/wp\/v2\/posts\/59591","targetHints":{"allow":["GET"]}}],"collection":[{"href":"https:\/\/quehacerpolitico.mx\/index.php?rest_route=\/wp\/v2\/posts"}],"about":[{"href":"https:\/\/quehacerpolitico.mx\/index.php?rest_route=\/wp\/v2\/types\/post"}],"author":[{"embeddable":true,"href":"https:\/\/quehacerpolitico.mx\/index.php?rest_route=\/wp\/v2\/users\/2"}],"replies":[{"embeddable":true,"href":"https:\/\/quehacerpolitico.mx\/index.php?rest_route=%2Fwp%2Fv2%2Fcomments&post=59591"}],"version-history":[{"count":0,"href":"https:\/\/quehacerpolitico.mx\/index.php?rest_route=\/wp\/v2\/posts\/59591\/revisions"}],"wp:featuredmedia":[{"embeddable":true,"href":"https:\/\/quehacerpolitico.mx\/index.php?rest_route=\/wp\/v2\/media\/59592"}],"wp:attachment":[{"href":"https:\/\/quehacerpolitico.mx\/index.php?rest_route=%2Fwp%2Fv2%2Fmedia&parent=59591"}],"wp:term":[{"taxonomy":"category","embeddable":true,"href":"https:\/\/quehacerpolitico.mx\/index.php?rest_route=%2Fwp%2Fv2%2Fcategories&post=59591"},{"taxonomy":"post_tag","embeddable":true,"href":"https:\/\/quehacerpolitico.mx\/index.php?rest_route=%2Fwp%2Fv2%2Ftags&post=59591"}],"curies":[{"name":"wp","href":"https:\/\/api.w.org\/{rel}","templated":true}]}}