{"id":59582,"date":"2020-06-19T12:18:56","date_gmt":"2020-06-19T17:18:56","guid":{"rendered":"http:\/\/quehacerpolitico.mx\/?p=59582"},"modified":"2020-06-19T12:18:56","modified_gmt":"2020-06-19T17:18:56","slug":"asesinan-a-doctora-trans-del-imss-en-morelos","status":"publish","type":"post","link":"https:\/\/quehacerpolitico.mx\/?p=59582","title":{"rendered":"Asesinan a doctora trans del IMSS en Morelos"},"content":{"rendered":"<h1 class=\"news-title\">Asesinan a doctora trans del IMSS en Morelos<br \/>\nPor Redacci\u00f3n QP<\/h1>\n<p>El cuerpo de Mar\u00eda Elizabeth Monta\u00f1o fue localizado la tarde de ayer jueves a un costado de la carretera M\u00e9xico-Cuernavaca<\/p>\n<p>Luego de estar reportada como desaparecida desde el pasado 8 de junio, el cuerpo de la doctora trans Mar\u00eda Elizabeth Monta\u00f1o fue localizado ayer jueves a un costado de la carretera M\u00e9xico-Cuernavaca, a la altura del poblado Tres Mar\u00edas, en el municipio de Huitzilac, en Morelos.<\/p>\n<p>Medios nacionales detallan que Monta\u00f1o, quien trabajaba en el Centro M\u00e9dico Nacional Siglo XXI del IMSS, fue vista por \u00faltima vez en la Alcald\u00eda Cuauht\u00e9moc.<\/p>\n<p><strong>Autoridades del estado informaron que el cuerpo no presentaba huellas de violencia<\/strong>.<\/p>\n<p>Ante esto hecho, <strong>la Subsecretar\u00eda de Derechos Humanos de la Ciudad de M\u00e9xico lament\u00f3 la muerte de la doctora trans<\/strong>, quien era defensora de los derechos de la comunidad LGBTTTI para que pudieran recibir atenci\u00f3n m\u00e9dica adecuada.<\/p>\n<blockquote class=\"twitter-tweet\" data-width=\"550\" data-dnt=\"true\">\n<p lang=\"es\" dir=\"ltr\">Lamentamos profundamente la muerte de la Dra. Mar\u00eda Elizabeth Monta\u00f1o, mujer trans, quien laboraba en el IMSS. Estaremos atentas al esclarecimiento de su fallecimiento. Refrendamos nuestro compromiso en la lucha contra la violencia, la transfobia y la impunidad. <a href=\"https:\/\/t.co\/LeCvv1uTt2\">pic.twitter.com\/LeCvv1uTt2<\/a><\/p>\n<p>&mdash; DiversidadSexual CDMX (@DiversidadCDMX) <a href=\"https:\/\/twitter.com\/DiversidadCDMX\/status\/1273847182576234501?ref_src=twsrc%5Etfw\">June 19, 2020<\/a><\/p><\/blockquote>\n<p><script async src=\"https:\/\/platform.twitter.com\/widgets.js\" charset=\"utf-8\"><\/script><\/p>\n<p>Adem\u00e1s, la senadora Citlalli Hern\u00e1ndez urgi\u00f3 a profundizar el debate sobre la discriminaci\u00f3n y el odio.<\/p>\n<blockquote class=\"twitter-tweet\" data-width=\"550\" data-dnt=\"true\">\n<p lang=\"es\" dir=\"ltr\">Descanse en paz la Dra. Mar\u00eda Elizabeth Monta\u00f1o \ud83d\ude14<\/p>\n<p>Urge profundizar el debate sobre la discriminaci\u00f3n y el odio, se\u00f1alar la realidad y concientizar a todos. <\/p>\n<p>Confiamos en que las autoridades har\u00e1n justicia \ud83d\ude4f\ud83c\udffd <a href=\"https:\/\/t.co\/vuLv0wJ1VS\">https:\/\/t.co\/vuLv0wJ1VS<\/a><\/p>\n<p>&mdash; Citlalli Hern\u00e1ndez M (@CitlaHM) <a href=\"https:\/\/twitter.com\/CitlaHM\/status\/1273833951707238402?ref_src=twsrc%5Etfw\">June 19, 2020<\/a><\/p><\/blockquote>\n<p><script async src=\"https:\/\/platform.twitter.com\/widgets.js\" charset=\"utf-8\"><\/script><\/p>\n<h4><strong><a href=\"https:\/\/twitter.com\/hashtag\/JusticiaParaElizabeth?src=hashtag_click\" target=\"_blank\" rel=\"noopener\">#JusticiaParaElizabeth <\/a><\/strong><\/h4>\n<p>Usuarios de redes sociales han manifestado su indignaci\u00f3n por la muerte de Elizabeth y con #JusticiaParaElizabeth hacen un llamaod a las autoridades para que terminen los cr\u00edmenes de odio contra la comunidad LGBTTTI.<\/p>\n<blockquote class=\"twitter-tweet\" data-width=\"550\" data-dnt=\"true\">\n<p lang=\"es\" dir=\"ltr\">M\u00e9xico sigue siendo el 2o pa\u00eds del mundo, s\u00f3lo por detr\u00e1s de Brasil, en asesinatos a personas trans. No podemos permitir que m\u00e1s personas sean v\u00edctimas de violencia debido a su identidad de g\u00e9nero o su pertenencia a cualquier otra minor\u00eda. <a href=\"https:\/\/twitter.com\/hashtag\/JusticiaParaElizabeth?src=hash&amp;ref_src=twsrc%5Etfw\">#JusticiaParaElizabeth<\/a> <a href=\"https:\/\/t.co\/FAC9ABQ62B\">pic.twitter.com\/FAC9ABQ62B<\/a><\/p>\n<p>&mdash; Ricardo Baruch D. (@baruchdom) <a href=\"https:\/\/twitter.com\/baruchdom\/status\/1273973032357449729?ref_src=twsrc%5Etfw\">June 19, 2020<\/a><\/p><\/blockquote>\n<p><script async src=\"https:\/\/platform.twitter.com\/widgets.js\" charset=\"utf-8\"><\/script><\/p>\n<blockquote class=\"twitter-tweet\" data-width=\"550\" data-dnt=\"true\">\n<p lang=\"es\" dir=\"ltr\">Su nombre era Mar\u00eda Elizabeth Monta\u00f1o Fern\u00e1ndez, era m\u00e9dica  y ayudaba a la comunidad LGBTQ+. Desapareci\u00f3 y fue asesinada en el mes del <a href=\"https:\/\/twitter.com\/hashtag\/Orgullo?src=hash&amp;ref_src=twsrc%5Etfw\">#Orgullo<\/a> Exigimos <a href=\"https:\/\/twitter.com\/hashtag\/JusticiaParaElizabeth?src=hash&amp;ref_src=twsrc%5Etfw\">#JusticiaParaElizabeth<\/a> porque <a href=\"https:\/\/twitter.com\/hashtag\/LasVidasTransImportan?src=hash&amp;ref_src=twsrc%5Etfw\">#LasVidasTransImportan<\/a> <a href=\"https:\/\/t.co\/8LKzsL5rfr\">pic.twitter.com\/8LKzsL5rfr<\/a><\/p>\n<p>&mdash; Feminasty \ud83c\udff3\ufe0f\u200d\u26a7\ufe0f (@nastyfeminasty) <a href=\"https:\/\/twitter.com\/nastyfeminasty\/status\/1273985821935194112?ref_src=twsrc%5Etfw\">June 19, 2020<\/a><\/p><\/blockquote>\n<p><script async src=\"https:\/\/platform.twitter.com\/widgets.js\" charset=\"utf-8\"><\/script><\/p>\n<p>https:\/\/twitter.com\/miguelsandovaal\/status\/1273982419549339649?s=21<\/p>\n<blockquote class=\"twitter-tweet\" data-width=\"550\" data-dnt=\"true\">\n<p lang=\"es\" dir=\"ltr\"><a href=\"https:\/\/twitter.com\/hashtag\/JusticiaParaElizabeth?src=hash&amp;ref_src=twsrc%5Etfw\">#JusticiaParaElizabeth<\/a> Asesinan a la m\u00e9dica transg\u00e9nero, activista y defensora de la comunidad LGBTIQ+ Mar\u00eda Elizabeth Monta\u00f1o. \ud83d\ude14 Su lucha ser\u00e1 recordada <a href=\"https:\/\/twitter.com\/hashtag\/RestInPower?src=hash&amp;ref_src=twsrc%5Etfw\">#RestInPower<\/a> \u270a<\/p>\n<p>\u00a1No m\u00e1s asesinatos por transfobia!\ud83d\udc9c\ud83d\udc99\ud83d\udc9b\ud83d\udc9a\ud83e\udde1<a href=\"https:\/\/twitter.com\/hashtag\/LasVidasTransImportan?src=hash&amp;ref_src=twsrc%5Etfw\">#LasVidasTransImportan<\/a><a href=\"https:\/\/twitter.com\/hashtag\/Orgullo?src=hash&amp;ref_src=twsrc%5Etfw\">#Orgullo<\/a><br \/>Imagen:<a href=\"https:\/\/twitter.com\/nastyfeminasty?ref_src=twsrc%5Etfw\">@nastyfeminasty<\/a> <a href=\"https:\/\/t.co\/0znkIj9XNN\">pic.twitter.com\/0znkIj9XNN<\/a><\/p>\n<p>&mdash; Luchadoras (@LuchadorasMX) <a href=\"https:\/\/twitter.com\/LuchadorasMX\/status\/1273998727066390530?ref_src=twsrc%5Etfw\">June 19, 2020<\/a><\/p><\/blockquote>\n<p><script async src=\"https:\/\/platform.twitter.com\/widgets.js\" charset=\"utf-8\"><\/script><\/p>\n<p>&nbsp;<\/p>\n","protected":false},"excerpt":{"rendered":"<p>Asesinan a doctora trans del IMSS en Morelos Por Redacci\u00f3n QP El cuerpo de Mar\u00eda&#8230;<\/p>\n","protected":false},"author":2,"featured_media":59587,"comment_status":"open","ping_status":"open","sticky":false,"template":"","format":"standard","meta":{"_monsterinsights_skip_tracking":false,"_monsterinsights_sitenote_active":false,"_monsterinsights_sitenote_note":"","_monsterinsights_sitenote_category":0,"footnotes":""},"categories":[2],"tags":[],"class_list":["post-59582","post","type-post","status-publish","format-standard","has-post-thumbnail","hentry","category-noticias"],"yoast_head":"<!-- This site is optimized with the Yoast SEO plugin v27.3 - https:\/\/yoast.com\/product\/yoast-seo-wordpress\/ -->\n<title>Asesinan a doctora trans del IMSS en Morelos -<\/title>\n<meta name=\"robots\" content=\"index, follow, max-snippet:-1, max-image-preview:large, max-video-preview:-1\" \/>\n<link rel=\"canonical\" href=\"https:\/\/quehacerpolitico.mx\/?p=59582\" \/>\n<meta property=\"og:locale\" content=\"es_MX\" \/>\n<meta property=\"og:type\" content=\"article\" \/>\n<meta property=\"og:title\" content=\"Asesinan a doctora trans del IMSS en Morelos -\" \/>\n<meta property=\"og:description\" content=\"Asesinan a doctora trans del IMSS en Morelos Por Redacci\u00f3n QP El cuerpo de Mar\u00eda...\" \/>\n<meta property=\"og:url\" content=\"https:\/\/quehacerpolitico.mx\/?p=59582\" \/>\n<meta property=\"article:published_time\" content=\"2020-06-19T17:18:56+00:00\" \/>\n<meta property=\"og:image\" content=\"https:\/\/quehacerpolitico.mx\/wp-content\/uploads\/2020\/06\/84C31B7E-B9F6-475A-B8AC-A9EA6990D040.jpeg\" \/>\n\t<meta property=\"og:image:width\" content=\"480\" \/>\n\t<meta property=\"og:image:height\" content=\"644\" \/>\n\t<meta property=\"og:image:type\" content=\"image\/jpeg\" \/>\n<meta name=\"author\" content=\"Redacci\u00f3n QP\" \/>\n<meta name=\"twitter:card\" content=\"summary_large_image\" \/>\n<meta name=\"twitter:label1\" content=\"Escrito por\" \/>\n\t<meta name=\"twitter:data1\" content=\"Redacci\u00f3n QP\" \/>\n\t<meta name=\"twitter:label2\" content=\"Tiempo de lectura\" \/>\n\t<meta name=\"twitter:data2\" content=\"1 minuto\" \/>\n<script type=\"application\/ld+json\" class=\"yoast-schema-graph\">{\"@context\":\"https:\\\/\\\/schema.org\",\"@graph\":[{\"@type\":\"Article\",\"@id\":\"https:\\\/\\\/quehacerpolitico.mx\\\/?p=59582#article\",\"isPartOf\":{\"@id\":\"https:\\\/\\\/quehacerpolitico.mx\\\/?p=59582\"},\"author\":{\"name\":\"Redacci\u00f3n QP\",\"@id\":\"https:\\\/\\\/quehacerpolitico.mx\\\/#\\\/schema\\\/person\\\/496d8ad2d1d3f8036101dca7ee39e585\"},\"headline\":\"Asesinan a doctora trans del IMSS en Morelos\",\"datePublished\":\"2020-06-19T17:18:56+00:00\",\"mainEntityOfPage\":{\"@id\":\"https:\\\/\\\/quehacerpolitico.mx\\\/?p=59582\"},\"wordCount\":266,\"commentCount\":0,\"image\":{\"@id\":\"https:\\\/\\\/quehacerpolitico.mx\\\/?p=59582#primaryimage\"},\"thumbnailUrl\":\"https:\\\/\\\/quehacerpolitico.mx\\\/wp-content\\\/uploads\\\/2020\\\/06\\\/84C31B7E-B9F6-475A-B8AC-A9EA6990D040.jpeg\",\"articleSection\":[\"Noticias\"],\"inLanguage\":\"es\",\"potentialAction\":[{\"@type\":\"CommentAction\",\"name\":\"Comment\",\"target\":[\"https:\\\/\\\/quehacerpolitico.mx\\\/?p=59582#respond\"]}]},{\"@type\":\"WebPage\",\"@id\":\"https:\\\/\\\/quehacerpolitico.mx\\\/?p=59582\",\"url\":\"https:\\\/\\\/quehacerpolitico.mx\\\/?p=59582\",\"name\":\"Asesinan a doctora trans del IMSS en Morelos -\",\"isPartOf\":{\"@id\":\"https:\\\/\\\/quehacerpolitico.mx\\\/#website\"},\"primaryImageOfPage\":{\"@id\":\"https:\\\/\\\/quehacerpolitico.mx\\\/?p=59582#primaryimage\"},\"image\":{\"@id\":\"https:\\\/\\\/quehacerpolitico.mx\\\/?p=59582#primaryimage\"},\"thumbnailUrl\":\"https:\\\/\\\/quehacerpolitico.mx\\\/wp-content\\\/uploads\\\/2020\\\/06\\\/84C31B7E-B9F6-475A-B8AC-A9EA6990D040.jpeg\",\"datePublished\":\"2020-06-19T17:18:56+00:00\",\"author\":{\"@id\":\"https:\\\/\\\/quehacerpolitico.mx\\\/#\\\/schema\\\/person\\\/496d8ad2d1d3f8036101dca7ee39e585\"},\"breadcrumb\":{\"@id\":\"https:\\\/\\\/quehacerpolitico.mx\\\/?p=59582#breadcrumb\"},\"inLanguage\":\"es\",\"potentialAction\":[{\"@type\":\"ReadAction\",\"target\":[\"https:\\\/\\\/quehacerpolitico.mx\\\/?p=59582\"]}]},{\"@type\":\"ImageObject\",\"inLanguage\":\"es\",\"@id\":\"https:\\\/\\\/quehacerpolitico.mx\\\/?p=59582#primaryimage\",\"url\":\"https:\\\/\\\/quehacerpolitico.mx\\\/wp-content\\\/uploads\\\/2020\\\/06\\\/84C31B7E-B9F6-475A-B8AC-A9EA6990D040.jpeg\",\"contentUrl\":\"https:\\\/\\\/quehacerpolitico.mx\\\/wp-content\\\/uploads\\\/2020\\\/06\\\/84C31B7E-B9F6-475A-B8AC-A9EA6990D040.jpeg\",\"width\":480,\"height\":644},{\"@type\":\"BreadcrumbList\",\"@id\":\"https:\\\/\\\/quehacerpolitico.mx\\\/?p=59582#breadcrumb\",\"itemListElement\":[{\"@type\":\"ListItem\",\"position\":1,\"name\":\"Inicio\",\"item\":\"https:\\\/\\\/quehacerpolitico.mx\\\/\"},{\"@type\":\"ListItem\",\"position\":2,\"name\":\"Asesinan a doctora trans del IMSS en Morelos\"}]},{\"@type\":\"WebSite\",\"@id\":\"https:\\\/\\\/quehacerpolitico.mx\\\/#website\",\"url\":\"https:\\\/\\\/quehacerpolitico.mx\\\/\",\"name\":\"\",\"description\":\"\",\"potentialAction\":[{\"@type\":\"SearchAction\",\"target\":{\"@type\":\"EntryPoint\",\"urlTemplate\":\"https:\\\/\\\/quehacerpolitico.mx\\\/?s={search_term_string}\"},\"query-input\":{\"@type\":\"PropertyValueSpecification\",\"valueRequired\":true,\"valueName\":\"search_term_string\"}}],\"inLanguage\":\"es\"},{\"@type\":\"Person\",\"@id\":\"https:\\\/\\\/quehacerpolitico.mx\\\/#\\\/schema\\\/person\\\/496d8ad2d1d3f8036101dca7ee39e585\",\"name\":\"Redacci\u00f3n QP\",\"image\":{\"@type\":\"ImageObject\",\"inLanguage\":\"es\",\"@id\":\"https:\\\/\\\/secure.gravatar.com\\\/avatar\\\/c7164ed6fdec453195284ad24a5ae5b6e1eed2b848477fa2a4787ba9adf39a41?s=96&d=mm&r=g\",\"url\":\"https:\\\/\\\/secure.gravatar.com\\\/avatar\\\/c7164ed6fdec453195284ad24a5ae5b6e1eed2b848477fa2a4787ba9adf39a41?s=96&d=mm&r=g\",\"contentUrl\":\"https:\\\/\\\/secure.gravatar.com\\\/avatar\\\/c7164ed6fdec453195284ad24a5ae5b6e1eed2b848477fa2a4787ba9adf39a41?s=96&d=mm&r=g\",\"caption\":\"Redacci\u00f3n QP\"},\"url\":\"https:\\\/\\\/quehacerpolitico.mx\\\/?author=2\"}]}<\/script>\n<!-- \/ Yoast SEO plugin. -->","yoast_head_json":{"title":"Asesinan a doctora trans del IMSS en Morelos -","robots":{"index":"index","follow":"follow","max-snippet":"max-snippet:-1","max-image-preview":"max-image-preview:large","max-video-preview":"max-video-preview:-1"},"canonical":"https:\/\/quehacerpolitico.mx\/?p=59582","og_locale":"es_MX","og_type":"article","og_title":"Asesinan a doctora trans del IMSS en Morelos -","og_description":"Asesinan a doctora trans del IMSS en Morelos Por Redacci\u00f3n QP El cuerpo de Mar\u00eda...","og_url":"https:\/\/quehacerpolitico.mx\/?p=59582","article_published_time":"2020-06-19T17:18:56+00:00","og_image":[{"width":480,"height":644,"url":"https:\/\/quehacerpolitico.mx\/wp-content\/uploads\/2020\/06\/84C31B7E-B9F6-475A-B8AC-A9EA6990D040.jpeg","type":"image\/jpeg"}],"author":"Redacci\u00f3n QP","twitter_card":"summary_large_image","twitter_misc":{"Escrito por":"Redacci\u00f3n QP","Tiempo de lectura":"1 minuto"},"schema":{"@context":"https:\/\/schema.org","@graph":[{"@type":"Article","@id":"https:\/\/quehacerpolitico.mx\/?p=59582#article","isPartOf":{"@id":"https:\/\/quehacerpolitico.mx\/?p=59582"},"author":{"name":"Redacci\u00f3n QP","@id":"https:\/\/quehacerpolitico.mx\/#\/schema\/person\/496d8ad2d1d3f8036101dca7ee39e585"},"headline":"Asesinan a doctora trans del IMSS en Morelos","datePublished":"2020-06-19T17:18:56+00:00","mainEntityOfPage":{"@id":"https:\/\/quehacerpolitico.mx\/?p=59582"},"wordCount":266,"commentCount":0,"image":{"@id":"https:\/\/quehacerpolitico.mx\/?p=59582#primaryimage"},"thumbnailUrl":"https:\/\/quehacerpolitico.mx\/wp-content\/uploads\/2020\/06\/84C31B7E-B9F6-475A-B8AC-A9EA6990D040.jpeg","articleSection":["Noticias"],"inLanguage":"es","potentialAction":[{"@type":"CommentAction","name":"Comment","target":["https:\/\/quehacerpolitico.mx\/?p=59582#respond"]}]},{"@type":"WebPage","@id":"https:\/\/quehacerpolitico.mx\/?p=59582","url":"https:\/\/quehacerpolitico.mx\/?p=59582","name":"Asesinan a doctora trans del IMSS en Morelos -","isPartOf":{"@id":"https:\/\/quehacerpolitico.mx\/#website"},"primaryImageOfPage":{"@id":"https:\/\/quehacerpolitico.mx\/?p=59582#primaryimage"},"image":{"@id":"https:\/\/quehacerpolitico.mx\/?p=59582#primaryimage"},"thumbnailUrl":"https:\/\/quehacerpolitico.mx\/wp-content\/uploads\/2020\/06\/84C31B7E-B9F6-475A-B8AC-A9EA6990D040.jpeg","datePublished":"2020-06-19T17:18:56+00:00","author":{"@id":"https:\/\/quehacerpolitico.mx\/#\/schema\/person\/496d8ad2d1d3f8036101dca7ee39e585"},"breadcrumb":{"@id":"https:\/\/quehacerpolitico.mx\/?p=59582#breadcrumb"},"inLanguage":"es","potentialAction":[{"@type":"ReadAction","target":["https:\/\/quehacerpolitico.mx\/?p=59582"]}]},{"@type":"ImageObject","inLanguage":"es","@id":"https:\/\/quehacerpolitico.mx\/?p=59582#primaryimage","url":"https:\/\/quehacerpolitico.mx\/wp-content\/uploads\/2020\/06\/84C31B7E-B9F6-475A-B8AC-A9EA6990D040.jpeg","contentUrl":"https:\/\/quehacerpolitico.mx\/wp-content\/uploads\/2020\/06\/84C31B7E-B9F6-475A-B8AC-A9EA6990D040.jpeg","width":480,"height":644},{"@type":"BreadcrumbList","@id":"https:\/\/quehacerpolitico.mx\/?p=59582#breadcrumb","itemListElement":[{"@type":"ListItem","position":1,"name":"Inicio","item":"https:\/\/quehacerpolitico.mx\/"},{"@type":"ListItem","position":2,"name":"Asesinan a doctora trans del IMSS en Morelos"}]},{"@type":"WebSite","@id":"https:\/\/quehacerpolitico.mx\/#website","url":"https:\/\/quehacerpolitico.mx\/","name":"","description":"","potentialAction":[{"@type":"SearchAction","target":{"@type":"EntryPoint","urlTemplate":"https:\/\/quehacerpolitico.mx\/?s={search_term_string}"},"query-input":{"@type":"PropertyValueSpecification","valueRequired":true,"valueName":"search_term_string"}}],"inLanguage":"es"},{"@type":"Person","@id":"https:\/\/quehacerpolitico.mx\/#\/schema\/person\/496d8ad2d1d3f8036101dca7ee39e585","name":"Redacci\u00f3n QP","image":{"@type":"ImageObject","inLanguage":"es","@id":"https:\/\/secure.gravatar.com\/avatar\/c7164ed6fdec453195284ad24a5ae5b6e1eed2b848477fa2a4787ba9adf39a41?s=96&d=mm&r=g","url":"https:\/\/secure.gravatar.com\/avatar\/c7164ed6fdec453195284ad24a5ae5b6e1eed2b848477fa2a4787ba9adf39a41?s=96&d=mm&r=g","contentUrl":"https:\/\/secure.gravatar.com\/avatar\/c7164ed6fdec453195284ad24a5ae5b6e1eed2b848477fa2a4787ba9adf39a41?s=96&d=mm&r=g","caption":"Redacci\u00f3n QP"},"url":"https:\/\/quehacerpolitico.mx\/?author=2"}]}},"featured_image_urls":{"full":["https:\/\/quehacerpolitico.mx\/wp-content\/uploads\/2020\/06\/84C31B7E-B9F6-475A-B8AC-A9EA6990D040.jpeg",480,644,false],"thumbnail":["https:\/\/quehacerpolitico.mx\/wp-content\/uploads\/2020\/06\/84C31B7E-B9F6-475A-B8AC-A9EA6990D040-150x150.jpeg",150,150,true],"medium":["https:\/\/quehacerpolitico.mx\/wp-content\/uploads\/2020\/06\/84C31B7E-B9F6-475A-B8AC-A9EA6990D040-224x300.jpeg",224,300,true],"medium_large":["https:\/\/quehacerpolitico.mx\/wp-content\/uploads\/2020\/06\/84C31B7E-B9F6-475A-B8AC-A9EA6990D040.jpeg",480,644,false],"large":["https:\/\/quehacerpolitico.mx\/wp-content\/uploads\/2020\/06\/84C31B7E-B9F6-475A-B8AC-A9EA6990D040.jpeg",480,644,false],"1536x1536":["https:\/\/quehacerpolitico.mx\/wp-content\/uploads\/2020\/06\/84C31B7E-B9F6-475A-B8AC-A9EA6990D040.jpeg",480,644,false],"2048x2048":["https:\/\/quehacerpolitico.mx\/wp-content\/uploads\/2020\/06\/84C31B7E-B9F6-475A-B8AC-A9EA6990D040.jpeg",480,644,false],"covernews-featured":["https:\/\/quehacerpolitico.mx\/wp-content\/uploads\/2020\/06\/84C31B7E-B9F6-475A-B8AC-A9EA6990D040.jpeg",480,644,false],"covernews-medium":["https:\/\/quehacerpolitico.mx\/wp-content\/uploads\/2020\/06\/84C31B7E-B9F6-475A-B8AC-A9EA6990D040.jpeg",253,340,false]},"author_info":{"display_name":"Redacci\u00f3n QP","author_link":"https:\/\/quehacerpolitico.mx\/?author=2"},"category_info":"<a href=\"https:\/\/quehacerpolitico.mx\/?cat=2\" rel=\"category\">Noticias<\/a>","tag_info":"Noticias","comment_count":"0","_links":{"self":[{"href":"https:\/\/quehacerpolitico.mx\/index.php?rest_route=\/wp\/v2\/posts\/59582","targetHints":{"allow":["GET"]}}],"collection":[{"href":"https:\/\/quehacerpolitico.mx\/index.php?rest_route=\/wp\/v2\/posts"}],"about":[{"href":"https:\/\/quehacerpolitico.mx\/index.php?rest_route=\/wp\/v2\/types\/post"}],"author":[{"embeddable":true,"href":"https:\/\/quehacerpolitico.mx\/index.php?rest_route=\/wp\/v2\/users\/2"}],"replies":[{"embeddable":true,"href":"https:\/\/quehacerpolitico.mx\/index.php?rest_route=%2Fwp%2Fv2%2Fcomments&post=59582"}],"version-history":[{"count":0,"href":"https:\/\/quehacerpolitico.mx\/index.php?rest_route=\/wp\/v2\/posts\/59582\/revisions"}],"wp:featuredmedia":[{"embeddable":true,"href":"https:\/\/quehacerpolitico.mx\/index.php?rest_route=\/wp\/v2\/media\/59587"}],"wp:attachment":[{"href":"https:\/\/quehacerpolitico.mx\/index.php?rest_route=%2Fwp%2Fv2%2Fmedia&parent=59582"}],"wp:term":[{"taxonomy":"category","embeddable":true,"href":"https:\/\/quehacerpolitico.mx\/index.php?rest_route=%2Fwp%2Fv2%2Fcategories&post=59582"},{"taxonomy":"post_tag","embeddable":true,"href":"https:\/\/quehacerpolitico.mx\/index.php?rest_route=%2Fwp%2Fv2%2Ftags&post=59582"}],"curies":[{"name":"wp","href":"https:\/\/api.w.org\/{rel}","templated":true}]}}