{"id":59579,"date":"2020-06-19T12:02:53","date_gmt":"2020-06-19T17:02:53","guid":{"rendered":"http:\/\/quehacerpolitico.mx\/?p=59579"},"modified":"2020-06-19T12:02:53","modified_gmt":"2020-06-19T17:02:53","slug":"linea-roja-jacqueline-morgado-la-uif-no-encuentra-delitos-contra-cuauhtemoc-blanco-lopez-obrador","status":"publish","type":"post","link":"https:\/\/quehacerpolitico.mx\/?p=59579","title":{"rendered":"L\u00ednea Roja\/\/\/Jacqueline Morgado\/\/\/La UIF no encuentra delitos contra Cuauht\u00e9moc Blanco: L\u00f3pez Obrador"},"content":{"rendered":"<h1 class=\"news-title\">La UIF no encuentra delitos contra Cuauht\u00e9moc Blanco: L\u00f3pez Obrador<br \/>\nPor Jacqueline Morgado<\/h1>\n<p>El Presidente dice\u00a0que no hay elementos para continuar con una investigaci\u00f3n por parte del Gobierno Federal; la FGR\u00a0tendr\u00eda que resolver otras denuncias<\/p>\n<p>El Presidente Andres Manuel Lopez Obrador asegur\u00f3 que de acuerdo el titular de la Unidad de Inteligencia Financiera, Santiago Nieto, <strong>no se encontr\u00f3 ning\u00fan presunto delito en la indagatoria <\/strong>que realiz\u00f3 sobre personajes relacionados al c\u00edrculo cercano al gobernador de Morelos, Cuauht\u00e9moc Blanco.<\/p>\n<p>&#8220;Ha habido acusaciones, han investigaciones, pero no se ha encontrado ning\u00fan presunto delito. Esto me lo inform\u00f3 Santiago Nieto de Inteligencia Financiera. <strong>Hay denuncias que corresponde atender a la Fiscal\u00eda General de la Rep\u00fablica, pero no hay elementos en lo que tiene que ver con el manejo del dinero a cerca de funcionarios de Morelos<\/strong>&#8220;.<\/p>\n<p>En su conferencia de prensa en el Campo Militar 24-A, en Cuernavaca, Morelos, el titular del Ejecutivo dijo que siempre se tiene que actuar apegado a la verdad porque no es acusar por acusar, con prop\u00f3sitos pol\u00edticos o partidistas, donde se encuentra que hay elementos se procede.<\/p>\n<p>&#8220;Porque sostengo que no hay elementos en estos casos que se mencionan en Morelos, porque Santiago Nieto me inform\u00f3, si hubo una investigaci\u00f3n para varios funcionarios, pero <strong>no se demostr\u00f3 que sea dinero de procedencia il\u00edcita<\/strong>&#8220;.<\/p>\n<p>El Presidente dijo que no hay elementos para continuar con una investigaci\u00f3n y en todo caso, la Fiscal\u00eda General de la Rep\u00fablica (FGR), es la que tendr\u00eda que resolver, porque<strong> hay otras denuncias, pero no del Gobierno Federal.<\/strong><\/p>\n<blockquote class=\"twitter-tweet\" data-width=\"550\" data-dnt=\"true\">\n<p lang=\"es\" dir=\"ltr\">\u00bfCorrupci\u00f3n?, \u00bfcu\u00e1l corrupci\u00f3n en Morelos?<\/p>\n<p>Asegura el presidente <a href=\"https:\/\/twitter.com\/lopezobrador_?ref_src=twsrc%5Etfw\">@lopezobrador_<\/a> que la Unidad de Inteligencia Financiera no ha encontrado ning\u00fan delito de funcionarios. <a href=\"https:\/\/t.co\/ywOznpKbP0\">pic.twitter.com\/ywOznpKbP0<\/a><\/p>\n<p>&mdash; Ruido en la Red (@RuidoEnLaRed) <a href=\"https:\/\/twitter.com\/RuidoEnLaRed\/status\/1273967170230222849?ref_src=twsrc%5Etfw\">June 19, 2020<\/a><\/p><\/blockquote>\n<p><script async src=\"https:\/\/platform.twitter.com\/widgets.js\" charset=\"utf-8\"><\/script><\/p>\n<p>En marzo pasado el titular de la UIF dio a conocer el &#8220;Caso Primavera&#8221; y en una visita a Morelos, Santiago Nieto dijo que dicha unidad recibi\u00f3 dos denuncias lo que motivaron la investigaci\u00f3n cuyos resultados arrojaron que presuntamente Jos\u00e9 Manuel Sanz Rivera, manager y jefe de la Oficina del Gobernador, report\u00f3 ingresos totales por 3.5 millones de pesos entre 2013 y 2018, pero <strong>la UIF observ\u00f3 discrepancias fiscales en sus declaraciones.<br \/>\n<\/strong><\/p>\n<p>&#8220;Entre octubre y noviembre de 2017 recibi\u00f3 25.7 millones de pesos por el probable retorno de inversiones en una cuenta personal en Suiza. Su empresa recibi\u00f3 1.48 millones de pesos por medio de transferencias internacionales de un presunto operador&#8221;, dijo.<\/p>\n<p>Con informaci\u00f3n de SUN<\/p>\n","protected":false},"excerpt":{"rendered":"<p>La UIF no encuentra delitos contra Cuauht\u00e9moc Blanco: L\u00f3pez Obrador Por Jacqueline Morgado El Presidente&#8230;<\/p>\n","protected":false},"author":2,"featured_media":59580,"comment_status":"open","ping_status":"open","sticky":false,"template":"","format":"standard","meta":{"_monsterinsights_skip_tracking":false,"_monsterinsights_sitenote_active":false,"_monsterinsights_sitenote_note":"","_monsterinsights_sitenote_category":0,"footnotes":""},"categories":[2],"tags":[],"class_list":["post-59579","post","type-post","status-publish","format-standard","has-post-thumbnail","hentry","category-noticias"],"yoast_head":"<!-- This site is optimized with the Yoast SEO plugin v27.3 - https:\/\/yoast.com\/product\/yoast-seo-wordpress\/ -->\n<title>L\u00ednea Roja\/\/\/Jacqueline Morgado\/\/\/La UIF no encuentra delitos contra Cuauht\u00e9moc Blanco: L\u00f3pez Obrador -<\/title>\n<meta name=\"robots\" content=\"index, follow, max-snippet:-1, max-image-preview:large, max-video-preview:-1\" \/>\n<link rel=\"canonical\" href=\"https:\/\/quehacerpolitico.mx\/?p=59579\" \/>\n<meta property=\"og:locale\" content=\"es_MX\" \/>\n<meta property=\"og:type\" content=\"article\" \/>\n<meta property=\"og:title\" content=\"L\u00ednea Roja\/\/\/Jacqueline Morgado\/\/\/La UIF no encuentra delitos contra Cuauht\u00e9moc Blanco: L\u00f3pez Obrador -\" \/>\n<meta property=\"og:description\" content=\"La UIF no encuentra delitos contra Cuauht\u00e9moc Blanco: L\u00f3pez Obrador Por Jacqueline Morgado El Presidente...\" \/>\n<meta property=\"og:url\" content=\"https:\/\/quehacerpolitico.mx\/?p=59579\" \/>\n<meta property=\"article:published_time\" content=\"2020-06-19T17:02:53+00:00\" \/>\n<meta property=\"og:image\" content=\"https:\/\/quehacerpolitico.mx\/wp-content\/uploads\/2020\/06\/AE57772A-F4C4-49BC-A665-1B6D0FFD02A5.jpeg\" \/>\n\t<meta property=\"og:image:width\" content=\"1035\" \/>\n\t<meta property=\"og:image:height\" content=\"690\" \/>\n\t<meta property=\"og:image:type\" content=\"image\/jpeg\" \/>\n<meta name=\"author\" content=\"Redacci\u00f3n QP\" \/>\n<meta name=\"twitter:card\" content=\"summary_large_image\" \/>\n<meta name=\"twitter:label1\" content=\"Escrito por\" \/>\n\t<meta name=\"twitter:data1\" content=\"Redacci\u00f3n QP\" \/>\n\t<meta name=\"twitter:label2\" content=\"Tiempo de lectura\" \/>\n\t<meta name=\"twitter:data2\" content=\"2 minutos\" \/>\n<script type=\"application\/ld+json\" class=\"yoast-schema-graph\">{\"@context\":\"https:\\\/\\\/schema.org\",\"@graph\":[{\"@type\":\"Article\",\"@id\":\"https:\\\/\\\/quehacerpolitico.mx\\\/?p=59579#article\",\"isPartOf\":{\"@id\":\"https:\\\/\\\/quehacerpolitico.mx\\\/?p=59579\"},\"author\":{\"name\":\"Redacci\u00f3n QP\",\"@id\":\"https:\\\/\\\/quehacerpolitico.mx\\\/#\\\/schema\\\/person\\\/496d8ad2d1d3f8036101dca7ee39e585\"},\"headline\":\"L\u00ednea Roja\\\/\\\/\\\/Jacqueline Morgado\\\/\\\/\\\/La UIF no encuentra delitos contra Cuauht\u00e9moc Blanco: L\u00f3pez Obrador\",\"datePublished\":\"2020-06-19T17:02:53+00:00\",\"mainEntityOfPage\":{\"@id\":\"https:\\\/\\\/quehacerpolitico.mx\\\/?p=59579\"},\"wordCount\":409,\"commentCount\":0,\"image\":{\"@id\":\"https:\\\/\\\/quehacerpolitico.mx\\\/?p=59579#primaryimage\"},\"thumbnailUrl\":\"https:\\\/\\\/quehacerpolitico.mx\\\/wp-content\\\/uploads\\\/2020\\\/06\\\/AE57772A-F4C4-49BC-A665-1B6D0FFD02A5.jpeg\",\"articleSection\":[\"Noticias\"],\"inLanguage\":\"es\",\"potentialAction\":[{\"@type\":\"CommentAction\",\"name\":\"Comment\",\"target\":[\"https:\\\/\\\/quehacerpolitico.mx\\\/?p=59579#respond\"]}]},{\"@type\":\"WebPage\",\"@id\":\"https:\\\/\\\/quehacerpolitico.mx\\\/?p=59579\",\"url\":\"https:\\\/\\\/quehacerpolitico.mx\\\/?p=59579\",\"name\":\"L\u00ednea Roja\\\/\\\/\\\/Jacqueline Morgado\\\/\\\/\\\/La UIF no encuentra delitos contra Cuauht\u00e9moc Blanco: L\u00f3pez Obrador -\",\"isPartOf\":{\"@id\":\"https:\\\/\\\/quehacerpolitico.mx\\\/#website\"},\"primaryImageOfPage\":{\"@id\":\"https:\\\/\\\/quehacerpolitico.mx\\\/?p=59579#primaryimage\"},\"image\":{\"@id\":\"https:\\\/\\\/quehacerpolitico.mx\\\/?p=59579#primaryimage\"},\"thumbnailUrl\":\"https:\\\/\\\/quehacerpolitico.mx\\\/wp-content\\\/uploads\\\/2020\\\/06\\\/AE57772A-F4C4-49BC-A665-1B6D0FFD02A5.jpeg\",\"datePublished\":\"2020-06-19T17:02:53+00:00\",\"author\":{\"@id\":\"https:\\\/\\\/quehacerpolitico.mx\\\/#\\\/schema\\\/person\\\/496d8ad2d1d3f8036101dca7ee39e585\"},\"breadcrumb\":{\"@id\":\"https:\\\/\\\/quehacerpolitico.mx\\\/?p=59579#breadcrumb\"},\"inLanguage\":\"es\",\"potentialAction\":[{\"@type\":\"ReadAction\",\"target\":[\"https:\\\/\\\/quehacerpolitico.mx\\\/?p=59579\"]}]},{\"@type\":\"ImageObject\",\"inLanguage\":\"es\",\"@id\":\"https:\\\/\\\/quehacerpolitico.mx\\\/?p=59579#primaryimage\",\"url\":\"https:\\\/\\\/quehacerpolitico.mx\\\/wp-content\\\/uploads\\\/2020\\\/06\\\/AE57772A-F4C4-49BC-A665-1B6D0FFD02A5.jpeg\",\"contentUrl\":\"https:\\\/\\\/quehacerpolitico.mx\\\/wp-content\\\/uploads\\\/2020\\\/06\\\/AE57772A-F4C4-49BC-A665-1B6D0FFD02A5.jpeg\",\"width\":1035,\"height\":690},{\"@type\":\"BreadcrumbList\",\"@id\":\"https:\\\/\\\/quehacerpolitico.mx\\\/?p=59579#breadcrumb\",\"itemListElement\":[{\"@type\":\"ListItem\",\"position\":1,\"name\":\"Inicio\",\"item\":\"https:\\\/\\\/quehacerpolitico.mx\\\/\"},{\"@type\":\"ListItem\",\"position\":2,\"name\":\"L\u00ednea Roja\\\/\\\/\\\/Jacqueline Morgado\\\/\\\/\\\/La UIF no encuentra delitos contra Cuauht\u00e9moc Blanco: L\u00f3pez Obrador\"}]},{\"@type\":\"WebSite\",\"@id\":\"https:\\\/\\\/quehacerpolitico.mx\\\/#website\",\"url\":\"https:\\\/\\\/quehacerpolitico.mx\\\/\",\"name\":\"\",\"description\":\"\",\"potentialAction\":[{\"@type\":\"SearchAction\",\"target\":{\"@type\":\"EntryPoint\",\"urlTemplate\":\"https:\\\/\\\/quehacerpolitico.mx\\\/?s={search_term_string}\"},\"query-input\":{\"@type\":\"PropertyValueSpecification\",\"valueRequired\":true,\"valueName\":\"search_term_string\"}}],\"inLanguage\":\"es\"},{\"@type\":\"Person\",\"@id\":\"https:\\\/\\\/quehacerpolitico.mx\\\/#\\\/schema\\\/person\\\/496d8ad2d1d3f8036101dca7ee39e585\",\"name\":\"Redacci\u00f3n QP\",\"image\":{\"@type\":\"ImageObject\",\"inLanguage\":\"es\",\"@id\":\"https:\\\/\\\/secure.gravatar.com\\\/avatar\\\/c7164ed6fdec453195284ad24a5ae5b6e1eed2b848477fa2a4787ba9adf39a41?s=96&d=mm&r=g\",\"url\":\"https:\\\/\\\/secure.gravatar.com\\\/avatar\\\/c7164ed6fdec453195284ad24a5ae5b6e1eed2b848477fa2a4787ba9adf39a41?s=96&d=mm&r=g\",\"contentUrl\":\"https:\\\/\\\/secure.gravatar.com\\\/avatar\\\/c7164ed6fdec453195284ad24a5ae5b6e1eed2b848477fa2a4787ba9adf39a41?s=96&d=mm&r=g\",\"caption\":\"Redacci\u00f3n QP\"},\"url\":\"https:\\\/\\\/quehacerpolitico.mx\\\/?author=2\"}]}<\/script>\n<!-- \/ Yoast SEO plugin. -->","yoast_head_json":{"title":"L\u00ednea Roja\/\/\/Jacqueline Morgado\/\/\/La UIF no encuentra delitos contra Cuauht\u00e9moc Blanco: L\u00f3pez Obrador -","robots":{"index":"index","follow":"follow","max-snippet":"max-snippet:-1","max-image-preview":"max-image-preview:large","max-video-preview":"max-video-preview:-1"},"canonical":"https:\/\/quehacerpolitico.mx\/?p=59579","og_locale":"es_MX","og_type":"article","og_title":"L\u00ednea Roja\/\/\/Jacqueline Morgado\/\/\/La UIF no encuentra delitos contra Cuauht\u00e9moc Blanco: L\u00f3pez Obrador -","og_description":"La UIF no encuentra delitos contra Cuauht\u00e9moc Blanco: L\u00f3pez Obrador Por Jacqueline Morgado El Presidente...","og_url":"https:\/\/quehacerpolitico.mx\/?p=59579","article_published_time":"2020-06-19T17:02:53+00:00","og_image":[{"width":1035,"height":690,"url":"https:\/\/quehacerpolitico.mx\/wp-content\/uploads\/2020\/06\/AE57772A-F4C4-49BC-A665-1B6D0FFD02A5.jpeg","type":"image\/jpeg"}],"author":"Redacci\u00f3n QP","twitter_card":"summary_large_image","twitter_misc":{"Escrito por":"Redacci\u00f3n QP","Tiempo de lectura":"2 minutos"},"schema":{"@context":"https:\/\/schema.org","@graph":[{"@type":"Article","@id":"https:\/\/quehacerpolitico.mx\/?p=59579#article","isPartOf":{"@id":"https:\/\/quehacerpolitico.mx\/?p=59579"},"author":{"name":"Redacci\u00f3n QP","@id":"https:\/\/quehacerpolitico.mx\/#\/schema\/person\/496d8ad2d1d3f8036101dca7ee39e585"},"headline":"L\u00ednea Roja\/\/\/Jacqueline Morgado\/\/\/La UIF no encuentra delitos contra Cuauht\u00e9moc Blanco: L\u00f3pez Obrador","datePublished":"2020-06-19T17:02:53+00:00","mainEntityOfPage":{"@id":"https:\/\/quehacerpolitico.mx\/?p=59579"},"wordCount":409,"commentCount":0,"image":{"@id":"https:\/\/quehacerpolitico.mx\/?p=59579#primaryimage"},"thumbnailUrl":"https:\/\/quehacerpolitico.mx\/wp-content\/uploads\/2020\/06\/AE57772A-F4C4-49BC-A665-1B6D0FFD02A5.jpeg","articleSection":["Noticias"],"inLanguage":"es","potentialAction":[{"@type":"CommentAction","name":"Comment","target":["https:\/\/quehacerpolitico.mx\/?p=59579#respond"]}]},{"@type":"WebPage","@id":"https:\/\/quehacerpolitico.mx\/?p=59579","url":"https:\/\/quehacerpolitico.mx\/?p=59579","name":"L\u00ednea Roja\/\/\/Jacqueline Morgado\/\/\/La UIF no encuentra delitos contra Cuauht\u00e9moc Blanco: L\u00f3pez Obrador -","isPartOf":{"@id":"https:\/\/quehacerpolitico.mx\/#website"},"primaryImageOfPage":{"@id":"https:\/\/quehacerpolitico.mx\/?p=59579#primaryimage"},"image":{"@id":"https:\/\/quehacerpolitico.mx\/?p=59579#primaryimage"},"thumbnailUrl":"https:\/\/quehacerpolitico.mx\/wp-content\/uploads\/2020\/06\/AE57772A-F4C4-49BC-A665-1B6D0FFD02A5.jpeg","datePublished":"2020-06-19T17:02:53+00:00","author":{"@id":"https:\/\/quehacerpolitico.mx\/#\/schema\/person\/496d8ad2d1d3f8036101dca7ee39e585"},"breadcrumb":{"@id":"https:\/\/quehacerpolitico.mx\/?p=59579#breadcrumb"},"inLanguage":"es","potentialAction":[{"@type":"ReadAction","target":["https:\/\/quehacerpolitico.mx\/?p=59579"]}]},{"@type":"ImageObject","inLanguage":"es","@id":"https:\/\/quehacerpolitico.mx\/?p=59579#primaryimage","url":"https:\/\/quehacerpolitico.mx\/wp-content\/uploads\/2020\/06\/AE57772A-F4C4-49BC-A665-1B6D0FFD02A5.jpeg","contentUrl":"https:\/\/quehacerpolitico.mx\/wp-content\/uploads\/2020\/06\/AE57772A-F4C4-49BC-A665-1B6D0FFD02A5.jpeg","width":1035,"height":690},{"@type":"BreadcrumbList","@id":"https:\/\/quehacerpolitico.mx\/?p=59579#breadcrumb","itemListElement":[{"@type":"ListItem","position":1,"name":"Inicio","item":"https:\/\/quehacerpolitico.mx\/"},{"@type":"ListItem","position":2,"name":"L\u00ednea Roja\/\/\/Jacqueline Morgado\/\/\/La UIF no encuentra delitos contra Cuauht\u00e9moc Blanco: L\u00f3pez Obrador"}]},{"@type":"WebSite","@id":"https:\/\/quehacerpolitico.mx\/#website","url":"https:\/\/quehacerpolitico.mx\/","name":"","description":"","potentialAction":[{"@type":"SearchAction","target":{"@type":"EntryPoint","urlTemplate":"https:\/\/quehacerpolitico.mx\/?s={search_term_string}"},"query-input":{"@type":"PropertyValueSpecification","valueRequired":true,"valueName":"search_term_string"}}],"inLanguage":"es"},{"@type":"Person","@id":"https:\/\/quehacerpolitico.mx\/#\/schema\/person\/496d8ad2d1d3f8036101dca7ee39e585","name":"Redacci\u00f3n QP","image":{"@type":"ImageObject","inLanguage":"es","@id":"https:\/\/secure.gravatar.com\/avatar\/c7164ed6fdec453195284ad24a5ae5b6e1eed2b848477fa2a4787ba9adf39a41?s=96&d=mm&r=g","url":"https:\/\/secure.gravatar.com\/avatar\/c7164ed6fdec453195284ad24a5ae5b6e1eed2b848477fa2a4787ba9adf39a41?s=96&d=mm&r=g","contentUrl":"https:\/\/secure.gravatar.com\/avatar\/c7164ed6fdec453195284ad24a5ae5b6e1eed2b848477fa2a4787ba9adf39a41?s=96&d=mm&r=g","caption":"Redacci\u00f3n QP"},"url":"https:\/\/quehacerpolitico.mx\/?author=2"}]}},"featured_image_urls":{"full":["https:\/\/quehacerpolitico.mx\/wp-content\/uploads\/2020\/06\/AE57772A-F4C4-49BC-A665-1B6D0FFD02A5.jpeg",1035,690,false],"thumbnail":["https:\/\/quehacerpolitico.mx\/wp-content\/uploads\/2020\/06\/AE57772A-F4C4-49BC-A665-1B6D0FFD02A5-150x150.jpeg",150,150,true],"medium":["https:\/\/quehacerpolitico.mx\/wp-content\/uploads\/2020\/06\/AE57772A-F4C4-49BC-A665-1B6D0FFD02A5-300x200.jpeg",300,200,true],"medium_large":["https:\/\/quehacerpolitico.mx\/wp-content\/uploads\/2020\/06\/AE57772A-F4C4-49BC-A665-1B6D0FFD02A5-768x512.jpeg",640,427,true],"large":["https:\/\/quehacerpolitico.mx\/wp-content\/uploads\/2020\/06\/AE57772A-F4C4-49BC-A665-1B6D0FFD02A5-1024x683.jpeg",640,427,true],"1536x1536":["https:\/\/quehacerpolitico.mx\/wp-content\/uploads\/2020\/06\/AE57772A-F4C4-49BC-A665-1B6D0FFD02A5.jpeg",1035,690,false],"2048x2048":["https:\/\/quehacerpolitico.mx\/wp-content\/uploads\/2020\/06\/AE57772A-F4C4-49BC-A665-1B6D0FFD02A5.jpeg",1035,690,false],"covernews-featured":["https:\/\/quehacerpolitico.mx\/wp-content\/uploads\/2020\/06\/AE57772A-F4C4-49BC-A665-1B6D0FFD02A5.jpeg",1024,683,false],"covernews-medium":["https:\/\/quehacerpolitico.mx\/wp-content\/uploads\/2020\/06\/AE57772A-F4C4-49BC-A665-1B6D0FFD02A5.jpeg",510,340,false]},"author_info":{"display_name":"Redacci\u00f3n QP","author_link":"https:\/\/quehacerpolitico.mx\/?author=2"},"category_info":"<a href=\"https:\/\/quehacerpolitico.mx\/?cat=2\" rel=\"category\">Noticias<\/a>","tag_info":"Noticias","comment_count":"0","_links":{"self":[{"href":"https:\/\/quehacerpolitico.mx\/index.php?rest_route=\/wp\/v2\/posts\/59579","targetHints":{"allow":["GET"]}}],"collection":[{"href":"https:\/\/quehacerpolitico.mx\/index.php?rest_route=\/wp\/v2\/posts"}],"about":[{"href":"https:\/\/quehacerpolitico.mx\/index.php?rest_route=\/wp\/v2\/types\/post"}],"author":[{"embeddable":true,"href":"https:\/\/quehacerpolitico.mx\/index.php?rest_route=\/wp\/v2\/users\/2"}],"replies":[{"embeddable":true,"href":"https:\/\/quehacerpolitico.mx\/index.php?rest_route=%2Fwp%2Fv2%2Fcomments&post=59579"}],"version-history":[{"count":0,"href":"https:\/\/quehacerpolitico.mx\/index.php?rest_route=\/wp\/v2\/posts\/59579\/revisions"}],"wp:featuredmedia":[{"embeddable":true,"href":"https:\/\/quehacerpolitico.mx\/index.php?rest_route=\/wp\/v2\/media\/59580"}],"wp:attachment":[{"href":"https:\/\/quehacerpolitico.mx\/index.php?rest_route=%2Fwp%2Fv2%2Fmedia&parent=59579"}],"wp:term":[{"taxonomy":"category","embeddable":true,"href":"https:\/\/quehacerpolitico.mx\/index.php?rest_route=%2Fwp%2Fv2%2Fcategories&post=59579"},{"taxonomy":"post_tag","embeddable":true,"href":"https:\/\/quehacerpolitico.mx\/index.php?rest_route=%2Fwp%2Fv2%2Ftags&post=59579"}],"curies":[{"name":"wp","href":"https:\/\/api.w.org\/{rel}","templated":true}]}}