{"id":59574,"date":"2020-06-19T11:33:52","date_gmt":"2020-06-19T16:33:52","guid":{"rendered":"http:\/\/quehacerpolitico.mx\/?p=59574"},"modified":"2020-06-19T11:33:52","modified_gmt":"2020-06-19T16:33:52","slug":"linea-roja-jacqueline-morgado-lopez-obrador-dice-que-el-ordeno-liberar-a-ovidio-guzman","status":"publish","type":"post","link":"https:\/\/quehacerpolitico.mx\/?p=59574","title":{"rendered":"L\u00ednea Roja\/\/\/Jacqueline Morgado\/\/\/L\u00f3pez Obrador dice que \u00e9l orden\u00f3 liberar a Ovidio Guzm\u00e1n"},"content":{"rendered":"<h1 class=\"news-title\">L\u00f3pez Obrador dice que \u00e9l orden\u00f3 liberar a Ovidio Guzm\u00e1n<br \/>\nPor Jacqueline Morgado<\/h1>\n<p>El Mandatario se\u00f1ala\u00a0que su gobierno no permitir\u00e1 que ning\u00fan gobierno extranjero se inmiscuya en asuntos que solo corresponden a las autoridades mexicanas<\/p>\n<p>El Presidente Andr\u00e9s Manuel L\u00f3pez Obrador se\u00f1al\u00f3 que \u00e9l mismo orden\u00f3 liberar a Ovidio Guzm\u00e1n , luego de un operativo realizado en Culiac\u00e1n, Sinaloa, en el 2019.<\/p>\n<blockquote><p>&#8220;Yo orden\u00e9 que se detuviera ese operativo y que se dejara en libertad a este presunto delincuente&#8221;<\/p><\/blockquote>\n<p>Esta ma\u00f1ana de viernes, en su conferencia de prensa en Morelos, el Presidente dijo que &#8220;en dos o tres asuntos, cuando hemos hablado de temas delicados, <strong>es lo que se decidi\u00f3 para no poner en riesgo a la poblaci\u00f3n<\/strong>, para que no se afectar\u00e1 a civiles porque iban a perder la vida si no suspend\u00edamos el operativo m\u00e1s de 200 personas inocentes en Culiac\u00e1n, Sinaloa, y se tom\u00f3 la decisi\u00f3n, yo orden\u00e9 que se detuviera ese operativo y que se dejara en libertad a este presunto delincuente&#8221;.<\/p>\n<blockquote class=\"twitter-tweet\" data-width=\"550\" data-dnt=\"true\">\n<p lang=\"es\" dir=\"ltr\">&quot;Se decidi\u00f3 proteger la vida de las personas y yo estuve de acuerdo con eso&quot;<\/p>\n<p>&quot;Ellos tomaron esa decisi\u00f3n y yo la respald\u00e9&quot;<\/p>\n<p>Al d\u00eda siguiente de la liberaci\u00f3n de Ovidio Guzm\u00e1n, el presidente asegur\u00f3 que se tom\u00f3 la decisi\u00f3n de liberarlo y \u00e9l lo respald\u00f3.<a href=\"https:\/\/t.co\/ONnmq5J9FJ\">pic.twitter.com\/ONnmq5J9FJ<\/a><\/p>\n<p>&mdash; Ruido en la Red (@RuidoEnLaRed) <a href=\"https:\/\/twitter.com\/RuidoEnLaRed\/status\/1274016329129848832?ref_src=twsrc%5Etfw\">June 19, 2020<\/a><\/p><\/blockquote>\n<p><script async src=\"https:\/\/platform.twitter.com\/widgets.js\" charset=\"utf-8\"><\/script><\/p>\n<p>El titular del Ejecutivo federal se\u00f1al\u00f3 que el presidente de Estados Unidos, Donald Trump lo ha contacto para ofrecer ayuda, pero ha sido respetuoso de las decisiones que ha tomado el Gobierno mexicano.<\/p>\n<p>&#8220;Lo que se est\u00e1 haciendo es defendiendo nuestro derecho soberano a decidir sobre la pol\u00edtica de seguridad que se aplica en M\u00e9xico, cosa que no suced\u00eda, hab\u00eda mucha injerencia de elementos, agencias del extranjero en asuntos internos de M\u00e9xico.<\/p>\n<p>&#8220;Yo recuerdo que aqu\u00ed en Morelos ajusticiaron a un jefe de una banda criminal, famoso en un operativo y se supo que hab\u00eda intervenido una organizaci\u00f3n de Estados Unidos&#8221;.<\/p>\n<p>&#8220;No solo eso, el que estaba de embajador de Estados Unidos en ese entonces declar\u00f3 que el gobierno de Estados Unidos confiaba m\u00e1s en la Marina que en el Ejercito, se meti\u00f3 a opinar sobre un asunto que solo compete a nosotros a los mexicanos, <strong>hab\u00eda una injerencia total, eso ya no, hay relaciones de cooperaci\u00f3n pero al mismo tiempo de respeto<\/strong> y el ejemplo lo da, aunque parezca incre\u00edble, el que da el ejemplo es el presidente Donald Trump, en dos o tres asuntos que hemos hablado por temas delicados, cuando se decidi\u00f3 para no poner en riesgo a la poblaci\u00f3n para que no se afectara a civiles porque iban a perder la vida m\u00e1s de 200 personas si no suspend\u00edamos el operativo en Culiac\u00e1n, se tom\u00f3 la decisi\u00f3n, yo orden\u00e9 que se detuviera el operativo y se dejara en libertad a este presunto delincuente.<\/p>\n<p>Acompa\u00f1ado de su gabinete de seguridad, el Mandatario record\u00f3 que el presidente Donald Trump habl\u00f3 para ofrecer apoyo el operativo fallido &#8220;lo mismo cuando los lamentables hechos de Bavispe en Sonora, que asesinaron a mujeres y ni\u00f1os de la familia LeBar\u00f3n, habl\u00f3 lo mismo el presidente Trump y el ofrecimiento fue que nos mandaban agentes para ayudar a investigar casos y castigar a responsables&#8221;.<\/p>\n<p><strong>L\u00f3pez Obrador se\u00f1al\u00f3 que su gobierno no permitir\u00e1 que ning\u00fan gobierno extranjero se inmiscuya en asuntos que solo corresponden a las autoridades mexicanas <\/strong>&#8220;eso es respetar, hacer valer nuestra soberan\u00eda, no acuerdos como este de R\u00e1pido y Furioso, en privado de espaldas al pueblo, sin informar y afectando en vez de ayudar a la gente, entonces, por eso, s\u00ed es distinto lo que ahora se est\u00e1 llevando a cabo&#8221;.<\/p>\n<p>&#8220;Esto no significa que no haya cooperaci\u00f3n, existe cooperaci\u00f3n pero nosotros decidimos si esa cooperaci\u00f3n puede ayudar siempre y cuando se respete nuestra soberan\u00eda&#8221;.<\/p>\n<p>Con informaci\u00f3n de SUN<\/p>\n","protected":false},"excerpt":{"rendered":"<p>L\u00f3pez Obrador dice que \u00e9l orden\u00f3 liberar a Ovidio Guzm\u00e1n Por Jacqueline Morgado El Mandatario&#8230;<\/p>\n","protected":false},"author":2,"featured_media":59576,"comment_status":"open","ping_status":"open","sticky":false,"template":"","format":"standard","meta":{"_monsterinsights_skip_tracking":false,"_monsterinsights_sitenote_active":false,"_monsterinsights_sitenote_note":"","_monsterinsights_sitenote_category":0,"footnotes":""},"categories":[2],"tags":[],"class_list":["post-59574","post","type-post","status-publish","format-standard","has-post-thumbnail","hentry","category-noticias"],"yoast_head":"<!-- This site is optimized with the Yoast SEO plugin v27.3 - https:\/\/yoast.com\/product\/yoast-seo-wordpress\/ -->\n<title>L\u00ednea Roja\/\/\/Jacqueline Morgado\/\/\/L\u00f3pez Obrador dice que \u00e9l orden\u00f3 liberar a Ovidio Guzm\u00e1n -<\/title>\n<meta name=\"robots\" content=\"index, follow, max-snippet:-1, max-image-preview:large, max-video-preview:-1\" \/>\n<link rel=\"canonical\" href=\"https:\/\/quehacerpolitico.mx\/?p=59574\" \/>\n<meta property=\"og:locale\" content=\"es_MX\" \/>\n<meta property=\"og:type\" content=\"article\" \/>\n<meta property=\"og:title\" content=\"L\u00ednea Roja\/\/\/Jacqueline Morgado\/\/\/L\u00f3pez Obrador dice que \u00e9l orden\u00f3 liberar a Ovidio Guzm\u00e1n -\" \/>\n<meta property=\"og:description\" content=\"L\u00f3pez Obrador dice que \u00e9l orden\u00f3 liberar a Ovidio Guzm\u00e1n Por Jacqueline Morgado El Mandatario...\" \/>\n<meta property=\"og:url\" content=\"https:\/\/quehacerpolitico.mx\/?p=59574\" \/>\n<meta property=\"article:published_time\" content=\"2020-06-19T16:33:52+00:00\" \/>\n<meta property=\"og:image\" content=\"https:\/\/quehacerpolitico.mx\/wp-content\/uploads\/2020\/06\/240E836D-D462-40B5-AF59-E6051CE391E0.jpeg\" \/>\n\t<meta property=\"og:image:width\" content=\"696\" \/>\n\t<meta property=\"og:image:height\" content=\"418\" \/>\n\t<meta property=\"og:image:type\" content=\"image\/jpeg\" \/>\n<meta name=\"author\" content=\"Redacci\u00f3n QP\" \/>\n<meta name=\"twitter:card\" content=\"summary_large_image\" \/>\n<meta name=\"twitter:label1\" content=\"Escrito por\" \/>\n\t<meta name=\"twitter:data1\" content=\"Redacci\u00f3n QP\" \/>\n\t<meta name=\"twitter:label2\" content=\"Tiempo de lectura\" \/>\n\t<meta name=\"twitter:data2\" content=\"3 minutos\" \/>\n<script type=\"application\/ld+json\" class=\"yoast-schema-graph\">{\"@context\":\"https:\\\/\\\/schema.org\",\"@graph\":[{\"@type\":\"Article\",\"@id\":\"https:\\\/\\\/quehacerpolitico.mx\\\/?p=59574#article\",\"isPartOf\":{\"@id\":\"https:\\\/\\\/quehacerpolitico.mx\\\/?p=59574\"},\"author\":{\"name\":\"Redacci\u00f3n QP\",\"@id\":\"https:\\\/\\\/quehacerpolitico.mx\\\/#\\\/schema\\\/person\\\/496d8ad2d1d3f8036101dca7ee39e585\"},\"headline\":\"L\u00ednea Roja\\\/\\\/\\\/Jacqueline Morgado\\\/\\\/\\\/L\u00f3pez Obrador dice que \u00e9l orden\u00f3 liberar a Ovidio Guzm\u00e1n\",\"datePublished\":\"2020-06-19T16:33:52+00:00\",\"mainEntityOfPage\":{\"@id\":\"https:\\\/\\\/quehacerpolitico.mx\\\/?p=59574\"},\"wordCount\":639,\"commentCount\":0,\"image\":{\"@id\":\"https:\\\/\\\/quehacerpolitico.mx\\\/?p=59574#primaryimage\"},\"thumbnailUrl\":\"https:\\\/\\\/quehacerpolitico.mx\\\/wp-content\\\/uploads\\\/2020\\\/06\\\/240E836D-D462-40B5-AF59-E6051CE391E0.jpeg\",\"articleSection\":[\"Noticias\"],\"inLanguage\":\"es\",\"potentialAction\":[{\"@type\":\"CommentAction\",\"name\":\"Comment\",\"target\":[\"https:\\\/\\\/quehacerpolitico.mx\\\/?p=59574#respond\"]}]},{\"@type\":\"WebPage\",\"@id\":\"https:\\\/\\\/quehacerpolitico.mx\\\/?p=59574\",\"url\":\"https:\\\/\\\/quehacerpolitico.mx\\\/?p=59574\",\"name\":\"L\u00ednea Roja\\\/\\\/\\\/Jacqueline Morgado\\\/\\\/\\\/L\u00f3pez Obrador dice que \u00e9l orden\u00f3 liberar a Ovidio Guzm\u00e1n -\",\"isPartOf\":{\"@id\":\"https:\\\/\\\/quehacerpolitico.mx\\\/#website\"},\"primaryImageOfPage\":{\"@id\":\"https:\\\/\\\/quehacerpolitico.mx\\\/?p=59574#primaryimage\"},\"image\":{\"@id\":\"https:\\\/\\\/quehacerpolitico.mx\\\/?p=59574#primaryimage\"},\"thumbnailUrl\":\"https:\\\/\\\/quehacerpolitico.mx\\\/wp-content\\\/uploads\\\/2020\\\/06\\\/240E836D-D462-40B5-AF59-E6051CE391E0.jpeg\",\"datePublished\":\"2020-06-19T16:33:52+00:00\",\"author\":{\"@id\":\"https:\\\/\\\/quehacerpolitico.mx\\\/#\\\/schema\\\/person\\\/496d8ad2d1d3f8036101dca7ee39e585\"},\"breadcrumb\":{\"@id\":\"https:\\\/\\\/quehacerpolitico.mx\\\/?p=59574#breadcrumb\"},\"inLanguage\":\"es\",\"potentialAction\":[{\"@type\":\"ReadAction\",\"target\":[\"https:\\\/\\\/quehacerpolitico.mx\\\/?p=59574\"]}]},{\"@type\":\"ImageObject\",\"inLanguage\":\"es\",\"@id\":\"https:\\\/\\\/quehacerpolitico.mx\\\/?p=59574#primaryimage\",\"url\":\"https:\\\/\\\/quehacerpolitico.mx\\\/wp-content\\\/uploads\\\/2020\\\/06\\\/240E836D-D462-40B5-AF59-E6051CE391E0.jpeg\",\"contentUrl\":\"https:\\\/\\\/quehacerpolitico.mx\\\/wp-content\\\/uploads\\\/2020\\\/06\\\/240E836D-D462-40B5-AF59-E6051CE391E0.jpeg\",\"width\":696,\"height\":418},{\"@type\":\"BreadcrumbList\",\"@id\":\"https:\\\/\\\/quehacerpolitico.mx\\\/?p=59574#breadcrumb\",\"itemListElement\":[{\"@type\":\"ListItem\",\"position\":1,\"name\":\"Inicio\",\"item\":\"https:\\\/\\\/quehacerpolitico.mx\\\/\"},{\"@type\":\"ListItem\",\"position\":2,\"name\":\"L\u00ednea Roja\\\/\\\/\\\/Jacqueline Morgado\\\/\\\/\\\/L\u00f3pez Obrador dice que \u00e9l orden\u00f3 liberar a Ovidio Guzm\u00e1n\"}]},{\"@type\":\"WebSite\",\"@id\":\"https:\\\/\\\/quehacerpolitico.mx\\\/#website\",\"url\":\"https:\\\/\\\/quehacerpolitico.mx\\\/\",\"name\":\"\",\"description\":\"\",\"potentialAction\":[{\"@type\":\"SearchAction\",\"target\":{\"@type\":\"EntryPoint\",\"urlTemplate\":\"https:\\\/\\\/quehacerpolitico.mx\\\/?s={search_term_string}\"},\"query-input\":{\"@type\":\"PropertyValueSpecification\",\"valueRequired\":true,\"valueName\":\"search_term_string\"}}],\"inLanguage\":\"es\"},{\"@type\":\"Person\",\"@id\":\"https:\\\/\\\/quehacerpolitico.mx\\\/#\\\/schema\\\/person\\\/496d8ad2d1d3f8036101dca7ee39e585\",\"name\":\"Redacci\u00f3n QP\",\"image\":{\"@type\":\"ImageObject\",\"inLanguage\":\"es\",\"@id\":\"https:\\\/\\\/secure.gravatar.com\\\/avatar\\\/c7164ed6fdec453195284ad24a5ae5b6e1eed2b848477fa2a4787ba9adf39a41?s=96&d=mm&r=g\",\"url\":\"https:\\\/\\\/secure.gravatar.com\\\/avatar\\\/c7164ed6fdec453195284ad24a5ae5b6e1eed2b848477fa2a4787ba9adf39a41?s=96&d=mm&r=g\",\"contentUrl\":\"https:\\\/\\\/secure.gravatar.com\\\/avatar\\\/c7164ed6fdec453195284ad24a5ae5b6e1eed2b848477fa2a4787ba9adf39a41?s=96&d=mm&r=g\",\"caption\":\"Redacci\u00f3n QP\"},\"url\":\"https:\\\/\\\/quehacerpolitico.mx\\\/?author=2\"}]}<\/script>\n<!-- \/ Yoast SEO plugin. -->","yoast_head_json":{"title":"L\u00ednea Roja\/\/\/Jacqueline Morgado\/\/\/L\u00f3pez Obrador dice que \u00e9l orden\u00f3 liberar a Ovidio Guzm\u00e1n -","robots":{"index":"index","follow":"follow","max-snippet":"max-snippet:-1","max-image-preview":"max-image-preview:large","max-video-preview":"max-video-preview:-1"},"canonical":"https:\/\/quehacerpolitico.mx\/?p=59574","og_locale":"es_MX","og_type":"article","og_title":"L\u00ednea Roja\/\/\/Jacqueline Morgado\/\/\/L\u00f3pez Obrador dice que \u00e9l orden\u00f3 liberar a Ovidio Guzm\u00e1n -","og_description":"L\u00f3pez Obrador dice que \u00e9l orden\u00f3 liberar a Ovidio Guzm\u00e1n Por Jacqueline Morgado El Mandatario...","og_url":"https:\/\/quehacerpolitico.mx\/?p=59574","article_published_time":"2020-06-19T16:33:52+00:00","og_image":[{"width":696,"height":418,"url":"https:\/\/quehacerpolitico.mx\/wp-content\/uploads\/2020\/06\/240E836D-D462-40B5-AF59-E6051CE391E0.jpeg","type":"image\/jpeg"}],"author":"Redacci\u00f3n QP","twitter_card":"summary_large_image","twitter_misc":{"Escrito por":"Redacci\u00f3n QP","Tiempo de lectura":"3 minutos"},"schema":{"@context":"https:\/\/schema.org","@graph":[{"@type":"Article","@id":"https:\/\/quehacerpolitico.mx\/?p=59574#article","isPartOf":{"@id":"https:\/\/quehacerpolitico.mx\/?p=59574"},"author":{"name":"Redacci\u00f3n QP","@id":"https:\/\/quehacerpolitico.mx\/#\/schema\/person\/496d8ad2d1d3f8036101dca7ee39e585"},"headline":"L\u00ednea Roja\/\/\/Jacqueline Morgado\/\/\/L\u00f3pez Obrador dice que \u00e9l orden\u00f3 liberar a Ovidio Guzm\u00e1n","datePublished":"2020-06-19T16:33:52+00:00","mainEntityOfPage":{"@id":"https:\/\/quehacerpolitico.mx\/?p=59574"},"wordCount":639,"commentCount":0,"image":{"@id":"https:\/\/quehacerpolitico.mx\/?p=59574#primaryimage"},"thumbnailUrl":"https:\/\/quehacerpolitico.mx\/wp-content\/uploads\/2020\/06\/240E836D-D462-40B5-AF59-E6051CE391E0.jpeg","articleSection":["Noticias"],"inLanguage":"es","potentialAction":[{"@type":"CommentAction","name":"Comment","target":["https:\/\/quehacerpolitico.mx\/?p=59574#respond"]}]},{"@type":"WebPage","@id":"https:\/\/quehacerpolitico.mx\/?p=59574","url":"https:\/\/quehacerpolitico.mx\/?p=59574","name":"L\u00ednea Roja\/\/\/Jacqueline Morgado\/\/\/L\u00f3pez Obrador dice que \u00e9l orden\u00f3 liberar a Ovidio Guzm\u00e1n -","isPartOf":{"@id":"https:\/\/quehacerpolitico.mx\/#website"},"primaryImageOfPage":{"@id":"https:\/\/quehacerpolitico.mx\/?p=59574#primaryimage"},"image":{"@id":"https:\/\/quehacerpolitico.mx\/?p=59574#primaryimage"},"thumbnailUrl":"https:\/\/quehacerpolitico.mx\/wp-content\/uploads\/2020\/06\/240E836D-D462-40B5-AF59-E6051CE391E0.jpeg","datePublished":"2020-06-19T16:33:52+00:00","author":{"@id":"https:\/\/quehacerpolitico.mx\/#\/schema\/person\/496d8ad2d1d3f8036101dca7ee39e585"},"breadcrumb":{"@id":"https:\/\/quehacerpolitico.mx\/?p=59574#breadcrumb"},"inLanguage":"es","potentialAction":[{"@type":"ReadAction","target":["https:\/\/quehacerpolitico.mx\/?p=59574"]}]},{"@type":"ImageObject","inLanguage":"es","@id":"https:\/\/quehacerpolitico.mx\/?p=59574#primaryimage","url":"https:\/\/quehacerpolitico.mx\/wp-content\/uploads\/2020\/06\/240E836D-D462-40B5-AF59-E6051CE391E0.jpeg","contentUrl":"https:\/\/quehacerpolitico.mx\/wp-content\/uploads\/2020\/06\/240E836D-D462-40B5-AF59-E6051CE391E0.jpeg","width":696,"height":418},{"@type":"BreadcrumbList","@id":"https:\/\/quehacerpolitico.mx\/?p=59574#breadcrumb","itemListElement":[{"@type":"ListItem","position":1,"name":"Inicio","item":"https:\/\/quehacerpolitico.mx\/"},{"@type":"ListItem","position":2,"name":"L\u00ednea Roja\/\/\/Jacqueline Morgado\/\/\/L\u00f3pez Obrador dice que \u00e9l orden\u00f3 liberar a Ovidio Guzm\u00e1n"}]},{"@type":"WebSite","@id":"https:\/\/quehacerpolitico.mx\/#website","url":"https:\/\/quehacerpolitico.mx\/","name":"","description":"","potentialAction":[{"@type":"SearchAction","target":{"@type":"EntryPoint","urlTemplate":"https:\/\/quehacerpolitico.mx\/?s={search_term_string}"},"query-input":{"@type":"PropertyValueSpecification","valueRequired":true,"valueName":"search_term_string"}}],"inLanguage":"es"},{"@type":"Person","@id":"https:\/\/quehacerpolitico.mx\/#\/schema\/person\/496d8ad2d1d3f8036101dca7ee39e585","name":"Redacci\u00f3n QP","image":{"@type":"ImageObject","inLanguage":"es","@id":"https:\/\/secure.gravatar.com\/avatar\/c7164ed6fdec453195284ad24a5ae5b6e1eed2b848477fa2a4787ba9adf39a41?s=96&d=mm&r=g","url":"https:\/\/secure.gravatar.com\/avatar\/c7164ed6fdec453195284ad24a5ae5b6e1eed2b848477fa2a4787ba9adf39a41?s=96&d=mm&r=g","contentUrl":"https:\/\/secure.gravatar.com\/avatar\/c7164ed6fdec453195284ad24a5ae5b6e1eed2b848477fa2a4787ba9adf39a41?s=96&d=mm&r=g","caption":"Redacci\u00f3n QP"},"url":"https:\/\/quehacerpolitico.mx\/?author=2"}]}},"featured_image_urls":{"full":["https:\/\/quehacerpolitico.mx\/wp-content\/uploads\/2020\/06\/240E836D-D462-40B5-AF59-E6051CE391E0.jpeg",696,418,false],"thumbnail":["https:\/\/quehacerpolitico.mx\/wp-content\/uploads\/2020\/06\/240E836D-D462-40B5-AF59-E6051CE391E0-150x150.jpeg",150,150,true],"medium":["https:\/\/quehacerpolitico.mx\/wp-content\/uploads\/2020\/06\/240E836D-D462-40B5-AF59-E6051CE391E0-300x180.jpeg",300,180,true],"medium_large":["https:\/\/quehacerpolitico.mx\/wp-content\/uploads\/2020\/06\/240E836D-D462-40B5-AF59-E6051CE391E0.jpeg",640,384,false],"large":["https:\/\/quehacerpolitico.mx\/wp-content\/uploads\/2020\/06\/240E836D-D462-40B5-AF59-E6051CE391E0.jpeg",640,384,false],"1536x1536":["https:\/\/quehacerpolitico.mx\/wp-content\/uploads\/2020\/06\/240E836D-D462-40B5-AF59-E6051CE391E0.jpeg",696,418,false],"2048x2048":["https:\/\/quehacerpolitico.mx\/wp-content\/uploads\/2020\/06\/240E836D-D462-40B5-AF59-E6051CE391E0.jpeg",696,418,false],"covernews-featured":["https:\/\/quehacerpolitico.mx\/wp-content\/uploads\/2020\/06\/240E836D-D462-40B5-AF59-E6051CE391E0.jpeg",696,418,false],"covernews-medium":["https:\/\/quehacerpolitico.mx\/wp-content\/uploads\/2020\/06\/240E836D-D462-40B5-AF59-E6051CE391E0.jpeg",540,324,false]},"author_info":{"display_name":"Redacci\u00f3n QP","author_link":"https:\/\/quehacerpolitico.mx\/?author=2"},"category_info":"<a href=\"https:\/\/quehacerpolitico.mx\/?cat=2\" rel=\"category\">Noticias<\/a>","tag_info":"Noticias","comment_count":"0","_links":{"self":[{"href":"https:\/\/quehacerpolitico.mx\/index.php?rest_route=\/wp\/v2\/posts\/59574","targetHints":{"allow":["GET"]}}],"collection":[{"href":"https:\/\/quehacerpolitico.mx\/index.php?rest_route=\/wp\/v2\/posts"}],"about":[{"href":"https:\/\/quehacerpolitico.mx\/index.php?rest_route=\/wp\/v2\/types\/post"}],"author":[{"embeddable":true,"href":"https:\/\/quehacerpolitico.mx\/index.php?rest_route=\/wp\/v2\/users\/2"}],"replies":[{"embeddable":true,"href":"https:\/\/quehacerpolitico.mx\/index.php?rest_route=%2Fwp%2Fv2%2Fcomments&post=59574"}],"version-history":[{"count":0,"href":"https:\/\/quehacerpolitico.mx\/index.php?rest_route=\/wp\/v2\/posts\/59574\/revisions"}],"wp:featuredmedia":[{"embeddable":true,"href":"https:\/\/quehacerpolitico.mx\/index.php?rest_route=\/wp\/v2\/media\/59576"}],"wp:attachment":[{"href":"https:\/\/quehacerpolitico.mx\/index.php?rest_route=%2Fwp%2Fv2%2Fmedia&parent=59574"}],"wp:term":[{"taxonomy":"category","embeddable":true,"href":"https:\/\/quehacerpolitico.mx\/index.php?rest_route=%2Fwp%2Fv2%2Fcategories&post=59574"},{"taxonomy":"post_tag","embeddable":true,"href":"https:\/\/quehacerpolitico.mx\/index.php?rest_route=%2Fwp%2Fv2%2Ftags&post=59574"}],"curies":[{"name":"wp","href":"https:\/\/api.w.org\/{rel}","templated":true}]}}