{"id":59568,"date":"2020-06-19T10:30:26","date_gmt":"2020-06-19T15:30:26","guid":{"rendered":"http:\/\/quehacerpolitico.mx\/?p=59568"},"modified":"2020-06-19T10:30:26","modified_gmt":"2020-06-19T15:30:26","slug":"dobleces-israel-mendoza-perez-alfonso-y-los-ex-de-madrazo","status":"publish","type":"post","link":"https:\/\/quehacerpolitico.mx\/?p=59568","title":{"rendered":"Dobleces\/\/\/Israel Mendoza P\u00e9rez\/\/\/Alfonso y los ex de Madrazo"},"content":{"rendered":"<h3 class=\"post-title entry-title\">Alfonso y los ex de Madrazo<br \/>\nPor Israel Mendoza P\u00e9rez<\/h3>\n<div>El breve paso del l\u00edder hist\u00f3rico del Barz\u00f3n,\u00a0<b>Alfonso Ram\u00edrez Cu\u00e9llar<\/b>, por la dirigencia de Morena oscila en lo testimonial y en la an\u00e9cdota. En la foto de su ef\u00edmero triunfo y en la zancadilla a\u00a0<b>Yeidckol Polevnsky<\/b>. Y para rematar en un ins\u00edpido frente pol\u00edtico con los ex partidos aliados de Roberto Madrazo, enemigo hist\u00f3rico del presidente\u00a0<b>Andr\u00e9s Manuel L\u00f3pez<\/b>. Su iderazgo s\u00f3lo le alcanz\u00f3 para eso.<\/div>\n<div>En 2004\u00a0<b>Roberto Madrazo\u00a0<\/b>era el mandam\u00e1s del tricolor y su poder de convocatoria le lleg\u00f3 al precio a\u00a0<b>Alberto Anaya\u00a0<\/b>eterno dirigente del PT y al entonces heredero del PVEM,\u00a0<b>Jorge Emilio Gonz\u00e1lez<\/b>. Ambos ven\u00edan de diferencias pol\u00edticas con sus aliados. Con ellos contruy\u00f3 alianzas electorales estatales y les funcion\u00f3 el pragmatismo pol\u00edtico.<\/div>\n<div>Alberto Anaya dejaba atr\u00e1s un sinsabor con Andr\u00e9s Manuel L\u00f3pez Obrador ya que en el a\u00f1o 2000 \u201ccedieron espacios\u201d en la ciudad de M\u00e9xico por la declinaci\u00f3n de\u00a0<b>Marcelo Ebrard\u00a0<\/b>cuando fue el candidato del camachismo institucionalizado en el Partido de Centro Democr\u00e1tico. Jorge Emilio sal\u00eda de la ruptura con\u00a0<b>Vicente Fox<\/b>. Ambos pudieron colgarse del PRI y los tres se enfilaron en un frente electoral apodado \u201cmarea roja\u201d. La triada goz\u00f3 del beneficio de su complicidad pol\u00edtica.<br \/>\nA unas semanas de dejar la dirigencia de Morena, el eterno dirigente barzonista s\u00f3lo logr\u00f3 un acuerdo pol\u00edtico y con los partidos m\u00e1s d\u00e9biles y marginados del escenario pol\u00edtico. Ahora, convertidos en los institutos sat\u00e9lite del partido en el poder se lanzan a una aventura pol\u00edtica con miras a amarrarse los primeros lugares de legisladores y alcald\u00edas. Si bien la alianza electoral est\u00e1 en pl\u00e1ticas, el frente lo construyen para comenzar a trazar la ruta de un acuerdo electoral para 2021. La propuesta se presentar\u00e1 ante el Consejo Nacional de Morena en los pr\u00f3ximos d\u00edas. Eso es una prueba m\u00e1s de que Ram\u00edrez Cu\u00e9llar cre\u00f3 un acuerdo a modo y expr\u00e9s.<\/div>\n<div>Alfonso Ram\u00edrez Cu\u00e9llar result\u00f3 igual que el conspicuo Roberto Madrazo. La escuela de la alianza f\u00e1cil y manejada por la figura dominante. Aunque presumi\u00f3 un acuerdo de unidad \u00e9ste se queda corto. No hay m\u00e1s fuerzas pol\u00edticas. Y lo pact\u00f3 para dejar encaminado su proyecto pol\u00edtico-personal cimentado en el barzonismo.<\/div>\n<div>Y es que no lo puede negar, son los \u00faltimos d\u00edas de Alfonso Ram\u00edrez Cu\u00e9llar, al frente de la dirigencia de interina de Morena y sus movimientos fueron los de una figura gris\u00e1cea. El partido-movimiento le qued\u00f3 enorme. Para ponerle sabor a su dirigencia sac\u00f3 del caj\u00f3n a los aliados maleables y en su momento, utilizados por Madrazo Pintado.<\/div>\n<div>Lo que Morena tiene enfrente es la elecci\u00f3n del cargo de presidente y secretario General del Comit\u00e9 Ejecutivo Nacional que se llevar\u00e1 a cabo a trav\u00e9s de una encuesta abierta. Por lo que hacer un frente s\u00f3lo es la b\u00fasqueda de extender su mandato en la dirigencia v\u00eda un tercero.<\/div>\n<div>Y ya ser\u00e1 entre el 27 y 28 de junio que comience el movimiento de Morena y las encuestas se llevar\u00e1n a cabo entre los d\u00edas 29 de junio al 1 de julio y en los d\u00edas subsecuentes se define el dirigente. De manera perversa quien llegue a la dirigencia tendr\u00e1 que cargar con la travesura de Ram\u00edrez Cu\u00e9llar y abrirles espacios a sus compinches pol\u00edticos del PT y Verde.<\/div>\n","protected":false},"excerpt":{"rendered":"<p>Alfonso y los ex de Madrazo Por Israel Mendoza P\u00e9rez El breve paso del l\u00edder&#8230;<\/p>\n","protected":false},"author":2,"featured_media":59569,"comment_status":"open","ping_status":"open","sticky":false,"template":"","format":"standard","meta":{"_monsterinsights_skip_tracking":false,"_monsterinsights_sitenote_active":false,"_monsterinsights_sitenote_note":"","_monsterinsights_sitenote_category":0,"footnotes":""},"categories":[2],"tags":[],"class_list":["post-59568","post","type-post","status-publish","format-standard","has-post-thumbnail","hentry","category-noticias"],"yoast_head":"<!-- This site is optimized with the Yoast SEO plugin v27.3 - https:\/\/yoast.com\/product\/yoast-seo-wordpress\/ -->\n<title>Dobleces\/\/\/Israel Mendoza P\u00e9rez\/\/\/Alfonso y los ex de Madrazo -<\/title>\n<meta name=\"robots\" content=\"index, follow, max-snippet:-1, max-image-preview:large, max-video-preview:-1\" \/>\n<link rel=\"canonical\" href=\"https:\/\/quehacerpolitico.mx\/?p=59568\" \/>\n<meta property=\"og:locale\" content=\"es_MX\" \/>\n<meta property=\"og:type\" content=\"article\" \/>\n<meta property=\"og:title\" content=\"Dobleces\/\/\/Israel Mendoza P\u00e9rez\/\/\/Alfonso y los ex de Madrazo -\" \/>\n<meta property=\"og:description\" content=\"Alfonso y los ex de Madrazo Por Israel Mendoza P\u00e9rez El breve paso del l\u00edder...\" \/>\n<meta property=\"og:url\" content=\"https:\/\/quehacerpolitico.mx\/?p=59568\" \/>\n<meta property=\"article:published_time\" content=\"2020-06-19T15:30:26+00:00\" \/>\n<meta property=\"og:image\" content=\"https:\/\/quehacerpolitico.mx\/wp-content\/uploads\/2020\/06\/3BAF8648-7B71-493E-9BCE-6B7515B673AD.png\" \/>\n\t<meta property=\"og:image:width\" content=\"469\" \/>\n\t<meta property=\"og:image:height\" content=\"400\" \/>\n\t<meta property=\"og:image:type\" content=\"image\/png\" \/>\n<meta name=\"author\" content=\"Redacci\u00f3n QP\" \/>\n<meta name=\"twitter:card\" content=\"summary_large_image\" \/>\n<meta name=\"twitter:label1\" content=\"Escrito por\" \/>\n\t<meta name=\"twitter:data1\" content=\"Redacci\u00f3n QP\" \/>\n\t<meta name=\"twitter:label2\" content=\"Tiempo de lectura\" \/>\n\t<meta name=\"twitter:data2\" content=\"3 minutos\" \/>\n<script type=\"application\/ld+json\" class=\"yoast-schema-graph\">{\"@context\":\"https:\\\/\\\/schema.org\",\"@graph\":[{\"@type\":\"Article\",\"@id\":\"https:\\\/\\\/quehacerpolitico.mx\\\/?p=59568#article\",\"isPartOf\":{\"@id\":\"https:\\\/\\\/quehacerpolitico.mx\\\/?p=59568\"},\"author\":{\"name\":\"Redacci\u00f3n QP\",\"@id\":\"https:\\\/\\\/quehacerpolitico.mx\\\/#\\\/schema\\\/person\\\/496d8ad2d1d3f8036101dca7ee39e585\"},\"headline\":\"Dobleces\\\/\\\/\\\/Israel Mendoza P\u00e9rez\\\/\\\/\\\/Alfonso y los ex de Madrazo\",\"datePublished\":\"2020-06-19T15:30:26+00:00\",\"mainEntityOfPage\":{\"@id\":\"https:\\\/\\\/quehacerpolitico.mx\\\/?p=59568\"},\"wordCount\":619,\"commentCount\":0,\"image\":{\"@id\":\"https:\\\/\\\/quehacerpolitico.mx\\\/?p=59568#primaryimage\"},\"thumbnailUrl\":\"https:\\\/\\\/quehacerpolitico.mx\\\/wp-content\\\/uploads\\\/2020\\\/06\\\/3BAF8648-7B71-493E-9BCE-6B7515B673AD.png\",\"articleSection\":[\"Noticias\"],\"inLanguage\":\"es\",\"potentialAction\":[{\"@type\":\"CommentAction\",\"name\":\"Comment\",\"target\":[\"https:\\\/\\\/quehacerpolitico.mx\\\/?p=59568#respond\"]}]},{\"@type\":\"WebPage\",\"@id\":\"https:\\\/\\\/quehacerpolitico.mx\\\/?p=59568\",\"url\":\"https:\\\/\\\/quehacerpolitico.mx\\\/?p=59568\",\"name\":\"Dobleces\\\/\\\/\\\/Israel Mendoza P\u00e9rez\\\/\\\/\\\/Alfonso y los ex de Madrazo -\",\"isPartOf\":{\"@id\":\"https:\\\/\\\/quehacerpolitico.mx\\\/#website\"},\"primaryImageOfPage\":{\"@id\":\"https:\\\/\\\/quehacerpolitico.mx\\\/?p=59568#primaryimage\"},\"image\":{\"@id\":\"https:\\\/\\\/quehacerpolitico.mx\\\/?p=59568#primaryimage\"},\"thumbnailUrl\":\"https:\\\/\\\/quehacerpolitico.mx\\\/wp-content\\\/uploads\\\/2020\\\/06\\\/3BAF8648-7B71-493E-9BCE-6B7515B673AD.png\",\"datePublished\":\"2020-06-19T15:30:26+00:00\",\"author\":{\"@id\":\"https:\\\/\\\/quehacerpolitico.mx\\\/#\\\/schema\\\/person\\\/496d8ad2d1d3f8036101dca7ee39e585\"},\"breadcrumb\":{\"@id\":\"https:\\\/\\\/quehacerpolitico.mx\\\/?p=59568#breadcrumb\"},\"inLanguage\":\"es\",\"potentialAction\":[{\"@type\":\"ReadAction\",\"target\":[\"https:\\\/\\\/quehacerpolitico.mx\\\/?p=59568\"]}]},{\"@type\":\"ImageObject\",\"inLanguage\":\"es\",\"@id\":\"https:\\\/\\\/quehacerpolitico.mx\\\/?p=59568#primaryimage\",\"url\":\"https:\\\/\\\/quehacerpolitico.mx\\\/wp-content\\\/uploads\\\/2020\\\/06\\\/3BAF8648-7B71-493E-9BCE-6B7515B673AD.png\",\"contentUrl\":\"https:\\\/\\\/quehacerpolitico.mx\\\/wp-content\\\/uploads\\\/2020\\\/06\\\/3BAF8648-7B71-493E-9BCE-6B7515B673AD.png\",\"width\":469,\"height\":400},{\"@type\":\"BreadcrumbList\",\"@id\":\"https:\\\/\\\/quehacerpolitico.mx\\\/?p=59568#breadcrumb\",\"itemListElement\":[{\"@type\":\"ListItem\",\"position\":1,\"name\":\"Inicio\",\"item\":\"https:\\\/\\\/quehacerpolitico.mx\\\/\"},{\"@type\":\"ListItem\",\"position\":2,\"name\":\"Dobleces\\\/\\\/\\\/Israel Mendoza P\u00e9rez\\\/\\\/\\\/Alfonso y los ex de Madrazo\"}]},{\"@type\":\"WebSite\",\"@id\":\"https:\\\/\\\/quehacerpolitico.mx\\\/#website\",\"url\":\"https:\\\/\\\/quehacerpolitico.mx\\\/\",\"name\":\"\",\"description\":\"\",\"potentialAction\":[{\"@type\":\"SearchAction\",\"target\":{\"@type\":\"EntryPoint\",\"urlTemplate\":\"https:\\\/\\\/quehacerpolitico.mx\\\/?s={search_term_string}\"},\"query-input\":{\"@type\":\"PropertyValueSpecification\",\"valueRequired\":true,\"valueName\":\"search_term_string\"}}],\"inLanguage\":\"es\"},{\"@type\":\"Person\",\"@id\":\"https:\\\/\\\/quehacerpolitico.mx\\\/#\\\/schema\\\/person\\\/496d8ad2d1d3f8036101dca7ee39e585\",\"name\":\"Redacci\u00f3n QP\",\"image\":{\"@type\":\"ImageObject\",\"inLanguage\":\"es\",\"@id\":\"https:\\\/\\\/secure.gravatar.com\\\/avatar\\\/c7164ed6fdec453195284ad24a5ae5b6e1eed2b848477fa2a4787ba9adf39a41?s=96&d=mm&r=g\",\"url\":\"https:\\\/\\\/secure.gravatar.com\\\/avatar\\\/c7164ed6fdec453195284ad24a5ae5b6e1eed2b848477fa2a4787ba9adf39a41?s=96&d=mm&r=g\",\"contentUrl\":\"https:\\\/\\\/secure.gravatar.com\\\/avatar\\\/c7164ed6fdec453195284ad24a5ae5b6e1eed2b848477fa2a4787ba9adf39a41?s=96&d=mm&r=g\",\"caption\":\"Redacci\u00f3n QP\"},\"url\":\"https:\\\/\\\/quehacerpolitico.mx\\\/?author=2\"}]}<\/script>\n<!-- \/ Yoast SEO plugin. -->","yoast_head_json":{"title":"Dobleces\/\/\/Israel Mendoza P\u00e9rez\/\/\/Alfonso y los ex de Madrazo -","robots":{"index":"index","follow":"follow","max-snippet":"max-snippet:-1","max-image-preview":"max-image-preview:large","max-video-preview":"max-video-preview:-1"},"canonical":"https:\/\/quehacerpolitico.mx\/?p=59568","og_locale":"es_MX","og_type":"article","og_title":"Dobleces\/\/\/Israel Mendoza P\u00e9rez\/\/\/Alfonso y los ex de Madrazo -","og_description":"Alfonso y los ex de Madrazo Por Israel Mendoza P\u00e9rez El breve paso del l\u00edder...","og_url":"https:\/\/quehacerpolitico.mx\/?p=59568","article_published_time":"2020-06-19T15:30:26+00:00","og_image":[{"width":469,"height":400,"url":"https:\/\/quehacerpolitico.mx\/wp-content\/uploads\/2020\/06\/3BAF8648-7B71-493E-9BCE-6B7515B673AD.png","type":"image\/png"}],"author":"Redacci\u00f3n QP","twitter_card":"summary_large_image","twitter_misc":{"Escrito por":"Redacci\u00f3n QP","Tiempo de lectura":"3 minutos"},"schema":{"@context":"https:\/\/schema.org","@graph":[{"@type":"Article","@id":"https:\/\/quehacerpolitico.mx\/?p=59568#article","isPartOf":{"@id":"https:\/\/quehacerpolitico.mx\/?p=59568"},"author":{"name":"Redacci\u00f3n QP","@id":"https:\/\/quehacerpolitico.mx\/#\/schema\/person\/496d8ad2d1d3f8036101dca7ee39e585"},"headline":"Dobleces\/\/\/Israel Mendoza P\u00e9rez\/\/\/Alfonso y los ex de Madrazo","datePublished":"2020-06-19T15:30:26+00:00","mainEntityOfPage":{"@id":"https:\/\/quehacerpolitico.mx\/?p=59568"},"wordCount":619,"commentCount":0,"image":{"@id":"https:\/\/quehacerpolitico.mx\/?p=59568#primaryimage"},"thumbnailUrl":"https:\/\/quehacerpolitico.mx\/wp-content\/uploads\/2020\/06\/3BAF8648-7B71-493E-9BCE-6B7515B673AD.png","articleSection":["Noticias"],"inLanguage":"es","potentialAction":[{"@type":"CommentAction","name":"Comment","target":["https:\/\/quehacerpolitico.mx\/?p=59568#respond"]}]},{"@type":"WebPage","@id":"https:\/\/quehacerpolitico.mx\/?p=59568","url":"https:\/\/quehacerpolitico.mx\/?p=59568","name":"Dobleces\/\/\/Israel Mendoza P\u00e9rez\/\/\/Alfonso y los ex de Madrazo -","isPartOf":{"@id":"https:\/\/quehacerpolitico.mx\/#website"},"primaryImageOfPage":{"@id":"https:\/\/quehacerpolitico.mx\/?p=59568#primaryimage"},"image":{"@id":"https:\/\/quehacerpolitico.mx\/?p=59568#primaryimage"},"thumbnailUrl":"https:\/\/quehacerpolitico.mx\/wp-content\/uploads\/2020\/06\/3BAF8648-7B71-493E-9BCE-6B7515B673AD.png","datePublished":"2020-06-19T15:30:26+00:00","author":{"@id":"https:\/\/quehacerpolitico.mx\/#\/schema\/person\/496d8ad2d1d3f8036101dca7ee39e585"},"breadcrumb":{"@id":"https:\/\/quehacerpolitico.mx\/?p=59568#breadcrumb"},"inLanguage":"es","potentialAction":[{"@type":"ReadAction","target":["https:\/\/quehacerpolitico.mx\/?p=59568"]}]},{"@type":"ImageObject","inLanguage":"es","@id":"https:\/\/quehacerpolitico.mx\/?p=59568#primaryimage","url":"https:\/\/quehacerpolitico.mx\/wp-content\/uploads\/2020\/06\/3BAF8648-7B71-493E-9BCE-6B7515B673AD.png","contentUrl":"https:\/\/quehacerpolitico.mx\/wp-content\/uploads\/2020\/06\/3BAF8648-7B71-493E-9BCE-6B7515B673AD.png","width":469,"height":400},{"@type":"BreadcrumbList","@id":"https:\/\/quehacerpolitico.mx\/?p=59568#breadcrumb","itemListElement":[{"@type":"ListItem","position":1,"name":"Inicio","item":"https:\/\/quehacerpolitico.mx\/"},{"@type":"ListItem","position":2,"name":"Dobleces\/\/\/Israel Mendoza P\u00e9rez\/\/\/Alfonso y los ex de Madrazo"}]},{"@type":"WebSite","@id":"https:\/\/quehacerpolitico.mx\/#website","url":"https:\/\/quehacerpolitico.mx\/","name":"","description":"","potentialAction":[{"@type":"SearchAction","target":{"@type":"EntryPoint","urlTemplate":"https:\/\/quehacerpolitico.mx\/?s={search_term_string}"},"query-input":{"@type":"PropertyValueSpecification","valueRequired":true,"valueName":"search_term_string"}}],"inLanguage":"es"},{"@type":"Person","@id":"https:\/\/quehacerpolitico.mx\/#\/schema\/person\/496d8ad2d1d3f8036101dca7ee39e585","name":"Redacci\u00f3n QP","image":{"@type":"ImageObject","inLanguage":"es","@id":"https:\/\/secure.gravatar.com\/avatar\/c7164ed6fdec453195284ad24a5ae5b6e1eed2b848477fa2a4787ba9adf39a41?s=96&d=mm&r=g","url":"https:\/\/secure.gravatar.com\/avatar\/c7164ed6fdec453195284ad24a5ae5b6e1eed2b848477fa2a4787ba9adf39a41?s=96&d=mm&r=g","contentUrl":"https:\/\/secure.gravatar.com\/avatar\/c7164ed6fdec453195284ad24a5ae5b6e1eed2b848477fa2a4787ba9adf39a41?s=96&d=mm&r=g","caption":"Redacci\u00f3n QP"},"url":"https:\/\/quehacerpolitico.mx\/?author=2"}]}},"featured_image_urls":{"full":["https:\/\/quehacerpolitico.mx\/wp-content\/uploads\/2020\/06\/3BAF8648-7B71-493E-9BCE-6B7515B673AD.png",469,400,false],"thumbnail":["https:\/\/quehacerpolitico.mx\/wp-content\/uploads\/2020\/06\/3BAF8648-7B71-493E-9BCE-6B7515B673AD-150x150.png",150,150,true],"medium":["https:\/\/quehacerpolitico.mx\/wp-content\/uploads\/2020\/06\/3BAF8648-7B71-493E-9BCE-6B7515B673AD-300x256.png",300,256,true],"medium_large":["https:\/\/quehacerpolitico.mx\/wp-content\/uploads\/2020\/06\/3BAF8648-7B71-493E-9BCE-6B7515B673AD.png",469,400,false],"large":["https:\/\/quehacerpolitico.mx\/wp-content\/uploads\/2020\/06\/3BAF8648-7B71-493E-9BCE-6B7515B673AD.png",469,400,false],"1536x1536":["https:\/\/quehacerpolitico.mx\/wp-content\/uploads\/2020\/06\/3BAF8648-7B71-493E-9BCE-6B7515B673AD.png",469,400,false],"2048x2048":["https:\/\/quehacerpolitico.mx\/wp-content\/uploads\/2020\/06\/3BAF8648-7B71-493E-9BCE-6B7515B673AD.png",469,400,false],"covernews-featured":["https:\/\/quehacerpolitico.mx\/wp-content\/uploads\/2020\/06\/3BAF8648-7B71-493E-9BCE-6B7515B673AD.png",469,400,false],"covernews-medium":["https:\/\/quehacerpolitico.mx\/wp-content\/uploads\/2020\/06\/3BAF8648-7B71-493E-9BCE-6B7515B673AD.png",399,340,false]},"author_info":{"display_name":"Redacci\u00f3n QP","author_link":"https:\/\/quehacerpolitico.mx\/?author=2"},"category_info":"<a href=\"https:\/\/quehacerpolitico.mx\/?cat=2\" rel=\"category\">Noticias<\/a>","tag_info":"Noticias","comment_count":"0","_links":{"self":[{"href":"https:\/\/quehacerpolitico.mx\/index.php?rest_route=\/wp\/v2\/posts\/59568","targetHints":{"allow":["GET"]}}],"collection":[{"href":"https:\/\/quehacerpolitico.mx\/index.php?rest_route=\/wp\/v2\/posts"}],"about":[{"href":"https:\/\/quehacerpolitico.mx\/index.php?rest_route=\/wp\/v2\/types\/post"}],"author":[{"embeddable":true,"href":"https:\/\/quehacerpolitico.mx\/index.php?rest_route=\/wp\/v2\/users\/2"}],"replies":[{"embeddable":true,"href":"https:\/\/quehacerpolitico.mx\/index.php?rest_route=%2Fwp%2Fv2%2Fcomments&post=59568"}],"version-history":[{"count":0,"href":"https:\/\/quehacerpolitico.mx\/index.php?rest_route=\/wp\/v2\/posts\/59568\/revisions"}],"wp:featuredmedia":[{"embeddable":true,"href":"https:\/\/quehacerpolitico.mx\/index.php?rest_route=\/wp\/v2\/media\/59569"}],"wp:attachment":[{"href":"https:\/\/quehacerpolitico.mx\/index.php?rest_route=%2Fwp%2Fv2%2Fmedia&parent=59568"}],"wp:term":[{"taxonomy":"category","embeddable":true,"href":"https:\/\/quehacerpolitico.mx\/index.php?rest_route=%2Fwp%2Fv2%2Fcategories&post=59568"},{"taxonomy":"post_tag","embeddable":true,"href":"https:\/\/quehacerpolitico.mx\/index.php?rest_route=%2Fwp%2Fv2%2Ftags&post=59568"}],"curies":[{"name":"wp","href":"https:\/\/api.w.org\/{rel}","templated":true}]}}