{"id":59563,"date":"2020-06-19T10:12:16","date_gmt":"2020-06-19T15:12:16","guid":{"rendered":"http:\/\/quehacerpolitico.mx\/?p=59563"},"modified":"2020-06-19T10:12:16","modified_gmt":"2020-06-19T15:12:16","slug":"linea-roja-jacqueline-morgado-lopez-obrador-aceptara-renuncia-de-monica-maccise-en-el-conapred","status":"publish","type":"post","link":"https:\/\/quehacerpolitico.mx\/?p=59563","title":{"rendered":"L\u00ednea Roja\/\/\/Jacqueline Morgado\/\/\/L\u00f3pez Obrador aceptar\u00e1 renuncia de M\u00f3nica Maccise en el Conapred"},"content":{"rendered":"<h1 class=\"news-title\">L\u00f3pez Obrador aceptar\u00e1 renuncia de M\u00f3nica Maccise en el Conapred<br \/>\nPor Jacqueline Morgado<\/h1>\n<p>El Mandatario adelant\u00f3 que pondr\u00e1 a una mujer ind\u00edgena al frente de este organismo<\/p>\n<p>El Presidente Andres Manuel L\u00f3pez Obrador\u00a0asegur\u00f3 que aceptar\u00e1 la renuncia de la titular del Consejo Nacional para Prevenir la Discriminaci\u00f3n (Conapred), M\u00f3nica Maccise.<\/p>\n<p>Durante su conferencia de prensa en Morelos, adelant\u00f3 que pondr\u00e1 a una mujer ind\u00edgena en ese puesto.<\/p>\n<p>&#8220;Mantener a esos organismos cuesta mucho&#8221;, dijo el Presidente, luego de la pol\u00e9mica que se gener\u00f3 con el Conapred.<\/p>\n<blockquote class=\"twitter-tweet\" data-width=\"550\" data-dnt=\"true\">\n<p lang=\"es\" dir=\"ltr\">\ud83d\udd34 Atenci\u00f3n aqu\u00ed<\/p>\n<p>M\u00f3nica Maccise s\u00ed presentar\u00e1 hoy su renuncia al <a href=\"https:\/\/twitter.com\/CONAPRED?ref_src=twsrc%5Etfw\">@CONAPRED<\/a> y s\u00ed ser\u00e1 aceptada por el presidente.<\/p>\n<p>\u00bfEl motivo? &quot;no se debi\u00f3 convocar a ese foro&quot; (s\u00ed, en el que iba a participar Chumel Torres y que no le gust\u00f3 a Beatriz Guti\u00e9rrez).<\/p>\n<p>\u00bfY el futuro del Consejo? \ud83d\udc47 <a href=\"https:\/\/t.co\/USxUVYxWlj\">pic.twitter.com\/USxUVYxWlj<\/a><\/p>\n<p>&mdash; Ruido en la Red (@RuidoEnLaRed) <a href=\"https:\/\/twitter.com\/RuidoEnLaRed\/status\/1273971036086611970?ref_src=twsrc%5Etfw\">June 19, 2020<\/a><\/p><\/blockquote>\n<p><script async src=\"https:\/\/platform.twitter.com\/widgets.js\" charset=\"utf-8\"><\/script><\/p>\n<p>Ayer jueves por la noche, <strong>funcionarios del Conapred rechazaron que Maccise fuera a salir, pero fuentes federales confirmaron que la Asamblea Consultiva fue convocada hoy viernes para una reuni\u00f3n en la que se concretar\u00eda la salida de la funcionaria<\/strong>.<\/p>\n<p>El 20 de noviembre de 2019, Olga S\u00e1nchez Cordero, secretaria de Gobernaci\u00f3n, y Alejandro Encinas, subsecretario de Derechos Humanos, tomaron la protesta de la todav\u00eda responsable del Consejo Nacional.<\/p>\n<p>Con Informaci\u00f3n de SUN<\/p>\n","protected":false},"excerpt":{"rendered":"<p>L\u00f3pez Obrador aceptar\u00e1 renuncia de M\u00f3nica Maccise en el Conapred Por Jacqueline Morgado El Mandatario&#8230;<\/p>\n","protected":false},"author":2,"featured_media":59564,"comment_status":"open","ping_status":"open","sticky":false,"template":"","format":"standard","meta":{"_monsterinsights_skip_tracking":false,"_monsterinsights_sitenote_active":false,"_monsterinsights_sitenote_note":"","_monsterinsights_sitenote_category":0,"footnotes":""},"categories":[2],"tags":[],"class_list":["post-59563","post","type-post","status-publish","format-standard","has-post-thumbnail","hentry","category-noticias"],"yoast_head":"<!-- This site is optimized with the Yoast SEO plugin v27.3 - https:\/\/yoast.com\/product\/yoast-seo-wordpress\/ -->\n<title>L\u00ednea Roja\/\/\/Jacqueline Morgado\/\/\/L\u00f3pez Obrador aceptar\u00e1 renuncia de M\u00f3nica Maccise en el Conapred -<\/title>\n<meta name=\"robots\" content=\"index, follow, max-snippet:-1, max-image-preview:large, max-video-preview:-1\" \/>\n<link rel=\"canonical\" href=\"https:\/\/quehacerpolitico.mx\/?p=59563\" \/>\n<meta property=\"og:locale\" content=\"es_MX\" \/>\n<meta property=\"og:type\" content=\"article\" \/>\n<meta property=\"og:title\" content=\"L\u00ednea Roja\/\/\/Jacqueline Morgado\/\/\/L\u00f3pez Obrador aceptar\u00e1 renuncia de M\u00f3nica Maccise en el Conapred -\" \/>\n<meta property=\"og:description\" content=\"L\u00f3pez Obrador aceptar\u00e1 renuncia de M\u00f3nica Maccise en el Conapred Por Jacqueline Morgado El Mandatario...\" \/>\n<meta property=\"og:url\" content=\"https:\/\/quehacerpolitico.mx\/?p=59563\" \/>\n<meta property=\"article:published_time\" content=\"2020-06-19T15:12:16+00:00\" \/>\n<meta property=\"og:image\" content=\"https:\/\/quehacerpolitico.mx\/wp-content\/uploads\/2020\/06\/1E792BCD-EFE4-4366-8A1C-D50BBA51A78F.jpeg\" \/>\n\t<meta property=\"og:image:width\" content=\"732\" \/>\n\t<meta property=\"og:image:height\" content=\"419\" \/>\n\t<meta property=\"og:image:type\" content=\"image\/jpeg\" \/>\n<meta name=\"author\" content=\"Redacci\u00f3n QP\" \/>\n<meta name=\"twitter:card\" content=\"summary_large_image\" \/>\n<meta name=\"twitter:label1\" content=\"Escrito por\" \/>\n\t<meta name=\"twitter:data1\" content=\"Redacci\u00f3n QP\" \/>\n\t<meta name=\"twitter:label2\" content=\"Tiempo de lectura\" \/>\n\t<meta name=\"twitter:data2\" content=\"1 minuto\" \/>\n<script type=\"application\/ld+json\" class=\"yoast-schema-graph\">{\"@context\":\"https:\\\/\\\/schema.org\",\"@graph\":[{\"@type\":\"Article\",\"@id\":\"https:\\\/\\\/quehacerpolitico.mx\\\/?p=59563#article\",\"isPartOf\":{\"@id\":\"https:\\\/\\\/quehacerpolitico.mx\\\/?p=59563\"},\"author\":{\"name\":\"Redacci\u00f3n QP\",\"@id\":\"https:\\\/\\\/quehacerpolitico.mx\\\/#\\\/schema\\\/person\\\/496d8ad2d1d3f8036101dca7ee39e585\"},\"headline\":\"L\u00ednea Roja\\\/\\\/\\\/Jacqueline Morgado\\\/\\\/\\\/L\u00f3pez Obrador aceptar\u00e1 renuncia de M\u00f3nica Maccise en el Conapred\",\"datePublished\":\"2020-06-19T15:12:16+00:00\",\"mainEntityOfPage\":{\"@id\":\"https:\\\/\\\/quehacerpolitico.mx\\\/?p=59563\"},\"wordCount\":194,\"commentCount\":0,\"image\":{\"@id\":\"https:\\\/\\\/quehacerpolitico.mx\\\/?p=59563#primaryimage\"},\"thumbnailUrl\":\"https:\\\/\\\/quehacerpolitico.mx\\\/wp-content\\\/uploads\\\/2020\\\/06\\\/1E792BCD-EFE4-4366-8A1C-D50BBA51A78F.jpeg\",\"articleSection\":[\"Noticias\"],\"inLanguage\":\"es\",\"potentialAction\":[{\"@type\":\"CommentAction\",\"name\":\"Comment\",\"target\":[\"https:\\\/\\\/quehacerpolitico.mx\\\/?p=59563#respond\"]}]},{\"@type\":\"WebPage\",\"@id\":\"https:\\\/\\\/quehacerpolitico.mx\\\/?p=59563\",\"url\":\"https:\\\/\\\/quehacerpolitico.mx\\\/?p=59563\",\"name\":\"L\u00ednea Roja\\\/\\\/\\\/Jacqueline Morgado\\\/\\\/\\\/L\u00f3pez Obrador aceptar\u00e1 renuncia de M\u00f3nica Maccise en el Conapred -\",\"isPartOf\":{\"@id\":\"https:\\\/\\\/quehacerpolitico.mx\\\/#website\"},\"primaryImageOfPage\":{\"@id\":\"https:\\\/\\\/quehacerpolitico.mx\\\/?p=59563#primaryimage\"},\"image\":{\"@id\":\"https:\\\/\\\/quehacerpolitico.mx\\\/?p=59563#primaryimage\"},\"thumbnailUrl\":\"https:\\\/\\\/quehacerpolitico.mx\\\/wp-content\\\/uploads\\\/2020\\\/06\\\/1E792BCD-EFE4-4366-8A1C-D50BBA51A78F.jpeg\",\"datePublished\":\"2020-06-19T15:12:16+00:00\",\"author\":{\"@id\":\"https:\\\/\\\/quehacerpolitico.mx\\\/#\\\/schema\\\/person\\\/496d8ad2d1d3f8036101dca7ee39e585\"},\"breadcrumb\":{\"@id\":\"https:\\\/\\\/quehacerpolitico.mx\\\/?p=59563#breadcrumb\"},\"inLanguage\":\"es\",\"potentialAction\":[{\"@type\":\"ReadAction\",\"target\":[\"https:\\\/\\\/quehacerpolitico.mx\\\/?p=59563\"]}]},{\"@type\":\"ImageObject\",\"inLanguage\":\"es\",\"@id\":\"https:\\\/\\\/quehacerpolitico.mx\\\/?p=59563#primaryimage\",\"url\":\"https:\\\/\\\/quehacerpolitico.mx\\\/wp-content\\\/uploads\\\/2020\\\/06\\\/1E792BCD-EFE4-4366-8A1C-D50BBA51A78F.jpeg\",\"contentUrl\":\"https:\\\/\\\/quehacerpolitico.mx\\\/wp-content\\\/uploads\\\/2020\\\/06\\\/1E792BCD-EFE4-4366-8A1C-D50BBA51A78F.jpeg\",\"width\":732,\"height\":419},{\"@type\":\"BreadcrumbList\",\"@id\":\"https:\\\/\\\/quehacerpolitico.mx\\\/?p=59563#breadcrumb\",\"itemListElement\":[{\"@type\":\"ListItem\",\"position\":1,\"name\":\"Inicio\",\"item\":\"https:\\\/\\\/quehacerpolitico.mx\\\/\"},{\"@type\":\"ListItem\",\"position\":2,\"name\":\"L\u00ednea Roja\\\/\\\/\\\/Jacqueline Morgado\\\/\\\/\\\/L\u00f3pez Obrador aceptar\u00e1 renuncia de M\u00f3nica Maccise en el Conapred\"}]},{\"@type\":\"WebSite\",\"@id\":\"https:\\\/\\\/quehacerpolitico.mx\\\/#website\",\"url\":\"https:\\\/\\\/quehacerpolitico.mx\\\/\",\"name\":\"\",\"description\":\"\",\"potentialAction\":[{\"@type\":\"SearchAction\",\"target\":{\"@type\":\"EntryPoint\",\"urlTemplate\":\"https:\\\/\\\/quehacerpolitico.mx\\\/?s={search_term_string}\"},\"query-input\":{\"@type\":\"PropertyValueSpecification\",\"valueRequired\":true,\"valueName\":\"search_term_string\"}}],\"inLanguage\":\"es\"},{\"@type\":\"Person\",\"@id\":\"https:\\\/\\\/quehacerpolitico.mx\\\/#\\\/schema\\\/person\\\/496d8ad2d1d3f8036101dca7ee39e585\",\"name\":\"Redacci\u00f3n QP\",\"image\":{\"@type\":\"ImageObject\",\"inLanguage\":\"es\",\"@id\":\"https:\\\/\\\/secure.gravatar.com\\\/avatar\\\/c7164ed6fdec453195284ad24a5ae5b6e1eed2b848477fa2a4787ba9adf39a41?s=96&d=mm&r=g\",\"url\":\"https:\\\/\\\/secure.gravatar.com\\\/avatar\\\/c7164ed6fdec453195284ad24a5ae5b6e1eed2b848477fa2a4787ba9adf39a41?s=96&d=mm&r=g\",\"contentUrl\":\"https:\\\/\\\/secure.gravatar.com\\\/avatar\\\/c7164ed6fdec453195284ad24a5ae5b6e1eed2b848477fa2a4787ba9adf39a41?s=96&d=mm&r=g\",\"caption\":\"Redacci\u00f3n QP\"},\"url\":\"https:\\\/\\\/quehacerpolitico.mx\\\/?author=2\"}]}<\/script>\n<!-- \/ Yoast SEO plugin. -->","yoast_head_json":{"title":"L\u00ednea Roja\/\/\/Jacqueline Morgado\/\/\/L\u00f3pez Obrador aceptar\u00e1 renuncia de M\u00f3nica Maccise en el Conapred -","robots":{"index":"index","follow":"follow","max-snippet":"max-snippet:-1","max-image-preview":"max-image-preview:large","max-video-preview":"max-video-preview:-1"},"canonical":"https:\/\/quehacerpolitico.mx\/?p=59563","og_locale":"es_MX","og_type":"article","og_title":"L\u00ednea Roja\/\/\/Jacqueline Morgado\/\/\/L\u00f3pez Obrador aceptar\u00e1 renuncia de M\u00f3nica Maccise en el Conapred -","og_description":"L\u00f3pez Obrador aceptar\u00e1 renuncia de M\u00f3nica Maccise en el Conapred Por Jacqueline Morgado El Mandatario...","og_url":"https:\/\/quehacerpolitico.mx\/?p=59563","article_published_time":"2020-06-19T15:12:16+00:00","og_image":[{"width":732,"height":419,"url":"https:\/\/quehacerpolitico.mx\/wp-content\/uploads\/2020\/06\/1E792BCD-EFE4-4366-8A1C-D50BBA51A78F.jpeg","type":"image\/jpeg"}],"author":"Redacci\u00f3n QP","twitter_card":"summary_large_image","twitter_misc":{"Escrito por":"Redacci\u00f3n QP","Tiempo de lectura":"1 minuto"},"schema":{"@context":"https:\/\/schema.org","@graph":[{"@type":"Article","@id":"https:\/\/quehacerpolitico.mx\/?p=59563#article","isPartOf":{"@id":"https:\/\/quehacerpolitico.mx\/?p=59563"},"author":{"name":"Redacci\u00f3n QP","@id":"https:\/\/quehacerpolitico.mx\/#\/schema\/person\/496d8ad2d1d3f8036101dca7ee39e585"},"headline":"L\u00ednea Roja\/\/\/Jacqueline Morgado\/\/\/L\u00f3pez Obrador aceptar\u00e1 renuncia de M\u00f3nica Maccise en el Conapred","datePublished":"2020-06-19T15:12:16+00:00","mainEntityOfPage":{"@id":"https:\/\/quehacerpolitico.mx\/?p=59563"},"wordCount":194,"commentCount":0,"image":{"@id":"https:\/\/quehacerpolitico.mx\/?p=59563#primaryimage"},"thumbnailUrl":"https:\/\/quehacerpolitico.mx\/wp-content\/uploads\/2020\/06\/1E792BCD-EFE4-4366-8A1C-D50BBA51A78F.jpeg","articleSection":["Noticias"],"inLanguage":"es","potentialAction":[{"@type":"CommentAction","name":"Comment","target":["https:\/\/quehacerpolitico.mx\/?p=59563#respond"]}]},{"@type":"WebPage","@id":"https:\/\/quehacerpolitico.mx\/?p=59563","url":"https:\/\/quehacerpolitico.mx\/?p=59563","name":"L\u00ednea Roja\/\/\/Jacqueline Morgado\/\/\/L\u00f3pez Obrador aceptar\u00e1 renuncia de M\u00f3nica Maccise en el Conapred -","isPartOf":{"@id":"https:\/\/quehacerpolitico.mx\/#website"},"primaryImageOfPage":{"@id":"https:\/\/quehacerpolitico.mx\/?p=59563#primaryimage"},"image":{"@id":"https:\/\/quehacerpolitico.mx\/?p=59563#primaryimage"},"thumbnailUrl":"https:\/\/quehacerpolitico.mx\/wp-content\/uploads\/2020\/06\/1E792BCD-EFE4-4366-8A1C-D50BBA51A78F.jpeg","datePublished":"2020-06-19T15:12:16+00:00","author":{"@id":"https:\/\/quehacerpolitico.mx\/#\/schema\/person\/496d8ad2d1d3f8036101dca7ee39e585"},"breadcrumb":{"@id":"https:\/\/quehacerpolitico.mx\/?p=59563#breadcrumb"},"inLanguage":"es","potentialAction":[{"@type":"ReadAction","target":["https:\/\/quehacerpolitico.mx\/?p=59563"]}]},{"@type":"ImageObject","inLanguage":"es","@id":"https:\/\/quehacerpolitico.mx\/?p=59563#primaryimage","url":"https:\/\/quehacerpolitico.mx\/wp-content\/uploads\/2020\/06\/1E792BCD-EFE4-4366-8A1C-D50BBA51A78F.jpeg","contentUrl":"https:\/\/quehacerpolitico.mx\/wp-content\/uploads\/2020\/06\/1E792BCD-EFE4-4366-8A1C-D50BBA51A78F.jpeg","width":732,"height":419},{"@type":"BreadcrumbList","@id":"https:\/\/quehacerpolitico.mx\/?p=59563#breadcrumb","itemListElement":[{"@type":"ListItem","position":1,"name":"Inicio","item":"https:\/\/quehacerpolitico.mx\/"},{"@type":"ListItem","position":2,"name":"L\u00ednea Roja\/\/\/Jacqueline Morgado\/\/\/L\u00f3pez Obrador aceptar\u00e1 renuncia de M\u00f3nica Maccise en el Conapred"}]},{"@type":"WebSite","@id":"https:\/\/quehacerpolitico.mx\/#website","url":"https:\/\/quehacerpolitico.mx\/","name":"","description":"","potentialAction":[{"@type":"SearchAction","target":{"@type":"EntryPoint","urlTemplate":"https:\/\/quehacerpolitico.mx\/?s={search_term_string}"},"query-input":{"@type":"PropertyValueSpecification","valueRequired":true,"valueName":"search_term_string"}}],"inLanguage":"es"},{"@type":"Person","@id":"https:\/\/quehacerpolitico.mx\/#\/schema\/person\/496d8ad2d1d3f8036101dca7ee39e585","name":"Redacci\u00f3n QP","image":{"@type":"ImageObject","inLanguage":"es","@id":"https:\/\/secure.gravatar.com\/avatar\/c7164ed6fdec453195284ad24a5ae5b6e1eed2b848477fa2a4787ba9adf39a41?s=96&d=mm&r=g","url":"https:\/\/secure.gravatar.com\/avatar\/c7164ed6fdec453195284ad24a5ae5b6e1eed2b848477fa2a4787ba9adf39a41?s=96&d=mm&r=g","contentUrl":"https:\/\/secure.gravatar.com\/avatar\/c7164ed6fdec453195284ad24a5ae5b6e1eed2b848477fa2a4787ba9adf39a41?s=96&d=mm&r=g","caption":"Redacci\u00f3n QP"},"url":"https:\/\/quehacerpolitico.mx\/?author=2"}]}},"featured_image_urls":{"full":["https:\/\/quehacerpolitico.mx\/wp-content\/uploads\/2020\/06\/1E792BCD-EFE4-4366-8A1C-D50BBA51A78F.jpeg",732,419,false],"thumbnail":["https:\/\/quehacerpolitico.mx\/wp-content\/uploads\/2020\/06\/1E792BCD-EFE4-4366-8A1C-D50BBA51A78F-150x150.jpeg",150,150,true],"medium":["https:\/\/quehacerpolitico.mx\/wp-content\/uploads\/2020\/06\/1E792BCD-EFE4-4366-8A1C-D50BBA51A78F-300x172.jpeg",300,172,true],"medium_large":["https:\/\/quehacerpolitico.mx\/wp-content\/uploads\/2020\/06\/1E792BCD-EFE4-4366-8A1C-D50BBA51A78F.jpeg",640,366,false],"large":["https:\/\/quehacerpolitico.mx\/wp-content\/uploads\/2020\/06\/1E792BCD-EFE4-4366-8A1C-D50BBA51A78F.jpeg",640,366,false],"1536x1536":["https:\/\/quehacerpolitico.mx\/wp-content\/uploads\/2020\/06\/1E792BCD-EFE4-4366-8A1C-D50BBA51A78F.jpeg",732,419,false],"2048x2048":["https:\/\/quehacerpolitico.mx\/wp-content\/uploads\/2020\/06\/1E792BCD-EFE4-4366-8A1C-D50BBA51A78F.jpeg",732,419,false],"covernews-featured":["https:\/\/quehacerpolitico.mx\/wp-content\/uploads\/2020\/06\/1E792BCD-EFE4-4366-8A1C-D50BBA51A78F.jpeg",732,419,false],"covernews-medium":["https:\/\/quehacerpolitico.mx\/wp-content\/uploads\/2020\/06\/1E792BCD-EFE4-4366-8A1C-D50BBA51A78F.jpeg",540,309,false]},"author_info":{"display_name":"Redacci\u00f3n QP","author_link":"https:\/\/quehacerpolitico.mx\/?author=2"},"category_info":"<a href=\"https:\/\/quehacerpolitico.mx\/?cat=2\" rel=\"category\">Noticias<\/a>","tag_info":"Noticias","comment_count":"0","_links":{"self":[{"href":"https:\/\/quehacerpolitico.mx\/index.php?rest_route=\/wp\/v2\/posts\/59563","targetHints":{"allow":["GET"]}}],"collection":[{"href":"https:\/\/quehacerpolitico.mx\/index.php?rest_route=\/wp\/v2\/posts"}],"about":[{"href":"https:\/\/quehacerpolitico.mx\/index.php?rest_route=\/wp\/v2\/types\/post"}],"author":[{"embeddable":true,"href":"https:\/\/quehacerpolitico.mx\/index.php?rest_route=\/wp\/v2\/users\/2"}],"replies":[{"embeddable":true,"href":"https:\/\/quehacerpolitico.mx\/index.php?rest_route=%2Fwp%2Fv2%2Fcomments&post=59563"}],"version-history":[{"count":0,"href":"https:\/\/quehacerpolitico.mx\/index.php?rest_route=\/wp\/v2\/posts\/59563\/revisions"}],"wp:featuredmedia":[{"embeddable":true,"href":"https:\/\/quehacerpolitico.mx\/index.php?rest_route=\/wp\/v2\/media\/59564"}],"wp:attachment":[{"href":"https:\/\/quehacerpolitico.mx\/index.php?rest_route=%2Fwp%2Fv2%2Fmedia&parent=59563"}],"wp:term":[{"taxonomy":"category","embeddable":true,"href":"https:\/\/quehacerpolitico.mx\/index.php?rest_route=%2Fwp%2Fv2%2Fcategories&post=59563"},{"taxonomy":"post_tag","embeddable":true,"href":"https:\/\/quehacerpolitico.mx\/index.php?rest_route=%2Fwp%2Fv2%2Ftags&post=59563"}],"curies":[{"name":"wp","href":"https:\/\/api.w.org\/{rel}","templated":true}]}}