{"id":59557,"date":"2020-06-19T09:49:47","date_gmt":"2020-06-19T14:49:47","guid":{"rendered":"http:\/\/quehacerpolitico.mx\/?p=59557"},"modified":"2020-06-19T09:49:47","modified_gmt":"2020-06-19T14:49:47","slug":"internacionales-carolina-alonso-romei-policias-de-atlanta-se-reportan-enfermos-como-protesta","status":"publish","type":"post","link":"https:\/\/quehacerpolitico.mx\/?p=59557","title":{"rendered":"Internacionales\/\/\/Carolina Alonso Romei\/\/\/Polic\u00edas de Atlanta se reportan enfermos como protesta"},"content":{"rendered":"<h1 class=\"news-title\">Polic\u00edas de Atlanta se reportan enfermos como protesta<br \/>\nPor Carolina Alonso Romei<\/h1>\n<p>Internacionalista<\/p>\n<p>Los oficiales muestran su descontento por la presentaci\u00f3n de cargos de homicidio\u00a0a un polic\u00eda que bale\u00f3 a un hombre por la espalda<\/p>\n<p>Algunos agentes de la polic\u00eda de Atlanta se reportaron enfermos o se rehusaron a responder llamadas el jueves <strong>en protesta por la presentaci\u00f3n de cargos de homicidio a un polic\u00eda que bale\u00f3 a un hombre por la espalda.<\/strong><\/p>\n<p>El jefe interino de la polic\u00eda, Rodney Bryant, dijo en una entrevista que<strong> las llamadas por enfermedad comenzaron el mi\u00e9rcoles por la noche y siguieron el jueves, pero se\u00f1al\u00f3 que el departamento tiene personal suficiente para proteger la ciudad.<\/strong> De momento no est\u00e1 claro cu\u00e1ntos agentes se han ausentado.<\/p>\n<p>&#8220;Algunos est\u00e1n molestos. Otros tienen miedo. Algunos est\u00e1n confundidos sobre lo que hacemos en este espacio. Algunos podr\u00edan sentirse abandonados&#8221;, dijo Bryant sobre los agentes. &#8220;Pero estamos ah\u00ed para asegurarles que seguiremos avanzando y superaremos esto&#8221;.<\/p>\n<p><strong>Los fiscales acusaron de homicidio y otros cargos a Garrett Rolfe, un agente blanco de la polic\u00eda que bale\u00f3 a Rayshard Brooks luego de que el hombre de raza negra de 27 a\u00f1os agarr\u00f3 una pistola aturdidora y corri\u00f3, dispar\u00e1ndola contra el agente,<\/strong> dijo Paul Howard, fiscal de distrito del condado Fulton.<\/p>\n<p><strong>Howard dijo que Brooks no era una amenaza letal en ese momento y que el agente pate\u00f3 al hombre herido y no le ofreci\u00f3 atenci\u00f3n m\u00e9dica por m\u00e1s de dos minutos<\/strong> mientras yac\u00eda moribundo. Otro agente, Devin Brosnan, quien de acuerdo con Howard estaba de pie junto al hombro de Brooks mientras \u00e9ste yac\u00eda grave, fue encausado de agresi\u00f3n agravada y violar su juramento.<\/p>\n<p>Rolfe y Brosnan se entregaron a las autoridades el jueves. Los registros de la prisi\u00f3n muestran que Brosnan fue puesto en libertad con una fianza de reconocimiento de 30 mil\u00a0d\u00f3lares, lo que significa que s\u00f3lo debe pagarla si no se presenta ante la corte, mientras que <strong>Rolfe est\u00e1 detenido sin derecho a fianza. Rolfe ha sido despedido y Brosnan asignado a labores de oficina.<\/strong><\/p>\n<p>Menos de 24 horas despu\u00e9s del incidente del viernes, la jefa de la polic\u00eda Erika Shields renunci\u00f3 y Bryant asumi\u00f3 el cargo en forma interina.<\/p>\n<p>En las aproximadamente tres semanas que han pasado desde que estallaron las protestas en la capital de Georgia, luego de que George Floyd falleci\u00f3 a manos de la polic\u00eda en Minnesota, <strong>los agentes han trabajado turnos de 12 o m\u00e1s horas y les han gritado, escupido y arrojado cosas,<\/strong> dijo Bryant.<\/p>\n<p>&#8220;Llega un momento en que la gente se cansa, reconozco eso, y se agota f\u00edsicamente&#8221;, coment\u00f3. &#8220;Pero definitivamente lo superaremos, y estoy seguro que veremos que nuestras bajas por enfermedad regresan al promedio habitual&#8221;.<\/p>\n<p>Con informaci\u00f3n de AP<\/p>\n","protected":false},"excerpt":{"rendered":"<p>Polic\u00edas de Atlanta se reportan enfermos como protesta Por Carolina Alonso Romei Internacionalista Los oficiales&#8230;<\/p>\n","protected":false},"author":2,"featured_media":59558,"comment_status":"open","ping_status":"open","sticky":false,"template":"","format":"standard","meta":{"_monsterinsights_skip_tracking":false,"_monsterinsights_sitenote_active":false,"_monsterinsights_sitenote_note":"","_monsterinsights_sitenote_category":0,"footnotes":""},"categories":[1],"tags":[],"class_list":["post-59557","post","type-post","status-publish","format-standard","has-post-thumbnail","hentry","category-sin-categoria"],"yoast_head":"<!-- This site is optimized with the Yoast SEO plugin v27.3 - https:\/\/yoast.com\/product\/yoast-seo-wordpress\/ -->\n<title>Internacionales\/\/\/Carolina Alonso Romei\/\/\/Polic\u00edas de Atlanta se reportan enfermos como protesta -<\/title>\n<meta name=\"robots\" content=\"index, follow, max-snippet:-1, max-image-preview:large, max-video-preview:-1\" \/>\n<link rel=\"canonical\" href=\"https:\/\/quehacerpolitico.mx\/?p=59557\" \/>\n<meta property=\"og:locale\" content=\"es_MX\" \/>\n<meta property=\"og:type\" content=\"article\" \/>\n<meta property=\"og:title\" content=\"Internacionales\/\/\/Carolina Alonso Romei\/\/\/Polic\u00edas de Atlanta se reportan enfermos como protesta -\" \/>\n<meta property=\"og:description\" content=\"Polic\u00edas de Atlanta se reportan enfermos como protesta Por Carolina Alonso Romei Internacionalista Los oficiales...\" \/>\n<meta property=\"og:url\" content=\"https:\/\/quehacerpolitico.mx\/?p=59557\" \/>\n<meta property=\"article:published_time\" content=\"2020-06-19T14:49:47+00:00\" \/>\n<meta property=\"og:image\" content=\"https:\/\/quehacerpolitico.mx\/wp-content\/uploads\/2020\/06\/C200F915-8EC3-4420-8FD1-AA1EF049D60D.jpeg\" \/>\n\t<meta property=\"og:image:width\" content=\"320\" \/>\n\t<meta property=\"og:image:height\" content=\"305\" \/>\n\t<meta property=\"og:image:type\" content=\"image\/jpeg\" \/>\n<meta name=\"author\" content=\"Redacci\u00f3n QP\" \/>\n<meta name=\"twitter:card\" content=\"summary_large_image\" \/>\n<meta name=\"twitter:label1\" content=\"Escrito por\" \/>\n\t<meta name=\"twitter:data1\" content=\"Redacci\u00f3n QP\" \/>\n\t<meta name=\"twitter:label2\" content=\"Tiempo de lectura\" \/>\n\t<meta name=\"twitter:data2\" content=\"2 minutos\" \/>\n<script type=\"application\/ld+json\" class=\"yoast-schema-graph\">{\"@context\":\"https:\\\/\\\/schema.org\",\"@graph\":[{\"@type\":\"Article\",\"@id\":\"https:\\\/\\\/quehacerpolitico.mx\\\/?p=59557#article\",\"isPartOf\":{\"@id\":\"https:\\\/\\\/quehacerpolitico.mx\\\/?p=59557\"},\"author\":{\"name\":\"Redacci\u00f3n QP\",\"@id\":\"https:\\\/\\\/quehacerpolitico.mx\\\/#\\\/schema\\\/person\\\/496d8ad2d1d3f8036101dca7ee39e585\"},\"headline\":\"Internacionales\\\/\\\/\\\/Carolina Alonso Romei\\\/\\\/\\\/Polic\u00edas de Atlanta se reportan enfermos como protesta\",\"datePublished\":\"2020-06-19T14:49:47+00:00\",\"mainEntityOfPage\":{\"@id\":\"https:\\\/\\\/quehacerpolitico.mx\\\/?p=59557\"},\"wordCount\":494,\"commentCount\":0,\"image\":{\"@id\":\"https:\\\/\\\/quehacerpolitico.mx\\\/?p=59557#primaryimage\"},\"thumbnailUrl\":\"https:\\\/\\\/quehacerpolitico.mx\\\/wp-content\\\/uploads\\\/2020\\\/06\\\/C200F915-8EC3-4420-8FD1-AA1EF049D60D.jpeg\",\"articleSection\":[\"Internacionales\"],\"inLanguage\":\"es\",\"potentialAction\":[{\"@type\":\"CommentAction\",\"name\":\"Comment\",\"target\":[\"https:\\\/\\\/quehacerpolitico.mx\\\/?p=59557#respond\"]}]},{\"@type\":\"WebPage\",\"@id\":\"https:\\\/\\\/quehacerpolitico.mx\\\/?p=59557\",\"url\":\"https:\\\/\\\/quehacerpolitico.mx\\\/?p=59557\",\"name\":\"Internacionales\\\/\\\/\\\/Carolina Alonso Romei\\\/\\\/\\\/Polic\u00edas de Atlanta se reportan enfermos como protesta -\",\"isPartOf\":{\"@id\":\"https:\\\/\\\/quehacerpolitico.mx\\\/#website\"},\"primaryImageOfPage\":{\"@id\":\"https:\\\/\\\/quehacerpolitico.mx\\\/?p=59557#primaryimage\"},\"image\":{\"@id\":\"https:\\\/\\\/quehacerpolitico.mx\\\/?p=59557#primaryimage\"},\"thumbnailUrl\":\"https:\\\/\\\/quehacerpolitico.mx\\\/wp-content\\\/uploads\\\/2020\\\/06\\\/C200F915-8EC3-4420-8FD1-AA1EF049D60D.jpeg\",\"datePublished\":\"2020-06-19T14:49:47+00:00\",\"author\":{\"@id\":\"https:\\\/\\\/quehacerpolitico.mx\\\/#\\\/schema\\\/person\\\/496d8ad2d1d3f8036101dca7ee39e585\"},\"breadcrumb\":{\"@id\":\"https:\\\/\\\/quehacerpolitico.mx\\\/?p=59557#breadcrumb\"},\"inLanguage\":\"es\",\"potentialAction\":[{\"@type\":\"ReadAction\",\"target\":[\"https:\\\/\\\/quehacerpolitico.mx\\\/?p=59557\"]}]},{\"@type\":\"ImageObject\",\"inLanguage\":\"es\",\"@id\":\"https:\\\/\\\/quehacerpolitico.mx\\\/?p=59557#primaryimage\",\"url\":\"https:\\\/\\\/quehacerpolitico.mx\\\/wp-content\\\/uploads\\\/2020\\\/06\\\/C200F915-8EC3-4420-8FD1-AA1EF049D60D.jpeg\",\"contentUrl\":\"https:\\\/\\\/quehacerpolitico.mx\\\/wp-content\\\/uploads\\\/2020\\\/06\\\/C200F915-8EC3-4420-8FD1-AA1EF049D60D.jpeg\",\"width\":320,\"height\":305},{\"@type\":\"BreadcrumbList\",\"@id\":\"https:\\\/\\\/quehacerpolitico.mx\\\/?p=59557#breadcrumb\",\"itemListElement\":[{\"@type\":\"ListItem\",\"position\":1,\"name\":\"Inicio\",\"item\":\"https:\\\/\\\/quehacerpolitico.mx\\\/\"},{\"@type\":\"ListItem\",\"position\":2,\"name\":\"Internacionales\\\/\\\/\\\/Carolina Alonso Romei\\\/\\\/\\\/Polic\u00edas de Atlanta se reportan enfermos como protesta\"}]},{\"@type\":\"WebSite\",\"@id\":\"https:\\\/\\\/quehacerpolitico.mx\\\/#website\",\"url\":\"https:\\\/\\\/quehacerpolitico.mx\\\/\",\"name\":\"\",\"description\":\"\",\"potentialAction\":[{\"@type\":\"SearchAction\",\"target\":{\"@type\":\"EntryPoint\",\"urlTemplate\":\"https:\\\/\\\/quehacerpolitico.mx\\\/?s={search_term_string}\"},\"query-input\":{\"@type\":\"PropertyValueSpecification\",\"valueRequired\":true,\"valueName\":\"search_term_string\"}}],\"inLanguage\":\"es\"},{\"@type\":\"Person\",\"@id\":\"https:\\\/\\\/quehacerpolitico.mx\\\/#\\\/schema\\\/person\\\/496d8ad2d1d3f8036101dca7ee39e585\",\"name\":\"Redacci\u00f3n QP\",\"image\":{\"@type\":\"ImageObject\",\"inLanguage\":\"es\",\"@id\":\"https:\\\/\\\/secure.gravatar.com\\\/avatar\\\/c7164ed6fdec453195284ad24a5ae5b6e1eed2b848477fa2a4787ba9adf39a41?s=96&d=mm&r=g\",\"url\":\"https:\\\/\\\/secure.gravatar.com\\\/avatar\\\/c7164ed6fdec453195284ad24a5ae5b6e1eed2b848477fa2a4787ba9adf39a41?s=96&d=mm&r=g\",\"contentUrl\":\"https:\\\/\\\/secure.gravatar.com\\\/avatar\\\/c7164ed6fdec453195284ad24a5ae5b6e1eed2b848477fa2a4787ba9adf39a41?s=96&d=mm&r=g\",\"caption\":\"Redacci\u00f3n QP\"},\"url\":\"https:\\\/\\\/quehacerpolitico.mx\\\/?author=2\"}]}<\/script>\n<!-- \/ Yoast SEO plugin. -->","yoast_head_json":{"title":"Internacionales\/\/\/Carolina Alonso Romei\/\/\/Polic\u00edas de Atlanta se reportan enfermos como protesta -","robots":{"index":"index","follow":"follow","max-snippet":"max-snippet:-1","max-image-preview":"max-image-preview:large","max-video-preview":"max-video-preview:-1"},"canonical":"https:\/\/quehacerpolitico.mx\/?p=59557","og_locale":"es_MX","og_type":"article","og_title":"Internacionales\/\/\/Carolina Alonso Romei\/\/\/Polic\u00edas de Atlanta se reportan enfermos como protesta -","og_description":"Polic\u00edas de Atlanta se reportan enfermos como protesta Por Carolina Alonso Romei Internacionalista Los oficiales...","og_url":"https:\/\/quehacerpolitico.mx\/?p=59557","article_published_time":"2020-06-19T14:49:47+00:00","og_image":[{"width":320,"height":305,"url":"https:\/\/quehacerpolitico.mx\/wp-content\/uploads\/2020\/06\/C200F915-8EC3-4420-8FD1-AA1EF049D60D.jpeg","type":"image\/jpeg"}],"author":"Redacci\u00f3n QP","twitter_card":"summary_large_image","twitter_misc":{"Escrito por":"Redacci\u00f3n QP","Tiempo de lectura":"2 minutos"},"schema":{"@context":"https:\/\/schema.org","@graph":[{"@type":"Article","@id":"https:\/\/quehacerpolitico.mx\/?p=59557#article","isPartOf":{"@id":"https:\/\/quehacerpolitico.mx\/?p=59557"},"author":{"name":"Redacci\u00f3n QP","@id":"https:\/\/quehacerpolitico.mx\/#\/schema\/person\/496d8ad2d1d3f8036101dca7ee39e585"},"headline":"Internacionales\/\/\/Carolina Alonso Romei\/\/\/Polic\u00edas de Atlanta se reportan enfermos como protesta","datePublished":"2020-06-19T14:49:47+00:00","mainEntityOfPage":{"@id":"https:\/\/quehacerpolitico.mx\/?p=59557"},"wordCount":494,"commentCount":0,"image":{"@id":"https:\/\/quehacerpolitico.mx\/?p=59557#primaryimage"},"thumbnailUrl":"https:\/\/quehacerpolitico.mx\/wp-content\/uploads\/2020\/06\/C200F915-8EC3-4420-8FD1-AA1EF049D60D.jpeg","articleSection":["Internacionales"],"inLanguage":"es","potentialAction":[{"@type":"CommentAction","name":"Comment","target":["https:\/\/quehacerpolitico.mx\/?p=59557#respond"]}]},{"@type":"WebPage","@id":"https:\/\/quehacerpolitico.mx\/?p=59557","url":"https:\/\/quehacerpolitico.mx\/?p=59557","name":"Internacionales\/\/\/Carolina Alonso Romei\/\/\/Polic\u00edas de Atlanta se reportan enfermos como protesta -","isPartOf":{"@id":"https:\/\/quehacerpolitico.mx\/#website"},"primaryImageOfPage":{"@id":"https:\/\/quehacerpolitico.mx\/?p=59557#primaryimage"},"image":{"@id":"https:\/\/quehacerpolitico.mx\/?p=59557#primaryimage"},"thumbnailUrl":"https:\/\/quehacerpolitico.mx\/wp-content\/uploads\/2020\/06\/C200F915-8EC3-4420-8FD1-AA1EF049D60D.jpeg","datePublished":"2020-06-19T14:49:47+00:00","author":{"@id":"https:\/\/quehacerpolitico.mx\/#\/schema\/person\/496d8ad2d1d3f8036101dca7ee39e585"},"breadcrumb":{"@id":"https:\/\/quehacerpolitico.mx\/?p=59557#breadcrumb"},"inLanguage":"es","potentialAction":[{"@type":"ReadAction","target":["https:\/\/quehacerpolitico.mx\/?p=59557"]}]},{"@type":"ImageObject","inLanguage":"es","@id":"https:\/\/quehacerpolitico.mx\/?p=59557#primaryimage","url":"https:\/\/quehacerpolitico.mx\/wp-content\/uploads\/2020\/06\/C200F915-8EC3-4420-8FD1-AA1EF049D60D.jpeg","contentUrl":"https:\/\/quehacerpolitico.mx\/wp-content\/uploads\/2020\/06\/C200F915-8EC3-4420-8FD1-AA1EF049D60D.jpeg","width":320,"height":305},{"@type":"BreadcrumbList","@id":"https:\/\/quehacerpolitico.mx\/?p=59557#breadcrumb","itemListElement":[{"@type":"ListItem","position":1,"name":"Inicio","item":"https:\/\/quehacerpolitico.mx\/"},{"@type":"ListItem","position":2,"name":"Internacionales\/\/\/Carolina Alonso Romei\/\/\/Polic\u00edas de Atlanta se reportan enfermos como protesta"}]},{"@type":"WebSite","@id":"https:\/\/quehacerpolitico.mx\/#website","url":"https:\/\/quehacerpolitico.mx\/","name":"","description":"","potentialAction":[{"@type":"SearchAction","target":{"@type":"EntryPoint","urlTemplate":"https:\/\/quehacerpolitico.mx\/?s={search_term_string}"},"query-input":{"@type":"PropertyValueSpecification","valueRequired":true,"valueName":"search_term_string"}}],"inLanguage":"es"},{"@type":"Person","@id":"https:\/\/quehacerpolitico.mx\/#\/schema\/person\/496d8ad2d1d3f8036101dca7ee39e585","name":"Redacci\u00f3n QP","image":{"@type":"ImageObject","inLanguage":"es","@id":"https:\/\/secure.gravatar.com\/avatar\/c7164ed6fdec453195284ad24a5ae5b6e1eed2b848477fa2a4787ba9adf39a41?s=96&d=mm&r=g","url":"https:\/\/secure.gravatar.com\/avatar\/c7164ed6fdec453195284ad24a5ae5b6e1eed2b848477fa2a4787ba9adf39a41?s=96&d=mm&r=g","contentUrl":"https:\/\/secure.gravatar.com\/avatar\/c7164ed6fdec453195284ad24a5ae5b6e1eed2b848477fa2a4787ba9adf39a41?s=96&d=mm&r=g","caption":"Redacci\u00f3n QP"},"url":"https:\/\/quehacerpolitico.mx\/?author=2"}]}},"featured_image_urls":{"full":["https:\/\/quehacerpolitico.mx\/wp-content\/uploads\/2020\/06\/C200F915-8EC3-4420-8FD1-AA1EF049D60D.jpeg",320,305,false],"thumbnail":["https:\/\/quehacerpolitico.mx\/wp-content\/uploads\/2020\/06\/C200F915-8EC3-4420-8FD1-AA1EF049D60D-150x150.jpeg",150,150,true],"medium":["https:\/\/quehacerpolitico.mx\/wp-content\/uploads\/2020\/06\/C200F915-8EC3-4420-8FD1-AA1EF049D60D-300x286.jpeg",300,286,true],"medium_large":["https:\/\/quehacerpolitico.mx\/wp-content\/uploads\/2020\/06\/C200F915-8EC3-4420-8FD1-AA1EF049D60D.jpeg",320,305,false],"large":["https:\/\/quehacerpolitico.mx\/wp-content\/uploads\/2020\/06\/C200F915-8EC3-4420-8FD1-AA1EF049D60D.jpeg",320,305,false],"1536x1536":["https:\/\/quehacerpolitico.mx\/wp-content\/uploads\/2020\/06\/C200F915-8EC3-4420-8FD1-AA1EF049D60D.jpeg",320,305,false],"2048x2048":["https:\/\/quehacerpolitico.mx\/wp-content\/uploads\/2020\/06\/C200F915-8EC3-4420-8FD1-AA1EF049D60D.jpeg",320,305,false],"covernews-featured":["https:\/\/quehacerpolitico.mx\/wp-content\/uploads\/2020\/06\/C200F915-8EC3-4420-8FD1-AA1EF049D60D.jpeg",320,305,false],"covernews-medium":["https:\/\/quehacerpolitico.mx\/wp-content\/uploads\/2020\/06\/C200F915-8EC3-4420-8FD1-AA1EF049D60D.jpeg",320,305,false]},"author_info":{"display_name":"Redacci\u00f3n QP","author_link":"https:\/\/quehacerpolitico.mx\/?author=2"},"category_info":"<a href=\"https:\/\/quehacerpolitico.mx\/?cat=1\" rel=\"category\">Internacionales<\/a>","tag_info":"Internacionales","comment_count":"0","_links":{"self":[{"href":"https:\/\/quehacerpolitico.mx\/index.php?rest_route=\/wp\/v2\/posts\/59557","targetHints":{"allow":["GET"]}}],"collection":[{"href":"https:\/\/quehacerpolitico.mx\/index.php?rest_route=\/wp\/v2\/posts"}],"about":[{"href":"https:\/\/quehacerpolitico.mx\/index.php?rest_route=\/wp\/v2\/types\/post"}],"author":[{"embeddable":true,"href":"https:\/\/quehacerpolitico.mx\/index.php?rest_route=\/wp\/v2\/users\/2"}],"replies":[{"embeddable":true,"href":"https:\/\/quehacerpolitico.mx\/index.php?rest_route=%2Fwp%2Fv2%2Fcomments&post=59557"}],"version-history":[{"count":0,"href":"https:\/\/quehacerpolitico.mx\/index.php?rest_route=\/wp\/v2\/posts\/59557\/revisions"}],"wp:featuredmedia":[{"embeddable":true,"href":"https:\/\/quehacerpolitico.mx\/index.php?rest_route=\/wp\/v2\/media\/59558"}],"wp:attachment":[{"href":"https:\/\/quehacerpolitico.mx\/index.php?rest_route=%2Fwp%2Fv2%2Fmedia&parent=59557"}],"wp:term":[{"taxonomy":"category","embeddable":true,"href":"https:\/\/quehacerpolitico.mx\/index.php?rest_route=%2Fwp%2Fv2%2Fcategories&post=59557"},{"taxonomy":"post_tag","embeddable":true,"href":"https:\/\/quehacerpolitico.mx\/index.php?rest_route=%2Fwp%2Fv2%2Ftags&post=59557"}],"curies":[{"name":"wp","href":"https:\/\/api.w.org\/{rel}","templated":true}]}}