{"id":59541,"date":"2020-06-19T08:50:47","date_gmt":"2020-06-19T13:50:47","guid":{"rendered":"http:\/\/quehacerpolitico.mx\/?p=59541"},"modified":"2020-06-19T08:50:47","modified_gmt":"2020-06-19T13:50:47","slug":"voces-del-periodista-desde-filomeno-mata-8-mouris-salloum-george-mexico-un-profeta-desarmado","status":"publish","type":"post","link":"https:\/\/quehacerpolitico.mx\/?p=59541","title":{"rendered":"Voces del Periodista Desde Filomeno Mata 8\/\/\/Mouris Salloum George\/\/\/M\u00e9xico, un profeta desarmado"},"content":{"rendered":"<h1 class=\"entry-title penci-entry-title penci-title-\">M\u00e9xico, un profeta desarmado<br \/>\nPor Mouris Salloum George<\/h1>\n<p>Director General del Club de Periodistas de M\u00e9xico AC<\/p>\n<p><strong><em>(Siempre, sin m\u00e1s armamento que su dignidad soberana, rendida hace tres d\u00e9cadas.)<\/em><\/strong><\/p>\n<p>Durante diez a\u00f1os, la Insurgencia mexicana sigui\u00f3 bajo fuego de las <strong><em>fuerzas realistas<\/em><\/strong>. En 1837, M\u00e9xico fue mutilado del estado de Texas. Una d\u00e9cada despu\u00e9s, despojado de la mitad de su territorio.<\/p>\n<p>De cara a la <strong><em>Triple alianza <\/em><\/strong>y la <strong>invasi\u00f3n francesa<\/strong>, Ju\u00e1rez proclam\u00f3: Entre los individuos, como entre las naciones, <strong><em>el respeto al derecho ajeno es la paz<\/em><\/strong>.<\/p>\n<p>En pleno combate constitucionalista, en 1914 Venustiano Carranza hizo valer aquel apotegma para expulsar <strong>a los invasores estadunidenses de Veracruz<\/strong>. En 1938, la m\u00e1xima aplic\u00f3 en la defensa de <strong>Expropiaci\u00f3n Petrolera<\/strong>.<\/p>\n<p>En 1942, el Estado mexicano se sum\u00f3 a la resistencia contra los reg\u00edmenes totalitarios de <strong><em>El Eje<\/em><\/strong>.<\/p>\n<p>Al terminar la Segunda Guerra Mundial, M\u00e9xico fue convocante a la <strong><em>Conferencia de Teher\u00e1n <\/em><\/strong>de la que surgi\u00f3 en 1947 el Movimiento de <strong><em>Los no Alineados<\/em><\/strong>, que pint\u00f3 raya en el nuevo teatro de la <strong>Guerra Fr\u00eda<\/strong>, que parti\u00f3 el planea en dos polos ideol\u00f3gicos.<\/p>\n<p>De esa larga marcha por la autodeterminaci\u00f3n de los pueblos, la no intervenci\u00f3n y la <strong><em>soluci\u00f3n pac\u00edfica de los conflictos<\/em><\/strong> M\u00e9xico obtuvo su recompensa en los a\u00f1os setenta del siglo pasado: <strong>El Premio Nobel de la Paz<\/strong>.<\/p>\n<p>En los a\u00f1os ochenta, el Estado mexicano fue recorrido a la ant\u00edpoda al aceptar ser <em>aliado<\/em> de los Estados Unidos. La <strong>soberan\u00eda nacional <\/strong>qued\u00f3 reducida a mero <strong><em>dogma<\/em><\/strong>.<\/p>\n<p><strong>Por quinta vez, M\u00e9xico va al Consejo de Seguridad de la ONU<\/strong><\/p>\n<p>Por quinta vez (la primera en 1946), M\u00e9xico asiste a la cita en el <strong>Consejo de Seguridad de la ONU<\/strong>, si bien entre los miembros no permanentes.<\/p>\n<p>No se trata de autogratificarse ilusamente por ese logro de la diplomacia mexicana. De lo que se trata es de honrar un expediente hist\u00f3rico de m\u00e1s de dos siglos, particularmente en este periodo en que la Humanidad toda est\u00e1 amenazada por la <strong>Guerra nuclear<\/strong>, umbral en el que nuestro pa\u00eds se presenta como un <strong><em>profeta desarmado<\/em><\/strong>. Grave misi\u00f3n.<\/p>\n","protected":false},"excerpt":{"rendered":"<p>M\u00e9xico, un profeta desarmado Por Mouris Salloum George Director General del Club de Periodistas de&#8230;<\/p>\n","protected":false},"author":2,"featured_media":59542,"comment_status":"open","ping_status":"open","sticky":false,"template":"","format":"standard","meta":{"_monsterinsights_skip_tracking":false,"_monsterinsights_sitenote_active":false,"_monsterinsights_sitenote_note":"","_monsterinsights_sitenote_category":0,"footnotes":""},"categories":[2],"tags":[],"class_list":["post-59541","post","type-post","status-publish","format-standard","has-post-thumbnail","hentry","category-noticias"],"yoast_head":"<!-- This site is optimized with the Yoast SEO plugin v27.3 - https:\/\/yoast.com\/product\/yoast-seo-wordpress\/ -->\n<title>Voces del Periodista Desde Filomeno Mata 8\/\/\/Mouris Salloum George\/\/\/M\u00e9xico, un profeta desarmado -<\/title>\n<meta name=\"robots\" content=\"index, follow, max-snippet:-1, max-image-preview:large, max-video-preview:-1\" \/>\n<link rel=\"canonical\" href=\"https:\/\/quehacerpolitico.mx\/?p=59541\" \/>\n<meta property=\"og:locale\" content=\"es_MX\" \/>\n<meta property=\"og:type\" content=\"article\" \/>\n<meta property=\"og:title\" content=\"Voces del Periodista Desde Filomeno Mata 8\/\/\/Mouris Salloum George\/\/\/M\u00e9xico, un profeta desarmado -\" \/>\n<meta property=\"og:description\" content=\"M\u00e9xico, un profeta desarmado Por Mouris Salloum George Director General del Club de Periodistas de...\" \/>\n<meta property=\"og:url\" content=\"https:\/\/quehacerpolitico.mx\/?p=59541\" \/>\n<meta property=\"article:published_time\" content=\"2020-06-19T13:50:47+00:00\" \/>\n<meta property=\"og:image\" content=\"https:\/\/quehacerpolitico.mx\/wp-content\/uploads\/2020\/06\/8F2A8860-8960-4A20-B46D-DE16DCD6494A.jpeg\" \/>\n\t<meta property=\"og:image:width\" content=\"400\" \/>\n\t<meta property=\"og:image:height\" content=\"400\" \/>\n\t<meta property=\"og:image:type\" content=\"image\/jpeg\" \/>\n<meta name=\"author\" content=\"Redacci\u00f3n QP\" \/>\n<meta name=\"twitter:card\" content=\"summary_large_image\" \/>\n<meta name=\"twitter:label1\" content=\"Escrito por\" \/>\n\t<meta name=\"twitter:data1\" content=\"Redacci\u00f3n QP\" \/>\n\t<meta name=\"twitter:label2\" content=\"Tiempo de lectura\" \/>\n\t<meta name=\"twitter:data2\" content=\"2 minutos\" \/>\n<script type=\"application\/ld+json\" class=\"yoast-schema-graph\">{\"@context\":\"https:\\\/\\\/schema.org\",\"@graph\":[{\"@type\":\"Article\",\"@id\":\"https:\\\/\\\/quehacerpolitico.mx\\\/?p=59541#article\",\"isPartOf\":{\"@id\":\"https:\\\/\\\/quehacerpolitico.mx\\\/?p=59541\"},\"author\":{\"name\":\"Redacci\u00f3n QP\",\"@id\":\"https:\\\/\\\/quehacerpolitico.mx\\\/#\\\/schema\\\/person\\\/496d8ad2d1d3f8036101dca7ee39e585\"},\"headline\":\"Voces del Periodista Desde Filomeno Mata 8\\\/\\\/\\\/Mouris Salloum George\\\/\\\/\\\/M\u00e9xico, un profeta desarmado\",\"datePublished\":\"2020-06-19T13:50:47+00:00\",\"mainEntityOfPage\":{\"@id\":\"https:\\\/\\\/quehacerpolitico.mx\\\/?p=59541\"},\"wordCount\":383,\"commentCount\":0,\"image\":{\"@id\":\"https:\\\/\\\/quehacerpolitico.mx\\\/?p=59541#primaryimage\"},\"thumbnailUrl\":\"https:\\\/\\\/quehacerpolitico.mx\\\/wp-content\\\/uploads\\\/2020\\\/06\\\/8F2A8860-8960-4A20-B46D-DE16DCD6494A.jpeg\",\"articleSection\":[\"Noticias\"],\"inLanguage\":\"es\",\"potentialAction\":[{\"@type\":\"CommentAction\",\"name\":\"Comment\",\"target\":[\"https:\\\/\\\/quehacerpolitico.mx\\\/?p=59541#respond\"]}]},{\"@type\":\"WebPage\",\"@id\":\"https:\\\/\\\/quehacerpolitico.mx\\\/?p=59541\",\"url\":\"https:\\\/\\\/quehacerpolitico.mx\\\/?p=59541\",\"name\":\"Voces del Periodista Desde Filomeno Mata 8\\\/\\\/\\\/Mouris Salloum George\\\/\\\/\\\/M\u00e9xico, un profeta desarmado -\",\"isPartOf\":{\"@id\":\"https:\\\/\\\/quehacerpolitico.mx\\\/#website\"},\"primaryImageOfPage\":{\"@id\":\"https:\\\/\\\/quehacerpolitico.mx\\\/?p=59541#primaryimage\"},\"image\":{\"@id\":\"https:\\\/\\\/quehacerpolitico.mx\\\/?p=59541#primaryimage\"},\"thumbnailUrl\":\"https:\\\/\\\/quehacerpolitico.mx\\\/wp-content\\\/uploads\\\/2020\\\/06\\\/8F2A8860-8960-4A20-B46D-DE16DCD6494A.jpeg\",\"datePublished\":\"2020-06-19T13:50:47+00:00\",\"author\":{\"@id\":\"https:\\\/\\\/quehacerpolitico.mx\\\/#\\\/schema\\\/person\\\/496d8ad2d1d3f8036101dca7ee39e585\"},\"breadcrumb\":{\"@id\":\"https:\\\/\\\/quehacerpolitico.mx\\\/?p=59541#breadcrumb\"},\"inLanguage\":\"es\",\"potentialAction\":[{\"@type\":\"ReadAction\",\"target\":[\"https:\\\/\\\/quehacerpolitico.mx\\\/?p=59541\"]}]},{\"@type\":\"ImageObject\",\"inLanguage\":\"es\",\"@id\":\"https:\\\/\\\/quehacerpolitico.mx\\\/?p=59541#primaryimage\",\"url\":\"https:\\\/\\\/quehacerpolitico.mx\\\/wp-content\\\/uploads\\\/2020\\\/06\\\/8F2A8860-8960-4A20-B46D-DE16DCD6494A.jpeg\",\"contentUrl\":\"https:\\\/\\\/quehacerpolitico.mx\\\/wp-content\\\/uploads\\\/2020\\\/06\\\/8F2A8860-8960-4A20-B46D-DE16DCD6494A.jpeg\",\"width\":400,\"height\":400},{\"@type\":\"BreadcrumbList\",\"@id\":\"https:\\\/\\\/quehacerpolitico.mx\\\/?p=59541#breadcrumb\",\"itemListElement\":[{\"@type\":\"ListItem\",\"position\":1,\"name\":\"Inicio\",\"item\":\"https:\\\/\\\/quehacerpolitico.mx\\\/\"},{\"@type\":\"ListItem\",\"position\":2,\"name\":\"Voces del Periodista Desde Filomeno Mata 8\\\/\\\/\\\/Mouris Salloum George\\\/\\\/\\\/M\u00e9xico, un profeta desarmado\"}]},{\"@type\":\"WebSite\",\"@id\":\"https:\\\/\\\/quehacerpolitico.mx\\\/#website\",\"url\":\"https:\\\/\\\/quehacerpolitico.mx\\\/\",\"name\":\"\",\"description\":\"\",\"potentialAction\":[{\"@type\":\"SearchAction\",\"target\":{\"@type\":\"EntryPoint\",\"urlTemplate\":\"https:\\\/\\\/quehacerpolitico.mx\\\/?s={search_term_string}\"},\"query-input\":{\"@type\":\"PropertyValueSpecification\",\"valueRequired\":true,\"valueName\":\"search_term_string\"}}],\"inLanguage\":\"es\"},{\"@type\":\"Person\",\"@id\":\"https:\\\/\\\/quehacerpolitico.mx\\\/#\\\/schema\\\/person\\\/496d8ad2d1d3f8036101dca7ee39e585\",\"name\":\"Redacci\u00f3n QP\",\"image\":{\"@type\":\"ImageObject\",\"inLanguage\":\"es\",\"@id\":\"https:\\\/\\\/secure.gravatar.com\\\/avatar\\\/c7164ed6fdec453195284ad24a5ae5b6e1eed2b848477fa2a4787ba9adf39a41?s=96&d=mm&r=g\",\"url\":\"https:\\\/\\\/secure.gravatar.com\\\/avatar\\\/c7164ed6fdec453195284ad24a5ae5b6e1eed2b848477fa2a4787ba9adf39a41?s=96&d=mm&r=g\",\"contentUrl\":\"https:\\\/\\\/secure.gravatar.com\\\/avatar\\\/c7164ed6fdec453195284ad24a5ae5b6e1eed2b848477fa2a4787ba9adf39a41?s=96&d=mm&r=g\",\"caption\":\"Redacci\u00f3n QP\"},\"url\":\"https:\\\/\\\/quehacerpolitico.mx\\\/?author=2\"}]}<\/script>\n<!-- \/ Yoast SEO plugin. -->","yoast_head_json":{"title":"Voces del Periodista Desde Filomeno Mata 8\/\/\/Mouris Salloum George\/\/\/M\u00e9xico, un profeta desarmado -","robots":{"index":"index","follow":"follow","max-snippet":"max-snippet:-1","max-image-preview":"max-image-preview:large","max-video-preview":"max-video-preview:-1"},"canonical":"https:\/\/quehacerpolitico.mx\/?p=59541","og_locale":"es_MX","og_type":"article","og_title":"Voces del Periodista Desde Filomeno Mata 8\/\/\/Mouris Salloum George\/\/\/M\u00e9xico, un profeta desarmado -","og_description":"M\u00e9xico, un profeta desarmado Por Mouris Salloum George Director General del Club de Periodistas de...","og_url":"https:\/\/quehacerpolitico.mx\/?p=59541","article_published_time":"2020-06-19T13:50:47+00:00","og_image":[{"width":400,"height":400,"url":"https:\/\/quehacerpolitico.mx\/wp-content\/uploads\/2020\/06\/8F2A8860-8960-4A20-B46D-DE16DCD6494A.jpeg","type":"image\/jpeg"}],"author":"Redacci\u00f3n QP","twitter_card":"summary_large_image","twitter_misc":{"Escrito por":"Redacci\u00f3n QP","Tiempo de lectura":"2 minutos"},"schema":{"@context":"https:\/\/schema.org","@graph":[{"@type":"Article","@id":"https:\/\/quehacerpolitico.mx\/?p=59541#article","isPartOf":{"@id":"https:\/\/quehacerpolitico.mx\/?p=59541"},"author":{"name":"Redacci\u00f3n QP","@id":"https:\/\/quehacerpolitico.mx\/#\/schema\/person\/496d8ad2d1d3f8036101dca7ee39e585"},"headline":"Voces del Periodista Desde Filomeno Mata 8\/\/\/Mouris Salloum George\/\/\/M\u00e9xico, un profeta desarmado","datePublished":"2020-06-19T13:50:47+00:00","mainEntityOfPage":{"@id":"https:\/\/quehacerpolitico.mx\/?p=59541"},"wordCount":383,"commentCount":0,"image":{"@id":"https:\/\/quehacerpolitico.mx\/?p=59541#primaryimage"},"thumbnailUrl":"https:\/\/quehacerpolitico.mx\/wp-content\/uploads\/2020\/06\/8F2A8860-8960-4A20-B46D-DE16DCD6494A.jpeg","articleSection":["Noticias"],"inLanguage":"es","potentialAction":[{"@type":"CommentAction","name":"Comment","target":["https:\/\/quehacerpolitico.mx\/?p=59541#respond"]}]},{"@type":"WebPage","@id":"https:\/\/quehacerpolitico.mx\/?p=59541","url":"https:\/\/quehacerpolitico.mx\/?p=59541","name":"Voces del Periodista Desde Filomeno Mata 8\/\/\/Mouris Salloum George\/\/\/M\u00e9xico, un profeta desarmado -","isPartOf":{"@id":"https:\/\/quehacerpolitico.mx\/#website"},"primaryImageOfPage":{"@id":"https:\/\/quehacerpolitico.mx\/?p=59541#primaryimage"},"image":{"@id":"https:\/\/quehacerpolitico.mx\/?p=59541#primaryimage"},"thumbnailUrl":"https:\/\/quehacerpolitico.mx\/wp-content\/uploads\/2020\/06\/8F2A8860-8960-4A20-B46D-DE16DCD6494A.jpeg","datePublished":"2020-06-19T13:50:47+00:00","author":{"@id":"https:\/\/quehacerpolitico.mx\/#\/schema\/person\/496d8ad2d1d3f8036101dca7ee39e585"},"breadcrumb":{"@id":"https:\/\/quehacerpolitico.mx\/?p=59541#breadcrumb"},"inLanguage":"es","potentialAction":[{"@type":"ReadAction","target":["https:\/\/quehacerpolitico.mx\/?p=59541"]}]},{"@type":"ImageObject","inLanguage":"es","@id":"https:\/\/quehacerpolitico.mx\/?p=59541#primaryimage","url":"https:\/\/quehacerpolitico.mx\/wp-content\/uploads\/2020\/06\/8F2A8860-8960-4A20-B46D-DE16DCD6494A.jpeg","contentUrl":"https:\/\/quehacerpolitico.mx\/wp-content\/uploads\/2020\/06\/8F2A8860-8960-4A20-B46D-DE16DCD6494A.jpeg","width":400,"height":400},{"@type":"BreadcrumbList","@id":"https:\/\/quehacerpolitico.mx\/?p=59541#breadcrumb","itemListElement":[{"@type":"ListItem","position":1,"name":"Inicio","item":"https:\/\/quehacerpolitico.mx\/"},{"@type":"ListItem","position":2,"name":"Voces del Periodista Desde Filomeno Mata 8\/\/\/Mouris Salloum George\/\/\/M\u00e9xico, un profeta desarmado"}]},{"@type":"WebSite","@id":"https:\/\/quehacerpolitico.mx\/#website","url":"https:\/\/quehacerpolitico.mx\/","name":"","description":"","potentialAction":[{"@type":"SearchAction","target":{"@type":"EntryPoint","urlTemplate":"https:\/\/quehacerpolitico.mx\/?s={search_term_string}"},"query-input":{"@type":"PropertyValueSpecification","valueRequired":true,"valueName":"search_term_string"}}],"inLanguage":"es"},{"@type":"Person","@id":"https:\/\/quehacerpolitico.mx\/#\/schema\/person\/496d8ad2d1d3f8036101dca7ee39e585","name":"Redacci\u00f3n QP","image":{"@type":"ImageObject","inLanguage":"es","@id":"https:\/\/secure.gravatar.com\/avatar\/c7164ed6fdec453195284ad24a5ae5b6e1eed2b848477fa2a4787ba9adf39a41?s=96&d=mm&r=g","url":"https:\/\/secure.gravatar.com\/avatar\/c7164ed6fdec453195284ad24a5ae5b6e1eed2b848477fa2a4787ba9adf39a41?s=96&d=mm&r=g","contentUrl":"https:\/\/secure.gravatar.com\/avatar\/c7164ed6fdec453195284ad24a5ae5b6e1eed2b848477fa2a4787ba9adf39a41?s=96&d=mm&r=g","caption":"Redacci\u00f3n QP"},"url":"https:\/\/quehacerpolitico.mx\/?author=2"}]}},"featured_image_urls":{"full":["https:\/\/quehacerpolitico.mx\/wp-content\/uploads\/2020\/06\/8F2A8860-8960-4A20-B46D-DE16DCD6494A.jpeg",400,400,false],"thumbnail":["https:\/\/quehacerpolitico.mx\/wp-content\/uploads\/2020\/06\/8F2A8860-8960-4A20-B46D-DE16DCD6494A-150x150.jpeg",150,150,true],"medium":["https:\/\/quehacerpolitico.mx\/wp-content\/uploads\/2020\/06\/8F2A8860-8960-4A20-B46D-DE16DCD6494A-300x300.jpeg",300,300,true],"medium_large":["https:\/\/quehacerpolitico.mx\/wp-content\/uploads\/2020\/06\/8F2A8860-8960-4A20-B46D-DE16DCD6494A.jpeg",400,400,false],"large":["https:\/\/quehacerpolitico.mx\/wp-content\/uploads\/2020\/06\/8F2A8860-8960-4A20-B46D-DE16DCD6494A.jpeg",400,400,false],"1536x1536":["https:\/\/quehacerpolitico.mx\/wp-content\/uploads\/2020\/06\/8F2A8860-8960-4A20-B46D-DE16DCD6494A.jpeg",400,400,false],"2048x2048":["https:\/\/quehacerpolitico.mx\/wp-content\/uploads\/2020\/06\/8F2A8860-8960-4A20-B46D-DE16DCD6494A.jpeg",400,400,false],"covernews-featured":["https:\/\/quehacerpolitico.mx\/wp-content\/uploads\/2020\/06\/8F2A8860-8960-4A20-B46D-DE16DCD6494A.jpeg",400,400,false],"covernews-medium":["https:\/\/quehacerpolitico.mx\/wp-content\/uploads\/2020\/06\/8F2A8860-8960-4A20-B46D-DE16DCD6494A.jpeg",340,340,false]},"author_info":{"display_name":"Redacci\u00f3n QP","author_link":"https:\/\/quehacerpolitico.mx\/?author=2"},"category_info":"<a href=\"https:\/\/quehacerpolitico.mx\/?cat=2\" rel=\"category\">Noticias<\/a>","tag_info":"Noticias","comment_count":"0","_links":{"self":[{"href":"https:\/\/quehacerpolitico.mx\/index.php?rest_route=\/wp\/v2\/posts\/59541","targetHints":{"allow":["GET"]}}],"collection":[{"href":"https:\/\/quehacerpolitico.mx\/index.php?rest_route=\/wp\/v2\/posts"}],"about":[{"href":"https:\/\/quehacerpolitico.mx\/index.php?rest_route=\/wp\/v2\/types\/post"}],"author":[{"embeddable":true,"href":"https:\/\/quehacerpolitico.mx\/index.php?rest_route=\/wp\/v2\/users\/2"}],"replies":[{"embeddable":true,"href":"https:\/\/quehacerpolitico.mx\/index.php?rest_route=%2Fwp%2Fv2%2Fcomments&post=59541"}],"version-history":[{"count":0,"href":"https:\/\/quehacerpolitico.mx\/index.php?rest_route=\/wp\/v2\/posts\/59541\/revisions"}],"wp:featuredmedia":[{"embeddable":true,"href":"https:\/\/quehacerpolitico.mx\/index.php?rest_route=\/wp\/v2\/media\/59542"}],"wp:attachment":[{"href":"https:\/\/quehacerpolitico.mx\/index.php?rest_route=%2Fwp%2Fv2%2Fmedia&parent=59541"}],"wp:term":[{"taxonomy":"category","embeddable":true,"href":"https:\/\/quehacerpolitico.mx\/index.php?rest_route=%2Fwp%2Fv2%2Fcategories&post=59541"},{"taxonomy":"post_tag","embeddable":true,"href":"https:\/\/quehacerpolitico.mx\/index.php?rest_route=%2Fwp%2Fv2%2Ftags&post=59541"}],"curies":[{"name":"wp","href":"https:\/\/api.w.org\/{rel}","templated":true}]}}