{"id":59535,"date":"2020-06-19T00:03:50","date_gmt":"2020-06-19T05:03:50","guid":{"rendered":"http:\/\/quehacerpolitico.mx\/?p=59535"},"modified":"2020-06-19T00:03:50","modified_gmt":"2020-06-19T05:03:50","slug":"a-sus-35-anos-a-cristiano-le-cuesta-recuperar-su-mejor-nivel","status":"publish","type":"post","link":"https:\/\/quehacerpolitico.mx\/?p=59535","title":{"rendered":"A sus 35 a\u00f1os, a Cristiano le cuesta recuperar su mejor nivel"},"content":{"rendered":"<h1 class=\"news-title\">A sus 35 a\u00f1os, a Cristiano le cuesta recuperar su mejor nivel<br \/>\nPor Redacci\u00f3n QP<\/h1>\n<p>El par\u00f3n futbol\u00edstico por la pandemia del coronavirus ha afectado a CR7 as\u00ed como a otros de sus compa\u00f1eros en la Juventus<\/p>\n<p>Con 35 a\u00f1os encima, Cristiano Ronaldo est\u00e1 teniendo dificultades para recuperar su famosa explosividad despu\u00e9s de tres meses sin jugar por la pandemia de coronavirus.<\/p>\n<p>El delantero de la Juventus gravit\u00f3 poco en los dos primeros partidos de la reanudaci\u00f3n del f\u00fatbol en Italia. <strong>Su racha de 19 goles en 14 encuentros consecutivos antes de la suspensi\u00f3n parece un recuerdo lejano.<\/strong><\/p>\n<p>&#8220;En este momento sus registros (con respecto a su condici\u00f3n f\u00edsica) no son malos, quiz\u00e1 los mejores de la temporada, lo que quiere decir que entren\u00f3 mucho (durante el confinamiento)&#8221;, dijo el t\u00e9cnico de la Juventus Maurizio Sarri despu\u00e9s de que su equipo sucumbi\u00f3 ante el Napoli por penales en la final de la Copa Italia tras empatar 0-0 el mi\u00e9rcoles.<\/p>\n<p><strong>&#8220;En cuanto a su aceleraci\u00f3n y velocidad m\u00e1xima, sus n\u00fameros no son a lo que estamos acostumbrados, pero eso es normal para alguien que no ha estado jugando&#8221;<\/strong>, a\u00f1adi\u00f3 el estratega.<\/p>\n<p>La semana pasada, en la semifinal ante el Milan, el astro portugu\u00e9s pr\u00e1cticamente desapareci\u00f3 tras fallar un penal en la primera mitad.<\/p>\n<p>Frente al Napoli, el aporte del cinco veces ganador del Bal\u00f3n de Oro fue escaso.<br \/>\nRonaldo provoc\u00f3 un tiro de esquina tras una serie de sus caracter\u00edsticos amagues y su \u00fanica ocasi\u00f3n en el partido fue bien repelida por el arquero rival Alex Meret.<\/p>\n<p>Lo peor se dio en la tanda de penales. Fue un mero testigo, observando con desesperaci\u00f3n cuando el Napoli asegur\u00f3 el triunfo por 4-2, sin poder ejecutar el \u00faltimo remate para la Juve.<\/p>\n<p>En la ceremonia de premiaci\u00f3n, Cristiano a duras penas contuvo el llanto.<\/p>\n<p>El partido se jug\u00f3 en el d\u00eda que su hijo Cristiano Jr. cumpli\u00f3 10 a\u00f1os. Tambi\u00e9n se le escap\u00f3 la oportunidad de sumar el 30mo trofeo de su carrera.<\/p>\n<p>Se supon\u00eda que este iba a ser el mes en el que Cristiano comandar\u00eda a Portugal en la defensa del t\u00edtulo de la Eurocopa. En cambio, tendr\u00e1 que apurar la puesta a punto al reanudarse la Serie A.<\/p>\n<p>Con informaci\u00f3n de AP<\/p>\n","protected":false},"excerpt":{"rendered":"<p>A sus 35 a\u00f1os, a Cristiano le cuesta recuperar su mejor nivel Por Redacci\u00f3n QP&#8230;<\/p>\n","protected":false},"author":2,"featured_media":59536,"comment_status":"open","ping_status":"open","sticky":false,"template":"","format":"standard","meta":{"_monsterinsights_skip_tracking":false,"_monsterinsights_sitenote_active":false,"_monsterinsights_sitenote_note":"","_monsterinsights_sitenote_category":0,"footnotes":""},"categories":[54],"tags":[],"class_list":["post-59535","post","type-post","status-publish","format-standard","has-post-thumbnail","hentry","category-deportes"],"yoast_head":"<!-- This site is optimized with the Yoast SEO plugin v27.3 - https:\/\/yoast.com\/product\/yoast-seo-wordpress\/ -->\n<title>A sus 35 a\u00f1os, a Cristiano le cuesta recuperar su mejor nivel -<\/title>\n<meta name=\"robots\" content=\"index, follow, max-snippet:-1, max-image-preview:large, max-video-preview:-1\" \/>\n<link rel=\"canonical\" href=\"https:\/\/quehacerpolitico.mx\/?p=59535\" \/>\n<meta property=\"og:locale\" content=\"es_MX\" \/>\n<meta property=\"og:type\" content=\"article\" \/>\n<meta property=\"og:title\" content=\"A sus 35 a\u00f1os, a Cristiano le cuesta recuperar su mejor nivel -\" \/>\n<meta property=\"og:description\" content=\"A sus 35 a\u00f1os, a Cristiano le cuesta recuperar su mejor nivel Por Redacci\u00f3n QP...\" \/>\n<meta property=\"og:url\" content=\"https:\/\/quehacerpolitico.mx\/?p=59535\" \/>\n<meta property=\"article:published_time\" content=\"2020-06-19T05:03:50+00:00\" \/>\n<meta property=\"og:image\" content=\"https:\/\/quehacerpolitico.mx\/wp-content\/uploads\/2020\/06\/BF4F467F-9E21-4317-AE59-8C82E12A9993.jpeg\" \/>\n\t<meta property=\"og:image:width\" content=\"320\" \/>\n\t<meta property=\"og:image:height\" content=\"305\" \/>\n\t<meta property=\"og:image:type\" content=\"image\/jpeg\" \/>\n<meta name=\"author\" content=\"Redacci\u00f3n QP\" \/>\n<meta name=\"twitter:card\" content=\"summary_large_image\" \/>\n<meta name=\"twitter:label1\" content=\"Escrito por\" \/>\n\t<meta name=\"twitter:data1\" content=\"Redacci\u00f3n QP\" \/>\n\t<meta name=\"twitter:label2\" content=\"Tiempo de lectura\" \/>\n\t<meta name=\"twitter:data2\" content=\"2 minutos\" \/>\n<script type=\"application\/ld+json\" class=\"yoast-schema-graph\">{\"@context\":\"https:\\\/\\\/schema.org\",\"@graph\":[{\"@type\":\"Article\",\"@id\":\"https:\\\/\\\/quehacerpolitico.mx\\\/?p=59535#article\",\"isPartOf\":{\"@id\":\"https:\\\/\\\/quehacerpolitico.mx\\\/?p=59535\"},\"author\":{\"name\":\"Redacci\u00f3n QP\",\"@id\":\"https:\\\/\\\/quehacerpolitico.mx\\\/#\\\/schema\\\/person\\\/496d8ad2d1d3f8036101dca7ee39e585\"},\"headline\":\"A sus 35 a\u00f1os, a Cristiano le cuesta recuperar su mejor nivel\",\"datePublished\":\"2020-06-19T05:03:50+00:00\",\"mainEntityOfPage\":{\"@id\":\"https:\\\/\\\/quehacerpolitico.mx\\\/?p=59535\"},\"wordCount\":412,\"commentCount\":0,\"image\":{\"@id\":\"https:\\\/\\\/quehacerpolitico.mx\\\/?p=59535#primaryimage\"},\"thumbnailUrl\":\"https:\\\/\\\/quehacerpolitico.mx\\\/wp-content\\\/uploads\\\/2020\\\/06\\\/BF4F467F-9E21-4317-AE59-8C82E12A9993.jpeg\",\"articleSection\":[\"Deportes\"],\"inLanguage\":\"es\",\"potentialAction\":[{\"@type\":\"CommentAction\",\"name\":\"Comment\",\"target\":[\"https:\\\/\\\/quehacerpolitico.mx\\\/?p=59535#respond\"]}]},{\"@type\":\"WebPage\",\"@id\":\"https:\\\/\\\/quehacerpolitico.mx\\\/?p=59535\",\"url\":\"https:\\\/\\\/quehacerpolitico.mx\\\/?p=59535\",\"name\":\"A sus 35 a\u00f1os, a Cristiano le cuesta recuperar su mejor nivel -\",\"isPartOf\":{\"@id\":\"https:\\\/\\\/quehacerpolitico.mx\\\/#website\"},\"primaryImageOfPage\":{\"@id\":\"https:\\\/\\\/quehacerpolitico.mx\\\/?p=59535#primaryimage\"},\"image\":{\"@id\":\"https:\\\/\\\/quehacerpolitico.mx\\\/?p=59535#primaryimage\"},\"thumbnailUrl\":\"https:\\\/\\\/quehacerpolitico.mx\\\/wp-content\\\/uploads\\\/2020\\\/06\\\/BF4F467F-9E21-4317-AE59-8C82E12A9993.jpeg\",\"datePublished\":\"2020-06-19T05:03:50+00:00\",\"author\":{\"@id\":\"https:\\\/\\\/quehacerpolitico.mx\\\/#\\\/schema\\\/person\\\/496d8ad2d1d3f8036101dca7ee39e585\"},\"breadcrumb\":{\"@id\":\"https:\\\/\\\/quehacerpolitico.mx\\\/?p=59535#breadcrumb\"},\"inLanguage\":\"es\",\"potentialAction\":[{\"@type\":\"ReadAction\",\"target\":[\"https:\\\/\\\/quehacerpolitico.mx\\\/?p=59535\"]}]},{\"@type\":\"ImageObject\",\"inLanguage\":\"es\",\"@id\":\"https:\\\/\\\/quehacerpolitico.mx\\\/?p=59535#primaryimage\",\"url\":\"https:\\\/\\\/quehacerpolitico.mx\\\/wp-content\\\/uploads\\\/2020\\\/06\\\/BF4F467F-9E21-4317-AE59-8C82E12A9993.jpeg\",\"contentUrl\":\"https:\\\/\\\/quehacerpolitico.mx\\\/wp-content\\\/uploads\\\/2020\\\/06\\\/BF4F467F-9E21-4317-AE59-8C82E12A9993.jpeg\",\"width\":320,\"height\":305},{\"@type\":\"BreadcrumbList\",\"@id\":\"https:\\\/\\\/quehacerpolitico.mx\\\/?p=59535#breadcrumb\",\"itemListElement\":[{\"@type\":\"ListItem\",\"position\":1,\"name\":\"Inicio\",\"item\":\"https:\\\/\\\/quehacerpolitico.mx\\\/\"},{\"@type\":\"ListItem\",\"position\":2,\"name\":\"A sus 35 a\u00f1os, a Cristiano le cuesta recuperar su mejor nivel\"}]},{\"@type\":\"WebSite\",\"@id\":\"https:\\\/\\\/quehacerpolitico.mx\\\/#website\",\"url\":\"https:\\\/\\\/quehacerpolitico.mx\\\/\",\"name\":\"\",\"description\":\"\",\"potentialAction\":[{\"@type\":\"SearchAction\",\"target\":{\"@type\":\"EntryPoint\",\"urlTemplate\":\"https:\\\/\\\/quehacerpolitico.mx\\\/?s={search_term_string}\"},\"query-input\":{\"@type\":\"PropertyValueSpecification\",\"valueRequired\":true,\"valueName\":\"search_term_string\"}}],\"inLanguage\":\"es\"},{\"@type\":\"Person\",\"@id\":\"https:\\\/\\\/quehacerpolitico.mx\\\/#\\\/schema\\\/person\\\/496d8ad2d1d3f8036101dca7ee39e585\",\"name\":\"Redacci\u00f3n QP\",\"image\":{\"@type\":\"ImageObject\",\"inLanguage\":\"es\",\"@id\":\"https:\\\/\\\/secure.gravatar.com\\\/avatar\\\/c7164ed6fdec453195284ad24a5ae5b6e1eed2b848477fa2a4787ba9adf39a41?s=96&d=mm&r=g\",\"url\":\"https:\\\/\\\/secure.gravatar.com\\\/avatar\\\/c7164ed6fdec453195284ad24a5ae5b6e1eed2b848477fa2a4787ba9adf39a41?s=96&d=mm&r=g\",\"contentUrl\":\"https:\\\/\\\/secure.gravatar.com\\\/avatar\\\/c7164ed6fdec453195284ad24a5ae5b6e1eed2b848477fa2a4787ba9adf39a41?s=96&d=mm&r=g\",\"caption\":\"Redacci\u00f3n QP\"},\"url\":\"https:\\\/\\\/quehacerpolitico.mx\\\/?author=2\"}]}<\/script>\n<!-- \/ Yoast SEO plugin. -->","yoast_head_json":{"title":"A sus 35 a\u00f1os, a Cristiano le cuesta recuperar su mejor nivel -","robots":{"index":"index","follow":"follow","max-snippet":"max-snippet:-1","max-image-preview":"max-image-preview:large","max-video-preview":"max-video-preview:-1"},"canonical":"https:\/\/quehacerpolitico.mx\/?p=59535","og_locale":"es_MX","og_type":"article","og_title":"A sus 35 a\u00f1os, a Cristiano le cuesta recuperar su mejor nivel -","og_description":"A sus 35 a\u00f1os, a Cristiano le cuesta recuperar su mejor nivel Por Redacci\u00f3n QP...","og_url":"https:\/\/quehacerpolitico.mx\/?p=59535","article_published_time":"2020-06-19T05:03:50+00:00","og_image":[{"width":320,"height":305,"url":"https:\/\/quehacerpolitico.mx\/wp-content\/uploads\/2020\/06\/BF4F467F-9E21-4317-AE59-8C82E12A9993.jpeg","type":"image\/jpeg"}],"author":"Redacci\u00f3n QP","twitter_card":"summary_large_image","twitter_misc":{"Escrito por":"Redacci\u00f3n QP","Tiempo de lectura":"2 minutos"},"schema":{"@context":"https:\/\/schema.org","@graph":[{"@type":"Article","@id":"https:\/\/quehacerpolitico.mx\/?p=59535#article","isPartOf":{"@id":"https:\/\/quehacerpolitico.mx\/?p=59535"},"author":{"name":"Redacci\u00f3n QP","@id":"https:\/\/quehacerpolitico.mx\/#\/schema\/person\/496d8ad2d1d3f8036101dca7ee39e585"},"headline":"A sus 35 a\u00f1os, a Cristiano le cuesta recuperar su mejor nivel","datePublished":"2020-06-19T05:03:50+00:00","mainEntityOfPage":{"@id":"https:\/\/quehacerpolitico.mx\/?p=59535"},"wordCount":412,"commentCount":0,"image":{"@id":"https:\/\/quehacerpolitico.mx\/?p=59535#primaryimage"},"thumbnailUrl":"https:\/\/quehacerpolitico.mx\/wp-content\/uploads\/2020\/06\/BF4F467F-9E21-4317-AE59-8C82E12A9993.jpeg","articleSection":["Deportes"],"inLanguage":"es","potentialAction":[{"@type":"CommentAction","name":"Comment","target":["https:\/\/quehacerpolitico.mx\/?p=59535#respond"]}]},{"@type":"WebPage","@id":"https:\/\/quehacerpolitico.mx\/?p=59535","url":"https:\/\/quehacerpolitico.mx\/?p=59535","name":"A sus 35 a\u00f1os, a Cristiano le cuesta recuperar su mejor nivel -","isPartOf":{"@id":"https:\/\/quehacerpolitico.mx\/#website"},"primaryImageOfPage":{"@id":"https:\/\/quehacerpolitico.mx\/?p=59535#primaryimage"},"image":{"@id":"https:\/\/quehacerpolitico.mx\/?p=59535#primaryimage"},"thumbnailUrl":"https:\/\/quehacerpolitico.mx\/wp-content\/uploads\/2020\/06\/BF4F467F-9E21-4317-AE59-8C82E12A9993.jpeg","datePublished":"2020-06-19T05:03:50+00:00","author":{"@id":"https:\/\/quehacerpolitico.mx\/#\/schema\/person\/496d8ad2d1d3f8036101dca7ee39e585"},"breadcrumb":{"@id":"https:\/\/quehacerpolitico.mx\/?p=59535#breadcrumb"},"inLanguage":"es","potentialAction":[{"@type":"ReadAction","target":["https:\/\/quehacerpolitico.mx\/?p=59535"]}]},{"@type":"ImageObject","inLanguage":"es","@id":"https:\/\/quehacerpolitico.mx\/?p=59535#primaryimage","url":"https:\/\/quehacerpolitico.mx\/wp-content\/uploads\/2020\/06\/BF4F467F-9E21-4317-AE59-8C82E12A9993.jpeg","contentUrl":"https:\/\/quehacerpolitico.mx\/wp-content\/uploads\/2020\/06\/BF4F467F-9E21-4317-AE59-8C82E12A9993.jpeg","width":320,"height":305},{"@type":"BreadcrumbList","@id":"https:\/\/quehacerpolitico.mx\/?p=59535#breadcrumb","itemListElement":[{"@type":"ListItem","position":1,"name":"Inicio","item":"https:\/\/quehacerpolitico.mx\/"},{"@type":"ListItem","position":2,"name":"A sus 35 a\u00f1os, a Cristiano le cuesta recuperar su mejor nivel"}]},{"@type":"WebSite","@id":"https:\/\/quehacerpolitico.mx\/#website","url":"https:\/\/quehacerpolitico.mx\/","name":"","description":"","potentialAction":[{"@type":"SearchAction","target":{"@type":"EntryPoint","urlTemplate":"https:\/\/quehacerpolitico.mx\/?s={search_term_string}"},"query-input":{"@type":"PropertyValueSpecification","valueRequired":true,"valueName":"search_term_string"}}],"inLanguage":"es"},{"@type":"Person","@id":"https:\/\/quehacerpolitico.mx\/#\/schema\/person\/496d8ad2d1d3f8036101dca7ee39e585","name":"Redacci\u00f3n QP","image":{"@type":"ImageObject","inLanguage":"es","@id":"https:\/\/secure.gravatar.com\/avatar\/c7164ed6fdec453195284ad24a5ae5b6e1eed2b848477fa2a4787ba9adf39a41?s=96&d=mm&r=g","url":"https:\/\/secure.gravatar.com\/avatar\/c7164ed6fdec453195284ad24a5ae5b6e1eed2b848477fa2a4787ba9adf39a41?s=96&d=mm&r=g","contentUrl":"https:\/\/secure.gravatar.com\/avatar\/c7164ed6fdec453195284ad24a5ae5b6e1eed2b848477fa2a4787ba9adf39a41?s=96&d=mm&r=g","caption":"Redacci\u00f3n QP"},"url":"https:\/\/quehacerpolitico.mx\/?author=2"}]}},"featured_image_urls":{"full":["https:\/\/quehacerpolitico.mx\/wp-content\/uploads\/2020\/06\/BF4F467F-9E21-4317-AE59-8C82E12A9993.jpeg",320,305,false],"thumbnail":["https:\/\/quehacerpolitico.mx\/wp-content\/uploads\/2020\/06\/BF4F467F-9E21-4317-AE59-8C82E12A9993-150x150.jpeg",150,150,true],"medium":["https:\/\/quehacerpolitico.mx\/wp-content\/uploads\/2020\/06\/BF4F467F-9E21-4317-AE59-8C82E12A9993-300x286.jpeg",300,286,true],"medium_large":["https:\/\/quehacerpolitico.mx\/wp-content\/uploads\/2020\/06\/BF4F467F-9E21-4317-AE59-8C82E12A9993.jpeg",320,305,false],"large":["https:\/\/quehacerpolitico.mx\/wp-content\/uploads\/2020\/06\/BF4F467F-9E21-4317-AE59-8C82E12A9993.jpeg",320,305,false],"1536x1536":["https:\/\/quehacerpolitico.mx\/wp-content\/uploads\/2020\/06\/BF4F467F-9E21-4317-AE59-8C82E12A9993.jpeg",320,305,false],"2048x2048":["https:\/\/quehacerpolitico.mx\/wp-content\/uploads\/2020\/06\/BF4F467F-9E21-4317-AE59-8C82E12A9993.jpeg",320,305,false],"covernews-featured":["https:\/\/quehacerpolitico.mx\/wp-content\/uploads\/2020\/06\/BF4F467F-9E21-4317-AE59-8C82E12A9993.jpeg",320,305,false],"covernews-medium":["https:\/\/quehacerpolitico.mx\/wp-content\/uploads\/2020\/06\/BF4F467F-9E21-4317-AE59-8C82E12A9993.jpeg",320,305,false]},"author_info":{"display_name":"Redacci\u00f3n QP","author_link":"https:\/\/quehacerpolitico.mx\/?author=2"},"category_info":"<a href=\"https:\/\/quehacerpolitico.mx\/?cat=54\" rel=\"category\">Deportes<\/a>","tag_info":"Deportes","comment_count":"0","_links":{"self":[{"href":"https:\/\/quehacerpolitico.mx\/index.php?rest_route=\/wp\/v2\/posts\/59535","targetHints":{"allow":["GET"]}}],"collection":[{"href":"https:\/\/quehacerpolitico.mx\/index.php?rest_route=\/wp\/v2\/posts"}],"about":[{"href":"https:\/\/quehacerpolitico.mx\/index.php?rest_route=\/wp\/v2\/types\/post"}],"author":[{"embeddable":true,"href":"https:\/\/quehacerpolitico.mx\/index.php?rest_route=\/wp\/v2\/users\/2"}],"replies":[{"embeddable":true,"href":"https:\/\/quehacerpolitico.mx\/index.php?rest_route=%2Fwp%2Fv2%2Fcomments&post=59535"}],"version-history":[{"count":0,"href":"https:\/\/quehacerpolitico.mx\/index.php?rest_route=\/wp\/v2\/posts\/59535\/revisions"}],"wp:featuredmedia":[{"embeddable":true,"href":"https:\/\/quehacerpolitico.mx\/index.php?rest_route=\/wp\/v2\/media\/59536"}],"wp:attachment":[{"href":"https:\/\/quehacerpolitico.mx\/index.php?rest_route=%2Fwp%2Fv2%2Fmedia&parent=59535"}],"wp:term":[{"taxonomy":"category","embeddable":true,"href":"https:\/\/quehacerpolitico.mx\/index.php?rest_route=%2Fwp%2Fv2%2Fcategories&post=59535"},{"taxonomy":"post_tag","embeddable":true,"href":"https:\/\/quehacerpolitico.mx\/index.php?rest_route=%2Fwp%2Fv2%2Ftags&post=59535"}],"curies":[{"name":"wp","href":"https:\/\/api.w.org\/{rel}","templated":true}]}}