{"id":59302,"date":"2020-06-13T11:48:16","date_gmt":"2020-06-13T16:48:16","guid":{"rendered":"http:\/\/quehacerpolitico.mx\/?p=59302"},"modified":"2020-06-13T11:48:16","modified_gmt":"2020-06-13T16:48:16","slug":"la-ciudad-de-mexico-alista-su-reapertura","status":"publish","type":"post","link":"https:\/\/quehacerpolitico.mx\/?p=59302","title":{"rendered":"La Ciudad de M\u00e9xico alista su reapertura"},"content":{"rendered":"<h1 class=\"news-title\">La Ciudad de M\u00e9xico alista su reapertura<br \/>\nPor Redacci\u00f3n QP<\/h1>\n<p>Entre el 15 y el 28 de junio se reabrir\u00e1n los comercios y se levantar\u00e1n medidas restrictivas al transporte, aunque advierten que un aumento en los contagios ameritar\u00e1 replantear la estrategia<\/p>\n<p>La jefa de Gobierno de la Ciudad de M\u00e9xico, Claudia Sheinbaum, anunci\u00f3 que la reapertura econ\u00f3mica de la metr\u00f3poli\u00a0<strong>iniciar\u00e1 el 15 de junio, aunque se mantendr\u00e1 la fase roja de alerta por contagios de COVID-19.<\/strong><\/p>\n<blockquote class=\"twitter-tweet\" data-width=\"550\" data-dnt=\"true\">\n<p lang=\"es\" dir=\"ltr\">Presentamos el Programa de Transici\u00f3n ordenada y gradual hacia el sem\u00e1foro naranja. Incluye fechas y actividades que van a ir incorpor\u00e1ndose a la nueva normalidad este lunes. Es indispensable seguir puntualmente las medidas de higiene: la presentaci\u00f3n: <a href=\"https:\/\/t.co\/EJsTl6roTp\">https:\/\/t.co\/EJsTl6roTp<\/a> <a href=\"https:\/\/t.co\/bkhjxARu6d\">pic.twitter.com\/bkhjxARu6d<\/a><\/p>\n<p>&mdash; Claudia Sheinbaum Pardo (@Claudiashein) <a href=\"https:\/\/twitter.com\/Claudiashein\/status\/1271527783026606085?ref_src=twsrc%5Etfw\">June 12, 2020<\/a><\/p><\/blockquote>\n<p><script async src=\"https:\/\/platform.twitter.com\/widgets.js\" charset=\"utf-8\"><\/script><\/p>\n<p>\u201cEs una semana de transici\u00f3n ordenada y de preparaci\u00f3n. La Ciudad de M\u00e9xico formalmente est\u00e1 en sem\u00e1foro rojo, pero hay indicadores que permiten decir que estamos ya hacia un proceso distinto\u201d, indic\u00f3 la jefa de Gobierno.<\/p>\n<p><strong>Sheinbaum dijo que han hablado con autoridades de la Secretar\u00eda de Salud y se considera que \u201cla pr\u00f3xima semana la ciudad puede entrar a un proceso de transici\u00f3n muy ordenado y poco a poco\u201d,<\/strong> aunque si aumentan los contagios y hospitalizaciones replantear\u00e1n su plan.<\/p>\n<blockquote class=\"twitter-tweet\" data-width=\"550\" data-dnt=\"true\">\n<p lang=\"es\" dir=\"ltr\"><a href=\"https:\/\/twitter.com\/hashtag\/EnVivo?src=hash&amp;ref_src=twsrc%5Etfw\">#EnVivo<\/a> \ud83d\udd34\ud83d\udcf9 <a href=\"https:\/\/twitter.com\/hashtag\/Videoconferencia?src=hash&amp;ref_src=twsrc%5Etfw\">#Videoconferencia<\/a> de prensa con la <a href=\"https:\/\/twitter.com\/hashtag\/JefaDeGobierno?src=hash&amp;ref_src=twsrc%5Etfw\">#JefaDeGobierno<\/a>.  <a href=\"https:\/\/twitter.com\/hashtag\/JuntosVamosASalirAdelante?src=hash&amp;ref_src=twsrc%5Etfw\">#JuntosVamosASalirAdelante<\/a>  <a href=\"https:\/\/twitter.com\/hashtag\/Prot%C3%A9geteYProtegeALosDem%C3%A1s?src=hash&amp;ref_src=twsrc%5Etfw\">#Prot\u00e9geteYProtegeALosDem\u00e1s<\/a> <a href=\"https:\/\/t.co\/RMWvqDhsFF\">https:\/\/t.co\/RMWvqDhsFF<\/a><\/p>\n<p>&mdash; Gobierno de la Ciudad de M\u00e9xico (@GobCDMX) <a href=\"https:\/\/twitter.com\/GobCDMX\/status\/1271836932146728961?ref_src=twsrc%5Etfw\">June 13, 2020<\/a><\/p><\/blockquote>\n<p><script async src=\"https:\/\/platform.twitter.com\/widgets.js\" charset=\"utf-8\"><\/script><\/p>\n<p>El plan anunciado <strong>prev\u00e9 que el lunes finalice el programa \u201cHoy No Circula Temporal\u201d, de reducci\u00f3n de veh\u00edculos en la ciudad y la reapertura de las estaciones del Metro y Metrob\u00fas que estaban cerradas.<\/strong><\/p>\n<p>Mientras que <strong>el 16 de junio abrir\u00e1 la industria manufacturera con un plan de trabajo de lunes a jueves,<\/strong> al igual que lo hizo la industria cervecera, lo cual \u201cimplica alrededor de 340 mil trabajadores\u201d.<\/p>\n<p>Para el 18 de este mes se retomar\u00e1 el comercio menor en los barrios de la ciudad, aunque no se incluyen tiendas departamentales; el 19 volver\u00e1n los servicios profesionales, cient\u00edficos y t\u00e9cnicos asociados a la industria.<\/p>\n<p>La funcionaria adelant\u00f3 que para el d\u00eda 22 abrir\u00e1n los tianguis y mercados, y para el 23, \u201ccon un protocolo muy especial\u201d, lo har\u00e1n los negocios del Centro Hist\u00f3rico.<\/p>\n<p>El 24 se dar\u00e1 paso a los hoteles y restaurantes a 30% y 40% de capacidad; el 25 de junio los centros comerciales y las tiendas departamentales a 30% de capacidad y hasta el 28 de junio se reanudar\u00e1n los servicios religiosos.<\/p>\n<p>Con informaci\u00f3n de EFE<\/p>\n","protected":false},"excerpt":{"rendered":"<p>La Ciudad de M\u00e9xico alista su reapertura Por Redacci\u00f3n QP Entre el 15 y el&#8230;<\/p>\n","protected":false},"author":2,"featured_media":59303,"comment_status":"open","ping_status":"open","sticky":false,"template":"","format":"standard","meta":{"_monsterinsights_skip_tracking":false,"_monsterinsights_sitenote_active":false,"_monsterinsights_sitenote_note":"","_monsterinsights_sitenote_category":0,"footnotes":""},"categories":[55],"tags":[],"class_list":["post-59302","post","type-post","status-publish","format-standard","has-post-thumbnail","hentry","category-cdmx"],"yoast_head":"<!-- This site is optimized with the Yoast SEO plugin v27.3 - https:\/\/yoast.com\/product\/yoast-seo-wordpress\/ -->\n<title>La Ciudad de M\u00e9xico alista su reapertura -<\/title>\n<meta name=\"robots\" content=\"index, follow, max-snippet:-1, max-image-preview:large, max-video-preview:-1\" \/>\n<link rel=\"canonical\" href=\"https:\/\/quehacerpolitico.mx\/?p=59302\" \/>\n<meta property=\"og:locale\" content=\"es_MX\" \/>\n<meta property=\"og:type\" content=\"article\" \/>\n<meta property=\"og:title\" content=\"La Ciudad de M\u00e9xico alista su reapertura -\" \/>\n<meta property=\"og:description\" content=\"La Ciudad de M\u00e9xico alista su reapertura Por Redacci\u00f3n QP Entre el 15 y el...\" \/>\n<meta property=\"og:url\" content=\"https:\/\/quehacerpolitico.mx\/?p=59302\" \/>\n<meta property=\"article:published_time\" content=\"2020-06-13T16:48:16+00:00\" \/>\n<meta property=\"og:image\" content=\"https:\/\/quehacerpolitico.mx\/wp-content\/uploads\/2020\/06\/992430D4-898A-41DA-A86D-7AAB66F279CD.jpeg\" \/>\n\t<meta property=\"og:image:width\" content=\"640\" \/>\n\t<meta property=\"og:image:height\" content=\"360\" \/>\n\t<meta property=\"og:image:type\" content=\"image\/jpeg\" \/>\n<meta name=\"author\" content=\"Redacci\u00f3n QP\" \/>\n<meta name=\"twitter:card\" content=\"summary_large_image\" \/>\n<meta name=\"twitter:label1\" content=\"Escrito por\" \/>\n\t<meta name=\"twitter:data1\" content=\"Redacci\u00f3n QP\" \/>\n\t<meta name=\"twitter:label2\" content=\"Tiempo de lectura\" \/>\n\t<meta name=\"twitter:data2\" content=\"2 minutos\" \/>\n<script type=\"application\/ld+json\" class=\"yoast-schema-graph\">{\"@context\":\"https:\\\/\\\/schema.org\",\"@graph\":[{\"@type\":\"Article\",\"@id\":\"https:\\\/\\\/quehacerpolitico.mx\\\/?p=59302#article\",\"isPartOf\":{\"@id\":\"https:\\\/\\\/quehacerpolitico.mx\\\/?p=59302\"},\"author\":{\"name\":\"Redacci\u00f3n QP\",\"@id\":\"https:\\\/\\\/quehacerpolitico.mx\\\/#\\\/schema\\\/person\\\/496d8ad2d1d3f8036101dca7ee39e585\"},\"headline\":\"La Ciudad de M\u00e9xico alista su reapertura\",\"datePublished\":\"2020-06-13T16:48:16+00:00\",\"mainEntityOfPage\":{\"@id\":\"https:\\\/\\\/quehacerpolitico.mx\\\/?p=59302\"},\"wordCount\":369,\"commentCount\":0,\"image\":{\"@id\":\"https:\\\/\\\/quehacerpolitico.mx\\\/?p=59302#primaryimage\"},\"thumbnailUrl\":\"https:\\\/\\\/quehacerpolitico.mx\\\/wp-content\\\/uploads\\\/2020\\\/06\\\/992430D4-898A-41DA-A86D-7AAB66F279CD.jpeg\",\"articleSection\":[\"CDMX\"],\"inLanguage\":\"es\",\"potentialAction\":[{\"@type\":\"CommentAction\",\"name\":\"Comment\",\"target\":[\"https:\\\/\\\/quehacerpolitico.mx\\\/?p=59302#respond\"]}]},{\"@type\":\"WebPage\",\"@id\":\"https:\\\/\\\/quehacerpolitico.mx\\\/?p=59302\",\"url\":\"https:\\\/\\\/quehacerpolitico.mx\\\/?p=59302\",\"name\":\"La Ciudad de M\u00e9xico alista su reapertura -\",\"isPartOf\":{\"@id\":\"https:\\\/\\\/quehacerpolitico.mx\\\/#website\"},\"primaryImageOfPage\":{\"@id\":\"https:\\\/\\\/quehacerpolitico.mx\\\/?p=59302#primaryimage\"},\"image\":{\"@id\":\"https:\\\/\\\/quehacerpolitico.mx\\\/?p=59302#primaryimage\"},\"thumbnailUrl\":\"https:\\\/\\\/quehacerpolitico.mx\\\/wp-content\\\/uploads\\\/2020\\\/06\\\/992430D4-898A-41DA-A86D-7AAB66F279CD.jpeg\",\"datePublished\":\"2020-06-13T16:48:16+00:00\",\"author\":{\"@id\":\"https:\\\/\\\/quehacerpolitico.mx\\\/#\\\/schema\\\/person\\\/496d8ad2d1d3f8036101dca7ee39e585\"},\"breadcrumb\":{\"@id\":\"https:\\\/\\\/quehacerpolitico.mx\\\/?p=59302#breadcrumb\"},\"inLanguage\":\"es\",\"potentialAction\":[{\"@type\":\"ReadAction\",\"target\":[\"https:\\\/\\\/quehacerpolitico.mx\\\/?p=59302\"]}]},{\"@type\":\"ImageObject\",\"inLanguage\":\"es\",\"@id\":\"https:\\\/\\\/quehacerpolitico.mx\\\/?p=59302#primaryimage\",\"url\":\"https:\\\/\\\/quehacerpolitico.mx\\\/wp-content\\\/uploads\\\/2020\\\/06\\\/992430D4-898A-41DA-A86D-7AAB66F279CD.jpeg\",\"contentUrl\":\"https:\\\/\\\/quehacerpolitico.mx\\\/wp-content\\\/uploads\\\/2020\\\/06\\\/992430D4-898A-41DA-A86D-7AAB66F279CD.jpeg\",\"width\":640,\"height\":360},{\"@type\":\"BreadcrumbList\",\"@id\":\"https:\\\/\\\/quehacerpolitico.mx\\\/?p=59302#breadcrumb\",\"itemListElement\":[{\"@type\":\"ListItem\",\"position\":1,\"name\":\"Inicio\",\"item\":\"https:\\\/\\\/quehacerpolitico.mx\\\/\"},{\"@type\":\"ListItem\",\"position\":2,\"name\":\"La Ciudad de M\u00e9xico alista su reapertura\"}]},{\"@type\":\"WebSite\",\"@id\":\"https:\\\/\\\/quehacerpolitico.mx\\\/#website\",\"url\":\"https:\\\/\\\/quehacerpolitico.mx\\\/\",\"name\":\"\",\"description\":\"\",\"potentialAction\":[{\"@type\":\"SearchAction\",\"target\":{\"@type\":\"EntryPoint\",\"urlTemplate\":\"https:\\\/\\\/quehacerpolitico.mx\\\/?s={search_term_string}\"},\"query-input\":{\"@type\":\"PropertyValueSpecification\",\"valueRequired\":true,\"valueName\":\"search_term_string\"}}],\"inLanguage\":\"es\"},{\"@type\":\"Person\",\"@id\":\"https:\\\/\\\/quehacerpolitico.mx\\\/#\\\/schema\\\/person\\\/496d8ad2d1d3f8036101dca7ee39e585\",\"name\":\"Redacci\u00f3n QP\",\"image\":{\"@type\":\"ImageObject\",\"inLanguage\":\"es\",\"@id\":\"https:\\\/\\\/secure.gravatar.com\\\/avatar\\\/c7164ed6fdec453195284ad24a5ae5b6e1eed2b848477fa2a4787ba9adf39a41?s=96&d=mm&r=g\",\"url\":\"https:\\\/\\\/secure.gravatar.com\\\/avatar\\\/c7164ed6fdec453195284ad24a5ae5b6e1eed2b848477fa2a4787ba9adf39a41?s=96&d=mm&r=g\",\"contentUrl\":\"https:\\\/\\\/secure.gravatar.com\\\/avatar\\\/c7164ed6fdec453195284ad24a5ae5b6e1eed2b848477fa2a4787ba9adf39a41?s=96&d=mm&r=g\",\"caption\":\"Redacci\u00f3n QP\"},\"url\":\"https:\\\/\\\/quehacerpolitico.mx\\\/?author=2\"}]}<\/script>\n<!-- \/ Yoast SEO plugin. -->","yoast_head_json":{"title":"La Ciudad de M\u00e9xico alista su reapertura -","robots":{"index":"index","follow":"follow","max-snippet":"max-snippet:-1","max-image-preview":"max-image-preview:large","max-video-preview":"max-video-preview:-1"},"canonical":"https:\/\/quehacerpolitico.mx\/?p=59302","og_locale":"es_MX","og_type":"article","og_title":"La Ciudad de M\u00e9xico alista su reapertura -","og_description":"La Ciudad de M\u00e9xico alista su reapertura Por Redacci\u00f3n QP Entre el 15 y el...","og_url":"https:\/\/quehacerpolitico.mx\/?p=59302","article_published_time":"2020-06-13T16:48:16+00:00","og_image":[{"width":640,"height":360,"url":"https:\/\/quehacerpolitico.mx\/wp-content\/uploads\/2020\/06\/992430D4-898A-41DA-A86D-7AAB66F279CD.jpeg","type":"image\/jpeg"}],"author":"Redacci\u00f3n QP","twitter_card":"summary_large_image","twitter_misc":{"Escrito por":"Redacci\u00f3n QP","Tiempo de lectura":"2 minutos"},"schema":{"@context":"https:\/\/schema.org","@graph":[{"@type":"Article","@id":"https:\/\/quehacerpolitico.mx\/?p=59302#article","isPartOf":{"@id":"https:\/\/quehacerpolitico.mx\/?p=59302"},"author":{"name":"Redacci\u00f3n QP","@id":"https:\/\/quehacerpolitico.mx\/#\/schema\/person\/496d8ad2d1d3f8036101dca7ee39e585"},"headline":"La Ciudad de M\u00e9xico alista su reapertura","datePublished":"2020-06-13T16:48:16+00:00","mainEntityOfPage":{"@id":"https:\/\/quehacerpolitico.mx\/?p=59302"},"wordCount":369,"commentCount":0,"image":{"@id":"https:\/\/quehacerpolitico.mx\/?p=59302#primaryimage"},"thumbnailUrl":"https:\/\/quehacerpolitico.mx\/wp-content\/uploads\/2020\/06\/992430D4-898A-41DA-A86D-7AAB66F279CD.jpeg","articleSection":["CDMX"],"inLanguage":"es","potentialAction":[{"@type":"CommentAction","name":"Comment","target":["https:\/\/quehacerpolitico.mx\/?p=59302#respond"]}]},{"@type":"WebPage","@id":"https:\/\/quehacerpolitico.mx\/?p=59302","url":"https:\/\/quehacerpolitico.mx\/?p=59302","name":"La Ciudad de M\u00e9xico alista su reapertura -","isPartOf":{"@id":"https:\/\/quehacerpolitico.mx\/#website"},"primaryImageOfPage":{"@id":"https:\/\/quehacerpolitico.mx\/?p=59302#primaryimage"},"image":{"@id":"https:\/\/quehacerpolitico.mx\/?p=59302#primaryimage"},"thumbnailUrl":"https:\/\/quehacerpolitico.mx\/wp-content\/uploads\/2020\/06\/992430D4-898A-41DA-A86D-7AAB66F279CD.jpeg","datePublished":"2020-06-13T16:48:16+00:00","author":{"@id":"https:\/\/quehacerpolitico.mx\/#\/schema\/person\/496d8ad2d1d3f8036101dca7ee39e585"},"breadcrumb":{"@id":"https:\/\/quehacerpolitico.mx\/?p=59302#breadcrumb"},"inLanguage":"es","potentialAction":[{"@type":"ReadAction","target":["https:\/\/quehacerpolitico.mx\/?p=59302"]}]},{"@type":"ImageObject","inLanguage":"es","@id":"https:\/\/quehacerpolitico.mx\/?p=59302#primaryimage","url":"https:\/\/quehacerpolitico.mx\/wp-content\/uploads\/2020\/06\/992430D4-898A-41DA-A86D-7AAB66F279CD.jpeg","contentUrl":"https:\/\/quehacerpolitico.mx\/wp-content\/uploads\/2020\/06\/992430D4-898A-41DA-A86D-7AAB66F279CD.jpeg","width":640,"height":360},{"@type":"BreadcrumbList","@id":"https:\/\/quehacerpolitico.mx\/?p=59302#breadcrumb","itemListElement":[{"@type":"ListItem","position":1,"name":"Inicio","item":"https:\/\/quehacerpolitico.mx\/"},{"@type":"ListItem","position":2,"name":"La Ciudad de M\u00e9xico alista su reapertura"}]},{"@type":"WebSite","@id":"https:\/\/quehacerpolitico.mx\/#website","url":"https:\/\/quehacerpolitico.mx\/","name":"","description":"","potentialAction":[{"@type":"SearchAction","target":{"@type":"EntryPoint","urlTemplate":"https:\/\/quehacerpolitico.mx\/?s={search_term_string}"},"query-input":{"@type":"PropertyValueSpecification","valueRequired":true,"valueName":"search_term_string"}}],"inLanguage":"es"},{"@type":"Person","@id":"https:\/\/quehacerpolitico.mx\/#\/schema\/person\/496d8ad2d1d3f8036101dca7ee39e585","name":"Redacci\u00f3n QP","image":{"@type":"ImageObject","inLanguage":"es","@id":"https:\/\/secure.gravatar.com\/avatar\/c7164ed6fdec453195284ad24a5ae5b6e1eed2b848477fa2a4787ba9adf39a41?s=96&d=mm&r=g","url":"https:\/\/secure.gravatar.com\/avatar\/c7164ed6fdec453195284ad24a5ae5b6e1eed2b848477fa2a4787ba9adf39a41?s=96&d=mm&r=g","contentUrl":"https:\/\/secure.gravatar.com\/avatar\/c7164ed6fdec453195284ad24a5ae5b6e1eed2b848477fa2a4787ba9adf39a41?s=96&d=mm&r=g","caption":"Redacci\u00f3n QP"},"url":"https:\/\/quehacerpolitico.mx\/?author=2"}]}},"featured_image_urls":{"full":["https:\/\/quehacerpolitico.mx\/wp-content\/uploads\/2020\/06\/992430D4-898A-41DA-A86D-7AAB66F279CD.jpeg",640,360,false],"thumbnail":["https:\/\/quehacerpolitico.mx\/wp-content\/uploads\/2020\/06\/992430D4-898A-41DA-A86D-7AAB66F279CD-150x150.jpeg",150,150,true],"medium":["https:\/\/quehacerpolitico.mx\/wp-content\/uploads\/2020\/06\/992430D4-898A-41DA-A86D-7AAB66F279CD-300x169.jpeg",300,169,true],"medium_large":["https:\/\/quehacerpolitico.mx\/wp-content\/uploads\/2020\/06\/992430D4-898A-41DA-A86D-7AAB66F279CD.jpeg",640,360,false],"large":["https:\/\/quehacerpolitico.mx\/wp-content\/uploads\/2020\/06\/992430D4-898A-41DA-A86D-7AAB66F279CD.jpeg",640,360,false],"1536x1536":["https:\/\/quehacerpolitico.mx\/wp-content\/uploads\/2020\/06\/992430D4-898A-41DA-A86D-7AAB66F279CD.jpeg",640,360,false],"2048x2048":["https:\/\/quehacerpolitico.mx\/wp-content\/uploads\/2020\/06\/992430D4-898A-41DA-A86D-7AAB66F279CD.jpeg",640,360,false],"covernews-featured":["https:\/\/quehacerpolitico.mx\/wp-content\/uploads\/2020\/06\/992430D4-898A-41DA-A86D-7AAB66F279CD.jpeg",640,360,false],"covernews-medium":["https:\/\/quehacerpolitico.mx\/wp-content\/uploads\/2020\/06\/992430D4-898A-41DA-A86D-7AAB66F279CD.jpeg",540,304,false]},"author_info":{"display_name":"Redacci\u00f3n QP","author_link":"https:\/\/quehacerpolitico.mx\/?author=2"},"category_info":"<a href=\"https:\/\/quehacerpolitico.mx\/?cat=55\" rel=\"category\">CDMX<\/a>","tag_info":"CDMX","comment_count":"0","_links":{"self":[{"href":"https:\/\/quehacerpolitico.mx\/index.php?rest_route=\/wp\/v2\/posts\/59302","targetHints":{"allow":["GET"]}}],"collection":[{"href":"https:\/\/quehacerpolitico.mx\/index.php?rest_route=\/wp\/v2\/posts"}],"about":[{"href":"https:\/\/quehacerpolitico.mx\/index.php?rest_route=\/wp\/v2\/types\/post"}],"author":[{"embeddable":true,"href":"https:\/\/quehacerpolitico.mx\/index.php?rest_route=\/wp\/v2\/users\/2"}],"replies":[{"embeddable":true,"href":"https:\/\/quehacerpolitico.mx\/index.php?rest_route=%2Fwp%2Fv2%2Fcomments&post=59302"}],"version-history":[{"count":0,"href":"https:\/\/quehacerpolitico.mx\/index.php?rest_route=\/wp\/v2\/posts\/59302\/revisions"}],"wp:featuredmedia":[{"embeddable":true,"href":"https:\/\/quehacerpolitico.mx\/index.php?rest_route=\/wp\/v2\/media\/59303"}],"wp:attachment":[{"href":"https:\/\/quehacerpolitico.mx\/index.php?rest_route=%2Fwp%2Fv2%2Fmedia&parent=59302"}],"wp:term":[{"taxonomy":"category","embeddable":true,"href":"https:\/\/quehacerpolitico.mx\/index.php?rest_route=%2Fwp%2Fv2%2Fcategories&post=59302"},{"taxonomy":"post_tag","embeddable":true,"href":"https:\/\/quehacerpolitico.mx\/index.php?rest_route=%2Fwp%2Fv2%2Ftags&post=59302"}],"curies":[{"name":"wp","href":"https:\/\/api.w.org\/{rel}","templated":true}]}}