{"id":59299,"date":"2020-06-12T13:04:54","date_gmt":"2020-06-12T18:04:54","guid":{"rendered":"http:\/\/quehacerpolitico.mx\/?p=59299"},"modified":"2020-06-12T13:04:54","modified_gmt":"2020-06-12T18:04:54","slug":"dobleces-israel-mendoza-perez-el-glamour-de-yeidckol","status":"publish","type":"post","link":"https:\/\/quehacerpolitico.mx\/?p=59299","title":{"rendered":"Dobleces\/\/\/Israel Mendoza P\u00e9rez\/\/\/El glamour de Yeidckol"},"content":{"rendered":"<h3 class=\"post-title entry-title\">El glamour de Yeidckol<br \/>\nPor Israel Mendoza P\u00e9rez<\/h3>\n<div>El destapar los gastos de\u00a0<b>Yedickol Polevnsky\u00a0<\/b>en tiempos cuando se desempe\u00f1\u00f3 como encargada de la presidencia de Morena, exhibe su superficialidad en un discurso de doble rasero. El debate no es la transparencia con la que llevaron a cabo las adquisiciones para ponerle\u00a0<i>glamour<\/i>\u00a0a la dirigencia del partido en el poder. Si no el gasto y la suntuosidad con el que se mueve al ex dirigente de Canacintra desde la c\u00fapula del partido.<\/div>\n<div>La austeridad se convierte en un discurso vacuo cuando se convierte en una estrategia de percepci\u00f3n y s\u00f3lo se utiliza para la simulaci\u00f3n que encubre la opacidad de sus movimientos. Esa es la esencia de los paneg\u00edricos de la cuatrot\u00e9.<\/div>\n<div>El partido pol\u00edtico de los lopezobradoristas se estrangula entre ellos. El choque obvio entre\u00a0<b>Alfonso Ram\u00edrez Cu\u00e9llar\u00a0<\/b>y Yeidckol Polevnsky retrasa sus propios tiempos. El barzonista fue electo para un periodo de entre tres y cuatro meses, por lo que se encuentra en fechas de llevar a cabo lanzar la convocatoria para la elecci\u00f3n de nuevos liderazgos a trav\u00e9s del m\u00e9todo de encuesta.<\/div>\n<div>A la fecha, no se han movido las piezas para darle paso a un nuevo dirigente. Ram\u00edrez Cu\u00e9llar tiene en su poder el control de encaminar su proyecto pol\u00edtico personal rumbo a los comicios de 2021. Es su oportunidad.<\/div>\n<div>Sin embargo, enfrascarse, en este momteno, en un debate entre dirigentes s\u00f3lo es impedir el avance democr\u00e1tico del partido y obliga a mantener el\u00a0<i>status quo<\/i>. A final de cuentas, enroscar el pleito morenista prolonga la estancia de Yeidckol Polevnsky en la c\u00fapula y se convierte en una disputa interminable, pues ni Alfonso Ram\u00edrez Cu\u00e9llar, ni\u00a0<b>Bertha Luj\u00e1n\u00a0<\/b>ni la Comisi\u00f3n Nacional de Honor y Justicia son la instancia legal para fincar responsabilidades por las operaciones financieras hechas por \u00f3rdenes de Polevnsky.<\/div>\n<div>El proceso es m\u00e1s largo y es el Instituto Nacional Electoral (INE) el encargado de hacer la revisi\u00f3n correspondiente ante la Fiscal\u00eda General de la Rep\u00fablica (FGR), luego llevarlo ante la Comisi\u00f3n Nacional y ya ser\u00e1 cuando se tenga a los posibles responsables para que sean sancionados. Pero es un proceso largo. Tal parece que esta lucha es por el control de Morena. Mientras se lanza la bola de humo al exterior en los s\u00f3tanos del partido comienzan los amarres y los acuerdos para llegar a un relevo de la dirigencia aterciopelado.<\/div>\n<div>La cifra que se auditar\u00e1 es por dem\u00e1s escandalosa en tiempos de austeridad. Lo que est\u00e1 en juego por aclarar son pagos que ascienden $619, 305,000 pesos en la compra de cinco inmuebles y obras durante la gesti\u00f3n de Yeidckol Polevnsky. El proyecto de la\u00a0<i>cuatrot\u00e9\u00a0<\/i>arrastra una r\u00e9mora pol\u00edtica encarnada en Morena. El modelo de movimiento se ecuentra entrampado en interesese de grupos y alejado del proyecto de gobierno. La iron\u00eda es que ya no se mueve de manera positiva. El partido en el poder se perrediz\u00f3 y est\u00e1 en la ruta de descarrilar el proyecto del presidente\u00a0<b>Andr\u00e9s Manuel L\u00f3pez Obrador<\/b>. Eso s\u00ed&#8230; con un toque de\u00a0<i>glamour\u00a0<\/i>cortes\u00eda de Yeidckol Polevnsky.<\/div>\n","protected":false},"excerpt":{"rendered":"<p>El glamour de Yeidckol Por Israel Mendoza P\u00e9rez El destapar los gastos de\u00a0Yedickol Polevnsky\u00a0en tiempos&#8230;<\/p>\n","protected":false},"author":2,"featured_media":59300,"comment_status":"open","ping_status":"open","sticky":false,"template":"","format":"standard","meta":{"_monsterinsights_skip_tracking":false,"_monsterinsights_sitenote_active":false,"_monsterinsights_sitenote_note":"","_monsterinsights_sitenote_category":0,"footnotes":""},"categories":[2],"tags":[],"class_list":["post-59299","post","type-post","status-publish","format-standard","has-post-thumbnail","hentry","category-noticias"],"yoast_head":"<!-- This site is optimized with the Yoast SEO plugin v27.3 - https:\/\/yoast.com\/product\/yoast-seo-wordpress\/ -->\n<title>Dobleces\/\/\/Israel Mendoza P\u00e9rez\/\/\/El glamour de Yeidckol -<\/title>\n<meta name=\"robots\" content=\"index, follow, max-snippet:-1, max-image-preview:large, max-video-preview:-1\" \/>\n<link rel=\"canonical\" href=\"https:\/\/quehacerpolitico.mx\/?p=59299\" \/>\n<meta property=\"og:locale\" content=\"es_MX\" \/>\n<meta property=\"og:type\" content=\"article\" \/>\n<meta property=\"og:title\" content=\"Dobleces\/\/\/Israel Mendoza P\u00e9rez\/\/\/El glamour de Yeidckol -\" \/>\n<meta property=\"og:description\" content=\"El glamour de Yeidckol Por Israel Mendoza P\u00e9rez El destapar los gastos de\u00a0Yedickol Polevnsky\u00a0en tiempos...\" \/>\n<meta property=\"og:url\" content=\"https:\/\/quehacerpolitico.mx\/?p=59299\" \/>\n<meta property=\"article:published_time\" content=\"2020-06-12T18:04:54+00:00\" \/>\n<meta property=\"og:image\" content=\"https:\/\/quehacerpolitico.mx\/wp-content\/uploads\/2020\/06\/87796D51-640C-4E62-89DA-958E80C5CCF5.jpeg\" \/>\n\t<meta property=\"og:image:width\" content=\"920\" \/>\n\t<meta property=\"og:image:height\" content=\"610\" \/>\n\t<meta property=\"og:image:type\" content=\"image\/jpeg\" \/>\n<meta name=\"author\" content=\"Redacci\u00f3n QP\" \/>\n<meta name=\"twitter:card\" content=\"summary_large_image\" \/>\n<meta name=\"twitter:label1\" content=\"Escrito por\" \/>\n\t<meta name=\"twitter:data1\" content=\"Redacci\u00f3n QP\" \/>\n\t<meta name=\"twitter:label2\" content=\"Tiempo de lectura\" \/>\n\t<meta name=\"twitter:data2\" content=\"3 minutos\" \/>\n<script type=\"application\/ld+json\" class=\"yoast-schema-graph\">{\"@context\":\"https:\\\/\\\/schema.org\",\"@graph\":[{\"@type\":\"Article\",\"@id\":\"https:\\\/\\\/quehacerpolitico.mx\\\/?p=59299#article\",\"isPartOf\":{\"@id\":\"https:\\\/\\\/quehacerpolitico.mx\\\/?p=59299\"},\"author\":{\"name\":\"Redacci\u00f3n QP\",\"@id\":\"https:\\\/\\\/quehacerpolitico.mx\\\/#\\\/schema\\\/person\\\/496d8ad2d1d3f8036101dca7ee39e585\"},\"headline\":\"Dobleces\\\/\\\/\\\/Israel Mendoza P\u00e9rez\\\/\\\/\\\/El glamour de Yeidckol\",\"datePublished\":\"2020-06-12T18:04:54+00:00\",\"mainEntityOfPage\":{\"@id\":\"https:\\\/\\\/quehacerpolitico.mx\\\/?p=59299\"},\"wordCount\":555,\"commentCount\":0,\"image\":{\"@id\":\"https:\\\/\\\/quehacerpolitico.mx\\\/?p=59299#primaryimage\"},\"thumbnailUrl\":\"https:\\\/\\\/quehacerpolitico.mx\\\/wp-content\\\/uploads\\\/2020\\\/06\\\/87796D51-640C-4E62-89DA-958E80C5CCF5.jpeg\",\"articleSection\":[\"Noticias\"],\"inLanguage\":\"es\",\"potentialAction\":[{\"@type\":\"CommentAction\",\"name\":\"Comment\",\"target\":[\"https:\\\/\\\/quehacerpolitico.mx\\\/?p=59299#respond\"]}]},{\"@type\":\"WebPage\",\"@id\":\"https:\\\/\\\/quehacerpolitico.mx\\\/?p=59299\",\"url\":\"https:\\\/\\\/quehacerpolitico.mx\\\/?p=59299\",\"name\":\"Dobleces\\\/\\\/\\\/Israel Mendoza P\u00e9rez\\\/\\\/\\\/El glamour de Yeidckol -\",\"isPartOf\":{\"@id\":\"https:\\\/\\\/quehacerpolitico.mx\\\/#website\"},\"primaryImageOfPage\":{\"@id\":\"https:\\\/\\\/quehacerpolitico.mx\\\/?p=59299#primaryimage\"},\"image\":{\"@id\":\"https:\\\/\\\/quehacerpolitico.mx\\\/?p=59299#primaryimage\"},\"thumbnailUrl\":\"https:\\\/\\\/quehacerpolitico.mx\\\/wp-content\\\/uploads\\\/2020\\\/06\\\/87796D51-640C-4E62-89DA-958E80C5CCF5.jpeg\",\"datePublished\":\"2020-06-12T18:04:54+00:00\",\"author\":{\"@id\":\"https:\\\/\\\/quehacerpolitico.mx\\\/#\\\/schema\\\/person\\\/496d8ad2d1d3f8036101dca7ee39e585\"},\"breadcrumb\":{\"@id\":\"https:\\\/\\\/quehacerpolitico.mx\\\/?p=59299#breadcrumb\"},\"inLanguage\":\"es\",\"potentialAction\":[{\"@type\":\"ReadAction\",\"target\":[\"https:\\\/\\\/quehacerpolitico.mx\\\/?p=59299\"]}]},{\"@type\":\"ImageObject\",\"inLanguage\":\"es\",\"@id\":\"https:\\\/\\\/quehacerpolitico.mx\\\/?p=59299#primaryimage\",\"url\":\"https:\\\/\\\/quehacerpolitico.mx\\\/wp-content\\\/uploads\\\/2020\\\/06\\\/87796D51-640C-4E62-89DA-958E80C5CCF5.jpeg\",\"contentUrl\":\"https:\\\/\\\/quehacerpolitico.mx\\\/wp-content\\\/uploads\\\/2020\\\/06\\\/87796D51-640C-4E62-89DA-958E80C5CCF5.jpeg\",\"width\":920,\"height\":610},{\"@type\":\"BreadcrumbList\",\"@id\":\"https:\\\/\\\/quehacerpolitico.mx\\\/?p=59299#breadcrumb\",\"itemListElement\":[{\"@type\":\"ListItem\",\"position\":1,\"name\":\"Inicio\",\"item\":\"https:\\\/\\\/quehacerpolitico.mx\\\/\"},{\"@type\":\"ListItem\",\"position\":2,\"name\":\"Dobleces\\\/\\\/\\\/Israel Mendoza P\u00e9rez\\\/\\\/\\\/El glamour de Yeidckol\"}]},{\"@type\":\"WebSite\",\"@id\":\"https:\\\/\\\/quehacerpolitico.mx\\\/#website\",\"url\":\"https:\\\/\\\/quehacerpolitico.mx\\\/\",\"name\":\"\",\"description\":\"\",\"potentialAction\":[{\"@type\":\"SearchAction\",\"target\":{\"@type\":\"EntryPoint\",\"urlTemplate\":\"https:\\\/\\\/quehacerpolitico.mx\\\/?s={search_term_string}\"},\"query-input\":{\"@type\":\"PropertyValueSpecification\",\"valueRequired\":true,\"valueName\":\"search_term_string\"}}],\"inLanguage\":\"es\"},{\"@type\":\"Person\",\"@id\":\"https:\\\/\\\/quehacerpolitico.mx\\\/#\\\/schema\\\/person\\\/496d8ad2d1d3f8036101dca7ee39e585\",\"name\":\"Redacci\u00f3n QP\",\"image\":{\"@type\":\"ImageObject\",\"inLanguage\":\"es\",\"@id\":\"https:\\\/\\\/secure.gravatar.com\\\/avatar\\\/c7164ed6fdec453195284ad24a5ae5b6e1eed2b848477fa2a4787ba9adf39a41?s=96&d=mm&r=g\",\"url\":\"https:\\\/\\\/secure.gravatar.com\\\/avatar\\\/c7164ed6fdec453195284ad24a5ae5b6e1eed2b848477fa2a4787ba9adf39a41?s=96&d=mm&r=g\",\"contentUrl\":\"https:\\\/\\\/secure.gravatar.com\\\/avatar\\\/c7164ed6fdec453195284ad24a5ae5b6e1eed2b848477fa2a4787ba9adf39a41?s=96&d=mm&r=g\",\"caption\":\"Redacci\u00f3n QP\"},\"url\":\"https:\\\/\\\/quehacerpolitico.mx\\\/?author=2\"}]}<\/script>\n<!-- \/ Yoast SEO plugin. -->","yoast_head_json":{"title":"Dobleces\/\/\/Israel Mendoza P\u00e9rez\/\/\/El glamour de Yeidckol -","robots":{"index":"index","follow":"follow","max-snippet":"max-snippet:-1","max-image-preview":"max-image-preview:large","max-video-preview":"max-video-preview:-1"},"canonical":"https:\/\/quehacerpolitico.mx\/?p=59299","og_locale":"es_MX","og_type":"article","og_title":"Dobleces\/\/\/Israel Mendoza P\u00e9rez\/\/\/El glamour de Yeidckol -","og_description":"El glamour de Yeidckol Por Israel Mendoza P\u00e9rez El destapar los gastos de\u00a0Yedickol Polevnsky\u00a0en tiempos...","og_url":"https:\/\/quehacerpolitico.mx\/?p=59299","article_published_time":"2020-06-12T18:04:54+00:00","og_image":[{"width":920,"height":610,"url":"https:\/\/quehacerpolitico.mx\/wp-content\/uploads\/2020\/06\/87796D51-640C-4E62-89DA-958E80C5CCF5.jpeg","type":"image\/jpeg"}],"author":"Redacci\u00f3n QP","twitter_card":"summary_large_image","twitter_misc":{"Escrito por":"Redacci\u00f3n QP","Tiempo de lectura":"3 minutos"},"schema":{"@context":"https:\/\/schema.org","@graph":[{"@type":"Article","@id":"https:\/\/quehacerpolitico.mx\/?p=59299#article","isPartOf":{"@id":"https:\/\/quehacerpolitico.mx\/?p=59299"},"author":{"name":"Redacci\u00f3n QP","@id":"https:\/\/quehacerpolitico.mx\/#\/schema\/person\/496d8ad2d1d3f8036101dca7ee39e585"},"headline":"Dobleces\/\/\/Israel Mendoza P\u00e9rez\/\/\/El glamour de Yeidckol","datePublished":"2020-06-12T18:04:54+00:00","mainEntityOfPage":{"@id":"https:\/\/quehacerpolitico.mx\/?p=59299"},"wordCount":555,"commentCount":0,"image":{"@id":"https:\/\/quehacerpolitico.mx\/?p=59299#primaryimage"},"thumbnailUrl":"https:\/\/quehacerpolitico.mx\/wp-content\/uploads\/2020\/06\/87796D51-640C-4E62-89DA-958E80C5CCF5.jpeg","articleSection":["Noticias"],"inLanguage":"es","potentialAction":[{"@type":"CommentAction","name":"Comment","target":["https:\/\/quehacerpolitico.mx\/?p=59299#respond"]}]},{"@type":"WebPage","@id":"https:\/\/quehacerpolitico.mx\/?p=59299","url":"https:\/\/quehacerpolitico.mx\/?p=59299","name":"Dobleces\/\/\/Israel Mendoza P\u00e9rez\/\/\/El glamour de Yeidckol -","isPartOf":{"@id":"https:\/\/quehacerpolitico.mx\/#website"},"primaryImageOfPage":{"@id":"https:\/\/quehacerpolitico.mx\/?p=59299#primaryimage"},"image":{"@id":"https:\/\/quehacerpolitico.mx\/?p=59299#primaryimage"},"thumbnailUrl":"https:\/\/quehacerpolitico.mx\/wp-content\/uploads\/2020\/06\/87796D51-640C-4E62-89DA-958E80C5CCF5.jpeg","datePublished":"2020-06-12T18:04:54+00:00","author":{"@id":"https:\/\/quehacerpolitico.mx\/#\/schema\/person\/496d8ad2d1d3f8036101dca7ee39e585"},"breadcrumb":{"@id":"https:\/\/quehacerpolitico.mx\/?p=59299#breadcrumb"},"inLanguage":"es","potentialAction":[{"@type":"ReadAction","target":["https:\/\/quehacerpolitico.mx\/?p=59299"]}]},{"@type":"ImageObject","inLanguage":"es","@id":"https:\/\/quehacerpolitico.mx\/?p=59299#primaryimage","url":"https:\/\/quehacerpolitico.mx\/wp-content\/uploads\/2020\/06\/87796D51-640C-4E62-89DA-958E80C5CCF5.jpeg","contentUrl":"https:\/\/quehacerpolitico.mx\/wp-content\/uploads\/2020\/06\/87796D51-640C-4E62-89DA-958E80C5CCF5.jpeg","width":920,"height":610},{"@type":"BreadcrumbList","@id":"https:\/\/quehacerpolitico.mx\/?p=59299#breadcrumb","itemListElement":[{"@type":"ListItem","position":1,"name":"Inicio","item":"https:\/\/quehacerpolitico.mx\/"},{"@type":"ListItem","position":2,"name":"Dobleces\/\/\/Israel Mendoza P\u00e9rez\/\/\/El glamour de Yeidckol"}]},{"@type":"WebSite","@id":"https:\/\/quehacerpolitico.mx\/#website","url":"https:\/\/quehacerpolitico.mx\/","name":"","description":"","potentialAction":[{"@type":"SearchAction","target":{"@type":"EntryPoint","urlTemplate":"https:\/\/quehacerpolitico.mx\/?s={search_term_string}"},"query-input":{"@type":"PropertyValueSpecification","valueRequired":true,"valueName":"search_term_string"}}],"inLanguage":"es"},{"@type":"Person","@id":"https:\/\/quehacerpolitico.mx\/#\/schema\/person\/496d8ad2d1d3f8036101dca7ee39e585","name":"Redacci\u00f3n QP","image":{"@type":"ImageObject","inLanguage":"es","@id":"https:\/\/secure.gravatar.com\/avatar\/c7164ed6fdec453195284ad24a5ae5b6e1eed2b848477fa2a4787ba9adf39a41?s=96&d=mm&r=g","url":"https:\/\/secure.gravatar.com\/avatar\/c7164ed6fdec453195284ad24a5ae5b6e1eed2b848477fa2a4787ba9adf39a41?s=96&d=mm&r=g","contentUrl":"https:\/\/secure.gravatar.com\/avatar\/c7164ed6fdec453195284ad24a5ae5b6e1eed2b848477fa2a4787ba9adf39a41?s=96&d=mm&r=g","caption":"Redacci\u00f3n QP"},"url":"https:\/\/quehacerpolitico.mx\/?author=2"}]}},"featured_image_urls":{"full":["https:\/\/quehacerpolitico.mx\/wp-content\/uploads\/2020\/06\/87796D51-640C-4E62-89DA-958E80C5CCF5.jpeg",920,610,false],"thumbnail":["https:\/\/quehacerpolitico.mx\/wp-content\/uploads\/2020\/06\/87796D51-640C-4E62-89DA-958E80C5CCF5-150x150.jpeg",150,150,true],"medium":["https:\/\/quehacerpolitico.mx\/wp-content\/uploads\/2020\/06\/87796D51-640C-4E62-89DA-958E80C5CCF5-300x199.jpeg",300,199,true],"medium_large":["https:\/\/quehacerpolitico.mx\/wp-content\/uploads\/2020\/06\/87796D51-640C-4E62-89DA-958E80C5CCF5-768x509.jpeg",640,424,true],"large":["https:\/\/quehacerpolitico.mx\/wp-content\/uploads\/2020\/06\/87796D51-640C-4E62-89DA-958E80C5CCF5.jpeg",640,424,false],"1536x1536":["https:\/\/quehacerpolitico.mx\/wp-content\/uploads\/2020\/06\/87796D51-640C-4E62-89DA-958E80C5CCF5.jpeg",920,610,false],"2048x2048":["https:\/\/quehacerpolitico.mx\/wp-content\/uploads\/2020\/06\/87796D51-640C-4E62-89DA-958E80C5CCF5.jpeg",920,610,false],"covernews-featured":["https:\/\/quehacerpolitico.mx\/wp-content\/uploads\/2020\/06\/87796D51-640C-4E62-89DA-958E80C5CCF5.jpeg",920,610,false],"covernews-medium":["https:\/\/quehacerpolitico.mx\/wp-content\/uploads\/2020\/06\/87796D51-640C-4E62-89DA-958E80C5CCF5.jpeg",513,340,false]},"author_info":{"display_name":"Redacci\u00f3n QP","author_link":"https:\/\/quehacerpolitico.mx\/?author=2"},"category_info":"<a href=\"https:\/\/quehacerpolitico.mx\/?cat=2\" rel=\"category\">Noticias<\/a>","tag_info":"Noticias","comment_count":"0","_links":{"self":[{"href":"https:\/\/quehacerpolitico.mx\/index.php?rest_route=\/wp\/v2\/posts\/59299","targetHints":{"allow":["GET"]}}],"collection":[{"href":"https:\/\/quehacerpolitico.mx\/index.php?rest_route=\/wp\/v2\/posts"}],"about":[{"href":"https:\/\/quehacerpolitico.mx\/index.php?rest_route=\/wp\/v2\/types\/post"}],"author":[{"embeddable":true,"href":"https:\/\/quehacerpolitico.mx\/index.php?rest_route=\/wp\/v2\/users\/2"}],"replies":[{"embeddable":true,"href":"https:\/\/quehacerpolitico.mx\/index.php?rest_route=%2Fwp%2Fv2%2Fcomments&post=59299"}],"version-history":[{"count":0,"href":"https:\/\/quehacerpolitico.mx\/index.php?rest_route=\/wp\/v2\/posts\/59299\/revisions"}],"wp:featuredmedia":[{"embeddable":true,"href":"https:\/\/quehacerpolitico.mx\/index.php?rest_route=\/wp\/v2\/media\/59300"}],"wp:attachment":[{"href":"https:\/\/quehacerpolitico.mx\/index.php?rest_route=%2Fwp%2Fv2%2Fmedia&parent=59299"}],"wp:term":[{"taxonomy":"category","embeddable":true,"href":"https:\/\/quehacerpolitico.mx\/index.php?rest_route=%2Fwp%2Fv2%2Fcategories&post=59299"},{"taxonomy":"post_tag","embeddable":true,"href":"https:\/\/quehacerpolitico.mx\/index.php?rest_route=%2Fwp%2Fv2%2Ftags&post=59299"}],"curies":[{"name":"wp","href":"https:\/\/api.w.org\/{rel}","templated":true}]}}