{"id":59296,"date":"2020-06-12T10:53:07","date_gmt":"2020-06-12T15:53:07","guid":{"rendered":"http:\/\/quehacerpolitico.mx\/?p=59296"},"modified":"2020-06-12T10:53:07","modified_gmt":"2020-06-12T15:53:07","slug":"amlo-cambio-en-las-afores-no-es-para-generar-miedo-sino-para-ayudar-a-trabajadores","status":"publish","type":"post","link":"https:\/\/quehacerpolitico.mx\/?p=59296","title":{"rendered":"AMLO: Cambio en las Afores no es para generar miedo sino para ayudar a trabajadores"},"content":{"rendered":"<h1>AMLO: Cambio en las Afores no es para generar miedo sino para ayudar a trabajadores<br \/>\nPor Redacci\u00f3n QP<\/h1>\n<p>AMLO se\u00f1al\u00f3 que el problema se origin\u00f3 durante el gobierno del expresidente Ernesto Zedillo<\/p>\n<p>El presidente de M\u00e9xico, <strong>Andr\u00e9s Manuel L\u00f3pez Obrador (AMLO),<\/strong> aclar\u00f3 que su planteamiento sobre modificar el sistema de Afores\u00a0no busca generar miedo ni afectar a las administradoras de fondos sino ayudar a los trabajadores que se van a jubilar y van a recibir menos recursos en su retiro.<\/p>\n<blockquote><p>Resulta que no se contempl\u00f3, para decirlo suavemente, que iban a ir perdiendo los trabajadores, en vez de que ganar, y si no hay una reforma a esa ley, si no hay un acuerdo, no impositivo, sino buscando la participaci\u00f3n de todos trabajadores, empresarios, instituciones financieras, fondos, el gobierno desde luego, los que se van a ir jubilando no van a recibir ni siquiera el salario m\u00ednimo<span data-contrast=\"auto\">, van a recibir la mitad es lo que este m\u00ednimamente les corresponde\u201d<\/span>, se\u00f1al\u00f3 L\u00f3pez Obrador en su conferencia matutina.<\/p><\/blockquote>\n<p>El mandatario se\u00f1al\u00f3 que el problema que se origin\u00f3 con la reforma llevada a cabo durante el gobierno del expresidente Ernesto Zedillo y que ahora el objetivo del gobierno de la 4T es resolver esta para que las pensiones de los trabajadores sean manejadas por las administradoras para el retiro.<\/p>\n<blockquote><p>No podemos dar la espalda a este asunto, a\u00fan cuando a nosotros no nos va a afectar tanto, porque esto va a empezar a ocurrir a partir del 2024 y en menor proporci\u00f3n, pero en el sexenio pr\u00f3ximo s\u00ed van a tener un problema grav\u00edsimo, entonces, problema que se soslaya estalla\u201d, dijo AMLO.<\/p><\/blockquote>\n<p>El jefe del Ejecutivo Federal se\u00f1al\u00f3 que algunos medios de comunicaci\u00f3n no lo entendieron as\u00ed y manejaron que se \u00edban a cambiar las reglas con una reforma, la cual afectar\u00eda a las administradoras de estos fondos.<\/p>\n<blockquote><p>No es as\u00ed, no era para meter miedo o crear incertidumbre\u201d, aclar\u00f3 el pol\u00edtico tabasque\u00f1o.<\/p><\/blockquote>\n<p>L\u00f3pez Obrador record\u00f3 que en su campa\u00f1a presidencial nunca dijo que iba a quitar las afores.<\/p>\n<blockquote><p>En mi libro \u2018La Salida\u2019, ah\u00ed est\u00e1 el programa, no enga\u00f1\u00e9 y no vamos a enga\u00f1ar a nadie\u201d, declar\u00f3 AMLO.<\/p><\/blockquote>\n<p>El presidente L\u00f3pez Obrador dijo que est\u00e1 abierto a escuchar a todos los sectores en este tema, porque hay que corregir ese error de los \u201ctecn\u00f3cratas irresponsables\u201d.<\/p>\n<p>Con informaci\u00f3n del Gobierno de M\u00e9xico.<\/p>\n","protected":false},"excerpt":{"rendered":"<p>AMLO: Cambio en las Afores no es para generar miedo sino para ayudar a trabajadores&#8230;<\/p>\n","protected":false},"author":2,"featured_media":59297,"comment_status":"open","ping_status":"open","sticky":false,"template":"","format":"standard","meta":{"_monsterinsights_skip_tracking":false,"_monsterinsights_sitenote_active":false,"_monsterinsights_sitenote_note":"","_monsterinsights_sitenote_category":0,"footnotes":""},"categories":[2],"tags":[],"class_list":["post-59296","post","type-post","status-publish","format-standard","has-post-thumbnail","hentry","category-noticias"],"yoast_head":"<!-- This site is optimized with the Yoast SEO plugin v27.3 - https:\/\/yoast.com\/product\/yoast-seo-wordpress\/ -->\n<title>AMLO: Cambio en las Afores no es para generar miedo sino para ayudar a trabajadores -<\/title>\n<meta name=\"robots\" content=\"index, follow, max-snippet:-1, max-image-preview:large, max-video-preview:-1\" \/>\n<link rel=\"canonical\" href=\"https:\/\/quehacerpolitico.mx\/?p=59296\" \/>\n<meta property=\"og:locale\" content=\"es_MX\" \/>\n<meta property=\"og:type\" content=\"article\" \/>\n<meta property=\"og:title\" content=\"AMLO: Cambio en las Afores no es para generar miedo sino para ayudar a trabajadores -\" \/>\n<meta property=\"og:description\" content=\"AMLO: Cambio en las Afores no es para generar miedo sino para ayudar a trabajadores...\" \/>\n<meta property=\"og:url\" content=\"https:\/\/quehacerpolitico.mx\/?p=59296\" \/>\n<meta property=\"article:published_time\" content=\"2020-06-12T15:53:07+00:00\" \/>\n<meta property=\"og:image\" content=\"https:\/\/quehacerpolitico.mx\/wp-content\/uploads\/2020\/06\/67077E58-28CF-4A76-A5F6-641326A1FCCA.jpeg\" \/>\n\t<meta property=\"og:image:width\" content=\"1242\" \/>\n\t<meta property=\"og:image:height\" content=\"697\" \/>\n\t<meta property=\"og:image:type\" content=\"image\/jpeg\" \/>\n<meta name=\"author\" content=\"Redacci\u00f3n QP\" \/>\n<meta name=\"twitter:card\" content=\"summary_large_image\" \/>\n<meta name=\"twitter:label1\" content=\"Escrito por\" \/>\n\t<meta name=\"twitter:data1\" content=\"Redacci\u00f3n QP\" \/>\n\t<meta name=\"twitter:label2\" content=\"Tiempo de lectura\" \/>\n\t<meta name=\"twitter:data2\" content=\"2 minutos\" \/>\n<script type=\"application\/ld+json\" class=\"yoast-schema-graph\">{\"@context\":\"https:\\\/\\\/schema.org\",\"@graph\":[{\"@type\":\"Article\",\"@id\":\"https:\\\/\\\/quehacerpolitico.mx\\\/?p=59296#article\",\"isPartOf\":{\"@id\":\"https:\\\/\\\/quehacerpolitico.mx\\\/?p=59296\"},\"author\":{\"name\":\"Redacci\u00f3n QP\",\"@id\":\"https:\\\/\\\/quehacerpolitico.mx\\\/#\\\/schema\\\/person\\\/496d8ad2d1d3f8036101dca7ee39e585\"},\"headline\":\"AMLO: Cambio en las Afores no es para generar miedo sino para ayudar a trabajadores\",\"datePublished\":\"2020-06-12T15:53:07+00:00\",\"mainEntityOfPage\":{\"@id\":\"https:\\\/\\\/quehacerpolitico.mx\\\/?p=59296\"},\"wordCount\":431,\"commentCount\":0,\"image\":{\"@id\":\"https:\\\/\\\/quehacerpolitico.mx\\\/?p=59296#primaryimage\"},\"thumbnailUrl\":\"https:\\\/\\\/quehacerpolitico.mx\\\/wp-content\\\/uploads\\\/2020\\\/06\\\/67077E58-28CF-4A76-A5F6-641326A1FCCA.jpeg\",\"articleSection\":[\"Noticias\"],\"inLanguage\":\"es\",\"potentialAction\":[{\"@type\":\"CommentAction\",\"name\":\"Comment\",\"target\":[\"https:\\\/\\\/quehacerpolitico.mx\\\/?p=59296#respond\"]}]},{\"@type\":\"WebPage\",\"@id\":\"https:\\\/\\\/quehacerpolitico.mx\\\/?p=59296\",\"url\":\"https:\\\/\\\/quehacerpolitico.mx\\\/?p=59296\",\"name\":\"AMLO: Cambio en las Afores no es para generar miedo sino para ayudar a trabajadores -\",\"isPartOf\":{\"@id\":\"https:\\\/\\\/quehacerpolitico.mx\\\/#website\"},\"primaryImageOfPage\":{\"@id\":\"https:\\\/\\\/quehacerpolitico.mx\\\/?p=59296#primaryimage\"},\"image\":{\"@id\":\"https:\\\/\\\/quehacerpolitico.mx\\\/?p=59296#primaryimage\"},\"thumbnailUrl\":\"https:\\\/\\\/quehacerpolitico.mx\\\/wp-content\\\/uploads\\\/2020\\\/06\\\/67077E58-28CF-4A76-A5F6-641326A1FCCA.jpeg\",\"datePublished\":\"2020-06-12T15:53:07+00:00\",\"author\":{\"@id\":\"https:\\\/\\\/quehacerpolitico.mx\\\/#\\\/schema\\\/person\\\/496d8ad2d1d3f8036101dca7ee39e585\"},\"breadcrumb\":{\"@id\":\"https:\\\/\\\/quehacerpolitico.mx\\\/?p=59296#breadcrumb\"},\"inLanguage\":\"es\",\"potentialAction\":[{\"@type\":\"ReadAction\",\"target\":[\"https:\\\/\\\/quehacerpolitico.mx\\\/?p=59296\"]}]},{\"@type\":\"ImageObject\",\"inLanguage\":\"es\",\"@id\":\"https:\\\/\\\/quehacerpolitico.mx\\\/?p=59296#primaryimage\",\"url\":\"https:\\\/\\\/quehacerpolitico.mx\\\/wp-content\\\/uploads\\\/2020\\\/06\\\/67077E58-28CF-4A76-A5F6-641326A1FCCA.jpeg\",\"contentUrl\":\"https:\\\/\\\/quehacerpolitico.mx\\\/wp-content\\\/uploads\\\/2020\\\/06\\\/67077E58-28CF-4A76-A5F6-641326A1FCCA.jpeg\",\"width\":1242,\"height\":697},{\"@type\":\"BreadcrumbList\",\"@id\":\"https:\\\/\\\/quehacerpolitico.mx\\\/?p=59296#breadcrumb\",\"itemListElement\":[{\"@type\":\"ListItem\",\"position\":1,\"name\":\"Inicio\",\"item\":\"https:\\\/\\\/quehacerpolitico.mx\\\/\"},{\"@type\":\"ListItem\",\"position\":2,\"name\":\"AMLO: Cambio en las Afores no es para generar miedo sino para ayudar a trabajadores\"}]},{\"@type\":\"WebSite\",\"@id\":\"https:\\\/\\\/quehacerpolitico.mx\\\/#website\",\"url\":\"https:\\\/\\\/quehacerpolitico.mx\\\/\",\"name\":\"\",\"description\":\"\",\"potentialAction\":[{\"@type\":\"SearchAction\",\"target\":{\"@type\":\"EntryPoint\",\"urlTemplate\":\"https:\\\/\\\/quehacerpolitico.mx\\\/?s={search_term_string}\"},\"query-input\":{\"@type\":\"PropertyValueSpecification\",\"valueRequired\":true,\"valueName\":\"search_term_string\"}}],\"inLanguage\":\"es\"},{\"@type\":\"Person\",\"@id\":\"https:\\\/\\\/quehacerpolitico.mx\\\/#\\\/schema\\\/person\\\/496d8ad2d1d3f8036101dca7ee39e585\",\"name\":\"Redacci\u00f3n QP\",\"image\":{\"@type\":\"ImageObject\",\"inLanguage\":\"es\",\"@id\":\"https:\\\/\\\/secure.gravatar.com\\\/avatar\\\/c7164ed6fdec453195284ad24a5ae5b6e1eed2b848477fa2a4787ba9adf39a41?s=96&d=mm&r=g\",\"url\":\"https:\\\/\\\/secure.gravatar.com\\\/avatar\\\/c7164ed6fdec453195284ad24a5ae5b6e1eed2b848477fa2a4787ba9adf39a41?s=96&d=mm&r=g\",\"contentUrl\":\"https:\\\/\\\/secure.gravatar.com\\\/avatar\\\/c7164ed6fdec453195284ad24a5ae5b6e1eed2b848477fa2a4787ba9adf39a41?s=96&d=mm&r=g\",\"caption\":\"Redacci\u00f3n QP\"},\"url\":\"https:\\\/\\\/quehacerpolitico.mx\\\/?author=2\"}]}<\/script>\n<!-- \/ Yoast SEO plugin. -->","yoast_head_json":{"title":"AMLO: Cambio en las Afores no es para generar miedo sino para ayudar a trabajadores -","robots":{"index":"index","follow":"follow","max-snippet":"max-snippet:-1","max-image-preview":"max-image-preview:large","max-video-preview":"max-video-preview:-1"},"canonical":"https:\/\/quehacerpolitico.mx\/?p=59296","og_locale":"es_MX","og_type":"article","og_title":"AMLO: Cambio en las Afores no es para generar miedo sino para ayudar a trabajadores -","og_description":"AMLO: Cambio en las Afores no es para generar miedo sino para ayudar a trabajadores...","og_url":"https:\/\/quehacerpolitico.mx\/?p=59296","article_published_time":"2020-06-12T15:53:07+00:00","og_image":[{"width":1242,"height":697,"url":"https:\/\/quehacerpolitico.mx\/wp-content\/uploads\/2020\/06\/67077E58-28CF-4A76-A5F6-641326A1FCCA.jpeg","type":"image\/jpeg"}],"author":"Redacci\u00f3n QP","twitter_card":"summary_large_image","twitter_misc":{"Escrito por":"Redacci\u00f3n QP","Tiempo de lectura":"2 minutos"},"schema":{"@context":"https:\/\/schema.org","@graph":[{"@type":"Article","@id":"https:\/\/quehacerpolitico.mx\/?p=59296#article","isPartOf":{"@id":"https:\/\/quehacerpolitico.mx\/?p=59296"},"author":{"name":"Redacci\u00f3n QP","@id":"https:\/\/quehacerpolitico.mx\/#\/schema\/person\/496d8ad2d1d3f8036101dca7ee39e585"},"headline":"AMLO: Cambio en las Afores no es para generar miedo sino para ayudar a trabajadores","datePublished":"2020-06-12T15:53:07+00:00","mainEntityOfPage":{"@id":"https:\/\/quehacerpolitico.mx\/?p=59296"},"wordCount":431,"commentCount":0,"image":{"@id":"https:\/\/quehacerpolitico.mx\/?p=59296#primaryimage"},"thumbnailUrl":"https:\/\/quehacerpolitico.mx\/wp-content\/uploads\/2020\/06\/67077E58-28CF-4A76-A5F6-641326A1FCCA.jpeg","articleSection":["Noticias"],"inLanguage":"es","potentialAction":[{"@type":"CommentAction","name":"Comment","target":["https:\/\/quehacerpolitico.mx\/?p=59296#respond"]}]},{"@type":"WebPage","@id":"https:\/\/quehacerpolitico.mx\/?p=59296","url":"https:\/\/quehacerpolitico.mx\/?p=59296","name":"AMLO: Cambio en las Afores no es para generar miedo sino para ayudar a trabajadores -","isPartOf":{"@id":"https:\/\/quehacerpolitico.mx\/#website"},"primaryImageOfPage":{"@id":"https:\/\/quehacerpolitico.mx\/?p=59296#primaryimage"},"image":{"@id":"https:\/\/quehacerpolitico.mx\/?p=59296#primaryimage"},"thumbnailUrl":"https:\/\/quehacerpolitico.mx\/wp-content\/uploads\/2020\/06\/67077E58-28CF-4A76-A5F6-641326A1FCCA.jpeg","datePublished":"2020-06-12T15:53:07+00:00","author":{"@id":"https:\/\/quehacerpolitico.mx\/#\/schema\/person\/496d8ad2d1d3f8036101dca7ee39e585"},"breadcrumb":{"@id":"https:\/\/quehacerpolitico.mx\/?p=59296#breadcrumb"},"inLanguage":"es","potentialAction":[{"@type":"ReadAction","target":["https:\/\/quehacerpolitico.mx\/?p=59296"]}]},{"@type":"ImageObject","inLanguage":"es","@id":"https:\/\/quehacerpolitico.mx\/?p=59296#primaryimage","url":"https:\/\/quehacerpolitico.mx\/wp-content\/uploads\/2020\/06\/67077E58-28CF-4A76-A5F6-641326A1FCCA.jpeg","contentUrl":"https:\/\/quehacerpolitico.mx\/wp-content\/uploads\/2020\/06\/67077E58-28CF-4A76-A5F6-641326A1FCCA.jpeg","width":1242,"height":697},{"@type":"BreadcrumbList","@id":"https:\/\/quehacerpolitico.mx\/?p=59296#breadcrumb","itemListElement":[{"@type":"ListItem","position":1,"name":"Inicio","item":"https:\/\/quehacerpolitico.mx\/"},{"@type":"ListItem","position":2,"name":"AMLO: Cambio en las Afores no es para generar miedo sino para ayudar a trabajadores"}]},{"@type":"WebSite","@id":"https:\/\/quehacerpolitico.mx\/#website","url":"https:\/\/quehacerpolitico.mx\/","name":"","description":"","potentialAction":[{"@type":"SearchAction","target":{"@type":"EntryPoint","urlTemplate":"https:\/\/quehacerpolitico.mx\/?s={search_term_string}"},"query-input":{"@type":"PropertyValueSpecification","valueRequired":true,"valueName":"search_term_string"}}],"inLanguage":"es"},{"@type":"Person","@id":"https:\/\/quehacerpolitico.mx\/#\/schema\/person\/496d8ad2d1d3f8036101dca7ee39e585","name":"Redacci\u00f3n QP","image":{"@type":"ImageObject","inLanguage":"es","@id":"https:\/\/secure.gravatar.com\/avatar\/c7164ed6fdec453195284ad24a5ae5b6e1eed2b848477fa2a4787ba9adf39a41?s=96&d=mm&r=g","url":"https:\/\/secure.gravatar.com\/avatar\/c7164ed6fdec453195284ad24a5ae5b6e1eed2b848477fa2a4787ba9adf39a41?s=96&d=mm&r=g","contentUrl":"https:\/\/secure.gravatar.com\/avatar\/c7164ed6fdec453195284ad24a5ae5b6e1eed2b848477fa2a4787ba9adf39a41?s=96&d=mm&r=g","caption":"Redacci\u00f3n QP"},"url":"https:\/\/quehacerpolitico.mx\/?author=2"}]}},"featured_image_urls":{"full":["https:\/\/quehacerpolitico.mx\/wp-content\/uploads\/2020\/06\/67077E58-28CF-4A76-A5F6-641326A1FCCA.jpeg",1242,697,false],"thumbnail":["https:\/\/quehacerpolitico.mx\/wp-content\/uploads\/2020\/06\/67077E58-28CF-4A76-A5F6-641326A1FCCA-150x150.jpeg",150,150,true],"medium":["https:\/\/quehacerpolitico.mx\/wp-content\/uploads\/2020\/06\/67077E58-28CF-4A76-A5F6-641326A1FCCA-300x168.jpeg",300,168,true],"medium_large":["https:\/\/quehacerpolitico.mx\/wp-content\/uploads\/2020\/06\/67077E58-28CF-4A76-A5F6-641326A1FCCA-768x431.jpeg",640,359,true],"large":["https:\/\/quehacerpolitico.mx\/wp-content\/uploads\/2020\/06\/67077E58-28CF-4A76-A5F6-641326A1FCCA-1024x575.jpeg",640,359,true],"1536x1536":["https:\/\/quehacerpolitico.mx\/wp-content\/uploads\/2020\/06\/67077E58-28CF-4A76-A5F6-641326A1FCCA.jpeg",1242,697,false],"2048x2048":["https:\/\/quehacerpolitico.mx\/wp-content\/uploads\/2020\/06\/67077E58-28CF-4A76-A5F6-641326A1FCCA.jpeg",1242,697,false],"covernews-featured":["https:\/\/quehacerpolitico.mx\/wp-content\/uploads\/2020\/06\/67077E58-28CF-4A76-A5F6-641326A1FCCA.jpeg",1024,575,false],"covernews-medium":["https:\/\/quehacerpolitico.mx\/wp-content\/uploads\/2020\/06\/67077E58-28CF-4A76-A5F6-641326A1FCCA.jpeg",540,303,false]},"author_info":{"display_name":"Redacci\u00f3n QP","author_link":"https:\/\/quehacerpolitico.mx\/?author=2"},"category_info":"<a href=\"https:\/\/quehacerpolitico.mx\/?cat=2\" rel=\"category\">Noticias<\/a>","tag_info":"Noticias","comment_count":"0","_links":{"self":[{"href":"https:\/\/quehacerpolitico.mx\/index.php?rest_route=\/wp\/v2\/posts\/59296","targetHints":{"allow":["GET"]}}],"collection":[{"href":"https:\/\/quehacerpolitico.mx\/index.php?rest_route=\/wp\/v2\/posts"}],"about":[{"href":"https:\/\/quehacerpolitico.mx\/index.php?rest_route=\/wp\/v2\/types\/post"}],"author":[{"embeddable":true,"href":"https:\/\/quehacerpolitico.mx\/index.php?rest_route=\/wp\/v2\/users\/2"}],"replies":[{"embeddable":true,"href":"https:\/\/quehacerpolitico.mx\/index.php?rest_route=%2Fwp%2Fv2%2Fcomments&post=59296"}],"version-history":[{"count":0,"href":"https:\/\/quehacerpolitico.mx\/index.php?rest_route=\/wp\/v2\/posts\/59296\/revisions"}],"wp:featuredmedia":[{"embeddable":true,"href":"https:\/\/quehacerpolitico.mx\/index.php?rest_route=\/wp\/v2\/media\/59297"}],"wp:attachment":[{"href":"https:\/\/quehacerpolitico.mx\/index.php?rest_route=%2Fwp%2Fv2%2Fmedia&parent=59296"}],"wp:term":[{"taxonomy":"category","embeddable":true,"href":"https:\/\/quehacerpolitico.mx\/index.php?rest_route=%2Fwp%2Fv2%2Fcategories&post=59296"},{"taxonomy":"post_tag","embeddable":true,"href":"https:\/\/quehacerpolitico.mx\/index.php?rest_route=%2Fwp%2Fv2%2Ftags&post=59296"}],"curies":[{"name":"wp","href":"https:\/\/api.w.org\/{rel}","templated":true}]}}