{"id":59291,"date":"2020-06-12T10:27:47","date_gmt":"2020-06-12T15:27:47","guid":{"rendered":"http:\/\/quehacerpolitico.mx\/?p=59291"},"modified":"2020-06-12T10:27:47","modified_gmt":"2020-06-12T15:27:47","slug":"eu-no-cumplio-con-inversiones-en-el-sureste-de-mexico-lopez-obrador","status":"publish","type":"post","link":"https:\/\/quehacerpolitico.mx\/?p=59291","title":{"rendered":"EU no cumpli\u00f3 con inversiones en el sureste de M\u00e9xico: L\u00f3pez Obrador"},"content":{"rendered":"<h1 class=\"news-title\">EU no cumpli\u00f3 con inversiones en el sureste de M\u00e9xico: L\u00f3pez Obrador<br \/>\nPor Redacci\u00f3n QP<\/h1>\n<p>Pese al acuerdo de cooperaci\u00f3n con M\u00e9xico y tras un a\u00f1o del inicio del Plan de Desarrollo Integral para Centroam\u00e9rica que busca controlar la migraci\u00f3n<\/p>\n<p>Estados Unidos incumpli\u00f3 con invertir en el sureste mexicano pese al acuerdo de cooperaci\u00f3n con M\u00e9xico y tras un a\u00f1o del inicio del <strong>Plan de Desarrollo Integral para Centroam\u00e9rica<\/strong> que busca controlar la migraci\u00f3n, afirm\u00f3 este viernes el Presidente Andres Manuel L\u00f3pez Obrador.<\/p>\n<p><strong>&#8220;No cumpli\u00f3 el gobierno estadounidense con el ofrecimiento de que iban a destinar inversi\u00f3n al sur-sureste, pero nosotros s\u00ed hemos invertido.<\/strong>La inversi\u00f3n en el sur-sureste ha crecido mucho con ese prop\u00f3sito de crear cortinas de desarrollo de sur a norte para que la gente no se vea obligada a emigrar&#8221;, asever\u00f3 el Mandatario.<\/p>\n<p>Los gobiernos mexicano y estadounidense acercaron en diciembre de 2018 posiciones con un plan conjunto de cooperaci\u00f3n en el sur de M\u00e9xico y en Centroam\u00e9rica, <strong>con multimillonarias inversiones y el af\u00e1n de frenar la migraci\u00f3n detonando el progreso,<\/strong> una promesa que no se habr\u00eda concretado por parte de Estados Unidos.<\/p>\n<p>L\u00f3pez Obrador se refiri\u00f3 adem\u00e1s al plan que present\u00f3 hace un a\u00f1o en el Palacio Nacional con funcionarios de Guatemala, Honduras, El Salvador y la Comisi\u00f3n Econ\u00f3mica para Am\u00e9rica Latina y el Caribe (CEPAL),\u00a0para el sureste del pa\u00eds y el Tri\u00e1ngulo Norte Centroamericano.<\/p>\n<p>El plan es una de las acciones que el Gobierno Mexicano\u00a0ha implementado para contener la migraci\u00f3n de Centroam\u00e9rica y el propio M\u00e9xico hacia Estados Unidos, una de las principales demandas del presidente Donald Trump, quien incluso amenaz\u00f3 con imponer aranceles si el Ejecutivo de L\u00f3pez Obrador no actuaba.<\/p>\n<p>La Secretar\u00eda de Relaciones Exteriores (SRE) <strong>esperaba una inversi\u00f3n de m\u00e1s de 10 mil millones de d\u00f3lares de Washington para el llamado &#8220;Plan Marshall&#8221; centroamericano,<\/strong>revel\u00f3 el canciller Marcelo Ebrard d\u00edas despu\u00e9s del anuncio de la estrategia.<\/p>\n<p>Aunque esto nunca se materializara, <strong>L\u00f3pez Obrador rechaz\u00f3 este viernes haber tenido conflictos con Estados Unidos<\/strong> al asegurar que &#8220;hay una actuaci\u00f3n respetuosa del gobierno del presidente Trump&#8221;.<\/p>\n<p>&#8220;No hemos padecido ning\u00fan acto de prepotencia del gobierno de Estados Unidos y tampoco lo permitimos&#8221;, asegur\u00f3.<\/p>\n<p>Como inversiones del Gobierno de M\u00e9xico para el sureste del pa\u00eds, L\u00f3pez Obrador destac\u00f3 el Tren Maya,\u00a0una obra de 120 mil millones de pesos (m\u00e1s de cinco mil 500 millones de d\u00f3lares) con una extensi\u00f3n de mil 460 kil\u00f3metros en cinco estados de la regi\u00f3n.<\/p>\n<p>El Mandatario afirm\u00f3 que se crear\u00e1n 80 mil empleos con los cuatro tramos ya licitados este a\u00f1o, adem\u00e1s de 150 mil para el pr\u00f3ximo a\u00f1o.<\/p>\n<p>Tambi\u00e9n destac\u00f3 su programa de reforestaci\u00f3n que ha permitido la siembra de un mill\u00f3n de hect\u00e1reas de caobas, cedros, caf\u00e9 y cacao, entre otros \u00e1rboles frutales y maderables.<\/p>\n<p>De esa cantidad, 600 mil ser\u00edan en cinco estados del sureste, con un beneficio para 400 mil campesinos.<\/p>\n<p><strong>Este programa se ha ofrecido a los gobiernos centroamericanos para evitar la migraci\u00f3n de los campesinos.<\/strong><\/p>\n<p>&#8220;El programa m\u00e1s importante de reforestaci\u00f3n en el mundo en la actualidad es el programa <strong>Sembrando Vida<\/strong>, en ning\u00fan pa\u00eds del mundo se est\u00e1n sembrando un mill\u00f3n de hect\u00e1reas de \u00e1rboles frutales y maderables&#8221;, manifest\u00f3.<\/p>\n<p>La pandemia de COVID-19 ha agravado la situaci\u00f3n de los migrantes\u00a0en M\u00e9xico, pues han quedado atrapados en el pa\u00eds, seg\u00fan denuncian organizaciones civiles nacionales y organismos internacionales.<\/p>\n<p>En el pa\u00eds hay cerca de cuatro mil 800 personas solicitantes de asilo que viven en 89 albergues, indic\u00f3 en mayo la oficina del Alto Comisionado de las Naciones Unidas para los Refugiados (Acnur) en M\u00e9xico.<\/p>\n<p>Con informaci\u00f3n de EFE<\/p>\n","protected":false},"excerpt":{"rendered":"<p>EU no cumpli\u00f3 con inversiones en el sureste de M\u00e9xico: L\u00f3pez Obrador Por Redacci\u00f3n QP&#8230;<\/p>\n","protected":false},"author":2,"featured_media":59292,"comment_status":"open","ping_status":"open","sticky":false,"template":"","format":"standard","meta":{"_monsterinsights_skip_tracking":false,"_monsterinsights_sitenote_active":false,"_monsterinsights_sitenote_note":"","_monsterinsights_sitenote_category":0,"footnotes":""},"categories":[2],"tags":[],"class_list":["post-59291","post","type-post","status-publish","format-standard","has-post-thumbnail","hentry","category-noticias"],"yoast_head":"<!-- This site is optimized with the Yoast SEO plugin v27.3 - https:\/\/yoast.com\/product\/yoast-seo-wordpress\/ -->\n<title>EU no cumpli\u00f3 con inversiones en el sureste de M\u00e9xico: L\u00f3pez Obrador -<\/title>\n<meta name=\"robots\" content=\"index, follow, max-snippet:-1, max-image-preview:large, max-video-preview:-1\" \/>\n<link rel=\"canonical\" href=\"https:\/\/quehacerpolitico.mx\/?p=59291\" \/>\n<meta property=\"og:locale\" content=\"es_MX\" \/>\n<meta property=\"og:type\" content=\"article\" \/>\n<meta property=\"og:title\" content=\"EU no cumpli\u00f3 con inversiones en el sureste de M\u00e9xico: L\u00f3pez Obrador -\" \/>\n<meta property=\"og:description\" content=\"EU no cumpli\u00f3 con inversiones en el sureste de M\u00e9xico: L\u00f3pez Obrador Por Redacci\u00f3n QP...\" \/>\n<meta property=\"og:url\" content=\"https:\/\/quehacerpolitico.mx\/?p=59291\" \/>\n<meta property=\"article:published_time\" content=\"2020-06-12T15:27:47+00:00\" \/>\n<meta property=\"og:image\" content=\"https:\/\/quehacerpolitico.mx\/wp-content\/uploads\/2020\/06\/58DE0FD6-08EA-4B77-BCD8-34B2687DC6EF.jpeg\" \/>\n\t<meta property=\"og:image:width\" content=\"1219\" \/>\n\t<meta property=\"og:image:height\" content=\"674\" \/>\n\t<meta property=\"og:image:type\" content=\"image\/jpeg\" \/>\n<meta name=\"author\" content=\"Redacci\u00f3n QP\" \/>\n<meta name=\"twitter:card\" content=\"summary_large_image\" \/>\n<meta name=\"twitter:label1\" content=\"Escrito por\" \/>\n\t<meta name=\"twitter:data1\" content=\"Redacci\u00f3n QP\" \/>\n\t<meta name=\"twitter:label2\" content=\"Tiempo de lectura\" \/>\n\t<meta name=\"twitter:data2\" content=\"3 minutos\" \/>\n<script type=\"application\/ld+json\" class=\"yoast-schema-graph\">{\"@context\":\"https:\\\/\\\/schema.org\",\"@graph\":[{\"@type\":\"Article\",\"@id\":\"https:\\\/\\\/quehacerpolitico.mx\\\/?p=59291#article\",\"isPartOf\":{\"@id\":\"https:\\\/\\\/quehacerpolitico.mx\\\/?p=59291\"},\"author\":{\"name\":\"Redacci\u00f3n QP\",\"@id\":\"https:\\\/\\\/quehacerpolitico.mx\\\/#\\\/schema\\\/person\\\/496d8ad2d1d3f8036101dca7ee39e585\"},\"headline\":\"EU no cumpli\u00f3 con inversiones en el sureste de M\u00e9xico: L\u00f3pez Obrador\",\"datePublished\":\"2020-06-12T15:27:47+00:00\",\"mainEntityOfPage\":{\"@id\":\"https:\\\/\\\/quehacerpolitico.mx\\\/?p=59291\"},\"wordCount\":678,\"commentCount\":0,\"image\":{\"@id\":\"https:\\\/\\\/quehacerpolitico.mx\\\/?p=59291#primaryimage\"},\"thumbnailUrl\":\"https:\\\/\\\/quehacerpolitico.mx\\\/wp-content\\\/uploads\\\/2020\\\/06\\\/58DE0FD6-08EA-4B77-BCD8-34B2687DC6EF.jpeg\",\"articleSection\":[\"Noticias\"],\"inLanguage\":\"es\",\"potentialAction\":[{\"@type\":\"CommentAction\",\"name\":\"Comment\",\"target\":[\"https:\\\/\\\/quehacerpolitico.mx\\\/?p=59291#respond\"]}]},{\"@type\":\"WebPage\",\"@id\":\"https:\\\/\\\/quehacerpolitico.mx\\\/?p=59291\",\"url\":\"https:\\\/\\\/quehacerpolitico.mx\\\/?p=59291\",\"name\":\"EU no cumpli\u00f3 con inversiones en el sureste de M\u00e9xico: L\u00f3pez Obrador -\",\"isPartOf\":{\"@id\":\"https:\\\/\\\/quehacerpolitico.mx\\\/#website\"},\"primaryImageOfPage\":{\"@id\":\"https:\\\/\\\/quehacerpolitico.mx\\\/?p=59291#primaryimage\"},\"image\":{\"@id\":\"https:\\\/\\\/quehacerpolitico.mx\\\/?p=59291#primaryimage\"},\"thumbnailUrl\":\"https:\\\/\\\/quehacerpolitico.mx\\\/wp-content\\\/uploads\\\/2020\\\/06\\\/58DE0FD6-08EA-4B77-BCD8-34B2687DC6EF.jpeg\",\"datePublished\":\"2020-06-12T15:27:47+00:00\",\"author\":{\"@id\":\"https:\\\/\\\/quehacerpolitico.mx\\\/#\\\/schema\\\/person\\\/496d8ad2d1d3f8036101dca7ee39e585\"},\"breadcrumb\":{\"@id\":\"https:\\\/\\\/quehacerpolitico.mx\\\/?p=59291#breadcrumb\"},\"inLanguage\":\"es\",\"potentialAction\":[{\"@type\":\"ReadAction\",\"target\":[\"https:\\\/\\\/quehacerpolitico.mx\\\/?p=59291\"]}]},{\"@type\":\"ImageObject\",\"inLanguage\":\"es\",\"@id\":\"https:\\\/\\\/quehacerpolitico.mx\\\/?p=59291#primaryimage\",\"url\":\"https:\\\/\\\/quehacerpolitico.mx\\\/wp-content\\\/uploads\\\/2020\\\/06\\\/58DE0FD6-08EA-4B77-BCD8-34B2687DC6EF.jpeg\",\"contentUrl\":\"https:\\\/\\\/quehacerpolitico.mx\\\/wp-content\\\/uploads\\\/2020\\\/06\\\/58DE0FD6-08EA-4B77-BCD8-34B2687DC6EF.jpeg\",\"width\":1219,\"height\":674},{\"@type\":\"BreadcrumbList\",\"@id\":\"https:\\\/\\\/quehacerpolitico.mx\\\/?p=59291#breadcrumb\",\"itemListElement\":[{\"@type\":\"ListItem\",\"position\":1,\"name\":\"Inicio\",\"item\":\"https:\\\/\\\/quehacerpolitico.mx\\\/\"},{\"@type\":\"ListItem\",\"position\":2,\"name\":\"EU no cumpli\u00f3 con inversiones en el sureste de M\u00e9xico: L\u00f3pez Obrador\"}]},{\"@type\":\"WebSite\",\"@id\":\"https:\\\/\\\/quehacerpolitico.mx\\\/#website\",\"url\":\"https:\\\/\\\/quehacerpolitico.mx\\\/\",\"name\":\"\",\"description\":\"\",\"potentialAction\":[{\"@type\":\"SearchAction\",\"target\":{\"@type\":\"EntryPoint\",\"urlTemplate\":\"https:\\\/\\\/quehacerpolitico.mx\\\/?s={search_term_string}\"},\"query-input\":{\"@type\":\"PropertyValueSpecification\",\"valueRequired\":true,\"valueName\":\"search_term_string\"}}],\"inLanguage\":\"es\"},{\"@type\":\"Person\",\"@id\":\"https:\\\/\\\/quehacerpolitico.mx\\\/#\\\/schema\\\/person\\\/496d8ad2d1d3f8036101dca7ee39e585\",\"name\":\"Redacci\u00f3n QP\",\"image\":{\"@type\":\"ImageObject\",\"inLanguage\":\"es\",\"@id\":\"https:\\\/\\\/secure.gravatar.com\\\/avatar\\\/c7164ed6fdec453195284ad24a5ae5b6e1eed2b848477fa2a4787ba9adf39a41?s=96&d=mm&r=g\",\"url\":\"https:\\\/\\\/secure.gravatar.com\\\/avatar\\\/c7164ed6fdec453195284ad24a5ae5b6e1eed2b848477fa2a4787ba9adf39a41?s=96&d=mm&r=g\",\"contentUrl\":\"https:\\\/\\\/secure.gravatar.com\\\/avatar\\\/c7164ed6fdec453195284ad24a5ae5b6e1eed2b848477fa2a4787ba9adf39a41?s=96&d=mm&r=g\",\"caption\":\"Redacci\u00f3n QP\"},\"url\":\"https:\\\/\\\/quehacerpolitico.mx\\\/?author=2\"}]}<\/script>\n<!-- \/ Yoast SEO plugin. -->","yoast_head_json":{"title":"EU no cumpli\u00f3 con inversiones en el sureste de M\u00e9xico: L\u00f3pez Obrador -","robots":{"index":"index","follow":"follow","max-snippet":"max-snippet:-1","max-image-preview":"max-image-preview:large","max-video-preview":"max-video-preview:-1"},"canonical":"https:\/\/quehacerpolitico.mx\/?p=59291","og_locale":"es_MX","og_type":"article","og_title":"EU no cumpli\u00f3 con inversiones en el sureste de M\u00e9xico: L\u00f3pez Obrador -","og_description":"EU no cumpli\u00f3 con inversiones en el sureste de M\u00e9xico: L\u00f3pez Obrador Por Redacci\u00f3n QP...","og_url":"https:\/\/quehacerpolitico.mx\/?p=59291","article_published_time":"2020-06-12T15:27:47+00:00","og_image":[{"width":1219,"height":674,"url":"https:\/\/quehacerpolitico.mx\/wp-content\/uploads\/2020\/06\/58DE0FD6-08EA-4B77-BCD8-34B2687DC6EF.jpeg","type":"image\/jpeg"}],"author":"Redacci\u00f3n QP","twitter_card":"summary_large_image","twitter_misc":{"Escrito por":"Redacci\u00f3n QP","Tiempo de lectura":"3 minutos"},"schema":{"@context":"https:\/\/schema.org","@graph":[{"@type":"Article","@id":"https:\/\/quehacerpolitico.mx\/?p=59291#article","isPartOf":{"@id":"https:\/\/quehacerpolitico.mx\/?p=59291"},"author":{"name":"Redacci\u00f3n QP","@id":"https:\/\/quehacerpolitico.mx\/#\/schema\/person\/496d8ad2d1d3f8036101dca7ee39e585"},"headline":"EU no cumpli\u00f3 con inversiones en el sureste de M\u00e9xico: L\u00f3pez Obrador","datePublished":"2020-06-12T15:27:47+00:00","mainEntityOfPage":{"@id":"https:\/\/quehacerpolitico.mx\/?p=59291"},"wordCount":678,"commentCount":0,"image":{"@id":"https:\/\/quehacerpolitico.mx\/?p=59291#primaryimage"},"thumbnailUrl":"https:\/\/quehacerpolitico.mx\/wp-content\/uploads\/2020\/06\/58DE0FD6-08EA-4B77-BCD8-34B2687DC6EF.jpeg","articleSection":["Noticias"],"inLanguage":"es","potentialAction":[{"@type":"CommentAction","name":"Comment","target":["https:\/\/quehacerpolitico.mx\/?p=59291#respond"]}]},{"@type":"WebPage","@id":"https:\/\/quehacerpolitico.mx\/?p=59291","url":"https:\/\/quehacerpolitico.mx\/?p=59291","name":"EU no cumpli\u00f3 con inversiones en el sureste de M\u00e9xico: L\u00f3pez Obrador -","isPartOf":{"@id":"https:\/\/quehacerpolitico.mx\/#website"},"primaryImageOfPage":{"@id":"https:\/\/quehacerpolitico.mx\/?p=59291#primaryimage"},"image":{"@id":"https:\/\/quehacerpolitico.mx\/?p=59291#primaryimage"},"thumbnailUrl":"https:\/\/quehacerpolitico.mx\/wp-content\/uploads\/2020\/06\/58DE0FD6-08EA-4B77-BCD8-34B2687DC6EF.jpeg","datePublished":"2020-06-12T15:27:47+00:00","author":{"@id":"https:\/\/quehacerpolitico.mx\/#\/schema\/person\/496d8ad2d1d3f8036101dca7ee39e585"},"breadcrumb":{"@id":"https:\/\/quehacerpolitico.mx\/?p=59291#breadcrumb"},"inLanguage":"es","potentialAction":[{"@type":"ReadAction","target":["https:\/\/quehacerpolitico.mx\/?p=59291"]}]},{"@type":"ImageObject","inLanguage":"es","@id":"https:\/\/quehacerpolitico.mx\/?p=59291#primaryimage","url":"https:\/\/quehacerpolitico.mx\/wp-content\/uploads\/2020\/06\/58DE0FD6-08EA-4B77-BCD8-34B2687DC6EF.jpeg","contentUrl":"https:\/\/quehacerpolitico.mx\/wp-content\/uploads\/2020\/06\/58DE0FD6-08EA-4B77-BCD8-34B2687DC6EF.jpeg","width":1219,"height":674},{"@type":"BreadcrumbList","@id":"https:\/\/quehacerpolitico.mx\/?p=59291#breadcrumb","itemListElement":[{"@type":"ListItem","position":1,"name":"Inicio","item":"https:\/\/quehacerpolitico.mx\/"},{"@type":"ListItem","position":2,"name":"EU no cumpli\u00f3 con inversiones en el sureste de M\u00e9xico: L\u00f3pez Obrador"}]},{"@type":"WebSite","@id":"https:\/\/quehacerpolitico.mx\/#website","url":"https:\/\/quehacerpolitico.mx\/","name":"","description":"","potentialAction":[{"@type":"SearchAction","target":{"@type":"EntryPoint","urlTemplate":"https:\/\/quehacerpolitico.mx\/?s={search_term_string}"},"query-input":{"@type":"PropertyValueSpecification","valueRequired":true,"valueName":"search_term_string"}}],"inLanguage":"es"},{"@type":"Person","@id":"https:\/\/quehacerpolitico.mx\/#\/schema\/person\/496d8ad2d1d3f8036101dca7ee39e585","name":"Redacci\u00f3n QP","image":{"@type":"ImageObject","inLanguage":"es","@id":"https:\/\/secure.gravatar.com\/avatar\/c7164ed6fdec453195284ad24a5ae5b6e1eed2b848477fa2a4787ba9adf39a41?s=96&d=mm&r=g","url":"https:\/\/secure.gravatar.com\/avatar\/c7164ed6fdec453195284ad24a5ae5b6e1eed2b848477fa2a4787ba9adf39a41?s=96&d=mm&r=g","contentUrl":"https:\/\/secure.gravatar.com\/avatar\/c7164ed6fdec453195284ad24a5ae5b6e1eed2b848477fa2a4787ba9adf39a41?s=96&d=mm&r=g","caption":"Redacci\u00f3n QP"},"url":"https:\/\/quehacerpolitico.mx\/?author=2"}]}},"featured_image_urls":{"full":["https:\/\/quehacerpolitico.mx\/wp-content\/uploads\/2020\/06\/58DE0FD6-08EA-4B77-BCD8-34B2687DC6EF.jpeg",1219,674,false],"thumbnail":["https:\/\/quehacerpolitico.mx\/wp-content\/uploads\/2020\/06\/58DE0FD6-08EA-4B77-BCD8-34B2687DC6EF-150x150.jpeg",150,150,true],"medium":["https:\/\/quehacerpolitico.mx\/wp-content\/uploads\/2020\/06\/58DE0FD6-08EA-4B77-BCD8-34B2687DC6EF-300x166.jpeg",300,166,true],"medium_large":["https:\/\/quehacerpolitico.mx\/wp-content\/uploads\/2020\/06\/58DE0FD6-08EA-4B77-BCD8-34B2687DC6EF-768x425.jpeg",640,354,true],"large":["https:\/\/quehacerpolitico.mx\/wp-content\/uploads\/2020\/06\/58DE0FD6-08EA-4B77-BCD8-34B2687DC6EF-1024x566.jpeg",640,354,true],"1536x1536":["https:\/\/quehacerpolitico.mx\/wp-content\/uploads\/2020\/06\/58DE0FD6-08EA-4B77-BCD8-34B2687DC6EF.jpeg",1219,674,false],"2048x2048":["https:\/\/quehacerpolitico.mx\/wp-content\/uploads\/2020\/06\/58DE0FD6-08EA-4B77-BCD8-34B2687DC6EF.jpeg",1219,674,false],"covernews-featured":["https:\/\/quehacerpolitico.mx\/wp-content\/uploads\/2020\/06\/58DE0FD6-08EA-4B77-BCD8-34B2687DC6EF.jpeg",1024,566,false],"covernews-medium":["https:\/\/quehacerpolitico.mx\/wp-content\/uploads\/2020\/06\/58DE0FD6-08EA-4B77-BCD8-34B2687DC6EF.jpeg",540,299,false]},"author_info":{"display_name":"Redacci\u00f3n QP","author_link":"https:\/\/quehacerpolitico.mx\/?author=2"},"category_info":"<a href=\"https:\/\/quehacerpolitico.mx\/?cat=2\" rel=\"category\">Noticias<\/a>","tag_info":"Noticias","comment_count":"0","_links":{"self":[{"href":"https:\/\/quehacerpolitico.mx\/index.php?rest_route=\/wp\/v2\/posts\/59291","targetHints":{"allow":["GET"]}}],"collection":[{"href":"https:\/\/quehacerpolitico.mx\/index.php?rest_route=\/wp\/v2\/posts"}],"about":[{"href":"https:\/\/quehacerpolitico.mx\/index.php?rest_route=\/wp\/v2\/types\/post"}],"author":[{"embeddable":true,"href":"https:\/\/quehacerpolitico.mx\/index.php?rest_route=\/wp\/v2\/users\/2"}],"replies":[{"embeddable":true,"href":"https:\/\/quehacerpolitico.mx\/index.php?rest_route=%2Fwp%2Fv2%2Fcomments&post=59291"}],"version-history":[{"count":0,"href":"https:\/\/quehacerpolitico.mx\/index.php?rest_route=\/wp\/v2\/posts\/59291\/revisions"}],"wp:featuredmedia":[{"embeddable":true,"href":"https:\/\/quehacerpolitico.mx\/index.php?rest_route=\/wp\/v2\/media\/59292"}],"wp:attachment":[{"href":"https:\/\/quehacerpolitico.mx\/index.php?rest_route=%2Fwp%2Fv2%2Fmedia&parent=59291"}],"wp:term":[{"taxonomy":"category","embeddable":true,"href":"https:\/\/quehacerpolitico.mx\/index.php?rest_route=%2Fwp%2Fv2%2Fcategories&post=59291"},{"taxonomy":"post_tag","embeddable":true,"href":"https:\/\/quehacerpolitico.mx\/index.php?rest_route=%2Fwp%2Fv2%2Ftags&post=59291"}],"curies":[{"name":"wp","href":"https:\/\/api.w.org\/{rel}","templated":true}]}}