{"id":58878,"date":"2020-06-05T08:38:22","date_gmt":"2020-06-05T13:38:22","guid":{"rendered":"http:\/\/quehacerpolitico.mx\/?p=58878"},"modified":"2020-06-05T08:38:22","modified_gmt":"2020-06-05T13:38:22","slug":"que-alfaro-presente-pruebas-sobre-injerencia-en-protestas-amlo","status":"publish","type":"post","link":"https:\/\/quehacerpolitico.mx\/?p=58878","title":{"rendered":"Que Alfaro presente pruebas sobre injerencia en protestas: AMLO"},"content":{"rendered":"<p>Que Alfaro presente pruebas sobre injerencia en protestas: AMLO<br \/>\nPor Redacci\u00f3n QP<\/p>\n<p>El presidente Andr\u00e9s Manuel L\u00f3pez Obrador lament\u00f3 la muerte de Giovanni L\u00f3pez en Jalisco y neg\u00f3 que tenga intereses pol\u00edticos en esa entidad c\u00f3mo acus\u00f3 ayer Enrique Alfaro, gobernador de ese estado.<\/p>\n<p>En conferencia de prensa, el mandatario federal indic\u00f3 que aunque tiene diferencias pol\u00edticas con el gobernador Alfaro no se inmiscuye y prefiere actuar con responsabilidad.<\/p>\n<p>\u201cYo tengo diferencias con el gobernador de Jalisco, diferencias pol\u00edticas, ideol\u00f3gicas, pero actu\u00f3 con responsabilidad y no me inmiscuyo y participo en cuestiones partidistas.<\/p>\n<p>\u201cNo tengo yo prop\u00f3sito de afectar a autoridades locales. Lament\u00f3 los hechos porque estoy a favor de resolver problemas mediante el di\u00e1logo y sin el uso de la fuerza\u201d, puntualiz\u00f3.<\/p>\n<blockquote class=\"twitter-tweet\" data-width=\"550\" data-dnt=\"true\">\n<p lang=\"es\" dir=\"ltr\">&quot;No tengo nada que ver&quot; responde el presidente <a href=\"https:\/\/twitter.com\/lopezobrador_?ref_src=twsrc%5Etfw\">@lopezobrador_<\/a> y se\u00f1ala que si <a href=\"https:\/\/twitter.com\/EnriqueAlfaroR?ref_src=twsrc%5Etfw\">@EnriqueAlfaroR<\/a> tiene pruebas, que las d\u00e9 a conocer. <a href=\"https:\/\/t.co\/aSXVFVmsUx\">pic.twitter.com\/aSXVFVmsUx<\/a><\/p>\n<p>&mdash; Ruido en la Red (@RuidoEnLaRed) <a href=\"https:\/\/twitter.com\/RuidoEnLaRed\/status\/1268893346803511296?ref_src=twsrc%5Etfw\">June 5, 2020<\/a><\/p><\/blockquote>\n<p><script async src=\"https:\/\/platform.twitter.com\/widgets.js\" charset=\"utf-8\"><\/script><\/p>\n<p>Ayer, en un video, el gobernador Enrique Alfaro acus\u00f3 al presidente L\u00f3pez Obrador de estar inmiscuido en las virulentas protestas que se registraron en Guadalajara tras la muerte de Giovanni L\u00f3pez.<\/p>\n<p>\u201cSi tiene el gobernador pruebas que las d\u00e9 a conocer, el que acusa tiene que probar para actuar de manera responsable\u201d, expres\u00f3 al respecto el presidente de la Rep\u00fablica.<\/p>\n<p>Giovanni L\u00f3pez\u00a0muri\u00f3 tras ser detenido por polic\u00edas locales en el municipio de\u00a0Ixtlahuac\u00e1n de los Membrillos, presuntamente por no portar cubrebocas.<\/p>\n<p>\u201cEspero que se aclaren las cosas, pienso que no debe de haber acciones autoritarias\u201d, expres\u00f3 el jefe del Ejecutivo federal quien lament\u00f3 los hechos y se dijo\u00a0partidario de la no violencia.<\/p>\n<p>Cuestionado sobre si la Federaci\u00f3n comenzar\u00eda una investigaci\u00f3n sobre este tema, L\u00f3pez Obrador rechaz\u00f3 que vaya a promoverse una acci\u00f3n judicial, para evitar provocaciones, sin embargo, dijo que corresponder\u00e1 a las autoridades locales asumir su responsabilidad por estos hechos.<\/p>\n<p>Con informaci\u00f3n de NTX<\/p>\n","protected":false},"excerpt":{"rendered":"<p>Que Alfaro presente pruebas sobre injerencia en protestas: AMLO Por Redacci\u00f3n QP El presidente Andr\u00e9s&#8230;<\/p>\n","protected":false},"author":2,"featured_media":58879,"comment_status":"open","ping_status":"open","sticky":false,"template":"","format":"standard","meta":{"_monsterinsights_skip_tracking":false,"_monsterinsights_sitenote_active":false,"_monsterinsights_sitenote_note":"","_monsterinsights_sitenote_category":0,"footnotes":""},"categories":[2],"tags":[],"class_list":["post-58878","post","type-post","status-publish","format-standard","has-post-thumbnail","hentry","category-noticias"],"yoast_head":"<!-- This site is optimized with the Yoast SEO plugin v27.3 - https:\/\/yoast.com\/product\/yoast-seo-wordpress\/ -->\n<title>Que Alfaro presente pruebas sobre injerencia en protestas: AMLO -<\/title>\n<meta name=\"robots\" content=\"index, follow, max-snippet:-1, max-image-preview:large, max-video-preview:-1\" \/>\n<link rel=\"canonical\" href=\"https:\/\/quehacerpolitico.mx\/?p=58878\" \/>\n<meta property=\"og:locale\" content=\"es_MX\" \/>\n<meta property=\"og:type\" content=\"article\" \/>\n<meta property=\"og:title\" content=\"Que Alfaro presente pruebas sobre injerencia en protestas: AMLO -\" \/>\n<meta property=\"og:description\" content=\"Que Alfaro presente pruebas sobre injerencia en protestas: AMLO Por Redacci\u00f3n QP El presidente Andr\u00e9s...\" \/>\n<meta property=\"og:url\" content=\"https:\/\/quehacerpolitico.mx\/?p=58878\" \/>\n<meta property=\"article:published_time\" content=\"2020-06-05T13:38:22+00:00\" \/>\n<meta property=\"og:image\" content=\"https:\/\/quehacerpolitico.mx\/wp-content\/uploads\/2020\/06\/2CABEF10-0767-486F-802B-5148074FF124.jpeg\" \/>\n\t<meta property=\"og:image:width\" content=\"1280\" \/>\n\t<meta property=\"og:image:height\" content=\"854\" \/>\n\t<meta property=\"og:image:type\" content=\"image\/jpeg\" \/>\n<meta name=\"author\" content=\"Redacci\u00f3n QP\" \/>\n<meta name=\"twitter:card\" content=\"summary_large_image\" \/>\n<meta name=\"twitter:label1\" content=\"Escrito por\" \/>\n\t<meta name=\"twitter:data1\" content=\"Redacci\u00f3n QP\" \/>\n\t<meta name=\"twitter:label2\" content=\"Tiempo de lectura\" \/>\n\t<meta name=\"twitter:data2\" content=\"2 minutos\" \/>\n<script type=\"application\/ld+json\" class=\"yoast-schema-graph\">{\"@context\":\"https:\\\/\\\/schema.org\",\"@graph\":[{\"@type\":\"Article\",\"@id\":\"https:\\\/\\\/quehacerpolitico.mx\\\/?p=58878#article\",\"isPartOf\":{\"@id\":\"https:\\\/\\\/quehacerpolitico.mx\\\/?p=58878\"},\"author\":{\"name\":\"Redacci\u00f3n QP\",\"@id\":\"https:\\\/\\\/quehacerpolitico.mx\\\/#\\\/schema\\\/person\\\/496d8ad2d1d3f8036101dca7ee39e585\"},\"headline\":\"Que Alfaro presente pruebas sobre injerencia en protestas: AMLO\",\"datePublished\":\"2020-06-05T13:38:22+00:00\",\"mainEntityOfPage\":{\"@id\":\"https:\\\/\\\/quehacerpolitico.mx\\\/?p=58878\"},\"wordCount\":318,\"commentCount\":0,\"image\":{\"@id\":\"https:\\\/\\\/quehacerpolitico.mx\\\/?p=58878#primaryimage\"},\"thumbnailUrl\":\"https:\\\/\\\/quehacerpolitico.mx\\\/wp-content\\\/uploads\\\/2020\\\/06\\\/2CABEF10-0767-486F-802B-5148074FF124.jpeg\",\"articleSection\":[\"Noticias\"],\"inLanguage\":\"es\",\"potentialAction\":[{\"@type\":\"CommentAction\",\"name\":\"Comment\",\"target\":[\"https:\\\/\\\/quehacerpolitico.mx\\\/?p=58878#respond\"]}]},{\"@type\":\"WebPage\",\"@id\":\"https:\\\/\\\/quehacerpolitico.mx\\\/?p=58878\",\"url\":\"https:\\\/\\\/quehacerpolitico.mx\\\/?p=58878\",\"name\":\"Que Alfaro presente pruebas sobre injerencia en protestas: AMLO -\",\"isPartOf\":{\"@id\":\"https:\\\/\\\/quehacerpolitico.mx\\\/#website\"},\"primaryImageOfPage\":{\"@id\":\"https:\\\/\\\/quehacerpolitico.mx\\\/?p=58878#primaryimage\"},\"image\":{\"@id\":\"https:\\\/\\\/quehacerpolitico.mx\\\/?p=58878#primaryimage\"},\"thumbnailUrl\":\"https:\\\/\\\/quehacerpolitico.mx\\\/wp-content\\\/uploads\\\/2020\\\/06\\\/2CABEF10-0767-486F-802B-5148074FF124.jpeg\",\"datePublished\":\"2020-06-05T13:38:22+00:00\",\"author\":{\"@id\":\"https:\\\/\\\/quehacerpolitico.mx\\\/#\\\/schema\\\/person\\\/496d8ad2d1d3f8036101dca7ee39e585\"},\"breadcrumb\":{\"@id\":\"https:\\\/\\\/quehacerpolitico.mx\\\/?p=58878#breadcrumb\"},\"inLanguage\":\"es\",\"potentialAction\":[{\"@type\":\"ReadAction\",\"target\":[\"https:\\\/\\\/quehacerpolitico.mx\\\/?p=58878\"]}]},{\"@type\":\"ImageObject\",\"inLanguage\":\"es\",\"@id\":\"https:\\\/\\\/quehacerpolitico.mx\\\/?p=58878#primaryimage\",\"url\":\"https:\\\/\\\/quehacerpolitico.mx\\\/wp-content\\\/uploads\\\/2020\\\/06\\\/2CABEF10-0767-486F-802B-5148074FF124.jpeg\",\"contentUrl\":\"https:\\\/\\\/quehacerpolitico.mx\\\/wp-content\\\/uploads\\\/2020\\\/06\\\/2CABEF10-0767-486F-802B-5148074FF124.jpeg\",\"width\":1280,\"height\":854},{\"@type\":\"BreadcrumbList\",\"@id\":\"https:\\\/\\\/quehacerpolitico.mx\\\/?p=58878#breadcrumb\",\"itemListElement\":[{\"@type\":\"ListItem\",\"position\":1,\"name\":\"Inicio\",\"item\":\"https:\\\/\\\/quehacerpolitico.mx\\\/\"},{\"@type\":\"ListItem\",\"position\":2,\"name\":\"Que Alfaro presente pruebas sobre injerencia en protestas: AMLO\"}]},{\"@type\":\"WebSite\",\"@id\":\"https:\\\/\\\/quehacerpolitico.mx\\\/#website\",\"url\":\"https:\\\/\\\/quehacerpolitico.mx\\\/\",\"name\":\"\",\"description\":\"\",\"potentialAction\":[{\"@type\":\"SearchAction\",\"target\":{\"@type\":\"EntryPoint\",\"urlTemplate\":\"https:\\\/\\\/quehacerpolitico.mx\\\/?s={search_term_string}\"},\"query-input\":{\"@type\":\"PropertyValueSpecification\",\"valueRequired\":true,\"valueName\":\"search_term_string\"}}],\"inLanguage\":\"es\"},{\"@type\":\"Person\",\"@id\":\"https:\\\/\\\/quehacerpolitico.mx\\\/#\\\/schema\\\/person\\\/496d8ad2d1d3f8036101dca7ee39e585\",\"name\":\"Redacci\u00f3n QP\",\"image\":{\"@type\":\"ImageObject\",\"inLanguage\":\"es\",\"@id\":\"https:\\\/\\\/secure.gravatar.com\\\/avatar\\\/c7164ed6fdec453195284ad24a5ae5b6e1eed2b848477fa2a4787ba9adf39a41?s=96&d=mm&r=g\",\"url\":\"https:\\\/\\\/secure.gravatar.com\\\/avatar\\\/c7164ed6fdec453195284ad24a5ae5b6e1eed2b848477fa2a4787ba9adf39a41?s=96&d=mm&r=g\",\"contentUrl\":\"https:\\\/\\\/secure.gravatar.com\\\/avatar\\\/c7164ed6fdec453195284ad24a5ae5b6e1eed2b848477fa2a4787ba9adf39a41?s=96&d=mm&r=g\",\"caption\":\"Redacci\u00f3n QP\"},\"url\":\"https:\\\/\\\/quehacerpolitico.mx\\\/?author=2\"}]}<\/script>\n<!-- \/ Yoast SEO plugin. -->","yoast_head_json":{"title":"Que Alfaro presente pruebas sobre injerencia en protestas: AMLO -","robots":{"index":"index","follow":"follow","max-snippet":"max-snippet:-1","max-image-preview":"max-image-preview:large","max-video-preview":"max-video-preview:-1"},"canonical":"https:\/\/quehacerpolitico.mx\/?p=58878","og_locale":"es_MX","og_type":"article","og_title":"Que Alfaro presente pruebas sobre injerencia en protestas: AMLO -","og_description":"Que Alfaro presente pruebas sobre injerencia en protestas: AMLO Por Redacci\u00f3n QP El presidente Andr\u00e9s...","og_url":"https:\/\/quehacerpolitico.mx\/?p=58878","article_published_time":"2020-06-05T13:38:22+00:00","og_image":[{"width":1280,"height":854,"url":"https:\/\/quehacerpolitico.mx\/wp-content\/uploads\/2020\/06\/2CABEF10-0767-486F-802B-5148074FF124.jpeg","type":"image\/jpeg"}],"author":"Redacci\u00f3n QP","twitter_card":"summary_large_image","twitter_misc":{"Escrito por":"Redacci\u00f3n QP","Tiempo de lectura":"2 minutos"},"schema":{"@context":"https:\/\/schema.org","@graph":[{"@type":"Article","@id":"https:\/\/quehacerpolitico.mx\/?p=58878#article","isPartOf":{"@id":"https:\/\/quehacerpolitico.mx\/?p=58878"},"author":{"name":"Redacci\u00f3n QP","@id":"https:\/\/quehacerpolitico.mx\/#\/schema\/person\/496d8ad2d1d3f8036101dca7ee39e585"},"headline":"Que Alfaro presente pruebas sobre injerencia en protestas: AMLO","datePublished":"2020-06-05T13:38:22+00:00","mainEntityOfPage":{"@id":"https:\/\/quehacerpolitico.mx\/?p=58878"},"wordCount":318,"commentCount":0,"image":{"@id":"https:\/\/quehacerpolitico.mx\/?p=58878#primaryimage"},"thumbnailUrl":"https:\/\/quehacerpolitico.mx\/wp-content\/uploads\/2020\/06\/2CABEF10-0767-486F-802B-5148074FF124.jpeg","articleSection":["Noticias"],"inLanguage":"es","potentialAction":[{"@type":"CommentAction","name":"Comment","target":["https:\/\/quehacerpolitico.mx\/?p=58878#respond"]}]},{"@type":"WebPage","@id":"https:\/\/quehacerpolitico.mx\/?p=58878","url":"https:\/\/quehacerpolitico.mx\/?p=58878","name":"Que Alfaro presente pruebas sobre injerencia en protestas: AMLO -","isPartOf":{"@id":"https:\/\/quehacerpolitico.mx\/#website"},"primaryImageOfPage":{"@id":"https:\/\/quehacerpolitico.mx\/?p=58878#primaryimage"},"image":{"@id":"https:\/\/quehacerpolitico.mx\/?p=58878#primaryimage"},"thumbnailUrl":"https:\/\/quehacerpolitico.mx\/wp-content\/uploads\/2020\/06\/2CABEF10-0767-486F-802B-5148074FF124.jpeg","datePublished":"2020-06-05T13:38:22+00:00","author":{"@id":"https:\/\/quehacerpolitico.mx\/#\/schema\/person\/496d8ad2d1d3f8036101dca7ee39e585"},"breadcrumb":{"@id":"https:\/\/quehacerpolitico.mx\/?p=58878#breadcrumb"},"inLanguage":"es","potentialAction":[{"@type":"ReadAction","target":["https:\/\/quehacerpolitico.mx\/?p=58878"]}]},{"@type":"ImageObject","inLanguage":"es","@id":"https:\/\/quehacerpolitico.mx\/?p=58878#primaryimage","url":"https:\/\/quehacerpolitico.mx\/wp-content\/uploads\/2020\/06\/2CABEF10-0767-486F-802B-5148074FF124.jpeg","contentUrl":"https:\/\/quehacerpolitico.mx\/wp-content\/uploads\/2020\/06\/2CABEF10-0767-486F-802B-5148074FF124.jpeg","width":1280,"height":854},{"@type":"BreadcrumbList","@id":"https:\/\/quehacerpolitico.mx\/?p=58878#breadcrumb","itemListElement":[{"@type":"ListItem","position":1,"name":"Inicio","item":"https:\/\/quehacerpolitico.mx\/"},{"@type":"ListItem","position":2,"name":"Que Alfaro presente pruebas sobre injerencia en protestas: AMLO"}]},{"@type":"WebSite","@id":"https:\/\/quehacerpolitico.mx\/#website","url":"https:\/\/quehacerpolitico.mx\/","name":"","description":"","potentialAction":[{"@type":"SearchAction","target":{"@type":"EntryPoint","urlTemplate":"https:\/\/quehacerpolitico.mx\/?s={search_term_string}"},"query-input":{"@type":"PropertyValueSpecification","valueRequired":true,"valueName":"search_term_string"}}],"inLanguage":"es"},{"@type":"Person","@id":"https:\/\/quehacerpolitico.mx\/#\/schema\/person\/496d8ad2d1d3f8036101dca7ee39e585","name":"Redacci\u00f3n QP","image":{"@type":"ImageObject","inLanguage":"es","@id":"https:\/\/secure.gravatar.com\/avatar\/c7164ed6fdec453195284ad24a5ae5b6e1eed2b848477fa2a4787ba9adf39a41?s=96&d=mm&r=g","url":"https:\/\/secure.gravatar.com\/avatar\/c7164ed6fdec453195284ad24a5ae5b6e1eed2b848477fa2a4787ba9adf39a41?s=96&d=mm&r=g","contentUrl":"https:\/\/secure.gravatar.com\/avatar\/c7164ed6fdec453195284ad24a5ae5b6e1eed2b848477fa2a4787ba9adf39a41?s=96&d=mm&r=g","caption":"Redacci\u00f3n QP"},"url":"https:\/\/quehacerpolitico.mx\/?author=2"}]}},"featured_image_urls":{"full":["https:\/\/quehacerpolitico.mx\/wp-content\/uploads\/2020\/06\/2CABEF10-0767-486F-802B-5148074FF124.jpeg",1280,854,false],"thumbnail":["https:\/\/quehacerpolitico.mx\/wp-content\/uploads\/2020\/06\/2CABEF10-0767-486F-802B-5148074FF124-150x150.jpeg",150,150,true],"medium":["https:\/\/quehacerpolitico.mx\/wp-content\/uploads\/2020\/06\/2CABEF10-0767-486F-802B-5148074FF124-300x200.jpeg",300,200,true],"medium_large":["https:\/\/quehacerpolitico.mx\/wp-content\/uploads\/2020\/06\/2CABEF10-0767-486F-802B-5148074FF124-768x512.jpeg",640,427,true],"large":["https:\/\/quehacerpolitico.mx\/wp-content\/uploads\/2020\/06\/2CABEF10-0767-486F-802B-5148074FF124-1024x683.jpeg",640,427,true],"1536x1536":["https:\/\/quehacerpolitico.mx\/wp-content\/uploads\/2020\/06\/2CABEF10-0767-486F-802B-5148074FF124.jpeg",1280,854,false],"2048x2048":["https:\/\/quehacerpolitico.mx\/wp-content\/uploads\/2020\/06\/2CABEF10-0767-486F-802B-5148074FF124.jpeg",1280,854,false],"covernews-featured":["https:\/\/quehacerpolitico.mx\/wp-content\/uploads\/2020\/06\/2CABEF10-0767-486F-802B-5148074FF124.jpeg",1024,683,false],"covernews-medium":["https:\/\/quehacerpolitico.mx\/wp-content\/uploads\/2020\/06\/2CABEF10-0767-486F-802B-5148074FF124.jpeg",510,340,false]},"author_info":{"display_name":"Redacci\u00f3n QP","author_link":"https:\/\/quehacerpolitico.mx\/?author=2"},"category_info":"<a href=\"https:\/\/quehacerpolitico.mx\/?cat=2\" rel=\"category\">Noticias<\/a>","tag_info":"Noticias","comment_count":"0","_links":{"self":[{"href":"https:\/\/quehacerpolitico.mx\/index.php?rest_route=\/wp\/v2\/posts\/58878","targetHints":{"allow":["GET"]}}],"collection":[{"href":"https:\/\/quehacerpolitico.mx\/index.php?rest_route=\/wp\/v2\/posts"}],"about":[{"href":"https:\/\/quehacerpolitico.mx\/index.php?rest_route=\/wp\/v2\/types\/post"}],"author":[{"embeddable":true,"href":"https:\/\/quehacerpolitico.mx\/index.php?rest_route=\/wp\/v2\/users\/2"}],"replies":[{"embeddable":true,"href":"https:\/\/quehacerpolitico.mx\/index.php?rest_route=%2Fwp%2Fv2%2Fcomments&post=58878"}],"version-history":[{"count":0,"href":"https:\/\/quehacerpolitico.mx\/index.php?rest_route=\/wp\/v2\/posts\/58878\/revisions"}],"wp:featuredmedia":[{"embeddable":true,"href":"https:\/\/quehacerpolitico.mx\/index.php?rest_route=\/wp\/v2\/media\/58879"}],"wp:attachment":[{"href":"https:\/\/quehacerpolitico.mx\/index.php?rest_route=%2Fwp%2Fv2%2Fmedia&parent=58878"}],"wp:term":[{"taxonomy":"category","embeddable":true,"href":"https:\/\/quehacerpolitico.mx\/index.php?rest_route=%2Fwp%2Fv2%2Fcategories&post=58878"},{"taxonomy":"post_tag","embeddable":true,"href":"https:\/\/quehacerpolitico.mx\/index.php?rest_route=%2Fwp%2Fv2%2Ftags&post=58878"}],"curies":[{"name":"wp","href":"https:\/\/api.w.org\/{rel}","templated":true}]}}