{"id":58763,"date":"2020-06-01T22:54:38","date_gmt":"2020-06-02T03:54:38","guid":{"rendered":"http:\/\/quehacerpolitico.mx\/?p=58763"},"modified":"2020-06-01T22:54:38","modified_gmt":"2020-06-02T03:54:38","slug":"amlo-da-banderazo-de-salida-a-construccion-de-tren-maya","status":"publish","type":"post","link":"https:\/\/quehacerpolitico.mx\/?p=58763","title":{"rendered":"AMLO da banderazo de salida a construcci\u00f3n de Tren Maya"},"content":{"rendered":"<h1 class=\"news-title\">AMLO da banderazo de salida a construcci\u00f3n de Tren Maya<br \/>\nPor Redacci\u00f3n QP<\/h1>\n<p>El Presidente\u00a0dio el banderazo de inicio de la construcci\u00f3n del primer tramo, y la\u00a0calific\u00f3 como una obra monumental que detonar\u00e1 el sureste mexicano<\/p>\n<p>Visiblemente contento, el Presidente Andr\u00e9s Manuel L\u00f3pez Obrador dio el banderazo de inicio de la construcci\u00f3n del primer tramo del Tren Maya, el cual calific\u00f3 como una obra monumental que detonar\u00e1 el sureste mexicano.<\/p>\n<blockquote class=\"twitter-tweet\" data-width=\"550\" data-dnt=\"true\">\n<p lang=\"es\" dir=\"ltr\">Banderazo de Inicio de Obra del <a href=\"https:\/\/twitter.com\/hashtag\/TrenMaya?src=hash&amp;ref_src=twsrc%5Etfw\">#TrenMaya<\/a>, Tramo 4 Izamal-Canc\u00fan | Gobierno de M\u00e9xico <a href=\"https:\/\/t.co\/2w16vDtJ4A\">https:\/\/t.co\/2w16vDtJ4A<\/a><\/p>\n<p>&mdash; Gobierno de M\u00e9xico (@GobiernoMX) <a href=\"https:\/\/twitter.com\/GobiernoMX\/status\/1267560635891462144?ref_src=twsrc%5Etfw\">June 1, 2020<\/a><\/p><\/blockquote>\n<p><script async src=\"https:\/\/platform.twitter.com\/widgets.js\" charset=\"utf-8\"><\/script><\/p>\n<p>Acompa\u00f1ado por Guadalupe Phillips, directora de ICA, empresa que construir\u00e1 este tramo, el Presidente L\u00f3pez Obrador advirti\u00f3 que su gobierno no permitir\u00e1 la corrupci\u00f3n, ni que haya sobreprecios o que no se cumpla con <strong>el tiempo estimado para de construcci\u00f3n de 28 meses para lo cual se invertir\u00e1n 27 mil millones de pesos.<\/strong><\/p>\n<p>&#8220;Estamos seguros que ICA va a cumplir con el presupuesto porque no es que hicimos mal los c\u00e1lculos y necesitamos ampliaci\u00f3n, nos vamos de acuerdo a lo pactado y a lo convenido; lo mismo en el tiempo, tiene que estar terminado este trabajo en 28 meses, nada de que llovi\u00f3 mucho y no se pudo&#8221;.<\/p>\n<p><strong>El Presidente design\u00f3 al empresario y fundador de Grupo Vidanta, Daniel Ch\u00e1vez Mor\u00e1n, como su representante para supervisar que la obra se lleve en tiempo y forma<\/strong>, as\u00ed como al titular de la SCT, Javier Jim\u00e9nez Espri\u00fa, Miguel Torruco, secretario de Turismo, y el encargado de Fonatur, Rogelio Jim\u00e9nez Pons.<\/p>\n<p>A pesar de que el presidente pidi\u00f3 a la poblaci\u00f3n no acudir a sus eventos, <strong>pobladores de L\u00e1zaro C\u00e1rdenas e integrantes de la CATEM se presentaron en el lugar para aplaudirle y darle su apoyo.<\/strong><\/p>\n<p>Con Informaci\u00f3n de SUN<\/p>\n","protected":false},"excerpt":{"rendered":"<p>AMLO da banderazo de salida a construcci\u00f3n de Tren Maya Por Redacci\u00f3n QP El Presidente\u00a0dio&#8230;<\/p>\n","protected":false},"author":2,"featured_media":58764,"comment_status":"open","ping_status":"open","sticky":false,"template":"","format":"standard","meta":{"_monsterinsights_skip_tracking":false,"_monsterinsights_sitenote_active":false,"_monsterinsights_sitenote_note":"","_monsterinsights_sitenote_category":0,"footnotes":""},"categories":[2],"tags":[],"class_list":["post-58763","post","type-post","status-publish","format-standard","has-post-thumbnail","hentry","category-noticias"],"yoast_head":"<!-- This site is optimized with the Yoast SEO plugin v27.3 - https:\/\/yoast.com\/product\/yoast-seo-wordpress\/ -->\n<title>AMLO da banderazo de salida a construcci\u00f3n de Tren Maya -<\/title>\n<meta name=\"robots\" content=\"index, follow, max-snippet:-1, max-image-preview:large, max-video-preview:-1\" \/>\n<link rel=\"canonical\" href=\"https:\/\/quehacerpolitico.mx\/?p=58763\" \/>\n<meta property=\"og:locale\" content=\"es_MX\" \/>\n<meta property=\"og:type\" content=\"article\" \/>\n<meta property=\"og:title\" content=\"AMLO da banderazo de salida a construcci\u00f3n de Tren Maya -\" \/>\n<meta property=\"og:description\" content=\"AMLO da banderazo de salida a construcci\u00f3n de Tren Maya Por Redacci\u00f3n QP El Presidente\u00a0dio...\" \/>\n<meta property=\"og:url\" content=\"https:\/\/quehacerpolitico.mx\/?p=58763\" \/>\n<meta property=\"article:published_time\" content=\"2020-06-02T03:54:38+00:00\" \/>\n<meta property=\"og:image\" content=\"https:\/\/quehacerpolitico.mx\/wp-content\/uploads\/2020\/06\/8E681731-F5BB-4D4E-845E-542EA222B23F.jpeg\" \/>\n\t<meta property=\"og:image:width\" content=\"719\" \/>\n\t<meta property=\"og:image:height\" content=\"1024\" \/>\n\t<meta property=\"og:image:type\" content=\"image\/jpeg\" \/>\n<meta name=\"author\" content=\"Redacci\u00f3n QP\" \/>\n<meta name=\"twitter:card\" content=\"summary_large_image\" \/>\n<meta name=\"twitter:label1\" content=\"Escrito por\" \/>\n\t<meta name=\"twitter:data1\" content=\"Redacci\u00f3n QP\" \/>\n\t<meta name=\"twitter:label2\" content=\"Tiempo de lectura\" \/>\n\t<meta name=\"twitter:data2\" content=\"1 minuto\" \/>\n<script type=\"application\/ld+json\" class=\"yoast-schema-graph\">{\"@context\":\"https:\\\/\\\/schema.org\",\"@graph\":[{\"@type\":\"Article\",\"@id\":\"https:\\\/\\\/quehacerpolitico.mx\\\/?p=58763#article\",\"isPartOf\":{\"@id\":\"https:\\\/\\\/quehacerpolitico.mx\\\/?p=58763\"},\"author\":{\"name\":\"Redacci\u00f3n QP\",\"@id\":\"https:\\\/\\\/quehacerpolitico.mx\\\/#\\\/schema\\\/person\\\/496d8ad2d1d3f8036101dca7ee39e585\"},\"headline\":\"AMLO da banderazo de salida a construcci\u00f3n de Tren Maya\",\"datePublished\":\"2020-06-02T03:54:38+00:00\",\"mainEntityOfPage\":{\"@id\":\"https:\\\/\\\/quehacerpolitico.mx\\\/?p=58763\"},\"wordCount\":304,\"commentCount\":0,\"image\":{\"@id\":\"https:\\\/\\\/quehacerpolitico.mx\\\/?p=58763#primaryimage\"},\"thumbnailUrl\":\"https:\\\/\\\/quehacerpolitico.mx\\\/wp-content\\\/uploads\\\/2020\\\/06\\\/8E681731-F5BB-4D4E-845E-542EA222B23F.jpeg\",\"articleSection\":[\"Noticias\"],\"inLanguage\":\"es\",\"potentialAction\":[{\"@type\":\"CommentAction\",\"name\":\"Comment\",\"target\":[\"https:\\\/\\\/quehacerpolitico.mx\\\/?p=58763#respond\"]}]},{\"@type\":\"WebPage\",\"@id\":\"https:\\\/\\\/quehacerpolitico.mx\\\/?p=58763\",\"url\":\"https:\\\/\\\/quehacerpolitico.mx\\\/?p=58763\",\"name\":\"AMLO da banderazo de salida a construcci\u00f3n de Tren Maya -\",\"isPartOf\":{\"@id\":\"https:\\\/\\\/quehacerpolitico.mx\\\/#website\"},\"primaryImageOfPage\":{\"@id\":\"https:\\\/\\\/quehacerpolitico.mx\\\/?p=58763#primaryimage\"},\"image\":{\"@id\":\"https:\\\/\\\/quehacerpolitico.mx\\\/?p=58763#primaryimage\"},\"thumbnailUrl\":\"https:\\\/\\\/quehacerpolitico.mx\\\/wp-content\\\/uploads\\\/2020\\\/06\\\/8E681731-F5BB-4D4E-845E-542EA222B23F.jpeg\",\"datePublished\":\"2020-06-02T03:54:38+00:00\",\"author\":{\"@id\":\"https:\\\/\\\/quehacerpolitico.mx\\\/#\\\/schema\\\/person\\\/496d8ad2d1d3f8036101dca7ee39e585\"},\"breadcrumb\":{\"@id\":\"https:\\\/\\\/quehacerpolitico.mx\\\/?p=58763#breadcrumb\"},\"inLanguage\":\"es\",\"potentialAction\":[{\"@type\":\"ReadAction\",\"target\":[\"https:\\\/\\\/quehacerpolitico.mx\\\/?p=58763\"]}]},{\"@type\":\"ImageObject\",\"inLanguage\":\"es\",\"@id\":\"https:\\\/\\\/quehacerpolitico.mx\\\/?p=58763#primaryimage\",\"url\":\"https:\\\/\\\/quehacerpolitico.mx\\\/wp-content\\\/uploads\\\/2020\\\/06\\\/8E681731-F5BB-4D4E-845E-542EA222B23F.jpeg\",\"contentUrl\":\"https:\\\/\\\/quehacerpolitico.mx\\\/wp-content\\\/uploads\\\/2020\\\/06\\\/8E681731-F5BB-4D4E-845E-542EA222B23F.jpeg\",\"width\":719,\"height\":1024},{\"@type\":\"BreadcrumbList\",\"@id\":\"https:\\\/\\\/quehacerpolitico.mx\\\/?p=58763#breadcrumb\",\"itemListElement\":[{\"@type\":\"ListItem\",\"position\":1,\"name\":\"Inicio\",\"item\":\"https:\\\/\\\/quehacerpolitico.mx\\\/\"},{\"@type\":\"ListItem\",\"position\":2,\"name\":\"AMLO da banderazo de salida a construcci\u00f3n de Tren Maya\"}]},{\"@type\":\"WebSite\",\"@id\":\"https:\\\/\\\/quehacerpolitico.mx\\\/#website\",\"url\":\"https:\\\/\\\/quehacerpolitico.mx\\\/\",\"name\":\"\",\"description\":\"\",\"potentialAction\":[{\"@type\":\"SearchAction\",\"target\":{\"@type\":\"EntryPoint\",\"urlTemplate\":\"https:\\\/\\\/quehacerpolitico.mx\\\/?s={search_term_string}\"},\"query-input\":{\"@type\":\"PropertyValueSpecification\",\"valueRequired\":true,\"valueName\":\"search_term_string\"}}],\"inLanguage\":\"es\"},{\"@type\":\"Person\",\"@id\":\"https:\\\/\\\/quehacerpolitico.mx\\\/#\\\/schema\\\/person\\\/496d8ad2d1d3f8036101dca7ee39e585\",\"name\":\"Redacci\u00f3n QP\",\"image\":{\"@type\":\"ImageObject\",\"inLanguage\":\"es\",\"@id\":\"https:\\\/\\\/secure.gravatar.com\\\/avatar\\\/c7164ed6fdec453195284ad24a5ae5b6e1eed2b848477fa2a4787ba9adf39a41?s=96&d=mm&r=g\",\"url\":\"https:\\\/\\\/secure.gravatar.com\\\/avatar\\\/c7164ed6fdec453195284ad24a5ae5b6e1eed2b848477fa2a4787ba9adf39a41?s=96&d=mm&r=g\",\"contentUrl\":\"https:\\\/\\\/secure.gravatar.com\\\/avatar\\\/c7164ed6fdec453195284ad24a5ae5b6e1eed2b848477fa2a4787ba9adf39a41?s=96&d=mm&r=g\",\"caption\":\"Redacci\u00f3n QP\"},\"url\":\"https:\\\/\\\/quehacerpolitico.mx\\\/?author=2\"}]}<\/script>\n<!-- \/ Yoast SEO plugin. -->","yoast_head_json":{"title":"AMLO da banderazo de salida a construcci\u00f3n de Tren Maya -","robots":{"index":"index","follow":"follow","max-snippet":"max-snippet:-1","max-image-preview":"max-image-preview:large","max-video-preview":"max-video-preview:-1"},"canonical":"https:\/\/quehacerpolitico.mx\/?p=58763","og_locale":"es_MX","og_type":"article","og_title":"AMLO da banderazo de salida a construcci\u00f3n de Tren Maya -","og_description":"AMLO da banderazo de salida a construcci\u00f3n de Tren Maya Por Redacci\u00f3n QP El Presidente\u00a0dio...","og_url":"https:\/\/quehacerpolitico.mx\/?p=58763","article_published_time":"2020-06-02T03:54:38+00:00","og_image":[{"width":719,"height":1024,"url":"https:\/\/quehacerpolitico.mx\/wp-content\/uploads\/2020\/06\/8E681731-F5BB-4D4E-845E-542EA222B23F.jpeg","type":"image\/jpeg"}],"author":"Redacci\u00f3n QP","twitter_card":"summary_large_image","twitter_misc":{"Escrito por":"Redacci\u00f3n QP","Tiempo de lectura":"1 minuto"},"schema":{"@context":"https:\/\/schema.org","@graph":[{"@type":"Article","@id":"https:\/\/quehacerpolitico.mx\/?p=58763#article","isPartOf":{"@id":"https:\/\/quehacerpolitico.mx\/?p=58763"},"author":{"name":"Redacci\u00f3n QP","@id":"https:\/\/quehacerpolitico.mx\/#\/schema\/person\/496d8ad2d1d3f8036101dca7ee39e585"},"headline":"AMLO da banderazo de salida a construcci\u00f3n de Tren Maya","datePublished":"2020-06-02T03:54:38+00:00","mainEntityOfPage":{"@id":"https:\/\/quehacerpolitico.mx\/?p=58763"},"wordCount":304,"commentCount":0,"image":{"@id":"https:\/\/quehacerpolitico.mx\/?p=58763#primaryimage"},"thumbnailUrl":"https:\/\/quehacerpolitico.mx\/wp-content\/uploads\/2020\/06\/8E681731-F5BB-4D4E-845E-542EA222B23F.jpeg","articleSection":["Noticias"],"inLanguage":"es","potentialAction":[{"@type":"CommentAction","name":"Comment","target":["https:\/\/quehacerpolitico.mx\/?p=58763#respond"]}]},{"@type":"WebPage","@id":"https:\/\/quehacerpolitico.mx\/?p=58763","url":"https:\/\/quehacerpolitico.mx\/?p=58763","name":"AMLO da banderazo de salida a construcci\u00f3n de Tren Maya -","isPartOf":{"@id":"https:\/\/quehacerpolitico.mx\/#website"},"primaryImageOfPage":{"@id":"https:\/\/quehacerpolitico.mx\/?p=58763#primaryimage"},"image":{"@id":"https:\/\/quehacerpolitico.mx\/?p=58763#primaryimage"},"thumbnailUrl":"https:\/\/quehacerpolitico.mx\/wp-content\/uploads\/2020\/06\/8E681731-F5BB-4D4E-845E-542EA222B23F.jpeg","datePublished":"2020-06-02T03:54:38+00:00","author":{"@id":"https:\/\/quehacerpolitico.mx\/#\/schema\/person\/496d8ad2d1d3f8036101dca7ee39e585"},"breadcrumb":{"@id":"https:\/\/quehacerpolitico.mx\/?p=58763#breadcrumb"},"inLanguage":"es","potentialAction":[{"@type":"ReadAction","target":["https:\/\/quehacerpolitico.mx\/?p=58763"]}]},{"@type":"ImageObject","inLanguage":"es","@id":"https:\/\/quehacerpolitico.mx\/?p=58763#primaryimage","url":"https:\/\/quehacerpolitico.mx\/wp-content\/uploads\/2020\/06\/8E681731-F5BB-4D4E-845E-542EA222B23F.jpeg","contentUrl":"https:\/\/quehacerpolitico.mx\/wp-content\/uploads\/2020\/06\/8E681731-F5BB-4D4E-845E-542EA222B23F.jpeg","width":719,"height":1024},{"@type":"BreadcrumbList","@id":"https:\/\/quehacerpolitico.mx\/?p=58763#breadcrumb","itemListElement":[{"@type":"ListItem","position":1,"name":"Inicio","item":"https:\/\/quehacerpolitico.mx\/"},{"@type":"ListItem","position":2,"name":"AMLO da banderazo de salida a construcci\u00f3n de Tren Maya"}]},{"@type":"WebSite","@id":"https:\/\/quehacerpolitico.mx\/#website","url":"https:\/\/quehacerpolitico.mx\/","name":"","description":"","potentialAction":[{"@type":"SearchAction","target":{"@type":"EntryPoint","urlTemplate":"https:\/\/quehacerpolitico.mx\/?s={search_term_string}"},"query-input":{"@type":"PropertyValueSpecification","valueRequired":true,"valueName":"search_term_string"}}],"inLanguage":"es"},{"@type":"Person","@id":"https:\/\/quehacerpolitico.mx\/#\/schema\/person\/496d8ad2d1d3f8036101dca7ee39e585","name":"Redacci\u00f3n QP","image":{"@type":"ImageObject","inLanguage":"es","@id":"https:\/\/secure.gravatar.com\/avatar\/c7164ed6fdec453195284ad24a5ae5b6e1eed2b848477fa2a4787ba9adf39a41?s=96&d=mm&r=g","url":"https:\/\/secure.gravatar.com\/avatar\/c7164ed6fdec453195284ad24a5ae5b6e1eed2b848477fa2a4787ba9adf39a41?s=96&d=mm&r=g","contentUrl":"https:\/\/secure.gravatar.com\/avatar\/c7164ed6fdec453195284ad24a5ae5b6e1eed2b848477fa2a4787ba9adf39a41?s=96&d=mm&r=g","caption":"Redacci\u00f3n QP"},"url":"https:\/\/quehacerpolitico.mx\/?author=2"}]}},"featured_image_urls":{"full":["https:\/\/quehacerpolitico.mx\/wp-content\/uploads\/2020\/06\/8E681731-F5BB-4D4E-845E-542EA222B23F.jpeg",719,1024,false],"thumbnail":["https:\/\/quehacerpolitico.mx\/wp-content\/uploads\/2020\/06\/8E681731-F5BB-4D4E-845E-542EA222B23F-150x150.jpeg",150,150,true],"medium":["https:\/\/quehacerpolitico.mx\/wp-content\/uploads\/2020\/06\/8E681731-F5BB-4D4E-845E-542EA222B23F-211x300.jpeg",211,300,true],"medium_large":["https:\/\/quehacerpolitico.mx\/wp-content\/uploads\/2020\/06\/8E681731-F5BB-4D4E-845E-542EA222B23F.jpeg",640,911,false],"large":["https:\/\/quehacerpolitico.mx\/wp-content\/uploads\/2020\/06\/8E681731-F5BB-4D4E-845E-542EA222B23F.jpeg",640,911,false],"1536x1536":["https:\/\/quehacerpolitico.mx\/wp-content\/uploads\/2020\/06\/8E681731-F5BB-4D4E-845E-542EA222B23F.jpeg",719,1024,false],"2048x2048":["https:\/\/quehacerpolitico.mx\/wp-content\/uploads\/2020\/06\/8E681731-F5BB-4D4E-845E-542EA222B23F.jpeg",719,1024,false],"covernews-featured":["https:\/\/quehacerpolitico.mx\/wp-content\/uploads\/2020\/06\/8E681731-F5BB-4D4E-845E-542EA222B23F.jpeg",719,1024,false],"covernews-medium":["https:\/\/quehacerpolitico.mx\/wp-content\/uploads\/2020\/06\/8E681731-F5BB-4D4E-845E-542EA222B23F.jpeg",239,340,false]},"author_info":{"display_name":"Redacci\u00f3n QP","author_link":"https:\/\/quehacerpolitico.mx\/?author=2"},"category_info":"<a href=\"https:\/\/quehacerpolitico.mx\/?cat=2\" rel=\"category\">Noticias<\/a>","tag_info":"Noticias","comment_count":"0","_links":{"self":[{"href":"https:\/\/quehacerpolitico.mx\/index.php?rest_route=\/wp\/v2\/posts\/58763","targetHints":{"allow":["GET"]}}],"collection":[{"href":"https:\/\/quehacerpolitico.mx\/index.php?rest_route=\/wp\/v2\/posts"}],"about":[{"href":"https:\/\/quehacerpolitico.mx\/index.php?rest_route=\/wp\/v2\/types\/post"}],"author":[{"embeddable":true,"href":"https:\/\/quehacerpolitico.mx\/index.php?rest_route=\/wp\/v2\/users\/2"}],"replies":[{"embeddable":true,"href":"https:\/\/quehacerpolitico.mx\/index.php?rest_route=%2Fwp%2Fv2%2Fcomments&post=58763"}],"version-history":[{"count":0,"href":"https:\/\/quehacerpolitico.mx\/index.php?rest_route=\/wp\/v2\/posts\/58763\/revisions"}],"wp:featuredmedia":[{"embeddable":true,"href":"https:\/\/quehacerpolitico.mx\/index.php?rest_route=\/wp\/v2\/media\/58764"}],"wp:attachment":[{"href":"https:\/\/quehacerpolitico.mx\/index.php?rest_route=%2Fwp%2Fv2%2Fmedia&parent=58763"}],"wp:term":[{"taxonomy":"category","embeddable":true,"href":"https:\/\/quehacerpolitico.mx\/index.php?rest_route=%2Fwp%2Fv2%2Fcategories&post=58763"},{"taxonomy":"post_tag","embeddable":true,"href":"https:\/\/quehacerpolitico.mx\/index.php?rest_route=%2Fwp%2Fv2%2Ftags&post=58763"}],"curies":[{"name":"wp","href":"https:\/\/api.w.org\/{rel}","templated":true}]}}