{"id":58760,"date":"2020-06-01T22:39:58","date_gmt":"2020-06-02T03:39:58","guid":{"rendered":"http:\/\/quehacerpolitico.mx\/?p=58760"},"modified":"2020-06-01T22:39:58","modified_gmt":"2020-06-02T03:39:58","slug":"en-plena-pandemia-metrobus-y-metro-hasta-el-full","status":"publish","type":"post","link":"https:\/\/quehacerpolitico.mx\/?p=58760","title":{"rendered":"En plena pandemia Metrob\u00fas y Metro hasta el Full"},"content":{"rendered":"<p>En plena pandemia Metrob\u00fas y Metro hasta el Full<br \/>\nPor Redacci\u00f3n QP<\/p>\n<div class=\"elementor-element elementor-element-2a8a6514 elementor-widget elementor-widget-theme-post-excerpt\" data-id=\"2a8a6514\" data-element_type=\"widget\" data-widget_type=\"theme-post-excerpt.default\">\n<div class=\"elementor-widget-container\">\u201cMucha gente no entiende. Deber\u00edamos de verdad respetar lo que es la \u2018sana distancia\u2019 para que esto ya termine. Como dicen, vamos a vivir con este virus ya toda la vida, pero, por gente que no se protege y gente que duda, esto se est\u00e1 alargando m\u00e1s\u201d, expone<\/div>\n<div>\n<p>Se sientan juntos, una al lado de la otra, no se conocen pero compartir\u00e1n el viaje.<\/p>\n<p>Es la estaci\u00f3n Insurgentes del <strong>Metrob\u00fas<\/strong>, horas despu\u00e9s del fin de la <strong>Jornada Nacional de Sana Distancia<\/strong> -30 de mayo- y la mayor parte del pa\u00eds permanece en sem\u00e1foro rojo de alerta sanitaria.<\/p>\n<p>Pareciera que el <strong>Covid-19<\/strong> no amenaza a la capital. Los viajeros no respetan una de las recomendaciones fundamentales para evitar su propagaci\u00f3n: alejarse de las personas. Impera el desd\u00e9n a distanciarse f\u00edsicamente un metro y medio de la otra persona.<\/p>\n<p>Para <strong>Martha Robledo<\/strong>, una recepcionista que viaja de la estaci\u00f3n J\u00fapiter -L\u00ednea 3- a Reforma -L\u00ednea 7-, el distanciamiento f\u00edsico no se respeta ahora, pero tampoco antes.<\/p>\n<p>\u201cEl gobierno ha dicho muchas cosas, que debemos de protegernos, pero mucha gente no lo hace, es por esto que se est\u00e1 alargando m\u00e1s y m\u00e1s y m\u00e1s. \u00a1Ve el transporte! Ven\u00edamos el viernes uno encima de otro. Eso no es nada sano. Yo ya soy una persona mayor y, obviamente, por necesidad tengo que salir a trabajar. La verdad me gustar\u00eda que pasara m\u00e1s transporte o no s\u00e9\u201d, se queja.<\/p>\n<p>Son las 8:30 horas del 1 de junio, el primer d\u00eda laboral -tras la \u201csana distancia\u201d- para los trabajadores de la construcci\u00f3n, la producci\u00f3n de cerveza y partes para autom\u00f3viles, y el Metrob\u00fas -L\u00ednea 1- que va a La Joya, en el sur de la capital, est\u00e1 abarrotado en sus cuatro secciones, incluso en la zona reservada a las mujeres.<\/p>\n<p>Los asientos van ocupados, una persona sentada junto a la otra. El resto de los usuarios viajan parados, uno al lado del otro, como fichas de domin\u00f3.<\/p>\n<p>\u201cMucha gente no entiende. Deber\u00edamos de verdad respetar lo que es la \u2018sana distancia\u2019 para que esto ya termine. Como dicen, vamos a vivir con este virus ya toda la vida, pero, por gente que no se protege y gente que duda, esto se est\u00e1 alargando m\u00e1s\u201d, expone.<\/p>\n<p>Este no es el \u00fanico autob\u00fas atestado. As\u00ed luce el siguiente, el pr\u00f3ximo, y el que le sigue; pareciera una vuelta a la normalidad capitalina; ni los conductores ni los polic\u00edas hacen nada por despresurizar el transporte.<\/p>\n<p>En sentido norte, camino a Indios Verdes, los veh\u00edculos van pr\u00e1cticamente vac\u00edos. Lo mismo sucede con el Metrob\u00fas que corre sobre Paseo de la Reforma que va casi vac\u00edo, los pocos usuarios parecieran peque\u00f1os peces en una pecera de cristal.<\/p>\n<p>En la estaci\u00f3n Insurgentes del <strong>Sistema de Transporte Colectivo (STC) Metro<\/strong> hay una multitud espor\u00e1dica que aparece y desaparece con cada parada de los trenes. Son aglomeraciones fugaces que r\u00e1pidamente se dispersan.<\/p>\n<p>Emilio Carpinteiro, de 65 a\u00f1os\u00a0de edad, viaja a diario en Metro y dice que hoy la afluencia de personas se increment\u00f3 alrededor de 50 por ciento.<\/p>\n<p>\u201cS\u00ed viene un poquito m\u00e1s de gente, pero se est\u00e1 guardando la distancia y todo mundo trae cubrebocas\u201d, dice, mientras asegura que no teme a contagiarse de Covid-19.<\/p>\n<p>Pero cada estaci\u00f3n de Metro cuenta su propia historia. Los trenes que corren de Balderas a Pino Su\u00e1rez van casi saturados: viajan 27 personas, una junta a la otra. S\u00f3lo una chica porta careta, el resto parece ignorar el enorme anuncio amarillo que alerta que es una zona de alto contagio del virus.<\/p>\n<p>Aunque existe la instrucci\u00f3n de no tocarse la cara, m\u00e1s adelante una viajera ignora la indicaci\u00f3n y pasa su dedo por las pesta\u00f1as para retocarse el maquillaje. En el Metrob\u00fas y Metro viaja el desd\u00e9n a la \u201csana distancia\u201d.<\/p>\n<p>Con informaci\u00f3n de NTX<\/p>\n<\/div>\n<\/div>\n","protected":false},"excerpt":{"rendered":"<p>En plena pandemia Metrob\u00fas y Metro hasta el Full Por Redacci\u00f3n QP \u201cMucha gente no&#8230;<\/p>\n","protected":false},"author":2,"featured_media":58761,"comment_status":"open","ping_status":"open","sticky":false,"template":"","format":"standard","meta":{"_monsterinsights_skip_tracking":false,"_monsterinsights_sitenote_active":false,"_monsterinsights_sitenote_note":"","_monsterinsights_sitenote_category":0,"footnotes":""},"categories":[55],"tags":[],"class_list":["post-58760","post","type-post","status-publish","format-standard","has-post-thumbnail","hentry","category-cdmx"],"yoast_head":"<!-- This site is optimized with the Yoast SEO plugin v27.3 - https:\/\/yoast.com\/product\/yoast-seo-wordpress\/ -->\n<title>En plena pandemia Metrob\u00fas y Metro hasta el Full -<\/title>\n<meta name=\"robots\" content=\"index, follow, max-snippet:-1, max-image-preview:large, max-video-preview:-1\" \/>\n<link rel=\"canonical\" href=\"https:\/\/quehacerpolitico.mx\/?p=58760\" \/>\n<meta property=\"og:locale\" content=\"es_MX\" \/>\n<meta property=\"og:type\" content=\"article\" \/>\n<meta property=\"og:title\" content=\"En plena pandemia Metrob\u00fas y Metro hasta el Full -\" \/>\n<meta property=\"og:description\" content=\"En plena pandemia Metrob\u00fas y Metro hasta el Full Por Redacci\u00f3n QP \u201cMucha gente no...\" \/>\n<meta property=\"og:url\" content=\"https:\/\/quehacerpolitico.mx\/?p=58760\" \/>\n<meta property=\"article:published_time\" content=\"2020-06-02T03:39:58+00:00\" \/>\n<meta property=\"og:image\" content=\"https:\/\/quehacerpolitico.mx\/wp-content\/uploads\/2020\/06\/2774ED92-24FC-4EF9-9D1E-05134CA6A4CF.jpeg\" \/>\n\t<meta property=\"og:image:width\" content=\"648\" \/>\n\t<meta property=\"og:image:height\" content=\"473\" \/>\n\t<meta property=\"og:image:type\" content=\"image\/jpeg\" \/>\n<meta name=\"author\" content=\"Redacci\u00f3n QP\" \/>\n<meta name=\"twitter:card\" content=\"summary_large_image\" \/>\n<meta name=\"twitter:label1\" content=\"Escrito por\" \/>\n\t<meta name=\"twitter:data1\" content=\"Redacci\u00f3n QP\" \/>\n\t<meta name=\"twitter:label2\" content=\"Tiempo de lectura\" \/>\n\t<meta name=\"twitter:data2\" content=\"3 minutos\" \/>\n<script type=\"application\/ld+json\" class=\"yoast-schema-graph\">{\"@context\":\"https:\\\/\\\/schema.org\",\"@graph\":[{\"@type\":\"Article\",\"@id\":\"https:\\\/\\\/quehacerpolitico.mx\\\/?p=58760#article\",\"isPartOf\":{\"@id\":\"https:\\\/\\\/quehacerpolitico.mx\\\/?p=58760\"},\"author\":{\"name\":\"Redacci\u00f3n QP\",\"@id\":\"https:\\\/\\\/quehacerpolitico.mx\\\/#\\\/schema\\\/person\\\/496d8ad2d1d3f8036101dca7ee39e585\"},\"headline\":\"En plena pandemia Metrob\u00fas y Metro hasta el Full\",\"datePublished\":\"2020-06-02T03:39:58+00:00\",\"mainEntityOfPage\":{\"@id\":\"https:\\\/\\\/quehacerpolitico.mx\\\/?p=58760\"},\"wordCount\":704,\"commentCount\":0,\"image\":{\"@id\":\"https:\\\/\\\/quehacerpolitico.mx\\\/?p=58760#primaryimage\"},\"thumbnailUrl\":\"https:\\\/\\\/quehacerpolitico.mx\\\/wp-content\\\/uploads\\\/2020\\\/06\\\/2774ED92-24FC-4EF9-9D1E-05134CA6A4CF.jpeg\",\"articleSection\":[\"CDMX\"],\"inLanguage\":\"es\",\"potentialAction\":[{\"@type\":\"CommentAction\",\"name\":\"Comment\",\"target\":[\"https:\\\/\\\/quehacerpolitico.mx\\\/?p=58760#respond\"]}]},{\"@type\":\"WebPage\",\"@id\":\"https:\\\/\\\/quehacerpolitico.mx\\\/?p=58760\",\"url\":\"https:\\\/\\\/quehacerpolitico.mx\\\/?p=58760\",\"name\":\"En plena pandemia Metrob\u00fas y Metro hasta el Full -\",\"isPartOf\":{\"@id\":\"https:\\\/\\\/quehacerpolitico.mx\\\/#website\"},\"primaryImageOfPage\":{\"@id\":\"https:\\\/\\\/quehacerpolitico.mx\\\/?p=58760#primaryimage\"},\"image\":{\"@id\":\"https:\\\/\\\/quehacerpolitico.mx\\\/?p=58760#primaryimage\"},\"thumbnailUrl\":\"https:\\\/\\\/quehacerpolitico.mx\\\/wp-content\\\/uploads\\\/2020\\\/06\\\/2774ED92-24FC-4EF9-9D1E-05134CA6A4CF.jpeg\",\"datePublished\":\"2020-06-02T03:39:58+00:00\",\"author\":{\"@id\":\"https:\\\/\\\/quehacerpolitico.mx\\\/#\\\/schema\\\/person\\\/496d8ad2d1d3f8036101dca7ee39e585\"},\"breadcrumb\":{\"@id\":\"https:\\\/\\\/quehacerpolitico.mx\\\/?p=58760#breadcrumb\"},\"inLanguage\":\"es\",\"potentialAction\":[{\"@type\":\"ReadAction\",\"target\":[\"https:\\\/\\\/quehacerpolitico.mx\\\/?p=58760\"]}]},{\"@type\":\"ImageObject\",\"inLanguage\":\"es\",\"@id\":\"https:\\\/\\\/quehacerpolitico.mx\\\/?p=58760#primaryimage\",\"url\":\"https:\\\/\\\/quehacerpolitico.mx\\\/wp-content\\\/uploads\\\/2020\\\/06\\\/2774ED92-24FC-4EF9-9D1E-05134CA6A4CF.jpeg\",\"contentUrl\":\"https:\\\/\\\/quehacerpolitico.mx\\\/wp-content\\\/uploads\\\/2020\\\/06\\\/2774ED92-24FC-4EF9-9D1E-05134CA6A4CF.jpeg\",\"width\":648,\"height\":473},{\"@type\":\"BreadcrumbList\",\"@id\":\"https:\\\/\\\/quehacerpolitico.mx\\\/?p=58760#breadcrumb\",\"itemListElement\":[{\"@type\":\"ListItem\",\"position\":1,\"name\":\"Inicio\",\"item\":\"https:\\\/\\\/quehacerpolitico.mx\\\/\"},{\"@type\":\"ListItem\",\"position\":2,\"name\":\"En plena pandemia Metrob\u00fas y Metro hasta el Full\"}]},{\"@type\":\"WebSite\",\"@id\":\"https:\\\/\\\/quehacerpolitico.mx\\\/#website\",\"url\":\"https:\\\/\\\/quehacerpolitico.mx\\\/\",\"name\":\"\",\"description\":\"\",\"potentialAction\":[{\"@type\":\"SearchAction\",\"target\":{\"@type\":\"EntryPoint\",\"urlTemplate\":\"https:\\\/\\\/quehacerpolitico.mx\\\/?s={search_term_string}\"},\"query-input\":{\"@type\":\"PropertyValueSpecification\",\"valueRequired\":true,\"valueName\":\"search_term_string\"}}],\"inLanguage\":\"es\"},{\"@type\":\"Person\",\"@id\":\"https:\\\/\\\/quehacerpolitico.mx\\\/#\\\/schema\\\/person\\\/496d8ad2d1d3f8036101dca7ee39e585\",\"name\":\"Redacci\u00f3n QP\",\"image\":{\"@type\":\"ImageObject\",\"inLanguage\":\"es\",\"@id\":\"https:\\\/\\\/secure.gravatar.com\\\/avatar\\\/c7164ed6fdec453195284ad24a5ae5b6e1eed2b848477fa2a4787ba9adf39a41?s=96&d=mm&r=g\",\"url\":\"https:\\\/\\\/secure.gravatar.com\\\/avatar\\\/c7164ed6fdec453195284ad24a5ae5b6e1eed2b848477fa2a4787ba9adf39a41?s=96&d=mm&r=g\",\"contentUrl\":\"https:\\\/\\\/secure.gravatar.com\\\/avatar\\\/c7164ed6fdec453195284ad24a5ae5b6e1eed2b848477fa2a4787ba9adf39a41?s=96&d=mm&r=g\",\"caption\":\"Redacci\u00f3n QP\"},\"url\":\"https:\\\/\\\/quehacerpolitico.mx\\\/?author=2\"}]}<\/script>\n<!-- \/ Yoast SEO plugin. -->","yoast_head_json":{"title":"En plena pandemia Metrob\u00fas y Metro hasta el Full -","robots":{"index":"index","follow":"follow","max-snippet":"max-snippet:-1","max-image-preview":"max-image-preview:large","max-video-preview":"max-video-preview:-1"},"canonical":"https:\/\/quehacerpolitico.mx\/?p=58760","og_locale":"es_MX","og_type":"article","og_title":"En plena pandemia Metrob\u00fas y Metro hasta el Full -","og_description":"En plena pandemia Metrob\u00fas y Metro hasta el Full Por Redacci\u00f3n QP \u201cMucha gente no...","og_url":"https:\/\/quehacerpolitico.mx\/?p=58760","article_published_time":"2020-06-02T03:39:58+00:00","og_image":[{"width":648,"height":473,"url":"https:\/\/quehacerpolitico.mx\/wp-content\/uploads\/2020\/06\/2774ED92-24FC-4EF9-9D1E-05134CA6A4CF.jpeg","type":"image\/jpeg"}],"author":"Redacci\u00f3n QP","twitter_card":"summary_large_image","twitter_misc":{"Escrito por":"Redacci\u00f3n QP","Tiempo de lectura":"3 minutos"},"schema":{"@context":"https:\/\/schema.org","@graph":[{"@type":"Article","@id":"https:\/\/quehacerpolitico.mx\/?p=58760#article","isPartOf":{"@id":"https:\/\/quehacerpolitico.mx\/?p=58760"},"author":{"name":"Redacci\u00f3n QP","@id":"https:\/\/quehacerpolitico.mx\/#\/schema\/person\/496d8ad2d1d3f8036101dca7ee39e585"},"headline":"En plena pandemia Metrob\u00fas y Metro hasta el Full","datePublished":"2020-06-02T03:39:58+00:00","mainEntityOfPage":{"@id":"https:\/\/quehacerpolitico.mx\/?p=58760"},"wordCount":704,"commentCount":0,"image":{"@id":"https:\/\/quehacerpolitico.mx\/?p=58760#primaryimage"},"thumbnailUrl":"https:\/\/quehacerpolitico.mx\/wp-content\/uploads\/2020\/06\/2774ED92-24FC-4EF9-9D1E-05134CA6A4CF.jpeg","articleSection":["CDMX"],"inLanguage":"es","potentialAction":[{"@type":"CommentAction","name":"Comment","target":["https:\/\/quehacerpolitico.mx\/?p=58760#respond"]}]},{"@type":"WebPage","@id":"https:\/\/quehacerpolitico.mx\/?p=58760","url":"https:\/\/quehacerpolitico.mx\/?p=58760","name":"En plena pandemia Metrob\u00fas y Metro hasta el Full -","isPartOf":{"@id":"https:\/\/quehacerpolitico.mx\/#website"},"primaryImageOfPage":{"@id":"https:\/\/quehacerpolitico.mx\/?p=58760#primaryimage"},"image":{"@id":"https:\/\/quehacerpolitico.mx\/?p=58760#primaryimage"},"thumbnailUrl":"https:\/\/quehacerpolitico.mx\/wp-content\/uploads\/2020\/06\/2774ED92-24FC-4EF9-9D1E-05134CA6A4CF.jpeg","datePublished":"2020-06-02T03:39:58+00:00","author":{"@id":"https:\/\/quehacerpolitico.mx\/#\/schema\/person\/496d8ad2d1d3f8036101dca7ee39e585"},"breadcrumb":{"@id":"https:\/\/quehacerpolitico.mx\/?p=58760#breadcrumb"},"inLanguage":"es","potentialAction":[{"@type":"ReadAction","target":["https:\/\/quehacerpolitico.mx\/?p=58760"]}]},{"@type":"ImageObject","inLanguage":"es","@id":"https:\/\/quehacerpolitico.mx\/?p=58760#primaryimage","url":"https:\/\/quehacerpolitico.mx\/wp-content\/uploads\/2020\/06\/2774ED92-24FC-4EF9-9D1E-05134CA6A4CF.jpeg","contentUrl":"https:\/\/quehacerpolitico.mx\/wp-content\/uploads\/2020\/06\/2774ED92-24FC-4EF9-9D1E-05134CA6A4CF.jpeg","width":648,"height":473},{"@type":"BreadcrumbList","@id":"https:\/\/quehacerpolitico.mx\/?p=58760#breadcrumb","itemListElement":[{"@type":"ListItem","position":1,"name":"Inicio","item":"https:\/\/quehacerpolitico.mx\/"},{"@type":"ListItem","position":2,"name":"En plena pandemia Metrob\u00fas y Metro hasta el Full"}]},{"@type":"WebSite","@id":"https:\/\/quehacerpolitico.mx\/#website","url":"https:\/\/quehacerpolitico.mx\/","name":"","description":"","potentialAction":[{"@type":"SearchAction","target":{"@type":"EntryPoint","urlTemplate":"https:\/\/quehacerpolitico.mx\/?s={search_term_string}"},"query-input":{"@type":"PropertyValueSpecification","valueRequired":true,"valueName":"search_term_string"}}],"inLanguage":"es"},{"@type":"Person","@id":"https:\/\/quehacerpolitico.mx\/#\/schema\/person\/496d8ad2d1d3f8036101dca7ee39e585","name":"Redacci\u00f3n QP","image":{"@type":"ImageObject","inLanguage":"es","@id":"https:\/\/secure.gravatar.com\/avatar\/c7164ed6fdec453195284ad24a5ae5b6e1eed2b848477fa2a4787ba9adf39a41?s=96&d=mm&r=g","url":"https:\/\/secure.gravatar.com\/avatar\/c7164ed6fdec453195284ad24a5ae5b6e1eed2b848477fa2a4787ba9adf39a41?s=96&d=mm&r=g","contentUrl":"https:\/\/secure.gravatar.com\/avatar\/c7164ed6fdec453195284ad24a5ae5b6e1eed2b848477fa2a4787ba9adf39a41?s=96&d=mm&r=g","caption":"Redacci\u00f3n QP"},"url":"https:\/\/quehacerpolitico.mx\/?author=2"}]}},"featured_image_urls":{"full":["https:\/\/quehacerpolitico.mx\/wp-content\/uploads\/2020\/06\/2774ED92-24FC-4EF9-9D1E-05134CA6A4CF.jpeg",648,473,false],"thumbnail":["https:\/\/quehacerpolitico.mx\/wp-content\/uploads\/2020\/06\/2774ED92-24FC-4EF9-9D1E-05134CA6A4CF-150x150.jpeg",150,150,true],"medium":["https:\/\/quehacerpolitico.mx\/wp-content\/uploads\/2020\/06\/2774ED92-24FC-4EF9-9D1E-05134CA6A4CF-300x219.jpeg",300,219,true],"medium_large":["https:\/\/quehacerpolitico.mx\/wp-content\/uploads\/2020\/06\/2774ED92-24FC-4EF9-9D1E-05134CA6A4CF.jpeg",640,467,false],"large":["https:\/\/quehacerpolitico.mx\/wp-content\/uploads\/2020\/06\/2774ED92-24FC-4EF9-9D1E-05134CA6A4CF.jpeg",640,467,false],"1536x1536":["https:\/\/quehacerpolitico.mx\/wp-content\/uploads\/2020\/06\/2774ED92-24FC-4EF9-9D1E-05134CA6A4CF.jpeg",648,473,false],"2048x2048":["https:\/\/quehacerpolitico.mx\/wp-content\/uploads\/2020\/06\/2774ED92-24FC-4EF9-9D1E-05134CA6A4CF.jpeg",648,473,false],"covernews-featured":["https:\/\/quehacerpolitico.mx\/wp-content\/uploads\/2020\/06\/2774ED92-24FC-4EF9-9D1E-05134CA6A4CF.jpeg",648,473,false],"covernews-medium":["https:\/\/quehacerpolitico.mx\/wp-content\/uploads\/2020\/06\/2774ED92-24FC-4EF9-9D1E-05134CA6A4CF.jpeg",466,340,false]},"author_info":{"display_name":"Redacci\u00f3n QP","author_link":"https:\/\/quehacerpolitico.mx\/?author=2"},"category_info":"<a href=\"https:\/\/quehacerpolitico.mx\/?cat=55\" rel=\"category\">CDMX<\/a>","tag_info":"CDMX","comment_count":"0","_links":{"self":[{"href":"https:\/\/quehacerpolitico.mx\/index.php?rest_route=\/wp\/v2\/posts\/58760","targetHints":{"allow":["GET"]}}],"collection":[{"href":"https:\/\/quehacerpolitico.mx\/index.php?rest_route=\/wp\/v2\/posts"}],"about":[{"href":"https:\/\/quehacerpolitico.mx\/index.php?rest_route=\/wp\/v2\/types\/post"}],"author":[{"embeddable":true,"href":"https:\/\/quehacerpolitico.mx\/index.php?rest_route=\/wp\/v2\/users\/2"}],"replies":[{"embeddable":true,"href":"https:\/\/quehacerpolitico.mx\/index.php?rest_route=%2Fwp%2Fv2%2Fcomments&post=58760"}],"version-history":[{"count":0,"href":"https:\/\/quehacerpolitico.mx\/index.php?rest_route=\/wp\/v2\/posts\/58760\/revisions"}],"wp:featuredmedia":[{"embeddable":true,"href":"https:\/\/quehacerpolitico.mx\/index.php?rest_route=\/wp\/v2\/media\/58761"}],"wp:attachment":[{"href":"https:\/\/quehacerpolitico.mx\/index.php?rest_route=%2Fwp%2Fv2%2Fmedia&parent=58760"}],"wp:term":[{"taxonomy":"category","embeddable":true,"href":"https:\/\/quehacerpolitico.mx\/index.php?rest_route=%2Fwp%2Fv2%2Fcategories&post=58760"},{"taxonomy":"post_tag","embeddable":true,"href":"https:\/\/quehacerpolitico.mx\/index.php?rest_route=%2Fwp%2Fv2%2Ftags&post=58760"}],"curies":[{"name":"wp","href":"https:\/\/api.w.org\/{rel}","templated":true}]}}