{"id":58732,"date":"2020-06-01T09:28:30","date_gmt":"2020-06-01T14:28:30","guid":{"rendered":"http:\/\/quehacerpolitico.mx\/?p=58732"},"modified":"2020-06-01T09:28:30","modified_gmt":"2020-06-01T14:28:30","slug":"tenemos-que-avanzar-hacia-la-nueva-normalidad-amlo","status":"publish","type":"post","link":"https:\/\/quehacerpolitico.mx\/?p=58732","title":{"rendered":"&#8220;Tenemos que avanzar hacia la nueva normalidad&#8221;: AMLO"},"content":{"rendered":"<div class=\"titulo\">&#8220;Tenemos que avanzar hacia la nueva normalidad&#8221;: AMLO<\/div>\n<div class=\"desarrollo\">Por Redacci\u00f3n QP<\/div>\n<div>\n<p>El presidente Andr\u00e9s Manuel L\u00f3pez Obrador inici\u00f3 su gira por siete estados del sureste del pa\u00eds para iniciar la nueva etapa de \u201cnormalidad\u201d tras el termino de la jornada de sana distancia por el COVID-19.<\/p>\n<p>El mandatario federal manifest\u00f3 que es necesario que el pa\u00eds recobre las actividades econ\u00f3micas, sociales y culturales observando las recomendaciones sanitarias para evitar una mayor propagaci\u00f3n del coronavirus.<\/p>\n<p>\u201cLo vamos a hacer con todo el cuidado que se necesita guardando la sana distancia pero tenemos que ir hacia la nueva normalidad porque esto lo necesita la econom\u00eda nacional, el bienestar de nuestro pueblo.<\/p>\n<p>\u201cNecesitamos poco a poco normalizar las actividades econ\u00f3micas, sociales, culturales\u201d, dijo el jefe del Ejecutivo.<\/p>\n<blockquote class=\"twitter-tweet\" data-width=\"550\" data-dnt=\"true\">\n<p lang=\"es\" dir=\"ltr\">\ud83d\udce2Aunque ya concluy\u00f3 la Jornada Nacional de <a href=\"https:\/\/twitter.com\/hashtag\/SanaDistancia?src=hash&amp;ref_src=twsrc%5Etfw\">#SanaDistancia<\/a> el presidente <a href=\"https:\/\/twitter.com\/lopezobrador_?ref_src=twsrc%5Etfw\">@lopezobrador_<\/a> hace un llamado a salir de casa solo a lo indispensable (<a href=\"https:\/\/twitter.com\/hashtag\/QuedateEnCasa?src=hash&amp;ref_src=twsrc%5Etfw\">#QuedateEnCasa<\/a>), para poder regresar a la <a href=\"https:\/\/twitter.com\/hashtag\/NuevaNormalidad?src=hash&amp;ref_src=twsrc%5Etfw\">#NuevaNormalidad<\/a>. <a href=\"https:\/\/t.co\/roCVeV4vQ5\">pic.twitter.com\/roCVeV4vQ5<\/a><\/p>\n<p>&mdash; Ruido en la Red (@RuidoEnLaRed) <a href=\"https:\/\/twitter.com\/RuidoEnLaRed\/status\/1267448524670554113?ref_src=twsrc%5Etfw\">June 1, 2020<\/a><\/p><\/blockquote>\n<p><script async src=\"https:\/\/platform.twitter.com\/widgets.js\" charset=\"utf-8\"><\/script><\/p>\n<p>En conferencia de prensa desde Quintana Roo, el presidente de la Rep\u00fablica inform\u00f3 que hoy se iniciar\u00e1n las actividades en el sector automotriz, minero y de la construcci\u00f3n.<\/p>\n<p>Refiri\u00f3 que estas actividades ser\u00e1n esenciales para que M\u00e9xico se encamine a la reconstrucci\u00f3n econ\u00f3mica que ha sido golpeada por la emergencia sanitaria.<\/p>\n<p>\u201cHoy inician actividades productivas que tienen que ver con la industria automotriz, miner\u00eda y la construcci\u00f3n por eso decid\u00ed comenzar este nuevo recorrido porque a partir de hoy vamos a dar banderazos para el inicio del Tren Maya\u201d, dijo.<\/p>\n<p>En el D\u00e9cimo Batall\u00f3n de Polic\u00eda Militar, L\u00f3pez Obrador refiri\u00f3 que al cumplirse 18 meses de haber iniciado su gobierno, la transformaci\u00f3n del pa\u00eds es tangente y dijo estar satisfecho por los logros alcanzados.<\/p>\n<p>\u201cCumplimos a\u00f1o y medio de gobierno, llevamos 18 meses gobernando la Rep\u00fablica y me siento satisfecho con lo alcanzado a pesar de la adversidad sigue avanzando la transformaci\u00f3n de nuestro pa\u00eds\u201d, resalt\u00f3.<\/p>\n<p>El recinto, que estuvo bajo estrictas medidas para asegurar el aforo- de m\u00e1ximo 50 personas- el mandatario federal adelant\u00f3 que la pr\u00f3xima semana, en Quintana Roo se reactivar\u00e1 el turismo con las medidas sanitarias adecuadas.<\/p>\n<p>Con informaci\u00f3n de NTX<\/p>\n<\/div>\n","protected":false},"excerpt":{"rendered":"<p>&#8220;Tenemos que avanzar hacia la nueva normalidad&#8221;: AMLO Por Redacci\u00f3n QP El presidente Andr\u00e9s Manuel&#8230;<\/p>\n","protected":false},"author":2,"featured_media":58733,"comment_status":"open","ping_status":"open","sticky":false,"template":"","format":"standard","meta":{"_monsterinsights_skip_tracking":false,"_monsterinsights_sitenote_active":false,"_monsterinsights_sitenote_note":"","_monsterinsights_sitenote_category":0,"footnotes":""},"categories":[2],"tags":[],"class_list":["post-58732","post","type-post","status-publish","format-standard","has-post-thumbnail","hentry","category-noticias"],"yoast_head":"<!-- This site is optimized with the Yoast SEO plugin v27.3 - https:\/\/yoast.com\/product\/yoast-seo-wordpress\/ -->\n<title>&quot;Tenemos que avanzar hacia la nueva normalidad&quot;: AMLO -<\/title>\n<meta name=\"robots\" content=\"index, follow, max-snippet:-1, max-image-preview:large, max-video-preview:-1\" \/>\n<link rel=\"canonical\" href=\"https:\/\/quehacerpolitico.mx\/?p=58732\" \/>\n<meta property=\"og:locale\" content=\"es_MX\" \/>\n<meta property=\"og:type\" content=\"article\" \/>\n<meta property=\"og:title\" content=\"&quot;Tenemos que avanzar hacia la nueva normalidad&quot;: AMLO -\" \/>\n<meta property=\"og:description\" content=\"&#8220;Tenemos que avanzar hacia la nueva normalidad&#8221;: AMLO Por Redacci\u00f3n QP El presidente Andr\u00e9s Manuel...\" \/>\n<meta property=\"og:url\" content=\"https:\/\/quehacerpolitico.mx\/?p=58732\" \/>\n<meta property=\"article:published_time\" content=\"2020-06-01T14:28:30+00:00\" \/>\n<meta property=\"og:image\" content=\"https:\/\/quehacerpolitico.mx\/wp-content\/uploads\/2020\/06\/0DBA38CF-78C4-4C54-B0A9-13F20AE530D2.jpeg\" \/>\n\t<meta property=\"og:image:width\" content=\"1280\" \/>\n\t<meta property=\"og:image:height\" content=\"854\" \/>\n\t<meta property=\"og:image:type\" content=\"image\/jpeg\" \/>\n<meta name=\"author\" content=\"Redacci\u00f3n QP\" \/>\n<meta name=\"twitter:card\" content=\"summary_large_image\" \/>\n<meta name=\"twitter:label1\" content=\"Escrito por\" \/>\n\t<meta name=\"twitter:data1\" content=\"Redacci\u00f3n QP\" \/>\n\t<meta name=\"twitter:label2\" content=\"Tiempo de lectura\" \/>\n\t<meta name=\"twitter:data2\" content=\"2 minutos\" \/>\n<script type=\"application\/ld+json\" class=\"yoast-schema-graph\">{\"@context\":\"https:\\\/\\\/schema.org\",\"@graph\":[{\"@type\":\"Article\",\"@id\":\"https:\\\/\\\/quehacerpolitico.mx\\\/?p=58732#article\",\"isPartOf\":{\"@id\":\"https:\\\/\\\/quehacerpolitico.mx\\\/?p=58732\"},\"author\":{\"name\":\"Redacci\u00f3n QP\",\"@id\":\"https:\\\/\\\/quehacerpolitico.mx\\\/#\\\/schema\\\/person\\\/496d8ad2d1d3f8036101dca7ee39e585\"},\"headline\":\"&#8220;Tenemos que avanzar hacia la nueva normalidad&#8221;: AMLO\",\"datePublished\":\"2020-06-01T14:28:30+00:00\",\"mainEntityOfPage\":{\"@id\":\"https:\\\/\\\/quehacerpolitico.mx\\\/?p=58732\"},\"wordCount\":361,\"commentCount\":0,\"image\":{\"@id\":\"https:\\\/\\\/quehacerpolitico.mx\\\/?p=58732#primaryimage\"},\"thumbnailUrl\":\"https:\\\/\\\/quehacerpolitico.mx\\\/wp-content\\\/uploads\\\/2020\\\/06\\\/0DBA38CF-78C4-4C54-B0A9-13F20AE530D2.jpeg\",\"articleSection\":[\"Noticias\"],\"inLanguage\":\"es\",\"potentialAction\":[{\"@type\":\"CommentAction\",\"name\":\"Comment\",\"target\":[\"https:\\\/\\\/quehacerpolitico.mx\\\/?p=58732#respond\"]}]},{\"@type\":\"WebPage\",\"@id\":\"https:\\\/\\\/quehacerpolitico.mx\\\/?p=58732\",\"url\":\"https:\\\/\\\/quehacerpolitico.mx\\\/?p=58732\",\"name\":\"\\\"Tenemos que avanzar hacia la nueva normalidad\\\": AMLO -\",\"isPartOf\":{\"@id\":\"https:\\\/\\\/quehacerpolitico.mx\\\/#website\"},\"primaryImageOfPage\":{\"@id\":\"https:\\\/\\\/quehacerpolitico.mx\\\/?p=58732#primaryimage\"},\"image\":{\"@id\":\"https:\\\/\\\/quehacerpolitico.mx\\\/?p=58732#primaryimage\"},\"thumbnailUrl\":\"https:\\\/\\\/quehacerpolitico.mx\\\/wp-content\\\/uploads\\\/2020\\\/06\\\/0DBA38CF-78C4-4C54-B0A9-13F20AE530D2.jpeg\",\"datePublished\":\"2020-06-01T14:28:30+00:00\",\"author\":{\"@id\":\"https:\\\/\\\/quehacerpolitico.mx\\\/#\\\/schema\\\/person\\\/496d8ad2d1d3f8036101dca7ee39e585\"},\"breadcrumb\":{\"@id\":\"https:\\\/\\\/quehacerpolitico.mx\\\/?p=58732#breadcrumb\"},\"inLanguage\":\"es\",\"potentialAction\":[{\"@type\":\"ReadAction\",\"target\":[\"https:\\\/\\\/quehacerpolitico.mx\\\/?p=58732\"]}]},{\"@type\":\"ImageObject\",\"inLanguage\":\"es\",\"@id\":\"https:\\\/\\\/quehacerpolitico.mx\\\/?p=58732#primaryimage\",\"url\":\"https:\\\/\\\/quehacerpolitico.mx\\\/wp-content\\\/uploads\\\/2020\\\/06\\\/0DBA38CF-78C4-4C54-B0A9-13F20AE530D2.jpeg\",\"contentUrl\":\"https:\\\/\\\/quehacerpolitico.mx\\\/wp-content\\\/uploads\\\/2020\\\/06\\\/0DBA38CF-78C4-4C54-B0A9-13F20AE530D2.jpeg\",\"width\":1280,\"height\":854},{\"@type\":\"BreadcrumbList\",\"@id\":\"https:\\\/\\\/quehacerpolitico.mx\\\/?p=58732#breadcrumb\",\"itemListElement\":[{\"@type\":\"ListItem\",\"position\":1,\"name\":\"Inicio\",\"item\":\"https:\\\/\\\/quehacerpolitico.mx\\\/\"},{\"@type\":\"ListItem\",\"position\":2,\"name\":\"&#8220;Tenemos que avanzar hacia la nueva normalidad&#8221;: AMLO\"}]},{\"@type\":\"WebSite\",\"@id\":\"https:\\\/\\\/quehacerpolitico.mx\\\/#website\",\"url\":\"https:\\\/\\\/quehacerpolitico.mx\\\/\",\"name\":\"\",\"description\":\"\",\"potentialAction\":[{\"@type\":\"SearchAction\",\"target\":{\"@type\":\"EntryPoint\",\"urlTemplate\":\"https:\\\/\\\/quehacerpolitico.mx\\\/?s={search_term_string}\"},\"query-input\":{\"@type\":\"PropertyValueSpecification\",\"valueRequired\":true,\"valueName\":\"search_term_string\"}}],\"inLanguage\":\"es\"},{\"@type\":\"Person\",\"@id\":\"https:\\\/\\\/quehacerpolitico.mx\\\/#\\\/schema\\\/person\\\/496d8ad2d1d3f8036101dca7ee39e585\",\"name\":\"Redacci\u00f3n QP\",\"image\":{\"@type\":\"ImageObject\",\"inLanguage\":\"es\",\"@id\":\"https:\\\/\\\/secure.gravatar.com\\\/avatar\\\/c7164ed6fdec453195284ad24a5ae5b6e1eed2b848477fa2a4787ba9adf39a41?s=96&d=mm&r=g\",\"url\":\"https:\\\/\\\/secure.gravatar.com\\\/avatar\\\/c7164ed6fdec453195284ad24a5ae5b6e1eed2b848477fa2a4787ba9adf39a41?s=96&d=mm&r=g\",\"contentUrl\":\"https:\\\/\\\/secure.gravatar.com\\\/avatar\\\/c7164ed6fdec453195284ad24a5ae5b6e1eed2b848477fa2a4787ba9adf39a41?s=96&d=mm&r=g\",\"caption\":\"Redacci\u00f3n QP\"},\"url\":\"https:\\\/\\\/quehacerpolitico.mx\\\/?author=2\"}]}<\/script>\n<!-- \/ Yoast SEO plugin. -->","yoast_head_json":{"title":"\"Tenemos que avanzar hacia la nueva normalidad\": AMLO -","robots":{"index":"index","follow":"follow","max-snippet":"max-snippet:-1","max-image-preview":"max-image-preview:large","max-video-preview":"max-video-preview:-1"},"canonical":"https:\/\/quehacerpolitico.mx\/?p=58732","og_locale":"es_MX","og_type":"article","og_title":"\"Tenemos que avanzar hacia la nueva normalidad\": AMLO -","og_description":"&#8220;Tenemos que avanzar hacia la nueva normalidad&#8221;: AMLO Por Redacci\u00f3n QP El presidente Andr\u00e9s Manuel...","og_url":"https:\/\/quehacerpolitico.mx\/?p=58732","article_published_time":"2020-06-01T14:28:30+00:00","og_image":[{"width":1280,"height":854,"url":"https:\/\/quehacerpolitico.mx\/wp-content\/uploads\/2020\/06\/0DBA38CF-78C4-4C54-B0A9-13F20AE530D2.jpeg","type":"image\/jpeg"}],"author":"Redacci\u00f3n QP","twitter_card":"summary_large_image","twitter_misc":{"Escrito por":"Redacci\u00f3n QP","Tiempo de lectura":"2 minutos"},"schema":{"@context":"https:\/\/schema.org","@graph":[{"@type":"Article","@id":"https:\/\/quehacerpolitico.mx\/?p=58732#article","isPartOf":{"@id":"https:\/\/quehacerpolitico.mx\/?p=58732"},"author":{"name":"Redacci\u00f3n QP","@id":"https:\/\/quehacerpolitico.mx\/#\/schema\/person\/496d8ad2d1d3f8036101dca7ee39e585"},"headline":"&#8220;Tenemos que avanzar hacia la nueva normalidad&#8221;: AMLO","datePublished":"2020-06-01T14:28:30+00:00","mainEntityOfPage":{"@id":"https:\/\/quehacerpolitico.mx\/?p=58732"},"wordCount":361,"commentCount":0,"image":{"@id":"https:\/\/quehacerpolitico.mx\/?p=58732#primaryimage"},"thumbnailUrl":"https:\/\/quehacerpolitico.mx\/wp-content\/uploads\/2020\/06\/0DBA38CF-78C4-4C54-B0A9-13F20AE530D2.jpeg","articleSection":["Noticias"],"inLanguage":"es","potentialAction":[{"@type":"CommentAction","name":"Comment","target":["https:\/\/quehacerpolitico.mx\/?p=58732#respond"]}]},{"@type":"WebPage","@id":"https:\/\/quehacerpolitico.mx\/?p=58732","url":"https:\/\/quehacerpolitico.mx\/?p=58732","name":"\"Tenemos que avanzar hacia la nueva normalidad\": AMLO -","isPartOf":{"@id":"https:\/\/quehacerpolitico.mx\/#website"},"primaryImageOfPage":{"@id":"https:\/\/quehacerpolitico.mx\/?p=58732#primaryimage"},"image":{"@id":"https:\/\/quehacerpolitico.mx\/?p=58732#primaryimage"},"thumbnailUrl":"https:\/\/quehacerpolitico.mx\/wp-content\/uploads\/2020\/06\/0DBA38CF-78C4-4C54-B0A9-13F20AE530D2.jpeg","datePublished":"2020-06-01T14:28:30+00:00","author":{"@id":"https:\/\/quehacerpolitico.mx\/#\/schema\/person\/496d8ad2d1d3f8036101dca7ee39e585"},"breadcrumb":{"@id":"https:\/\/quehacerpolitico.mx\/?p=58732#breadcrumb"},"inLanguage":"es","potentialAction":[{"@type":"ReadAction","target":["https:\/\/quehacerpolitico.mx\/?p=58732"]}]},{"@type":"ImageObject","inLanguage":"es","@id":"https:\/\/quehacerpolitico.mx\/?p=58732#primaryimage","url":"https:\/\/quehacerpolitico.mx\/wp-content\/uploads\/2020\/06\/0DBA38CF-78C4-4C54-B0A9-13F20AE530D2.jpeg","contentUrl":"https:\/\/quehacerpolitico.mx\/wp-content\/uploads\/2020\/06\/0DBA38CF-78C4-4C54-B0A9-13F20AE530D2.jpeg","width":1280,"height":854},{"@type":"BreadcrumbList","@id":"https:\/\/quehacerpolitico.mx\/?p=58732#breadcrumb","itemListElement":[{"@type":"ListItem","position":1,"name":"Inicio","item":"https:\/\/quehacerpolitico.mx\/"},{"@type":"ListItem","position":2,"name":"&#8220;Tenemos que avanzar hacia la nueva normalidad&#8221;: AMLO"}]},{"@type":"WebSite","@id":"https:\/\/quehacerpolitico.mx\/#website","url":"https:\/\/quehacerpolitico.mx\/","name":"","description":"","potentialAction":[{"@type":"SearchAction","target":{"@type":"EntryPoint","urlTemplate":"https:\/\/quehacerpolitico.mx\/?s={search_term_string}"},"query-input":{"@type":"PropertyValueSpecification","valueRequired":true,"valueName":"search_term_string"}}],"inLanguage":"es"},{"@type":"Person","@id":"https:\/\/quehacerpolitico.mx\/#\/schema\/person\/496d8ad2d1d3f8036101dca7ee39e585","name":"Redacci\u00f3n QP","image":{"@type":"ImageObject","inLanguage":"es","@id":"https:\/\/secure.gravatar.com\/avatar\/c7164ed6fdec453195284ad24a5ae5b6e1eed2b848477fa2a4787ba9adf39a41?s=96&d=mm&r=g","url":"https:\/\/secure.gravatar.com\/avatar\/c7164ed6fdec453195284ad24a5ae5b6e1eed2b848477fa2a4787ba9adf39a41?s=96&d=mm&r=g","contentUrl":"https:\/\/secure.gravatar.com\/avatar\/c7164ed6fdec453195284ad24a5ae5b6e1eed2b848477fa2a4787ba9adf39a41?s=96&d=mm&r=g","caption":"Redacci\u00f3n QP"},"url":"https:\/\/quehacerpolitico.mx\/?author=2"}]}},"featured_image_urls":{"full":["https:\/\/quehacerpolitico.mx\/wp-content\/uploads\/2020\/06\/0DBA38CF-78C4-4C54-B0A9-13F20AE530D2.jpeg",1280,854,false],"thumbnail":["https:\/\/quehacerpolitico.mx\/wp-content\/uploads\/2020\/06\/0DBA38CF-78C4-4C54-B0A9-13F20AE530D2-150x150.jpeg",150,150,true],"medium":["https:\/\/quehacerpolitico.mx\/wp-content\/uploads\/2020\/06\/0DBA38CF-78C4-4C54-B0A9-13F20AE530D2-300x200.jpeg",300,200,true],"medium_large":["https:\/\/quehacerpolitico.mx\/wp-content\/uploads\/2020\/06\/0DBA38CF-78C4-4C54-B0A9-13F20AE530D2-768x512.jpeg",640,427,true],"large":["https:\/\/quehacerpolitico.mx\/wp-content\/uploads\/2020\/06\/0DBA38CF-78C4-4C54-B0A9-13F20AE530D2-1024x683.jpeg",640,427,true],"1536x1536":["https:\/\/quehacerpolitico.mx\/wp-content\/uploads\/2020\/06\/0DBA38CF-78C4-4C54-B0A9-13F20AE530D2.jpeg",1280,854,false],"2048x2048":["https:\/\/quehacerpolitico.mx\/wp-content\/uploads\/2020\/06\/0DBA38CF-78C4-4C54-B0A9-13F20AE530D2.jpeg",1280,854,false],"covernews-featured":["https:\/\/quehacerpolitico.mx\/wp-content\/uploads\/2020\/06\/0DBA38CF-78C4-4C54-B0A9-13F20AE530D2.jpeg",1024,683,false],"covernews-medium":["https:\/\/quehacerpolitico.mx\/wp-content\/uploads\/2020\/06\/0DBA38CF-78C4-4C54-B0A9-13F20AE530D2.jpeg",510,340,false]},"author_info":{"display_name":"Redacci\u00f3n QP","author_link":"https:\/\/quehacerpolitico.mx\/?author=2"},"category_info":"<a href=\"https:\/\/quehacerpolitico.mx\/?cat=2\" rel=\"category\">Noticias<\/a>","tag_info":"Noticias","comment_count":"0","_links":{"self":[{"href":"https:\/\/quehacerpolitico.mx\/index.php?rest_route=\/wp\/v2\/posts\/58732","targetHints":{"allow":["GET"]}}],"collection":[{"href":"https:\/\/quehacerpolitico.mx\/index.php?rest_route=\/wp\/v2\/posts"}],"about":[{"href":"https:\/\/quehacerpolitico.mx\/index.php?rest_route=\/wp\/v2\/types\/post"}],"author":[{"embeddable":true,"href":"https:\/\/quehacerpolitico.mx\/index.php?rest_route=\/wp\/v2\/users\/2"}],"replies":[{"embeddable":true,"href":"https:\/\/quehacerpolitico.mx\/index.php?rest_route=%2Fwp%2Fv2%2Fcomments&post=58732"}],"version-history":[{"count":0,"href":"https:\/\/quehacerpolitico.mx\/index.php?rest_route=\/wp\/v2\/posts\/58732\/revisions"}],"wp:featuredmedia":[{"embeddable":true,"href":"https:\/\/quehacerpolitico.mx\/index.php?rest_route=\/wp\/v2\/media\/58733"}],"wp:attachment":[{"href":"https:\/\/quehacerpolitico.mx\/index.php?rest_route=%2Fwp%2Fv2%2Fmedia&parent=58732"}],"wp:term":[{"taxonomy":"category","embeddable":true,"href":"https:\/\/quehacerpolitico.mx\/index.php?rest_route=%2Fwp%2Fv2%2Fcategories&post=58732"},{"taxonomy":"post_tag","embeddable":true,"href":"https:\/\/quehacerpolitico.mx\/index.php?rest_route=%2Fwp%2Fv2%2Ftags&post=58732"}],"curies":[{"name":"wp","href":"https:\/\/api.w.org\/{rel}","templated":true}]}}