{"id":58662,"date":"2020-05-27T20:11:11","date_gmt":"2020-05-28T01:11:11","guid":{"rendered":"http:\/\/quehacerpolitico.mx\/?p=58662"},"modified":"2020-05-27T20:11:11","modified_gmt":"2020-05-28T01:11:11","slug":"si-no-es-inegi-que-banxico-mida-la-riqueza-de-los-mexicanos-dirigente-de-morena","status":"publish","type":"post","link":"https:\/\/quehacerpolitico.mx\/?p=58662","title":{"rendered":"Si no es Inegi, que Banxico mida la riqueza de los mexicanos: dirigente de Morena"},"content":{"rendered":"<h1 class=\"news-title\">Si no es Inegi, que Banxico mida la riqueza de los mexicanos: dirigente de Morena<br \/>\nPor Redacci\u00f3n QP<\/h1>\n<p>Alfonso Ram\u00edrez Cu\u00e9llar resalta que no se puede dejar de medir la concentraci\u00f3n de las grandes fortunas<\/p>\n<p>El dirigente nacional de Morena, Alfonso Ram\u00edrez Cu\u00e9llar, dijo que si no gusta que sea el Inegi la instituci\u00f3n que mida la concentraci\u00f3n de riqueza en el pa\u00eds, entonces que lo haga el Banco de M\u00e9xico.<\/p>\n<p><strong>&#8220;Si no quieren que sea el Inegi, yo creo que el Banco de M\u00e9xico, pero lo que ya no podemos es dejar de medir la concentraci\u00f3n de la riqueza, las grandes fortunas y no puede seguir siendo medida s\u00f3lo por las publicaciones de Forbes o por las revistas del coraz\u00f3n, que dan cuenta de las bodas, de los lujos, no&#8221;<\/strong>, afirm\u00f3.<\/p>\n<p>Ram\u00edrez Cu\u00e9llar particip\u00f3 en el webinar &#8220;\u00bfY despu\u00e9s del Covid-19, qu\u00e9?&#8221;, que organiz\u00f3 la Concamin y el Instituto para el Desarrollo Industrial y el Crecimiento Econ\u00f3mico A.C (IDIC). Ah\u00ed expres\u00f3 que si bien el Inegi ya realiza encuestas de ingreso-gasto, mide el bienestar de manera subjetiva, incluso, mide actualmente las caracter\u00edsticas de los ingresos de la clase media.<\/p>\n<p>&#8220;Lo que queremos (\u2026) es que tenga un mandato constitucional y es un mandato constitucional para darle fuerza a un fen\u00f3meno que est\u00e1 generando much\u00edsima inestabilidad, rompimiento de sociedades enteras, una gran perturbaci\u00f3n en los sistemas democr\u00e1ticos, que es el problema de la desigualdad y que es el de la concentraci\u00f3n de las riquezas y de las grandes fortunas&#8221;, expuso.<\/p>\n<p>Insisti\u00f3 en que no se trata de que se den a conocer los patrimonios de cada familiar, es simple y sencillamente hacer lo que el Coneval ya lleva a cabo: <strong>hacer un diagn\u00f3stico y derivar en conclusiones<\/strong>.<\/p>\n<p>&#8220;Poder tener acceso a las cuentas del SAT y las bases de datos, de tal manera que a partir de sus conclusiones podamos determinar pol\u00edticas p\u00fablicas, para reducir la gran desigualdad que en estos momentos existe en nuestro pa\u00eds&#8221;, indic\u00f3.<\/p>\n<p>Ram\u00edrez Cu\u00e9llar mencion\u00f3 que urge establecer canales de di\u00e1logo en el pa\u00eds, porque no se puede continuar con una fragmentaci\u00f3n de iniciativas.<\/p>\n<p>Con informaci\u00f3n de SUN<\/p>\n","protected":false},"excerpt":{"rendered":"<p>Si no es Inegi, que Banxico mida la riqueza de los mexicanos: dirigente de Morena&#8230;<\/p>\n","protected":false},"author":2,"featured_media":58663,"comment_status":"open","ping_status":"open","sticky":false,"template":"","format":"standard","meta":{"_monsterinsights_skip_tracking":false,"_monsterinsights_sitenote_active":false,"_monsterinsights_sitenote_note":"","_monsterinsights_sitenote_category":0,"footnotes":""},"categories":[2],"tags":[],"class_list":["post-58662","post","type-post","status-publish","format-standard","has-post-thumbnail","hentry","category-noticias"],"yoast_head":"<!-- This site is optimized with the Yoast SEO plugin v27.3 - https:\/\/yoast.com\/product\/yoast-seo-wordpress\/ -->\n<title>Si no es Inegi, que Banxico mida la riqueza de los mexicanos: dirigente de Morena -<\/title>\n<meta name=\"robots\" content=\"index, follow, max-snippet:-1, max-image-preview:large, max-video-preview:-1\" \/>\n<link rel=\"canonical\" href=\"https:\/\/quehacerpolitico.mx\/?p=58662\" \/>\n<meta property=\"og:locale\" content=\"es_MX\" \/>\n<meta property=\"og:type\" content=\"article\" \/>\n<meta property=\"og:title\" content=\"Si no es Inegi, que Banxico mida la riqueza de los mexicanos: dirigente de Morena -\" \/>\n<meta property=\"og:description\" content=\"Si no es Inegi, que Banxico mida la riqueza de los mexicanos: dirigente de Morena...\" \/>\n<meta property=\"og:url\" content=\"https:\/\/quehacerpolitico.mx\/?p=58662\" \/>\n<meta property=\"article:published_time\" content=\"2020-05-28T01:11:11+00:00\" \/>\n<meta name=\"author\" content=\"Redacci\u00f3n QP\" \/>\n<meta name=\"twitter:card\" content=\"summary_large_image\" \/>\n<meta name=\"twitter:label1\" content=\"Escrito por\" \/>\n\t<meta name=\"twitter:data1\" content=\"Redacci\u00f3n QP\" \/>\n\t<meta name=\"twitter:label2\" content=\"Tiempo de lectura\" \/>\n\t<meta name=\"twitter:data2\" content=\"2 minutos\" \/>\n<script type=\"application\/ld+json\" class=\"yoast-schema-graph\">{\"@context\":\"https:\\\/\\\/schema.org\",\"@graph\":[{\"@type\":\"Article\",\"@id\":\"https:\\\/\\\/quehacerpolitico.mx\\\/?p=58662#article\",\"isPartOf\":{\"@id\":\"https:\\\/\\\/quehacerpolitico.mx\\\/?p=58662\"},\"author\":{\"name\":\"Redacci\u00f3n QP\",\"@id\":\"https:\\\/\\\/quehacerpolitico.mx\\\/#\\\/schema\\\/person\\\/496d8ad2d1d3f8036101dca7ee39e585\"},\"headline\":\"Si no es Inegi, que Banxico mida la riqueza de los mexicanos: dirigente de Morena\",\"datePublished\":\"2020-05-28T01:11:11+00:00\",\"mainEntityOfPage\":{\"@id\":\"https:\\\/\\\/quehacerpolitico.mx\\\/?p=58662\"},\"wordCount\":402,\"commentCount\":0,\"image\":{\"@id\":\"https:\\\/\\\/quehacerpolitico.mx\\\/?p=58662#primaryimage\"},\"thumbnailUrl\":\"\",\"articleSection\":[\"Noticias\"],\"inLanguage\":\"es\",\"potentialAction\":[{\"@type\":\"CommentAction\",\"name\":\"Comment\",\"target\":[\"https:\\\/\\\/quehacerpolitico.mx\\\/?p=58662#respond\"]}]},{\"@type\":\"WebPage\",\"@id\":\"https:\\\/\\\/quehacerpolitico.mx\\\/?p=58662\",\"url\":\"https:\\\/\\\/quehacerpolitico.mx\\\/?p=58662\",\"name\":\"Si no es Inegi, que Banxico mida la riqueza de los mexicanos: dirigente de Morena -\",\"isPartOf\":{\"@id\":\"https:\\\/\\\/quehacerpolitico.mx\\\/#website\"},\"primaryImageOfPage\":{\"@id\":\"https:\\\/\\\/quehacerpolitico.mx\\\/?p=58662#primaryimage\"},\"image\":{\"@id\":\"https:\\\/\\\/quehacerpolitico.mx\\\/?p=58662#primaryimage\"},\"thumbnailUrl\":\"\",\"datePublished\":\"2020-05-28T01:11:11+00:00\",\"author\":{\"@id\":\"https:\\\/\\\/quehacerpolitico.mx\\\/#\\\/schema\\\/person\\\/496d8ad2d1d3f8036101dca7ee39e585\"},\"breadcrumb\":{\"@id\":\"https:\\\/\\\/quehacerpolitico.mx\\\/?p=58662#breadcrumb\"},\"inLanguage\":\"es\",\"potentialAction\":[{\"@type\":\"ReadAction\",\"target\":[\"https:\\\/\\\/quehacerpolitico.mx\\\/?p=58662\"]}]},{\"@type\":\"ImageObject\",\"inLanguage\":\"es\",\"@id\":\"https:\\\/\\\/quehacerpolitico.mx\\\/?p=58662#primaryimage\",\"url\":\"\",\"contentUrl\":\"\"},{\"@type\":\"BreadcrumbList\",\"@id\":\"https:\\\/\\\/quehacerpolitico.mx\\\/?p=58662#breadcrumb\",\"itemListElement\":[{\"@type\":\"ListItem\",\"position\":1,\"name\":\"Inicio\",\"item\":\"https:\\\/\\\/quehacerpolitico.mx\\\/\"},{\"@type\":\"ListItem\",\"position\":2,\"name\":\"Si no es Inegi, que Banxico mida la riqueza de los mexicanos: dirigente de Morena\"}]},{\"@type\":\"WebSite\",\"@id\":\"https:\\\/\\\/quehacerpolitico.mx\\\/#website\",\"url\":\"https:\\\/\\\/quehacerpolitico.mx\\\/\",\"name\":\"\",\"description\":\"\",\"potentialAction\":[{\"@type\":\"SearchAction\",\"target\":{\"@type\":\"EntryPoint\",\"urlTemplate\":\"https:\\\/\\\/quehacerpolitico.mx\\\/?s={search_term_string}\"},\"query-input\":{\"@type\":\"PropertyValueSpecification\",\"valueRequired\":true,\"valueName\":\"search_term_string\"}}],\"inLanguage\":\"es\"},{\"@type\":\"Person\",\"@id\":\"https:\\\/\\\/quehacerpolitico.mx\\\/#\\\/schema\\\/person\\\/496d8ad2d1d3f8036101dca7ee39e585\",\"name\":\"Redacci\u00f3n QP\",\"image\":{\"@type\":\"ImageObject\",\"inLanguage\":\"es\",\"@id\":\"https:\\\/\\\/secure.gravatar.com\\\/avatar\\\/c7164ed6fdec453195284ad24a5ae5b6e1eed2b848477fa2a4787ba9adf39a41?s=96&d=mm&r=g\",\"url\":\"https:\\\/\\\/secure.gravatar.com\\\/avatar\\\/c7164ed6fdec453195284ad24a5ae5b6e1eed2b848477fa2a4787ba9adf39a41?s=96&d=mm&r=g\",\"contentUrl\":\"https:\\\/\\\/secure.gravatar.com\\\/avatar\\\/c7164ed6fdec453195284ad24a5ae5b6e1eed2b848477fa2a4787ba9adf39a41?s=96&d=mm&r=g\",\"caption\":\"Redacci\u00f3n QP\"},\"url\":\"https:\\\/\\\/quehacerpolitico.mx\\\/?author=2\"}]}<\/script>\n<!-- \/ Yoast SEO plugin. -->","yoast_head_json":{"title":"Si no es Inegi, que Banxico mida la riqueza de los mexicanos: dirigente de Morena -","robots":{"index":"index","follow":"follow","max-snippet":"max-snippet:-1","max-image-preview":"max-image-preview:large","max-video-preview":"max-video-preview:-1"},"canonical":"https:\/\/quehacerpolitico.mx\/?p=58662","og_locale":"es_MX","og_type":"article","og_title":"Si no es Inegi, que Banxico mida la riqueza de los mexicanos: dirigente de Morena -","og_description":"Si no es Inegi, que Banxico mida la riqueza de los mexicanos: dirigente de Morena...","og_url":"https:\/\/quehacerpolitico.mx\/?p=58662","article_published_time":"2020-05-28T01:11:11+00:00","author":"Redacci\u00f3n QP","twitter_card":"summary_large_image","twitter_misc":{"Escrito por":"Redacci\u00f3n QP","Tiempo de lectura":"2 minutos"},"schema":{"@context":"https:\/\/schema.org","@graph":[{"@type":"Article","@id":"https:\/\/quehacerpolitico.mx\/?p=58662#article","isPartOf":{"@id":"https:\/\/quehacerpolitico.mx\/?p=58662"},"author":{"name":"Redacci\u00f3n QP","@id":"https:\/\/quehacerpolitico.mx\/#\/schema\/person\/496d8ad2d1d3f8036101dca7ee39e585"},"headline":"Si no es Inegi, que Banxico mida la riqueza de los mexicanos: dirigente de Morena","datePublished":"2020-05-28T01:11:11+00:00","mainEntityOfPage":{"@id":"https:\/\/quehacerpolitico.mx\/?p=58662"},"wordCount":402,"commentCount":0,"image":{"@id":"https:\/\/quehacerpolitico.mx\/?p=58662#primaryimage"},"thumbnailUrl":"","articleSection":["Noticias"],"inLanguage":"es","potentialAction":[{"@type":"CommentAction","name":"Comment","target":["https:\/\/quehacerpolitico.mx\/?p=58662#respond"]}]},{"@type":"WebPage","@id":"https:\/\/quehacerpolitico.mx\/?p=58662","url":"https:\/\/quehacerpolitico.mx\/?p=58662","name":"Si no es Inegi, que Banxico mida la riqueza de los mexicanos: dirigente de Morena -","isPartOf":{"@id":"https:\/\/quehacerpolitico.mx\/#website"},"primaryImageOfPage":{"@id":"https:\/\/quehacerpolitico.mx\/?p=58662#primaryimage"},"image":{"@id":"https:\/\/quehacerpolitico.mx\/?p=58662#primaryimage"},"thumbnailUrl":"","datePublished":"2020-05-28T01:11:11+00:00","author":{"@id":"https:\/\/quehacerpolitico.mx\/#\/schema\/person\/496d8ad2d1d3f8036101dca7ee39e585"},"breadcrumb":{"@id":"https:\/\/quehacerpolitico.mx\/?p=58662#breadcrumb"},"inLanguage":"es","potentialAction":[{"@type":"ReadAction","target":["https:\/\/quehacerpolitico.mx\/?p=58662"]}]},{"@type":"ImageObject","inLanguage":"es","@id":"https:\/\/quehacerpolitico.mx\/?p=58662#primaryimage","url":"","contentUrl":""},{"@type":"BreadcrumbList","@id":"https:\/\/quehacerpolitico.mx\/?p=58662#breadcrumb","itemListElement":[{"@type":"ListItem","position":1,"name":"Inicio","item":"https:\/\/quehacerpolitico.mx\/"},{"@type":"ListItem","position":2,"name":"Si no es Inegi, que Banxico mida la riqueza de los mexicanos: dirigente de Morena"}]},{"@type":"WebSite","@id":"https:\/\/quehacerpolitico.mx\/#website","url":"https:\/\/quehacerpolitico.mx\/","name":"","description":"","potentialAction":[{"@type":"SearchAction","target":{"@type":"EntryPoint","urlTemplate":"https:\/\/quehacerpolitico.mx\/?s={search_term_string}"},"query-input":{"@type":"PropertyValueSpecification","valueRequired":true,"valueName":"search_term_string"}}],"inLanguage":"es"},{"@type":"Person","@id":"https:\/\/quehacerpolitico.mx\/#\/schema\/person\/496d8ad2d1d3f8036101dca7ee39e585","name":"Redacci\u00f3n QP","image":{"@type":"ImageObject","inLanguage":"es","@id":"https:\/\/secure.gravatar.com\/avatar\/c7164ed6fdec453195284ad24a5ae5b6e1eed2b848477fa2a4787ba9adf39a41?s=96&d=mm&r=g","url":"https:\/\/secure.gravatar.com\/avatar\/c7164ed6fdec453195284ad24a5ae5b6e1eed2b848477fa2a4787ba9adf39a41?s=96&d=mm&r=g","contentUrl":"https:\/\/secure.gravatar.com\/avatar\/c7164ed6fdec453195284ad24a5ae5b6e1eed2b848477fa2a4787ba9adf39a41?s=96&d=mm&r=g","caption":"Redacci\u00f3n QP"},"url":"https:\/\/quehacerpolitico.mx\/?author=2"}]}},"featured_image_urls":{"full":"","thumbnail":"","medium":"","medium_large":"","large":"","1536x1536":"","2048x2048":"","covernews-featured":"","covernews-medium":""},"author_info":{"display_name":"Redacci\u00f3n QP","author_link":"https:\/\/quehacerpolitico.mx\/?author=2"},"category_info":"<a href=\"https:\/\/quehacerpolitico.mx\/?cat=2\" rel=\"category\">Noticias<\/a>","tag_info":"Noticias","comment_count":"0","_links":{"self":[{"href":"https:\/\/quehacerpolitico.mx\/index.php?rest_route=\/wp\/v2\/posts\/58662","targetHints":{"allow":["GET"]}}],"collection":[{"href":"https:\/\/quehacerpolitico.mx\/index.php?rest_route=\/wp\/v2\/posts"}],"about":[{"href":"https:\/\/quehacerpolitico.mx\/index.php?rest_route=\/wp\/v2\/types\/post"}],"author":[{"embeddable":true,"href":"https:\/\/quehacerpolitico.mx\/index.php?rest_route=\/wp\/v2\/users\/2"}],"replies":[{"embeddable":true,"href":"https:\/\/quehacerpolitico.mx\/index.php?rest_route=%2Fwp%2Fv2%2Fcomments&post=58662"}],"version-history":[{"count":0,"href":"https:\/\/quehacerpolitico.mx\/index.php?rest_route=\/wp\/v2\/posts\/58662\/revisions"}],"wp:featuredmedia":[{"embeddable":true,"href":"https:\/\/quehacerpolitico.mx\/index.php?rest_route=\/"}],"wp:attachment":[{"href":"https:\/\/quehacerpolitico.mx\/index.php?rest_route=%2Fwp%2Fv2%2Fmedia&parent=58662"}],"wp:term":[{"taxonomy":"category","embeddable":true,"href":"https:\/\/quehacerpolitico.mx\/index.php?rest_route=%2Fwp%2Fv2%2Fcategories&post=58662"},{"taxonomy":"post_tag","embeddable":true,"href":"https:\/\/quehacerpolitico.mx\/index.php?rest_route=%2Fwp%2Fv2%2Ftags&post=58662"}],"curies":[{"name":"wp","href":"https:\/\/api.w.org\/{rel}","templated":true}]}}