{"id":5840,"date":"2018-09-30T17:07:52","date_gmt":"2018-09-30T17:07:52","guid":{"rendered":"http:\/\/quehacerpolitico.mx\/este-lunes-comienza-emision-en-linea-de-cedulas-profesionales\/"},"modified":"2018-09-30T17:07:52","modified_gmt":"2018-09-30T17:07:52","slug":"este-lunes-comienza-emision-en-linea-de-cedulas-profesionales","status":"publish","type":"post","link":"https:\/\/quehacerpolitico.mx\/?p=5840","title":{"rendered":"Este lunes comienza emisi\u00f3n en l\u00ednea de c\u00e9dulas profesionales"},"content":{"rendered":"<p>La Secretar\u00eda de Educaci\u00f3n P\u00fablica (SEP) inform\u00f3 que <b>este lunes comenzar\u00e1 la tercera etapa del proceso de emisi\u00f3n de c\u00e9dula profesional electr\u00f3nica<\/b>, que implica la expedici\u00f3n de este documento 100% en l\u00ednea.<\/p>\n<p>\u00a0El tr\u00e1mite puede realizarse desde alg\u00fan dispositivo con acceso a Internet, <b>las 24 horas del d\u00eda, los 365 d\u00edas del a\u00f1o y desde cualquier lugar<\/b>; s\u00f3lo lleva unos minutos y evita agendar citas presenciales o tener que acudir a la Direcci\u00f3n General de Profesiones (DGP).<\/p>\n<div id=\"hybs-mslot-a89e37c8-1\">\u00a0<\/div>\n<p>\u00a0La dependencia indic\u00f3 que del 16 de abril al 28 de septiembre de este a\u00f1o, cuando se inici\u00f3 esta nueva modalidad, <b>se han emitido 417 mil cedulas en formato electr\u00f3nico y otros 286 mil documentos se encuentran en proceso.<\/b><\/p>\n<p>\u00a0En un comunicado, aclar\u00f3 que es imprescindible que las instituciones educativas registren previamente los t\u00edtulos en formato electr\u00f3nico ante la Direcci\u00f3n General de Profesiones.<\/p>\n<p>\u00a0Record\u00f3 que la primera etapa inici\u00f3 con la publicaci\u00f3n de las modificaciones al Reglamento de la Ley Reglamentaria del Art\u00edculo 5 Constitucional en el Diario Oficial de la Federaci\u00f3n, el 16 de abril de este a\u00f1o.<\/p>\n<p>\u00a0As\u00ed como con el lanzamiento de la plataforma electr\u00f3nica y la puesta en marcha de un programa piloto con el Tecnol\u00f3gico Nacional de M\u00e9xico y el Instituto Polit\u00e9cnico Nacional (IPN), para el registro de los t\u00edtulos y la emisi\u00f3n de la c\u00e9dula.<\/p>\n<p>\u00a0En tanto, la segunda fase consisti\u00f3 en la incorporaci\u00f3n de las instituciones al proceso de registro de los t\u00edtulos en formato electr\u00f3nico, para lo cual se llevaron a cabo sesiones de capacitaci\u00f3n grupal y se dise\u00f1aron manuales para difundir los detalles t\u00e9cnicos del servicio.<\/p>\n<p>\u00a0Durante esta etapa, considerada como de transici\u00f3n, se puso en marcha un proceso h\u00edbrido en el que los egresados <b>pod\u00edan presentar a\u00fan su t\u00edtulo profesional impreso para tramitar la C\u00e9dula Profesional Electr\u00f3nica.<\/b><\/p>\n<p>\u00a0La SEP abund\u00f3 que hasta el momento se han registrado m\u00e1s de un mill\u00f3n 400 mil visitas al portal electr\u00f3nico <a href=\"https:\/\/www.gob.mx\/cedulaprofesional\">https:\/\/www.gob.mx\/cedulaprofesional<\/a>, de las cuales m\u00e1s de <b>897 mil corresponden al tr\u00e1mite de expedici\u00f3n y m\u00e1s de 238 mil para el duplicado de dicho documento.<\/b><\/p>\n<p>\u00a0Subray\u00f3 que la c\u00e9dula electr\u00f3nica es un documento que tiene efectos de patente para el ejercicio profesional y permite a la sociedad identificar, plenamente y con certeza, a la persona de la cual recibe la prestaci\u00f3n de un servicio.<\/p>\n<p>\u00a0Para obtenerla solo se requiere ingresar a www.gob.mx\/cedulaprofesional, contar con el t\u00edtulo emitido por la instituci\u00f3n educativa, tener la e.firma y realizar el pago en l\u00ednea.<\/p>\n","protected":false},"excerpt":{"rendered":"<p>Desde el 16 de abril, se han emitido 417 mil c\u00e9dulas en formato electr\u00f3nico y otros 286 mil documentos se encuentran en proceso.<br \/>\nPor Redacci\u00f3n QP<\/p>\n","protected":false},"author":2,"featured_media":5839,"comment_status":"open","ping_status":"open","sticky":false,"template":"","format":"standard","meta":{"_monsterinsights_skip_tracking":false,"_monsterinsights_sitenote_active":false,"_monsterinsights_sitenote_note":"","_monsterinsights_sitenote_category":0,"footnotes":""},"categories":[2],"tags":[],"class_list":["post-5840","post","type-post","status-publish","format-standard","has-post-thumbnail","hentry","category-noticias"],"yoast_head":"<!-- This site is optimized with the Yoast SEO plugin v27.3 - https:\/\/yoast.com\/product\/yoast-seo-wordpress\/ -->\n<title>Este lunes comienza emisi\u00f3n en l\u00ednea de c\u00e9dulas profesionales -<\/title>\n<meta name=\"robots\" content=\"index, follow, max-snippet:-1, max-image-preview:large, max-video-preview:-1\" \/>\n<link rel=\"canonical\" href=\"https:\/\/quehacerpolitico.mx\/?p=5840\" \/>\n<meta property=\"og:locale\" content=\"es_MX\" \/>\n<meta property=\"og:type\" content=\"article\" \/>\n<meta property=\"og:title\" content=\"Este lunes comienza emisi\u00f3n en l\u00ednea de c\u00e9dulas profesionales -\" \/>\n<meta property=\"og:description\" content=\"Desde el 16 de abril, se han emitido 417 mil c\u00e9dulas en formato electr\u00f3nico y otros 286 mil documentos se encuentran en proceso. Por Redacci\u00f3n QP\" \/>\n<meta property=\"og:url\" content=\"https:\/\/quehacerpolitico.mx\/?p=5840\" \/>\n<meta property=\"article:published_time\" content=\"2018-09-30T17:07:52+00:00\" \/>\n<meta name=\"author\" content=\"Redacci\u00f3n QP\" \/>\n<meta name=\"twitter:card\" content=\"summary_large_image\" \/>\n<meta name=\"twitter:label1\" content=\"Escrito por\" \/>\n\t<meta name=\"twitter:data1\" content=\"Redacci\u00f3n QP\" \/>\n\t<meta name=\"twitter:label2\" content=\"Tiempo de lectura\" \/>\n\t<meta name=\"twitter:data2\" content=\"2 minutos\" \/>\n<script type=\"application\/ld+json\" class=\"yoast-schema-graph\">{\"@context\":\"https:\\\/\\\/schema.org\",\"@graph\":[{\"@type\":\"Article\",\"@id\":\"https:\\\/\\\/quehacerpolitico.mx\\\/?p=5840#article\",\"isPartOf\":{\"@id\":\"https:\\\/\\\/quehacerpolitico.mx\\\/?p=5840\"},\"author\":{\"name\":\"Redacci\u00f3n QP\",\"@id\":\"https:\\\/\\\/quehacerpolitico.mx\\\/#\\\/schema\\\/person\\\/496d8ad2d1d3f8036101dca7ee39e585\"},\"headline\":\"Este lunes comienza emisi\u00f3n en l\u00ednea de c\u00e9dulas profesionales\",\"datePublished\":\"2018-09-30T17:07:52+00:00\",\"mainEntityOfPage\":{\"@id\":\"https:\\\/\\\/quehacerpolitico.mx\\\/?p=5840\"},\"wordCount\":468,\"commentCount\":0,\"image\":{\"@id\":\"https:\\\/\\\/quehacerpolitico.mx\\\/?p=5840#primaryimage\"},\"thumbnailUrl\":\"\",\"articleSection\":[\"Noticias\"],\"inLanguage\":\"es\",\"potentialAction\":[{\"@type\":\"CommentAction\",\"name\":\"Comment\",\"target\":[\"https:\\\/\\\/quehacerpolitico.mx\\\/?p=5840#respond\"]}]},{\"@type\":\"WebPage\",\"@id\":\"https:\\\/\\\/quehacerpolitico.mx\\\/?p=5840\",\"url\":\"https:\\\/\\\/quehacerpolitico.mx\\\/?p=5840\",\"name\":\"Este lunes comienza emisi\u00f3n en l\u00ednea de c\u00e9dulas profesionales -\",\"isPartOf\":{\"@id\":\"https:\\\/\\\/quehacerpolitico.mx\\\/#website\"},\"primaryImageOfPage\":{\"@id\":\"https:\\\/\\\/quehacerpolitico.mx\\\/?p=5840#primaryimage\"},\"image\":{\"@id\":\"https:\\\/\\\/quehacerpolitico.mx\\\/?p=5840#primaryimage\"},\"thumbnailUrl\":\"\",\"datePublished\":\"2018-09-30T17:07:52+00:00\",\"author\":{\"@id\":\"https:\\\/\\\/quehacerpolitico.mx\\\/#\\\/schema\\\/person\\\/496d8ad2d1d3f8036101dca7ee39e585\"},\"breadcrumb\":{\"@id\":\"https:\\\/\\\/quehacerpolitico.mx\\\/?p=5840#breadcrumb\"},\"inLanguage\":\"es\",\"potentialAction\":[{\"@type\":\"ReadAction\",\"target\":[\"https:\\\/\\\/quehacerpolitico.mx\\\/?p=5840\"]}]},{\"@type\":\"ImageObject\",\"inLanguage\":\"es\",\"@id\":\"https:\\\/\\\/quehacerpolitico.mx\\\/?p=5840#primaryimage\",\"url\":\"\",\"contentUrl\":\"\"},{\"@type\":\"BreadcrumbList\",\"@id\":\"https:\\\/\\\/quehacerpolitico.mx\\\/?p=5840#breadcrumb\",\"itemListElement\":[{\"@type\":\"ListItem\",\"position\":1,\"name\":\"Inicio\",\"item\":\"https:\\\/\\\/quehacerpolitico.mx\\\/\"},{\"@type\":\"ListItem\",\"position\":2,\"name\":\"Este lunes comienza emisi\u00f3n en l\u00ednea de c\u00e9dulas profesionales\"}]},{\"@type\":\"WebSite\",\"@id\":\"https:\\\/\\\/quehacerpolitico.mx\\\/#website\",\"url\":\"https:\\\/\\\/quehacerpolitico.mx\\\/\",\"name\":\"\",\"description\":\"\",\"potentialAction\":[{\"@type\":\"SearchAction\",\"target\":{\"@type\":\"EntryPoint\",\"urlTemplate\":\"https:\\\/\\\/quehacerpolitico.mx\\\/?s={search_term_string}\"},\"query-input\":{\"@type\":\"PropertyValueSpecification\",\"valueRequired\":true,\"valueName\":\"search_term_string\"}}],\"inLanguage\":\"es\"},{\"@type\":\"Person\",\"@id\":\"https:\\\/\\\/quehacerpolitico.mx\\\/#\\\/schema\\\/person\\\/496d8ad2d1d3f8036101dca7ee39e585\",\"name\":\"Redacci\u00f3n QP\",\"image\":{\"@type\":\"ImageObject\",\"inLanguage\":\"es\",\"@id\":\"https:\\\/\\\/secure.gravatar.com\\\/avatar\\\/c7164ed6fdec453195284ad24a5ae5b6e1eed2b848477fa2a4787ba9adf39a41?s=96&d=mm&r=g\",\"url\":\"https:\\\/\\\/secure.gravatar.com\\\/avatar\\\/c7164ed6fdec453195284ad24a5ae5b6e1eed2b848477fa2a4787ba9adf39a41?s=96&d=mm&r=g\",\"contentUrl\":\"https:\\\/\\\/secure.gravatar.com\\\/avatar\\\/c7164ed6fdec453195284ad24a5ae5b6e1eed2b848477fa2a4787ba9adf39a41?s=96&d=mm&r=g\",\"caption\":\"Redacci\u00f3n QP\"},\"url\":\"https:\\\/\\\/quehacerpolitico.mx\\\/?author=2\"}]}<\/script>\n<!-- \/ Yoast SEO plugin. -->","yoast_head_json":{"title":"Este lunes comienza emisi\u00f3n en l\u00ednea de c\u00e9dulas profesionales -","robots":{"index":"index","follow":"follow","max-snippet":"max-snippet:-1","max-image-preview":"max-image-preview:large","max-video-preview":"max-video-preview:-1"},"canonical":"https:\/\/quehacerpolitico.mx\/?p=5840","og_locale":"es_MX","og_type":"article","og_title":"Este lunes comienza emisi\u00f3n en l\u00ednea de c\u00e9dulas profesionales -","og_description":"Desde el 16 de abril, se han emitido 417 mil c\u00e9dulas en formato electr\u00f3nico y otros 286 mil documentos se encuentran en proceso. Por Redacci\u00f3n QP","og_url":"https:\/\/quehacerpolitico.mx\/?p=5840","article_published_time":"2018-09-30T17:07:52+00:00","author":"Redacci\u00f3n QP","twitter_card":"summary_large_image","twitter_misc":{"Escrito por":"Redacci\u00f3n QP","Tiempo de lectura":"2 minutos"},"schema":{"@context":"https:\/\/schema.org","@graph":[{"@type":"Article","@id":"https:\/\/quehacerpolitico.mx\/?p=5840#article","isPartOf":{"@id":"https:\/\/quehacerpolitico.mx\/?p=5840"},"author":{"name":"Redacci\u00f3n QP","@id":"https:\/\/quehacerpolitico.mx\/#\/schema\/person\/496d8ad2d1d3f8036101dca7ee39e585"},"headline":"Este lunes comienza emisi\u00f3n en l\u00ednea de c\u00e9dulas profesionales","datePublished":"2018-09-30T17:07:52+00:00","mainEntityOfPage":{"@id":"https:\/\/quehacerpolitico.mx\/?p=5840"},"wordCount":468,"commentCount":0,"image":{"@id":"https:\/\/quehacerpolitico.mx\/?p=5840#primaryimage"},"thumbnailUrl":"","articleSection":["Noticias"],"inLanguage":"es","potentialAction":[{"@type":"CommentAction","name":"Comment","target":["https:\/\/quehacerpolitico.mx\/?p=5840#respond"]}]},{"@type":"WebPage","@id":"https:\/\/quehacerpolitico.mx\/?p=5840","url":"https:\/\/quehacerpolitico.mx\/?p=5840","name":"Este lunes comienza emisi\u00f3n en l\u00ednea de c\u00e9dulas profesionales -","isPartOf":{"@id":"https:\/\/quehacerpolitico.mx\/#website"},"primaryImageOfPage":{"@id":"https:\/\/quehacerpolitico.mx\/?p=5840#primaryimage"},"image":{"@id":"https:\/\/quehacerpolitico.mx\/?p=5840#primaryimage"},"thumbnailUrl":"","datePublished":"2018-09-30T17:07:52+00:00","author":{"@id":"https:\/\/quehacerpolitico.mx\/#\/schema\/person\/496d8ad2d1d3f8036101dca7ee39e585"},"breadcrumb":{"@id":"https:\/\/quehacerpolitico.mx\/?p=5840#breadcrumb"},"inLanguage":"es","potentialAction":[{"@type":"ReadAction","target":["https:\/\/quehacerpolitico.mx\/?p=5840"]}]},{"@type":"ImageObject","inLanguage":"es","@id":"https:\/\/quehacerpolitico.mx\/?p=5840#primaryimage","url":"","contentUrl":""},{"@type":"BreadcrumbList","@id":"https:\/\/quehacerpolitico.mx\/?p=5840#breadcrumb","itemListElement":[{"@type":"ListItem","position":1,"name":"Inicio","item":"https:\/\/quehacerpolitico.mx\/"},{"@type":"ListItem","position":2,"name":"Este lunes comienza emisi\u00f3n en l\u00ednea de c\u00e9dulas profesionales"}]},{"@type":"WebSite","@id":"https:\/\/quehacerpolitico.mx\/#website","url":"https:\/\/quehacerpolitico.mx\/","name":"","description":"","potentialAction":[{"@type":"SearchAction","target":{"@type":"EntryPoint","urlTemplate":"https:\/\/quehacerpolitico.mx\/?s={search_term_string}"},"query-input":{"@type":"PropertyValueSpecification","valueRequired":true,"valueName":"search_term_string"}}],"inLanguage":"es"},{"@type":"Person","@id":"https:\/\/quehacerpolitico.mx\/#\/schema\/person\/496d8ad2d1d3f8036101dca7ee39e585","name":"Redacci\u00f3n QP","image":{"@type":"ImageObject","inLanguage":"es","@id":"https:\/\/secure.gravatar.com\/avatar\/c7164ed6fdec453195284ad24a5ae5b6e1eed2b848477fa2a4787ba9adf39a41?s=96&d=mm&r=g","url":"https:\/\/secure.gravatar.com\/avatar\/c7164ed6fdec453195284ad24a5ae5b6e1eed2b848477fa2a4787ba9adf39a41?s=96&d=mm&r=g","contentUrl":"https:\/\/secure.gravatar.com\/avatar\/c7164ed6fdec453195284ad24a5ae5b6e1eed2b848477fa2a4787ba9adf39a41?s=96&d=mm&r=g","caption":"Redacci\u00f3n QP"},"url":"https:\/\/quehacerpolitico.mx\/?author=2"}]}},"featured_image_urls":{"full":"","thumbnail":"","medium":"","medium_large":"","large":"","1536x1536":"","2048x2048":"","covernews-featured":"","covernews-medium":""},"author_info":{"display_name":"Redacci\u00f3n QP","author_link":"https:\/\/quehacerpolitico.mx\/?author=2"},"category_info":"<a href=\"https:\/\/quehacerpolitico.mx\/?cat=2\" rel=\"category\">Noticias<\/a>","tag_info":"Noticias","comment_count":"0","_links":{"self":[{"href":"https:\/\/quehacerpolitico.mx\/index.php?rest_route=\/wp\/v2\/posts\/5840","targetHints":{"allow":["GET"]}}],"collection":[{"href":"https:\/\/quehacerpolitico.mx\/index.php?rest_route=\/wp\/v2\/posts"}],"about":[{"href":"https:\/\/quehacerpolitico.mx\/index.php?rest_route=\/wp\/v2\/types\/post"}],"author":[{"embeddable":true,"href":"https:\/\/quehacerpolitico.mx\/index.php?rest_route=\/wp\/v2\/users\/2"}],"replies":[{"embeddable":true,"href":"https:\/\/quehacerpolitico.mx\/index.php?rest_route=%2Fwp%2Fv2%2Fcomments&post=5840"}],"version-history":[{"count":0,"href":"https:\/\/quehacerpolitico.mx\/index.php?rest_route=\/wp\/v2\/posts\/5840\/revisions"}],"wp:featuredmedia":[{"embeddable":true,"href":"https:\/\/quehacerpolitico.mx\/index.php?rest_route=\/"}],"wp:attachment":[{"href":"https:\/\/quehacerpolitico.mx\/index.php?rest_route=%2Fwp%2Fv2%2Fmedia&parent=5840"}],"wp:term":[{"taxonomy":"category","embeddable":true,"href":"https:\/\/quehacerpolitico.mx\/index.php?rest_route=%2Fwp%2Fv2%2Fcategories&post=5840"},{"taxonomy":"post_tag","embeddable":true,"href":"https:\/\/quehacerpolitico.mx\/index.php?rest_route=%2Fwp%2Fv2%2Ftags&post=5840"}],"curies":[{"name":"wp","href":"https:\/\/api.w.org\/{rel}","templated":true}]}}