{"id":58206,"date":"2020-05-13T12:18:05","date_gmt":"2020-05-13T17:18:05","guid":{"rendered":"http:\/\/quehacerpolitico.mx\/?p=58206"},"modified":"2020-05-13T12:18:05","modified_gmt":"2020-05-13T17:18:05","slug":"linea-roja-jacqueline-morgado-plan-de-reapertura-marca-una-ruta-ordenada-del-mazo","status":"publish","type":"post","link":"https:\/\/quehacerpolitico.mx\/?p=58206","title":{"rendered":"L\u00ednea Roja\/\/\/Jacqueline Morgado\/\/\/\u201cPlan de reapertura marca una ruta ordenada\u201d: Del Mazo"},"content":{"rendered":"<p>\u201cPlan de reapertura marca una ruta ordenada\u201d: Del Mazo<br \/>\nPor Jacqueline Morgado<\/p>\n<p>El gobernador del Estado de M\u00e9xico, Alfredo\u00a0Del Mazo, consider\u00f3\u00a0el \u201cPlan de Reapertura a la Nueva Normalidad\u201d\u00a0como una\u00a0acci\u00f3n responsable, que marca una ruta clara de c\u00f3mo ir regresando a las actividades cotidianas de manera ordenada, despu\u00e9s de la contingencia sanitaria por el COVID-19.<\/p>\n<p>Al asistir a la conferencia de prensa que encabez\u00f3 el\u00a0presidente\u00a0Andr\u00e9s Manuel L\u00f3pez Obrador,\u00a0se\u00f1al\u00f3:\u00a0\u201cConocemos este plan que se ha presentado por parte del Gobierno de M\u00e9xico, lo vemos como un plan responsable, como un plan con ruta clara, en donde se puede ir monitoreando permanentemente c\u00f3mo va evolucionando cada una de las regiones de nuestro pa\u00eds\u201d.<\/p>\n<p>El mandatario estatal se\u00f1al\u00f3 que el Valle de M\u00e9xico se encuentra en sem\u00e1foro rojo y el ritmo de crecimiento de hospitalizaci\u00f3n-intubaci\u00f3n, aumenta a una tasa menor, resultado de las medidas de prevenci\u00f3n y contenci\u00f3n que se han impulsado.<\/p>\n<p>\u201cEl centro del pa\u00eds, el Valle de M\u00e9xico, la zona conurbada, tiene m\u00e1s de 20 millones de habitantes, con una movilidad muy grande entre ambas entidades, implica una zona de riesgo, una zona de contagio, e implica que las medidas que se vayan tomando para esta reactivaci\u00f3n econ\u00f3mica y este regreso a la normalidad, sean muy responsables&#8221;, afirm\u00f3.<\/p>\n<p>Respecto de lo planteado por el Gobierno de M\u00e9xico, que contempla la reapertura de actividades en las industrias automotriz, construcci\u00f3n y miner\u00eda, manifest\u00f3 que \u00e9stas deben regresar con gran cuidado y cautela en las medidas de prevenci\u00f3n.<\/p>\n<p>Puntualiz\u00f3 que en el caso del Estado de M\u00e9xico, la industria de la construcci\u00f3n emplea a m\u00e1s de 628 mil personas y aporta cerca del siete por ciento del Producto Interno Bruto (PIB) de este sector a nivel nacional.<\/p>\n<p>Mientras que en el sector automotriz, precis\u00f3 que la entidad mexiquense representa el 14 por ciento de esta industria a nivel nacional, generando m\u00e1s de 42 mil fuentes de trabajo, adem\u00e1s de ser un sector de proveedur\u00eda para esta rama econ\u00f3mica.<\/p>\n<p>Apunt\u00f3 que las industrias que vayan abriendo, cuando los sem\u00e1foros se los permitan, es necesario que den prioridad al cuidado y protecci\u00f3n de los trabajadores, estableciendo protocolos de sanidad, tanto en las plantas de trabajo como en los traslados hacia sus hogares.<\/p>\n<p>En ese sentido, agreg\u00f3 que las medidas que se tomen en las grandes empresas, se compartan con las medianas y peque\u00f1as unidades econ\u00f3micas que forman parte de su cadena productiva, esto con la finalidad de cuidar la salud de las familias mexiquenses.<\/p>\n<p>Del Mazo indic\u00f3 que en conjunto con la Ciudad de M\u00e9xico se trabajar\u00e1 en un programa de reactivaci\u00f3n y de regreso a una nueva normalidad, ya que en la Zona Metropolitana del Valle de M\u00e9xico se llegan a realizar m\u00e1s de\u00a0dos\u00a0millones de viajes diarios entre ambas entidades.<\/p>\n<p>Por ello, resalt\u00f3 la importancia de contar con medidas de higiene y seguridad en los sistemas de transporte p\u00fablico, e hizo un llamado a los concesionarios para que realicen procesos de sanitizaci\u00f3n en las unidades y respetar la medidas de sana distancia.<\/p>\n<p>Con informaci\u00f3n de NTX<\/p>\n","protected":false},"excerpt":{"rendered":"<p>\u201cPlan de reapertura marca una ruta ordenada\u201d: Del Mazo Por Jacqueline Morgado El gobernador del&#8230;<\/p>\n","protected":false},"author":2,"featured_media":58207,"comment_status":"open","ping_status":"open","sticky":false,"template":"","format":"standard","meta":{"_monsterinsights_skip_tracking":false,"_monsterinsights_sitenote_active":false,"_monsterinsights_sitenote_note":"","_monsterinsights_sitenote_category":0,"footnotes":""},"categories":[2],"tags":[],"class_list":["post-58206","post","type-post","status-publish","format-standard","has-post-thumbnail","hentry","category-noticias"],"yoast_head":"<!-- This site is optimized with the Yoast SEO plugin v27.3 - https:\/\/yoast.com\/product\/yoast-seo-wordpress\/ -->\n<title>L\u00ednea Roja\/\/\/Jacqueline Morgado\/\/\/\u201cPlan de reapertura marca una ruta ordenada\u201d: Del Mazo -<\/title>\n<meta name=\"robots\" content=\"index, follow, max-snippet:-1, max-image-preview:large, max-video-preview:-1\" \/>\n<link rel=\"canonical\" href=\"https:\/\/quehacerpolitico.mx\/?p=58206\" \/>\n<meta property=\"og:locale\" content=\"es_MX\" \/>\n<meta property=\"og:type\" content=\"article\" \/>\n<meta property=\"og:title\" content=\"L\u00ednea Roja\/\/\/Jacqueline Morgado\/\/\/\u201cPlan de reapertura marca una ruta ordenada\u201d: Del Mazo -\" \/>\n<meta property=\"og:description\" content=\"\u201cPlan de reapertura marca una ruta ordenada\u201d: Del Mazo Por Jacqueline Morgado El gobernador del...\" \/>\n<meta property=\"og:url\" content=\"https:\/\/quehacerpolitico.mx\/?p=58206\" \/>\n<meta property=\"article:published_time\" content=\"2020-05-13T17:18:05+00:00\" \/>\n<meta property=\"og:image\" content=\"https:\/\/quehacerpolitico.mx\/wp-content\/uploads\/2020\/05\/9CCECA24-83E0-47FB-959B-7651FA00A40A.jpeg\" \/>\n\t<meta property=\"og:image:width\" content=\"1276\" \/>\n\t<meta property=\"og:image:height\" content=\"956\" \/>\n\t<meta property=\"og:image:type\" content=\"image\/jpeg\" \/>\n<meta name=\"author\" content=\"Redacci\u00f3n QP\" \/>\n<meta name=\"twitter:card\" content=\"summary_large_image\" \/>\n<meta name=\"twitter:label1\" content=\"Escrito por\" \/>\n\t<meta name=\"twitter:data1\" content=\"Redacci\u00f3n QP\" \/>\n\t<meta name=\"twitter:label2\" content=\"Tiempo de lectura\" \/>\n\t<meta name=\"twitter:data2\" content=\"3 minutos\" \/>\n<script type=\"application\/ld+json\" class=\"yoast-schema-graph\">{\"@context\":\"https:\\\/\\\/schema.org\",\"@graph\":[{\"@type\":\"Article\",\"@id\":\"https:\\\/\\\/quehacerpolitico.mx\\\/?p=58206#article\",\"isPartOf\":{\"@id\":\"https:\\\/\\\/quehacerpolitico.mx\\\/?p=58206\"},\"author\":{\"name\":\"Redacci\u00f3n QP\",\"@id\":\"https:\\\/\\\/quehacerpolitico.mx\\\/#\\\/schema\\\/person\\\/496d8ad2d1d3f8036101dca7ee39e585\"},\"headline\":\"L\u00ednea Roja\\\/\\\/\\\/Jacqueline Morgado\\\/\\\/\\\/\u201cPlan de reapertura marca una ruta ordenada\u201d: Del Mazo\",\"datePublished\":\"2020-05-13T17:18:05+00:00\",\"mainEntityOfPage\":{\"@id\":\"https:\\\/\\\/quehacerpolitico.mx\\\/?p=58206\"},\"wordCount\":563,\"commentCount\":0,\"image\":{\"@id\":\"https:\\\/\\\/quehacerpolitico.mx\\\/?p=58206#primaryimage\"},\"thumbnailUrl\":\"https:\\\/\\\/quehacerpolitico.mx\\\/wp-content\\\/uploads\\\/2020\\\/05\\\/9CCECA24-83E0-47FB-959B-7651FA00A40A.jpeg\",\"articleSection\":[\"Noticias\"],\"inLanguage\":\"es\",\"potentialAction\":[{\"@type\":\"CommentAction\",\"name\":\"Comment\",\"target\":[\"https:\\\/\\\/quehacerpolitico.mx\\\/?p=58206#respond\"]}]},{\"@type\":\"WebPage\",\"@id\":\"https:\\\/\\\/quehacerpolitico.mx\\\/?p=58206\",\"url\":\"https:\\\/\\\/quehacerpolitico.mx\\\/?p=58206\",\"name\":\"L\u00ednea Roja\\\/\\\/\\\/Jacqueline Morgado\\\/\\\/\\\/\u201cPlan de reapertura marca una ruta ordenada\u201d: Del Mazo -\",\"isPartOf\":{\"@id\":\"https:\\\/\\\/quehacerpolitico.mx\\\/#website\"},\"primaryImageOfPage\":{\"@id\":\"https:\\\/\\\/quehacerpolitico.mx\\\/?p=58206#primaryimage\"},\"image\":{\"@id\":\"https:\\\/\\\/quehacerpolitico.mx\\\/?p=58206#primaryimage\"},\"thumbnailUrl\":\"https:\\\/\\\/quehacerpolitico.mx\\\/wp-content\\\/uploads\\\/2020\\\/05\\\/9CCECA24-83E0-47FB-959B-7651FA00A40A.jpeg\",\"datePublished\":\"2020-05-13T17:18:05+00:00\",\"author\":{\"@id\":\"https:\\\/\\\/quehacerpolitico.mx\\\/#\\\/schema\\\/person\\\/496d8ad2d1d3f8036101dca7ee39e585\"},\"breadcrumb\":{\"@id\":\"https:\\\/\\\/quehacerpolitico.mx\\\/?p=58206#breadcrumb\"},\"inLanguage\":\"es\",\"potentialAction\":[{\"@type\":\"ReadAction\",\"target\":[\"https:\\\/\\\/quehacerpolitico.mx\\\/?p=58206\"]}]},{\"@type\":\"ImageObject\",\"inLanguage\":\"es\",\"@id\":\"https:\\\/\\\/quehacerpolitico.mx\\\/?p=58206#primaryimage\",\"url\":\"https:\\\/\\\/quehacerpolitico.mx\\\/wp-content\\\/uploads\\\/2020\\\/05\\\/9CCECA24-83E0-47FB-959B-7651FA00A40A.jpeg\",\"contentUrl\":\"https:\\\/\\\/quehacerpolitico.mx\\\/wp-content\\\/uploads\\\/2020\\\/05\\\/9CCECA24-83E0-47FB-959B-7651FA00A40A.jpeg\",\"width\":1276,\"height\":956},{\"@type\":\"BreadcrumbList\",\"@id\":\"https:\\\/\\\/quehacerpolitico.mx\\\/?p=58206#breadcrumb\",\"itemListElement\":[{\"@type\":\"ListItem\",\"position\":1,\"name\":\"Inicio\",\"item\":\"https:\\\/\\\/quehacerpolitico.mx\\\/\"},{\"@type\":\"ListItem\",\"position\":2,\"name\":\"L\u00ednea Roja\\\/\\\/\\\/Jacqueline Morgado\\\/\\\/\\\/\u201cPlan de reapertura marca una ruta ordenada\u201d: Del Mazo\"}]},{\"@type\":\"WebSite\",\"@id\":\"https:\\\/\\\/quehacerpolitico.mx\\\/#website\",\"url\":\"https:\\\/\\\/quehacerpolitico.mx\\\/\",\"name\":\"\",\"description\":\"\",\"potentialAction\":[{\"@type\":\"SearchAction\",\"target\":{\"@type\":\"EntryPoint\",\"urlTemplate\":\"https:\\\/\\\/quehacerpolitico.mx\\\/?s={search_term_string}\"},\"query-input\":{\"@type\":\"PropertyValueSpecification\",\"valueRequired\":true,\"valueName\":\"search_term_string\"}}],\"inLanguage\":\"es\"},{\"@type\":\"Person\",\"@id\":\"https:\\\/\\\/quehacerpolitico.mx\\\/#\\\/schema\\\/person\\\/496d8ad2d1d3f8036101dca7ee39e585\",\"name\":\"Redacci\u00f3n QP\",\"image\":{\"@type\":\"ImageObject\",\"inLanguage\":\"es\",\"@id\":\"https:\\\/\\\/secure.gravatar.com\\\/avatar\\\/c7164ed6fdec453195284ad24a5ae5b6e1eed2b848477fa2a4787ba9adf39a41?s=96&d=mm&r=g\",\"url\":\"https:\\\/\\\/secure.gravatar.com\\\/avatar\\\/c7164ed6fdec453195284ad24a5ae5b6e1eed2b848477fa2a4787ba9adf39a41?s=96&d=mm&r=g\",\"contentUrl\":\"https:\\\/\\\/secure.gravatar.com\\\/avatar\\\/c7164ed6fdec453195284ad24a5ae5b6e1eed2b848477fa2a4787ba9adf39a41?s=96&d=mm&r=g\",\"caption\":\"Redacci\u00f3n QP\"},\"url\":\"https:\\\/\\\/quehacerpolitico.mx\\\/?author=2\"}]}<\/script>\n<!-- \/ Yoast SEO plugin. -->","yoast_head_json":{"title":"L\u00ednea Roja\/\/\/Jacqueline Morgado\/\/\/\u201cPlan de reapertura marca una ruta ordenada\u201d: Del Mazo -","robots":{"index":"index","follow":"follow","max-snippet":"max-snippet:-1","max-image-preview":"max-image-preview:large","max-video-preview":"max-video-preview:-1"},"canonical":"https:\/\/quehacerpolitico.mx\/?p=58206","og_locale":"es_MX","og_type":"article","og_title":"L\u00ednea Roja\/\/\/Jacqueline Morgado\/\/\/\u201cPlan de reapertura marca una ruta ordenada\u201d: Del Mazo -","og_description":"\u201cPlan de reapertura marca una ruta ordenada\u201d: Del Mazo Por Jacqueline Morgado El gobernador del...","og_url":"https:\/\/quehacerpolitico.mx\/?p=58206","article_published_time":"2020-05-13T17:18:05+00:00","og_image":[{"width":1276,"height":956,"url":"https:\/\/quehacerpolitico.mx\/wp-content\/uploads\/2020\/05\/9CCECA24-83E0-47FB-959B-7651FA00A40A.jpeg","type":"image\/jpeg"}],"author":"Redacci\u00f3n QP","twitter_card":"summary_large_image","twitter_misc":{"Escrito por":"Redacci\u00f3n QP","Tiempo de lectura":"3 minutos"},"schema":{"@context":"https:\/\/schema.org","@graph":[{"@type":"Article","@id":"https:\/\/quehacerpolitico.mx\/?p=58206#article","isPartOf":{"@id":"https:\/\/quehacerpolitico.mx\/?p=58206"},"author":{"name":"Redacci\u00f3n QP","@id":"https:\/\/quehacerpolitico.mx\/#\/schema\/person\/496d8ad2d1d3f8036101dca7ee39e585"},"headline":"L\u00ednea Roja\/\/\/Jacqueline Morgado\/\/\/\u201cPlan de reapertura marca una ruta ordenada\u201d: Del Mazo","datePublished":"2020-05-13T17:18:05+00:00","mainEntityOfPage":{"@id":"https:\/\/quehacerpolitico.mx\/?p=58206"},"wordCount":563,"commentCount":0,"image":{"@id":"https:\/\/quehacerpolitico.mx\/?p=58206#primaryimage"},"thumbnailUrl":"https:\/\/quehacerpolitico.mx\/wp-content\/uploads\/2020\/05\/9CCECA24-83E0-47FB-959B-7651FA00A40A.jpeg","articleSection":["Noticias"],"inLanguage":"es","potentialAction":[{"@type":"CommentAction","name":"Comment","target":["https:\/\/quehacerpolitico.mx\/?p=58206#respond"]}]},{"@type":"WebPage","@id":"https:\/\/quehacerpolitico.mx\/?p=58206","url":"https:\/\/quehacerpolitico.mx\/?p=58206","name":"L\u00ednea Roja\/\/\/Jacqueline Morgado\/\/\/\u201cPlan de reapertura marca una ruta ordenada\u201d: Del Mazo -","isPartOf":{"@id":"https:\/\/quehacerpolitico.mx\/#website"},"primaryImageOfPage":{"@id":"https:\/\/quehacerpolitico.mx\/?p=58206#primaryimage"},"image":{"@id":"https:\/\/quehacerpolitico.mx\/?p=58206#primaryimage"},"thumbnailUrl":"https:\/\/quehacerpolitico.mx\/wp-content\/uploads\/2020\/05\/9CCECA24-83E0-47FB-959B-7651FA00A40A.jpeg","datePublished":"2020-05-13T17:18:05+00:00","author":{"@id":"https:\/\/quehacerpolitico.mx\/#\/schema\/person\/496d8ad2d1d3f8036101dca7ee39e585"},"breadcrumb":{"@id":"https:\/\/quehacerpolitico.mx\/?p=58206#breadcrumb"},"inLanguage":"es","potentialAction":[{"@type":"ReadAction","target":["https:\/\/quehacerpolitico.mx\/?p=58206"]}]},{"@type":"ImageObject","inLanguage":"es","@id":"https:\/\/quehacerpolitico.mx\/?p=58206#primaryimage","url":"https:\/\/quehacerpolitico.mx\/wp-content\/uploads\/2020\/05\/9CCECA24-83E0-47FB-959B-7651FA00A40A.jpeg","contentUrl":"https:\/\/quehacerpolitico.mx\/wp-content\/uploads\/2020\/05\/9CCECA24-83E0-47FB-959B-7651FA00A40A.jpeg","width":1276,"height":956},{"@type":"BreadcrumbList","@id":"https:\/\/quehacerpolitico.mx\/?p=58206#breadcrumb","itemListElement":[{"@type":"ListItem","position":1,"name":"Inicio","item":"https:\/\/quehacerpolitico.mx\/"},{"@type":"ListItem","position":2,"name":"L\u00ednea Roja\/\/\/Jacqueline Morgado\/\/\/\u201cPlan de reapertura marca una ruta ordenada\u201d: Del Mazo"}]},{"@type":"WebSite","@id":"https:\/\/quehacerpolitico.mx\/#website","url":"https:\/\/quehacerpolitico.mx\/","name":"","description":"","potentialAction":[{"@type":"SearchAction","target":{"@type":"EntryPoint","urlTemplate":"https:\/\/quehacerpolitico.mx\/?s={search_term_string}"},"query-input":{"@type":"PropertyValueSpecification","valueRequired":true,"valueName":"search_term_string"}}],"inLanguage":"es"},{"@type":"Person","@id":"https:\/\/quehacerpolitico.mx\/#\/schema\/person\/496d8ad2d1d3f8036101dca7ee39e585","name":"Redacci\u00f3n QP","image":{"@type":"ImageObject","inLanguage":"es","@id":"https:\/\/secure.gravatar.com\/avatar\/c7164ed6fdec453195284ad24a5ae5b6e1eed2b848477fa2a4787ba9adf39a41?s=96&d=mm&r=g","url":"https:\/\/secure.gravatar.com\/avatar\/c7164ed6fdec453195284ad24a5ae5b6e1eed2b848477fa2a4787ba9adf39a41?s=96&d=mm&r=g","contentUrl":"https:\/\/secure.gravatar.com\/avatar\/c7164ed6fdec453195284ad24a5ae5b6e1eed2b848477fa2a4787ba9adf39a41?s=96&d=mm&r=g","caption":"Redacci\u00f3n QP"},"url":"https:\/\/quehacerpolitico.mx\/?author=2"}]}},"featured_image_urls":{"full":["https:\/\/quehacerpolitico.mx\/wp-content\/uploads\/2020\/05\/9CCECA24-83E0-47FB-959B-7651FA00A40A.jpeg",1276,956,false],"thumbnail":["https:\/\/quehacerpolitico.mx\/wp-content\/uploads\/2020\/05\/9CCECA24-83E0-47FB-959B-7651FA00A40A-150x150.jpeg",150,150,true],"medium":["https:\/\/quehacerpolitico.mx\/wp-content\/uploads\/2020\/05\/9CCECA24-83E0-47FB-959B-7651FA00A40A-300x225.jpeg",300,225,true],"medium_large":["https:\/\/quehacerpolitico.mx\/wp-content\/uploads\/2020\/05\/9CCECA24-83E0-47FB-959B-7651FA00A40A-768x575.jpeg",640,479,true],"large":["https:\/\/quehacerpolitico.mx\/wp-content\/uploads\/2020\/05\/9CCECA24-83E0-47FB-959B-7651FA00A40A-1024x767.jpeg",640,479,true],"1536x1536":["https:\/\/quehacerpolitico.mx\/wp-content\/uploads\/2020\/05\/9CCECA24-83E0-47FB-959B-7651FA00A40A.jpeg",1276,956,false],"2048x2048":["https:\/\/quehacerpolitico.mx\/wp-content\/uploads\/2020\/05\/9CCECA24-83E0-47FB-959B-7651FA00A40A.jpeg",1276,956,false],"covernews-featured":["https:\/\/quehacerpolitico.mx\/wp-content\/uploads\/2020\/05\/9CCECA24-83E0-47FB-959B-7651FA00A40A.jpeg",1024,767,false],"covernews-medium":["https:\/\/quehacerpolitico.mx\/wp-content\/uploads\/2020\/05\/9CCECA24-83E0-47FB-959B-7651FA00A40A.jpeg",454,340,false]},"author_info":{"display_name":"Redacci\u00f3n QP","author_link":"https:\/\/quehacerpolitico.mx\/?author=2"},"category_info":"<a href=\"https:\/\/quehacerpolitico.mx\/?cat=2\" rel=\"category\">Noticias<\/a>","tag_info":"Noticias","comment_count":"0","_links":{"self":[{"href":"https:\/\/quehacerpolitico.mx\/index.php?rest_route=\/wp\/v2\/posts\/58206","targetHints":{"allow":["GET"]}}],"collection":[{"href":"https:\/\/quehacerpolitico.mx\/index.php?rest_route=\/wp\/v2\/posts"}],"about":[{"href":"https:\/\/quehacerpolitico.mx\/index.php?rest_route=\/wp\/v2\/types\/post"}],"author":[{"embeddable":true,"href":"https:\/\/quehacerpolitico.mx\/index.php?rest_route=\/wp\/v2\/users\/2"}],"replies":[{"embeddable":true,"href":"https:\/\/quehacerpolitico.mx\/index.php?rest_route=%2Fwp%2Fv2%2Fcomments&post=58206"}],"version-history":[{"count":0,"href":"https:\/\/quehacerpolitico.mx\/index.php?rest_route=\/wp\/v2\/posts\/58206\/revisions"}],"wp:featuredmedia":[{"embeddable":true,"href":"https:\/\/quehacerpolitico.mx\/index.php?rest_route=\/wp\/v2\/media\/58207"}],"wp:attachment":[{"href":"https:\/\/quehacerpolitico.mx\/index.php?rest_route=%2Fwp%2Fv2%2Fmedia&parent=58206"}],"wp:term":[{"taxonomy":"category","embeddable":true,"href":"https:\/\/quehacerpolitico.mx\/index.php?rest_route=%2Fwp%2Fv2%2Fcategories&post=58206"},{"taxonomy":"post_tag","embeddable":true,"href":"https:\/\/quehacerpolitico.mx\/index.php?rest_route=%2Fwp%2Fv2%2Ftags&post=58206"}],"curies":[{"name":"wp","href":"https:\/\/api.w.org\/{rel}","templated":true}]}}