{"id":5753,"date":"2018-09-28T16:09:52","date_gmt":"2018-09-28T16:09:52","guid":{"rendered":"http:\/\/quehacerpolitico.mx\/el-ex-secretario-adjunto-del-pri-acusado-de-corrupto-alejandro-gutierrez-ya-esta-en-casa-libre\/"},"modified":"2018-09-28T16:09:52","modified_gmt":"2018-09-28T16:09:52","slug":"el-ex-secretario-adjunto-del-pri-acusado-de-corrupto-alejandro-gutierrez-ya-esta-en-casa-libre","status":"publish","type":"post","link":"https:\/\/quehacerpolitico.mx\/?p=5753","title":{"rendered":"El ex secretario adjunto del PRI acusado de corrupto, Alejandro Guti\u00e9rrez, ya est\u00e1 en casa, libre"},"content":{"rendered":"<h3>El abogado del ex priista Alejandro Guti\u00e9rrez afirma que con la decisi\u00f3n del Tercer Tribunal Unitario Penal de la Ciudad de M\u00e9xico se confirma la supuesta inocencia del pol\u00edtico. \u201cEsta resoluci\u00f3n confirma que cualquier recurso o chicana legal interpuesta por el Gobierno de Chihuahua no prosperar\u00e1, por lo que una vez exonerado deben ponerlo en inmediata libertad\u201d, asegur\u00f3.<\/h3>\n<p>Despu\u00e9s de nueve meses,\u00a0<span class=\"s2\"><b>Alejandro Guti\u00e9rrez Guti\u00e9rrez,<\/b> ex secretario general adjunto del Partido Revolucionario Institucional (PRI) acusado del presunto desv\u00edo de 250 millones de pesos a su partido, sali\u00f3 del\u00a0Cereso Estatal de Aquiles Serd\u00e1n, en Chihuahua, la madrugada de este viernes.<\/span><\/p>\n<p><strong>Guti\u00e9rrez<\/strong> es parte del equipo pol\u00edtico de Manlio Fabio Beltrones y su crecimiento dentro del partido se lo debe a \u00e9l. El Gobierno de Javier Corral Jurado afirma que el esquema utilizado en Chihuahua pudo servir al priista para desviar dinero de otras entidades de la Rep\u00fablica.<\/p>\n<p>El ex secretario general adjunto del Comit\u00e9 Ejecutivo Nacional del PRI abandon\u00f3 el penal en donde estuvo preso por el presunto desv\u00edo de 250 millones de pesos a trav\u00e9s de una triangulaci\u00f3n desde la Secretar\u00eda de Hacienda hacia la Administraci\u00f3n del ex Gobernador <strong>C\u00e9sar Duarte<\/strong> y posteriormente hacia las campa\u00f1as del tricolor en 2016.<\/p>\n<blockquote>\n<p>El Fiscal General de Chihuahua, C\u00e9sar Augusto Peniche, dijo que de conformidad con la resoluci\u00f3n legal fue puesto en libertad y quedar\u00e1 sujeto a la medida cautelar de arraigo con el dispositivo legal del brazalete y con la restricci\u00f3n legal de no salir del estado de Chihuahua.<\/p>\n<\/blockquote>\n<p>En entrevista con Ciro G\u00f3mez Leyva para <em>Grupo F\u00f3rmula<\/em>,\u00a0<span class=\"s1\">Antonio Collado Mocelo, abogado de <strong>Guti\u00e9rrez Guti\u00e9rrez<\/strong>, confirm\u00f3 que su cliente abandon\u00f3 la prisi\u00f3n alrededor de las 4:00 horas y que en estos momentos se encuentra en un <strong>domicilio<\/strong> particular de la entidad, en compa\u00f1\u00eda de su familia, y con una tobillera electr\u00f3nica de geolocalizaci\u00f3n, pues a\u00fan debe cumplir\u00a0<\/span>con una medida cautelar por otro proceso judicial y no puede salir de Chihuahua.<\/p>\n<blockquote>\n<p>\u201cBuscamos hacer frente contra el Gobierno de Chihuahua, buscaremos un juicio contra da\u00f1os a la moral por un abuso de autoridad\u201d, inform\u00f3 la defensa del priista.<\/p>\n<blockquote>\n<p><span class=\"s1\">\u201cEl Gobierno de Corral lo ha tenido como u<\/span>n trofeo pol\u00edtico\u201d, asegur\u00f3 su abogado. Ya est\u00e1 en su <strong>domicilio<\/strong> en la Ciudad de Chihuahua, donde cumple prisi\u00f3n domiciliaria.<\/p>\n<\/blockquote>\n<p>Por su parte, el <strong>Gobernador de Chihuahua<\/strong>, <strong>Javier Corral<\/strong>, calific\u00f3\u00a0la liberaci\u00f3n de\u00a0<span class=\"s2\">Guti\u00e9rrez Guti\u00e9rrez como \u201cla sucesi\u00f3n de una serie de hechos de una abierta componenda entre jueces, Ministerio P\u00fablico Federal, la Procuradur\u00eda General de la Rep\u00fablica (PGR), para tratar de exonerar a los acusados de actos de corrupci\u00f3n\u201d,\u00a0 dijo\u00a0el mandatario en entrevista con Carmen Aristegui para <em>Aristegui Noticias.\u00a0<\/em><\/span><\/p>\n<blockquote>\n<p class=\"p1\"><span class=\"s1\">\u201cEstamos ante el final c\u00ednico del cierre de un gobierno corrupto y corruptor caracterizado por los m\u00e1ximos niveles de <\/span><span class=\"s2\">componenda<\/span><span class=\"s3\"> en el encubrimiento de corruptos en la simulaci\u00f3n de procesos, en investigaciones realizadas modo para generar procesos abreviados con sanciones minina, multas rid\u00edculas, y una recuperaci\u00f3n de activos pr\u00e1cticamente vergonzosa en t\u00e9rminos de lo que saquearon a nuestro pueblo estos pillos\u201d, opin\u00f3 el Gobernador<\/span><span class=\"s3\">.\u00a0\u00a0<\/span><\/p>\n<\/blockquote>\n<p><span class=\"s1\">Ayer, un tribunal federal rechaz\u00f3 el recurso de apelaci\u00f3n con el cual el Gobierno de Chihuahua buscaba revertir la acusaci\u00f3n que exonera por falta de pruebas a <\/span><span class=\"s2\"><b>Alejandro Guti\u00e9rrez Guti\u00e9rrez,<\/b> ex secretario general del Partido Revolucionario Institucional (PRI),<span class=\"Apple-converted-space\">\u00a0 <\/span>por el desv\u00edo de 250 millones de pesos a su partido, afirmaci\u00f3n que hizo la <\/span><span class=\"s1\">Procuradur\u00eda General de la Rep\u00fablica (PGR).<\/span><\/p>\n<blockquote>\n<p><span class=\"s1\">El Tercer Tribunal Unitario Penal en la Ciudad de M\u00e9xico desech\u00f3 la apelaci\u00f3n promovida por la Consejer\u00eda Jur\u00eddica del Gobierno chihuahuense con el argumento de que \u00e9sta \u201cno tiene el car\u00e1cter de parte, por lo que no est\u00e1 legitimada para interponer el medio de impugnaci\u00f3n en el asunto\u201d, inform\u00f3 en en un comunicado el abogado de Guti\u00e9rrez Guti\u00e9rrez, Antonio Collado Mocelo.<\/span><\/p>\n<\/blockquote>\n<p>La apelaci\u00f3n fue presentada por el Gobierno de Chihuahua luego de que el pasado 31 de agosto un Juzgado Federal desech\u00f3 el proceso por peculado en contra de Alejandro Guti\u00e9rrez, investigado por el presunto desv\u00edo de 250 millones de pesos del dinero estatal para financiar campa\u00f1as electoral de candidatos pri\u00edstas durante el mandato del ex gobernador C\u00e9sar Duarte. De acuerdo con el jurista Collado , el tribunal calific\u00f3 la apelaci\u00f3n 24\/2018 de \u201cnotoriamente improcedente\u201d.<\/p>\n<p>\u00a0\u201cEsta resoluci\u00f3n confirma que cualquier recurso o chicana legal interpuesta por el Gobierno de Chihuahua no prosperar\u00e1, por lo que una vez exonerado deben ponerlo en inmediata libertad. Esto significa que el Poder Judicial de la Federaci\u00f3n confirm\u00f3 una vez mas que no hubo elementos suficientes para acreditar la supuesta culpabilidad de Alejandro Guti\u00e9rrez\u201d, afirm\u00f3 en el comunicado Antonio Collado.<\/p>\n<p>La investigaci\u00f3n contra Alejandro Guti\u00e9rrez a\u00fan no concluye. El pasado 22 de septiembre un Juez Federal ratific\u00f3 que el pol\u00edtico deber\u00eda seguir preso en el Cereso Estatal de Aquiles Serd\u00e1n, en Chihuahua, ante el riesgo de fuga, pues a\u00fan contin\u00faa un proceso en su contra en el fuero com\u00edan por un supuesto peculado de 1.7 millones de pesos provenientes de dos contratos asignados a empresas relacionadas con su hijo.<\/p>\n<\/blockquote>\n","protected":false},"excerpt":{"rendered":"<p>El ex secretario adjunto del PRI acusado de corrupto, Alejandro Guti\u00e9rrez, ya est\u00e1 en casa, libre<br \/>\nPor Redacci\u00f3n QP<\/p>\n","protected":false},"author":2,"featured_media":5752,"comment_status":"open","ping_status":"open","sticky":false,"template":"","format":"standard","meta":{"_monsterinsights_skip_tracking":false,"_monsterinsights_sitenote_active":false,"_monsterinsights_sitenote_note":"","_monsterinsights_sitenote_category":0,"footnotes":""},"categories":[2],"tags":[],"class_list":["post-5753","post","type-post","status-publish","format-standard","has-post-thumbnail","hentry","category-noticias"],"yoast_head":"<!-- This site is optimized with the Yoast SEO plugin v27.3 - https:\/\/yoast.com\/product\/yoast-seo-wordpress\/ -->\n<title>El ex secretario adjunto del PRI acusado de corrupto, Alejandro Guti\u00e9rrez, ya est\u00e1 en casa, libre -<\/title>\n<meta name=\"robots\" content=\"index, follow, max-snippet:-1, max-image-preview:large, max-video-preview:-1\" \/>\n<link rel=\"canonical\" href=\"https:\/\/quehacerpolitico.mx\/?p=5753\" \/>\n<meta property=\"og:locale\" content=\"es_MX\" \/>\n<meta property=\"og:type\" content=\"article\" \/>\n<meta property=\"og:title\" content=\"El ex secretario adjunto del PRI acusado de corrupto, Alejandro Guti\u00e9rrez, ya est\u00e1 en casa, libre -\" \/>\n<meta property=\"og:description\" content=\"El ex secretario adjunto del PRI acusado de corrupto, Alejandro Guti\u00e9rrez, ya est\u00e1 en casa, libre Por Redacci\u00f3n QP\" \/>\n<meta property=\"og:url\" content=\"https:\/\/quehacerpolitico.mx\/?p=5753\" \/>\n<meta property=\"article:published_time\" content=\"2018-09-28T16:09:52+00:00\" \/>\n<meta name=\"author\" content=\"Redacci\u00f3n QP\" \/>\n<meta name=\"twitter:card\" content=\"summary_large_image\" \/>\n<meta name=\"twitter:label1\" content=\"Escrito por\" \/>\n\t<meta name=\"twitter:data1\" content=\"Redacci\u00f3n QP\" \/>\n\t<meta name=\"twitter:label2\" content=\"Tiempo de lectura\" \/>\n\t<meta name=\"twitter:data2\" content=\"4 minutos\" \/>\n<script type=\"application\/ld+json\" class=\"yoast-schema-graph\">{\"@context\":\"https:\\\/\\\/schema.org\",\"@graph\":[{\"@type\":\"Article\",\"@id\":\"https:\\\/\\\/quehacerpolitico.mx\\\/?p=5753#article\",\"isPartOf\":{\"@id\":\"https:\\\/\\\/quehacerpolitico.mx\\\/?p=5753\"},\"author\":{\"name\":\"Redacci\u00f3n QP\",\"@id\":\"https:\\\/\\\/quehacerpolitico.mx\\\/#\\\/schema\\\/person\\\/496d8ad2d1d3f8036101dca7ee39e585\"},\"headline\":\"El ex secretario adjunto del PRI acusado de corrupto, Alejandro Guti\u00e9rrez, ya est\u00e1 en casa, libre\",\"datePublished\":\"2018-09-28T16:09:52+00:00\",\"mainEntityOfPage\":{\"@id\":\"https:\\\/\\\/quehacerpolitico.mx\\\/?p=5753\"},\"wordCount\":913,\"commentCount\":0,\"image\":{\"@id\":\"https:\\\/\\\/quehacerpolitico.mx\\\/?p=5753#primaryimage\"},\"thumbnailUrl\":\"\",\"articleSection\":[\"Noticias\"],\"inLanguage\":\"es\",\"potentialAction\":[{\"@type\":\"CommentAction\",\"name\":\"Comment\",\"target\":[\"https:\\\/\\\/quehacerpolitico.mx\\\/?p=5753#respond\"]}]},{\"@type\":\"WebPage\",\"@id\":\"https:\\\/\\\/quehacerpolitico.mx\\\/?p=5753\",\"url\":\"https:\\\/\\\/quehacerpolitico.mx\\\/?p=5753\",\"name\":\"El ex secretario adjunto del PRI acusado de corrupto, Alejandro Guti\u00e9rrez, ya est\u00e1 en casa, libre -\",\"isPartOf\":{\"@id\":\"https:\\\/\\\/quehacerpolitico.mx\\\/#website\"},\"primaryImageOfPage\":{\"@id\":\"https:\\\/\\\/quehacerpolitico.mx\\\/?p=5753#primaryimage\"},\"image\":{\"@id\":\"https:\\\/\\\/quehacerpolitico.mx\\\/?p=5753#primaryimage\"},\"thumbnailUrl\":\"\",\"datePublished\":\"2018-09-28T16:09:52+00:00\",\"author\":{\"@id\":\"https:\\\/\\\/quehacerpolitico.mx\\\/#\\\/schema\\\/person\\\/496d8ad2d1d3f8036101dca7ee39e585\"},\"breadcrumb\":{\"@id\":\"https:\\\/\\\/quehacerpolitico.mx\\\/?p=5753#breadcrumb\"},\"inLanguage\":\"es\",\"potentialAction\":[{\"@type\":\"ReadAction\",\"target\":[\"https:\\\/\\\/quehacerpolitico.mx\\\/?p=5753\"]}]},{\"@type\":\"ImageObject\",\"inLanguage\":\"es\",\"@id\":\"https:\\\/\\\/quehacerpolitico.mx\\\/?p=5753#primaryimage\",\"url\":\"\",\"contentUrl\":\"\"},{\"@type\":\"BreadcrumbList\",\"@id\":\"https:\\\/\\\/quehacerpolitico.mx\\\/?p=5753#breadcrumb\",\"itemListElement\":[{\"@type\":\"ListItem\",\"position\":1,\"name\":\"Inicio\",\"item\":\"https:\\\/\\\/quehacerpolitico.mx\\\/\"},{\"@type\":\"ListItem\",\"position\":2,\"name\":\"El ex secretario adjunto del PRI acusado de corrupto, Alejandro Guti\u00e9rrez, ya est\u00e1 en casa, libre\"}]},{\"@type\":\"WebSite\",\"@id\":\"https:\\\/\\\/quehacerpolitico.mx\\\/#website\",\"url\":\"https:\\\/\\\/quehacerpolitico.mx\\\/\",\"name\":\"\",\"description\":\"\",\"potentialAction\":[{\"@type\":\"SearchAction\",\"target\":{\"@type\":\"EntryPoint\",\"urlTemplate\":\"https:\\\/\\\/quehacerpolitico.mx\\\/?s={search_term_string}\"},\"query-input\":{\"@type\":\"PropertyValueSpecification\",\"valueRequired\":true,\"valueName\":\"search_term_string\"}}],\"inLanguage\":\"es\"},{\"@type\":\"Person\",\"@id\":\"https:\\\/\\\/quehacerpolitico.mx\\\/#\\\/schema\\\/person\\\/496d8ad2d1d3f8036101dca7ee39e585\",\"name\":\"Redacci\u00f3n QP\",\"image\":{\"@type\":\"ImageObject\",\"inLanguage\":\"es\",\"@id\":\"https:\\\/\\\/secure.gravatar.com\\\/avatar\\\/c7164ed6fdec453195284ad24a5ae5b6e1eed2b848477fa2a4787ba9adf39a41?s=96&d=mm&r=g\",\"url\":\"https:\\\/\\\/secure.gravatar.com\\\/avatar\\\/c7164ed6fdec453195284ad24a5ae5b6e1eed2b848477fa2a4787ba9adf39a41?s=96&d=mm&r=g\",\"contentUrl\":\"https:\\\/\\\/secure.gravatar.com\\\/avatar\\\/c7164ed6fdec453195284ad24a5ae5b6e1eed2b848477fa2a4787ba9adf39a41?s=96&d=mm&r=g\",\"caption\":\"Redacci\u00f3n QP\"},\"url\":\"https:\\\/\\\/quehacerpolitico.mx\\\/?author=2\"}]}<\/script>\n<!-- \/ Yoast SEO plugin. -->","yoast_head_json":{"title":"El ex secretario adjunto del PRI acusado de corrupto, Alejandro Guti\u00e9rrez, ya est\u00e1 en casa, libre -","robots":{"index":"index","follow":"follow","max-snippet":"max-snippet:-1","max-image-preview":"max-image-preview:large","max-video-preview":"max-video-preview:-1"},"canonical":"https:\/\/quehacerpolitico.mx\/?p=5753","og_locale":"es_MX","og_type":"article","og_title":"El ex secretario adjunto del PRI acusado de corrupto, Alejandro Guti\u00e9rrez, ya est\u00e1 en casa, libre -","og_description":"El ex secretario adjunto del PRI acusado de corrupto, Alejandro Guti\u00e9rrez, ya est\u00e1 en casa, libre Por Redacci\u00f3n QP","og_url":"https:\/\/quehacerpolitico.mx\/?p=5753","article_published_time":"2018-09-28T16:09:52+00:00","author":"Redacci\u00f3n QP","twitter_card":"summary_large_image","twitter_misc":{"Escrito por":"Redacci\u00f3n QP","Tiempo de lectura":"4 minutos"},"schema":{"@context":"https:\/\/schema.org","@graph":[{"@type":"Article","@id":"https:\/\/quehacerpolitico.mx\/?p=5753#article","isPartOf":{"@id":"https:\/\/quehacerpolitico.mx\/?p=5753"},"author":{"name":"Redacci\u00f3n QP","@id":"https:\/\/quehacerpolitico.mx\/#\/schema\/person\/496d8ad2d1d3f8036101dca7ee39e585"},"headline":"El ex secretario adjunto del PRI acusado de corrupto, Alejandro Guti\u00e9rrez, ya est\u00e1 en casa, libre","datePublished":"2018-09-28T16:09:52+00:00","mainEntityOfPage":{"@id":"https:\/\/quehacerpolitico.mx\/?p=5753"},"wordCount":913,"commentCount":0,"image":{"@id":"https:\/\/quehacerpolitico.mx\/?p=5753#primaryimage"},"thumbnailUrl":"","articleSection":["Noticias"],"inLanguage":"es","potentialAction":[{"@type":"CommentAction","name":"Comment","target":["https:\/\/quehacerpolitico.mx\/?p=5753#respond"]}]},{"@type":"WebPage","@id":"https:\/\/quehacerpolitico.mx\/?p=5753","url":"https:\/\/quehacerpolitico.mx\/?p=5753","name":"El ex secretario adjunto del PRI acusado de corrupto, Alejandro Guti\u00e9rrez, ya est\u00e1 en casa, libre -","isPartOf":{"@id":"https:\/\/quehacerpolitico.mx\/#website"},"primaryImageOfPage":{"@id":"https:\/\/quehacerpolitico.mx\/?p=5753#primaryimage"},"image":{"@id":"https:\/\/quehacerpolitico.mx\/?p=5753#primaryimage"},"thumbnailUrl":"","datePublished":"2018-09-28T16:09:52+00:00","author":{"@id":"https:\/\/quehacerpolitico.mx\/#\/schema\/person\/496d8ad2d1d3f8036101dca7ee39e585"},"breadcrumb":{"@id":"https:\/\/quehacerpolitico.mx\/?p=5753#breadcrumb"},"inLanguage":"es","potentialAction":[{"@type":"ReadAction","target":["https:\/\/quehacerpolitico.mx\/?p=5753"]}]},{"@type":"ImageObject","inLanguage":"es","@id":"https:\/\/quehacerpolitico.mx\/?p=5753#primaryimage","url":"","contentUrl":""},{"@type":"BreadcrumbList","@id":"https:\/\/quehacerpolitico.mx\/?p=5753#breadcrumb","itemListElement":[{"@type":"ListItem","position":1,"name":"Inicio","item":"https:\/\/quehacerpolitico.mx\/"},{"@type":"ListItem","position":2,"name":"El ex secretario adjunto del PRI acusado de corrupto, Alejandro Guti\u00e9rrez, ya est\u00e1 en casa, libre"}]},{"@type":"WebSite","@id":"https:\/\/quehacerpolitico.mx\/#website","url":"https:\/\/quehacerpolitico.mx\/","name":"","description":"","potentialAction":[{"@type":"SearchAction","target":{"@type":"EntryPoint","urlTemplate":"https:\/\/quehacerpolitico.mx\/?s={search_term_string}"},"query-input":{"@type":"PropertyValueSpecification","valueRequired":true,"valueName":"search_term_string"}}],"inLanguage":"es"},{"@type":"Person","@id":"https:\/\/quehacerpolitico.mx\/#\/schema\/person\/496d8ad2d1d3f8036101dca7ee39e585","name":"Redacci\u00f3n QP","image":{"@type":"ImageObject","inLanguage":"es","@id":"https:\/\/secure.gravatar.com\/avatar\/c7164ed6fdec453195284ad24a5ae5b6e1eed2b848477fa2a4787ba9adf39a41?s=96&d=mm&r=g","url":"https:\/\/secure.gravatar.com\/avatar\/c7164ed6fdec453195284ad24a5ae5b6e1eed2b848477fa2a4787ba9adf39a41?s=96&d=mm&r=g","contentUrl":"https:\/\/secure.gravatar.com\/avatar\/c7164ed6fdec453195284ad24a5ae5b6e1eed2b848477fa2a4787ba9adf39a41?s=96&d=mm&r=g","caption":"Redacci\u00f3n QP"},"url":"https:\/\/quehacerpolitico.mx\/?author=2"}]}},"featured_image_urls":{"full":"","thumbnail":"","medium":"","medium_large":"","large":"","1536x1536":"","2048x2048":"","covernews-featured":"","covernews-medium":""},"author_info":{"display_name":"Redacci\u00f3n QP","author_link":"https:\/\/quehacerpolitico.mx\/?author=2"},"category_info":"<a href=\"https:\/\/quehacerpolitico.mx\/?cat=2\" rel=\"category\">Noticias<\/a>","tag_info":"Noticias","comment_count":"0","_links":{"self":[{"href":"https:\/\/quehacerpolitico.mx\/index.php?rest_route=\/wp\/v2\/posts\/5753","targetHints":{"allow":["GET"]}}],"collection":[{"href":"https:\/\/quehacerpolitico.mx\/index.php?rest_route=\/wp\/v2\/posts"}],"about":[{"href":"https:\/\/quehacerpolitico.mx\/index.php?rest_route=\/wp\/v2\/types\/post"}],"author":[{"embeddable":true,"href":"https:\/\/quehacerpolitico.mx\/index.php?rest_route=\/wp\/v2\/users\/2"}],"replies":[{"embeddable":true,"href":"https:\/\/quehacerpolitico.mx\/index.php?rest_route=%2Fwp%2Fv2%2Fcomments&post=5753"}],"version-history":[{"count":0,"href":"https:\/\/quehacerpolitico.mx\/index.php?rest_route=\/wp\/v2\/posts\/5753\/revisions"}],"wp:featuredmedia":[{"embeddable":true,"href":"https:\/\/quehacerpolitico.mx\/index.php?rest_route=\/"}],"wp:attachment":[{"href":"https:\/\/quehacerpolitico.mx\/index.php?rest_route=%2Fwp%2Fv2%2Fmedia&parent=5753"}],"wp:term":[{"taxonomy":"category","embeddable":true,"href":"https:\/\/quehacerpolitico.mx\/index.php?rest_route=%2Fwp%2Fv2%2Fcategories&post=5753"},{"taxonomy":"post_tag","embeddable":true,"href":"https:\/\/quehacerpolitico.mx\/index.php?rest_route=%2Fwp%2Fv2%2Ftags&post=5753"}],"curies":[{"name":"wp","href":"https:\/\/api.w.org\/{rel}","templated":true}]}}