{"id":5749,"date":"2018-09-28T15:54:27","date_gmt":"2018-09-28T15:54:27","guid":{"rendered":"http:\/\/quehacerpolitico.mx\/quien-es-sergio-mayer-y-por-que-presidira-comision-de-cultura\/"},"modified":"2018-09-28T15:54:27","modified_gmt":"2018-09-28T15:54:27","slug":"quien-es-sergio-mayer-y-por-que-presidira-comision-de-cultura","status":"publish","type":"post","link":"https:\/\/quehacerpolitico.mx\/?p=5749","title":{"rendered":"\u00bfQui\u00e9n es Sergio Mayer y por qu\u00e9 presidir\u00e1 Comisi\u00f3n de Cultura?"},"content":{"rendered":"<p>El legislador y actor Sergio Mayer Bret\u00f3n fue designado para la Comisi\u00f3n de Cultura y Cinematograf\u00eda de la C\u00e1mara de Diputados luego de una pol\u00e9mica porque se hab\u00eda asignado, y despu\u00e9s retirado, este \u00f3rgano al Partido Encuentro Social (PES).<\/p>\n<p>El actor, productor y diputado Mayer Bret\u00f3n naci\u00f3 el 21 de mayo de 1966 en la Ciudad de M\u00e9xico. Inici\u00f3 su carrera en el mundo de los espect\u00e1culos en Garibaldi, grupo musical formado a finales de los 80 y que se hizo famoso por temas como \u201cBanana\u201d, \u201cLa ventanita\u201d y \u201cDame un beso\u201d.<\/p>\n<p>Es conocido por su trabajo en \u201cEl edificio\u201d (2003), \u201cB\u00fasqueda implacable\u201d (1998) y \u201cVecinos\u201d (2005), de acuerdo con IMDB. Sergio Mayer tambi\u00e9n particip\u00f3 en el espect\u00e1culo \u201cS\u00f3lo para mujeres\u201d, show que ahora ha impulsado junto a Alexis Ayala en su etapa como productor. A principios de a\u00f1o fue cuando se dio a conocer su inter\u00e9s por incursionar en la pol\u00edtica pues \u201cantes que la actuaci\u00f3n estaba su deber c\u00edvico y amor por M\u00e9xico\u201d, raz\u00f3n por la que se postul\u00f3 para una diputaci\u00f3n federal por Morena.<\/p>\n<p>Mayer acept\u00f3 el cargo a trav\u00e9s de un tweet, destacando tres errores ortogr\u00e1ficos: \u201cRegresan las comiciones de Cultura y Cinematograf\u00eda y Salud a #MorenaDiputados. La voz del gremio Cultural se inpone. Con gusto aceptar\u00eda la invitaci\u00f3n a precidirlas\u201d, m\u00e1s tarde borr\u00f3 dicho tweet.\u00a0<\/p>\n","protected":false},"excerpt":{"rendered":"<p>El cantante y actor acept\u00f3 el cargo a trav\u00e9s de un tweet que llam\u00f3 la atenci\u00f3n por contener tres errores ortogr\u00e1ficos<br \/>\nPor Redacci\u00f3n QP<\/p>\n","protected":false},"author":2,"featured_media":5748,"comment_status":"open","ping_status":"open","sticky":false,"template":"","format":"standard","meta":{"_monsterinsights_skip_tracking":false,"_monsterinsights_sitenote_active":false,"_monsterinsights_sitenote_note":"","_monsterinsights_sitenote_category":0,"footnotes":""},"categories":[58],"tags":[],"class_list":["post-5749","post","type-post","status-publish","format-standard","has-post-thumbnail","hentry","category-cultura"],"yoast_head":"<!-- This site is optimized with the Yoast SEO plugin v27.3 - https:\/\/yoast.com\/product\/yoast-seo-wordpress\/ -->\n<title>\u00bfQui\u00e9n es Sergio Mayer y por qu\u00e9 presidir\u00e1 Comisi\u00f3n de Cultura? -<\/title>\n<meta name=\"robots\" content=\"index, follow, max-snippet:-1, max-image-preview:large, max-video-preview:-1\" \/>\n<link rel=\"canonical\" href=\"https:\/\/quehacerpolitico.mx\/?p=5749\" \/>\n<meta property=\"og:locale\" content=\"es_MX\" \/>\n<meta property=\"og:type\" content=\"article\" \/>\n<meta property=\"og:title\" content=\"\u00bfQui\u00e9n es Sergio Mayer y por qu\u00e9 presidir\u00e1 Comisi\u00f3n de Cultura? -\" \/>\n<meta property=\"og:description\" content=\"El cantante y actor acept\u00f3 el cargo a trav\u00e9s de un tweet que llam\u00f3 la atenci\u00f3n por contener tres errores ortogr\u00e1ficos Por Redacci\u00f3n QP\" \/>\n<meta property=\"og:url\" content=\"https:\/\/quehacerpolitico.mx\/?p=5749\" \/>\n<meta property=\"article:published_time\" content=\"2018-09-28T15:54:27+00:00\" \/>\n<meta name=\"author\" content=\"Redacci\u00f3n QP\" \/>\n<meta name=\"twitter:card\" content=\"summary_large_image\" \/>\n<meta name=\"twitter:label1\" content=\"Escrito por\" \/>\n\t<meta name=\"twitter:data1\" content=\"Redacci\u00f3n QP\" \/>\n\t<meta name=\"twitter:label2\" content=\"Tiempo de lectura\" \/>\n\t<meta name=\"twitter:data2\" content=\"1 minuto\" \/>\n<script type=\"application\/ld+json\" class=\"yoast-schema-graph\">{\"@context\":\"https:\\\/\\\/schema.org\",\"@graph\":[{\"@type\":\"Article\",\"@id\":\"https:\\\/\\\/quehacerpolitico.mx\\\/?p=5749#article\",\"isPartOf\":{\"@id\":\"https:\\\/\\\/quehacerpolitico.mx\\\/?p=5749\"},\"author\":{\"name\":\"Redacci\u00f3n QP\",\"@id\":\"https:\\\/\\\/quehacerpolitico.mx\\\/#\\\/schema\\\/person\\\/496d8ad2d1d3f8036101dca7ee39e585\"},\"headline\":\"\u00bfQui\u00e9n es Sergio Mayer y por qu\u00e9 presidir\u00e1 Comisi\u00f3n de Cultura?\",\"datePublished\":\"2018-09-28T15:54:27+00:00\",\"mainEntityOfPage\":{\"@id\":\"https:\\\/\\\/quehacerpolitico.mx\\\/?p=5749\"},\"wordCount\":255,\"commentCount\":0,\"image\":{\"@id\":\"https:\\\/\\\/quehacerpolitico.mx\\\/?p=5749#primaryimage\"},\"thumbnailUrl\":\"\",\"articleSection\":[\"Cultura y Entretenimiento\"],\"inLanguage\":\"es\",\"potentialAction\":[{\"@type\":\"CommentAction\",\"name\":\"Comment\",\"target\":[\"https:\\\/\\\/quehacerpolitico.mx\\\/?p=5749#respond\"]}]},{\"@type\":\"WebPage\",\"@id\":\"https:\\\/\\\/quehacerpolitico.mx\\\/?p=5749\",\"url\":\"https:\\\/\\\/quehacerpolitico.mx\\\/?p=5749\",\"name\":\"\u00bfQui\u00e9n es Sergio Mayer y por qu\u00e9 presidir\u00e1 Comisi\u00f3n de Cultura? -\",\"isPartOf\":{\"@id\":\"https:\\\/\\\/quehacerpolitico.mx\\\/#website\"},\"primaryImageOfPage\":{\"@id\":\"https:\\\/\\\/quehacerpolitico.mx\\\/?p=5749#primaryimage\"},\"image\":{\"@id\":\"https:\\\/\\\/quehacerpolitico.mx\\\/?p=5749#primaryimage\"},\"thumbnailUrl\":\"\",\"datePublished\":\"2018-09-28T15:54:27+00:00\",\"author\":{\"@id\":\"https:\\\/\\\/quehacerpolitico.mx\\\/#\\\/schema\\\/person\\\/496d8ad2d1d3f8036101dca7ee39e585\"},\"breadcrumb\":{\"@id\":\"https:\\\/\\\/quehacerpolitico.mx\\\/?p=5749#breadcrumb\"},\"inLanguage\":\"es\",\"potentialAction\":[{\"@type\":\"ReadAction\",\"target\":[\"https:\\\/\\\/quehacerpolitico.mx\\\/?p=5749\"]}]},{\"@type\":\"ImageObject\",\"inLanguage\":\"es\",\"@id\":\"https:\\\/\\\/quehacerpolitico.mx\\\/?p=5749#primaryimage\",\"url\":\"\",\"contentUrl\":\"\"},{\"@type\":\"BreadcrumbList\",\"@id\":\"https:\\\/\\\/quehacerpolitico.mx\\\/?p=5749#breadcrumb\",\"itemListElement\":[{\"@type\":\"ListItem\",\"position\":1,\"name\":\"Inicio\",\"item\":\"https:\\\/\\\/quehacerpolitico.mx\\\/\"},{\"@type\":\"ListItem\",\"position\":2,\"name\":\"\u00bfQui\u00e9n es Sergio Mayer y por qu\u00e9 presidir\u00e1 Comisi\u00f3n de Cultura?\"}]},{\"@type\":\"WebSite\",\"@id\":\"https:\\\/\\\/quehacerpolitico.mx\\\/#website\",\"url\":\"https:\\\/\\\/quehacerpolitico.mx\\\/\",\"name\":\"\",\"description\":\"\",\"potentialAction\":[{\"@type\":\"SearchAction\",\"target\":{\"@type\":\"EntryPoint\",\"urlTemplate\":\"https:\\\/\\\/quehacerpolitico.mx\\\/?s={search_term_string}\"},\"query-input\":{\"@type\":\"PropertyValueSpecification\",\"valueRequired\":true,\"valueName\":\"search_term_string\"}}],\"inLanguage\":\"es\"},{\"@type\":\"Person\",\"@id\":\"https:\\\/\\\/quehacerpolitico.mx\\\/#\\\/schema\\\/person\\\/496d8ad2d1d3f8036101dca7ee39e585\",\"name\":\"Redacci\u00f3n QP\",\"image\":{\"@type\":\"ImageObject\",\"inLanguage\":\"es\",\"@id\":\"https:\\\/\\\/secure.gravatar.com\\\/avatar\\\/c7164ed6fdec453195284ad24a5ae5b6e1eed2b848477fa2a4787ba9adf39a41?s=96&d=mm&r=g\",\"url\":\"https:\\\/\\\/secure.gravatar.com\\\/avatar\\\/c7164ed6fdec453195284ad24a5ae5b6e1eed2b848477fa2a4787ba9adf39a41?s=96&d=mm&r=g\",\"contentUrl\":\"https:\\\/\\\/secure.gravatar.com\\\/avatar\\\/c7164ed6fdec453195284ad24a5ae5b6e1eed2b848477fa2a4787ba9adf39a41?s=96&d=mm&r=g\",\"caption\":\"Redacci\u00f3n QP\"},\"url\":\"https:\\\/\\\/quehacerpolitico.mx\\\/?author=2\"}]}<\/script>\n<!-- \/ Yoast SEO plugin. -->","yoast_head_json":{"title":"\u00bfQui\u00e9n es Sergio Mayer y por qu\u00e9 presidir\u00e1 Comisi\u00f3n de Cultura? -","robots":{"index":"index","follow":"follow","max-snippet":"max-snippet:-1","max-image-preview":"max-image-preview:large","max-video-preview":"max-video-preview:-1"},"canonical":"https:\/\/quehacerpolitico.mx\/?p=5749","og_locale":"es_MX","og_type":"article","og_title":"\u00bfQui\u00e9n es Sergio Mayer y por qu\u00e9 presidir\u00e1 Comisi\u00f3n de Cultura? -","og_description":"El cantante y actor acept\u00f3 el cargo a trav\u00e9s de un tweet que llam\u00f3 la atenci\u00f3n por contener tres errores ortogr\u00e1ficos Por Redacci\u00f3n QP","og_url":"https:\/\/quehacerpolitico.mx\/?p=5749","article_published_time":"2018-09-28T15:54:27+00:00","author":"Redacci\u00f3n QP","twitter_card":"summary_large_image","twitter_misc":{"Escrito por":"Redacci\u00f3n QP","Tiempo de lectura":"1 minuto"},"schema":{"@context":"https:\/\/schema.org","@graph":[{"@type":"Article","@id":"https:\/\/quehacerpolitico.mx\/?p=5749#article","isPartOf":{"@id":"https:\/\/quehacerpolitico.mx\/?p=5749"},"author":{"name":"Redacci\u00f3n QP","@id":"https:\/\/quehacerpolitico.mx\/#\/schema\/person\/496d8ad2d1d3f8036101dca7ee39e585"},"headline":"\u00bfQui\u00e9n es Sergio Mayer y por qu\u00e9 presidir\u00e1 Comisi\u00f3n de Cultura?","datePublished":"2018-09-28T15:54:27+00:00","mainEntityOfPage":{"@id":"https:\/\/quehacerpolitico.mx\/?p=5749"},"wordCount":255,"commentCount":0,"image":{"@id":"https:\/\/quehacerpolitico.mx\/?p=5749#primaryimage"},"thumbnailUrl":"","articleSection":["Cultura y Entretenimiento"],"inLanguage":"es","potentialAction":[{"@type":"CommentAction","name":"Comment","target":["https:\/\/quehacerpolitico.mx\/?p=5749#respond"]}]},{"@type":"WebPage","@id":"https:\/\/quehacerpolitico.mx\/?p=5749","url":"https:\/\/quehacerpolitico.mx\/?p=5749","name":"\u00bfQui\u00e9n es Sergio Mayer y por qu\u00e9 presidir\u00e1 Comisi\u00f3n de Cultura? -","isPartOf":{"@id":"https:\/\/quehacerpolitico.mx\/#website"},"primaryImageOfPage":{"@id":"https:\/\/quehacerpolitico.mx\/?p=5749#primaryimage"},"image":{"@id":"https:\/\/quehacerpolitico.mx\/?p=5749#primaryimage"},"thumbnailUrl":"","datePublished":"2018-09-28T15:54:27+00:00","author":{"@id":"https:\/\/quehacerpolitico.mx\/#\/schema\/person\/496d8ad2d1d3f8036101dca7ee39e585"},"breadcrumb":{"@id":"https:\/\/quehacerpolitico.mx\/?p=5749#breadcrumb"},"inLanguage":"es","potentialAction":[{"@type":"ReadAction","target":["https:\/\/quehacerpolitico.mx\/?p=5749"]}]},{"@type":"ImageObject","inLanguage":"es","@id":"https:\/\/quehacerpolitico.mx\/?p=5749#primaryimage","url":"","contentUrl":""},{"@type":"BreadcrumbList","@id":"https:\/\/quehacerpolitico.mx\/?p=5749#breadcrumb","itemListElement":[{"@type":"ListItem","position":1,"name":"Inicio","item":"https:\/\/quehacerpolitico.mx\/"},{"@type":"ListItem","position":2,"name":"\u00bfQui\u00e9n es Sergio Mayer y por qu\u00e9 presidir\u00e1 Comisi\u00f3n de Cultura?"}]},{"@type":"WebSite","@id":"https:\/\/quehacerpolitico.mx\/#website","url":"https:\/\/quehacerpolitico.mx\/","name":"","description":"","potentialAction":[{"@type":"SearchAction","target":{"@type":"EntryPoint","urlTemplate":"https:\/\/quehacerpolitico.mx\/?s={search_term_string}"},"query-input":{"@type":"PropertyValueSpecification","valueRequired":true,"valueName":"search_term_string"}}],"inLanguage":"es"},{"@type":"Person","@id":"https:\/\/quehacerpolitico.mx\/#\/schema\/person\/496d8ad2d1d3f8036101dca7ee39e585","name":"Redacci\u00f3n QP","image":{"@type":"ImageObject","inLanguage":"es","@id":"https:\/\/secure.gravatar.com\/avatar\/c7164ed6fdec453195284ad24a5ae5b6e1eed2b848477fa2a4787ba9adf39a41?s=96&d=mm&r=g","url":"https:\/\/secure.gravatar.com\/avatar\/c7164ed6fdec453195284ad24a5ae5b6e1eed2b848477fa2a4787ba9adf39a41?s=96&d=mm&r=g","contentUrl":"https:\/\/secure.gravatar.com\/avatar\/c7164ed6fdec453195284ad24a5ae5b6e1eed2b848477fa2a4787ba9adf39a41?s=96&d=mm&r=g","caption":"Redacci\u00f3n QP"},"url":"https:\/\/quehacerpolitico.mx\/?author=2"}]}},"featured_image_urls":{"full":"","thumbnail":"","medium":"","medium_large":"","large":"","1536x1536":"","2048x2048":"","covernews-featured":"","covernews-medium":""},"author_info":{"display_name":"Redacci\u00f3n QP","author_link":"https:\/\/quehacerpolitico.mx\/?author=2"},"category_info":"<a href=\"https:\/\/quehacerpolitico.mx\/?cat=58\" rel=\"category\">Cultura y Entretenimiento<\/a>","tag_info":"Cultura y Entretenimiento","comment_count":"0","_links":{"self":[{"href":"https:\/\/quehacerpolitico.mx\/index.php?rest_route=\/wp\/v2\/posts\/5749","targetHints":{"allow":["GET"]}}],"collection":[{"href":"https:\/\/quehacerpolitico.mx\/index.php?rest_route=\/wp\/v2\/posts"}],"about":[{"href":"https:\/\/quehacerpolitico.mx\/index.php?rest_route=\/wp\/v2\/types\/post"}],"author":[{"embeddable":true,"href":"https:\/\/quehacerpolitico.mx\/index.php?rest_route=\/wp\/v2\/users\/2"}],"replies":[{"embeddable":true,"href":"https:\/\/quehacerpolitico.mx\/index.php?rest_route=%2Fwp%2Fv2%2Fcomments&post=5749"}],"version-history":[{"count":0,"href":"https:\/\/quehacerpolitico.mx\/index.php?rest_route=\/wp\/v2\/posts\/5749\/revisions"}],"wp:featuredmedia":[{"embeddable":true,"href":"https:\/\/quehacerpolitico.mx\/index.php?rest_route=\/"}],"wp:attachment":[{"href":"https:\/\/quehacerpolitico.mx\/index.php?rest_route=%2Fwp%2Fv2%2Fmedia&parent=5749"}],"wp:term":[{"taxonomy":"category","embeddable":true,"href":"https:\/\/quehacerpolitico.mx\/index.php?rest_route=%2Fwp%2Fv2%2Fcategories&post=5749"},{"taxonomy":"post_tag","embeddable":true,"href":"https:\/\/quehacerpolitico.mx\/index.php?rest_route=%2Fwp%2Fv2%2Ftags&post=5749"}],"curies":[{"name":"wp","href":"https:\/\/api.w.org\/{rel}","templated":true}]}}