{"id":5747,"date":"2018-09-28T15:46:49","date_gmt":"2018-09-28T15:46:49","guid":{"rendered":"http:\/\/quehacerpolitico.mx\/amaury-vergara-comprometido-con-la-aficion-de-chivas\/"},"modified":"2018-09-28T15:46:49","modified_gmt":"2018-09-28T15:46:49","slug":"amaury-vergara-comprometido-con-la-aficion-de-chivas","status":"publish","type":"post","link":"https:\/\/quehacerpolitico.mx\/?p=5747","title":{"rendered":"Amaury Vergara, comprometido con la afici\u00f3n de Chivas"},"content":{"rendered":"<p>Podr\u00e1n decir que su pasi\u00f3n es el cine, que es un bohemio y un rom\u00e1ntico, pero la realidad es que Amaury Vergara est\u00e1 enamorado de las Chivas, sus Chivas, en las cuales decidi\u00f3, en su puesto de vicepresidente, que va primero lo deportivo en beneficio de la instituci\u00f3n y afici\u00f3n, antes que lo econ\u00f3mico.<\/p>\n<p>\u201cLas prioridades inmediatas son otras, la afici\u00f3n expresa que quisiera ver a Chivas en un lugar de equipo grande, pero tenemos que demostrarlo con resultados y eso est\u00e1 primero que cualquier otra cosa\u201d, dijo de entrada el reci\u00e9n nombrado vicepresidente del Grupo Chivas-Omnilife.<\/p>\n<p>Esto es lo que los aficionados han querido escuchar, que se privilegie lo deportivo teniendo planteles competitivos, que ocupen los primeros lugares y est\u00e1 en ese arduo trabajo, con un proyecto que poco a poco ir\u00e1 tomando forma. Para muestra un bot\u00f3n.<\/p>\n<p><strong>Amaury tiene planes para el Reba\u00f1o. Chivas, en su proyecto de consolidaci\u00f3n financiera, tiene como objetivo cotizar en la Bolsa Mexicana de Valores como lo hacen grandes equipos en el mundo.<\/strong>\u00a0&#8221;S\u00ed lo hemos pensado, porque al ser el equipo m\u00e1s grande de M\u00e9xico lo que te da una empresa p\u00fablica es una estructura implacable, un nivel de exigencia muy alto en lo ejecutivo donde todo tiene que estar muy bien medido y adem\u00e1s al ser informaci\u00f3n p\u00fablica, se debe actuar de buena forma. Tenemos esas pr\u00e1cticas en la empresa, as\u00ed que el objetivo de lograr algo as\u00ed resulta un objetivo muy interesante para lo que podr\u00eda resultar para el futbol mexicano en una evoluci\u00f3n, compararnos con equipo de Europa como el Manchester, que es impresionante lo que ha generado&#8221;.<\/p>\n<p><strong>Refuerzo en diciembre<\/strong><\/p>\n<p>El vicepresidente puntualiz\u00f3 que hoy en d\u00eda no tienen pensado que alguien salga del club, a menos que alguien lo pidiera al terminar el actual torneo Apertura 2018, porque no retendr\u00e1n a nadie a la fuerza. En diciembre, al estar las finanzas sanas, Amaury considera que estar\u00e1n en posici\u00f3n de reforzarse, para hacer m\u00e1s fuerte al equipo y con hechos demostrar la idea que traen.<\/p>\n<p>\u201cPor supuesto que puede haber, podemos traer\u00a0a alguien. En los meses que estoy, analizamos qu\u00e9 est\u00e1 pasando con jugadores de los dem\u00e1s equipos, incluso hasta en otros pa\u00edses, porque buscamos qui\u00e9n pueda ser el jugador ideal, no solamente en su calidad deportiva sino tambi\u00e9n en la humana porque estar en Chivas no es f\u00e1cil, hay que reunir elementos para estar aqu\u00ed\u201d.<\/p>\n<h4>Chivas, desde que lleg\u00f3 Amaury (3 de agosto de 2018)<\/h4>\n<ul>\n<li>Apertura 2018<\/li>\n<\/ul>\n<p>Ganados: 4<br \/>Empatados: 2<br \/>Perdidos: 2<br \/>Puntos totales: 14 de 24<\/p>\n<ul>\n<li>Copa MX Apertura 2018<\/li>\n<\/ul>\n<p>Ganados: 3<br \/>Empatados: 1<br \/>Perdidos: 1<br \/>Puntos totales: 10 de 12 y eliminaci\u00f3n en Octavos de Final<\/p>\n<ul>\n<li>Amistosos<\/li>\n<\/ul>\n<p>Am\u00e9rica 1-1 Chivas<\/p>\n<p><strong>Su primera vez<\/strong><\/p>\n<p>Aunque su gesti\u00f3n ya tiene un Cl\u00e1sico Nacional, dicho duelo fue de car\u00e1cter amistoso durante la \u00faltima Fecha FIFA, por lo que el Am\u00e9rica-Chivas de este domingo ser\u00e1 el primer compromiso de esta \u00edndole para Amaury Vergara, desde que asumi\u00f3 su cargo dirigencial en el Guadalajara.\u00a0<\/p>\n<h4>Patrimonio nacional<\/h4>\n<p>Desde que tom\u00f3 el cargo de vicepresidente en Chivas, Amaury Vergara acept\u00f3 la responsabilidad de cambiar la molestia de la afici\u00f3n, las cr\u00edticas volverlas aplausos. Chivas no es una marca, es m\u00e1s que eso y es del pueblo.<\/p>\n<p>&#8221;Para m\u00ed no hay nada m\u00e1s importante que la instituci\u00f3n y la gente. <strong>Chivas no le pertenece a nadie en particular, es algo as\u00ed como un patrimonio nacional. A nosotros nos toca cuidarlo, solidificarlo, hacerlo m\u00e1s grande de lo que \u00a0ya es, con valores.<\/strong> Debemos tener visi\u00f3n para tener los pies bien puestos en la tierra y tomar las mejores decisiones para el club, dentro del equipo&#8221;.<\/p>\n<p>Entiende la importancia de Chivas, la respeta, y con trabajo, buscar\u00e1 ganarse el apoyo de la afici\u00f3n, la cual siempre est\u00e1 ah\u00ed.<\/p>\n<p>&#8221;Chivas nunca va a estar muerto, nunca lo ha estado y no hay nada que pueda tumbar algo como Chivas, ni yo ni nadie, porque Chivas es grande, fuerte como para que alguien le haga alg\u00fan da\u00f1o. S\u00ed estaba desaprovechado, le faltaba potencial para modernizarse, ofrecer una mejor experiencia a sus aficionados y hemos logrado poner en el mapa a Chivas como un club importante en el mundo, gracias a la visi\u00f3n de lo que es Chivas, un cari\u00f1o, el amor a este club para desdoblar \u00a0el crecimiento&#8221;.<\/p>\n<p><iframe loading=\"lazy\" title=\"\u00a1Habl\u00f3 de todo! As\u00ed explica Amaury Vergara la CRISIS de Chivas\" width=\"640\" height=\"360\" src=\"https:\/\/www.youtube.com\/embed\/ROikA0LOX9s?feature=oembed\" frameborder=\"0\" allow=\"accelerometer; autoplay; clipboard-write; encrypted-media; gyroscope; picture-in-picture; web-share\" referrerpolicy=\"strict-origin-when-cross-origin\" allowfullscreen><\/iframe><\/p>\n","protected":false},"excerpt":{"rendered":"<p>El directivo quiere llevar a Chivas a los primeros planos, con una filosof\u00eda que privilegie la cancha<br \/>\nPor Redacci\u00f3n QP<\/p>\n","protected":false},"author":2,"featured_media":5746,"comment_status":"open","ping_status":"open","sticky":false,"template":"","format":"standard","meta":{"_monsterinsights_skip_tracking":false,"_monsterinsights_sitenote_active":false,"_monsterinsights_sitenote_note":"","_monsterinsights_sitenote_category":0,"footnotes":""},"categories":[54],"tags":[],"class_list":["post-5747","post","type-post","status-publish","format-standard","has-post-thumbnail","hentry","category-deportes"],"yoast_head":"<!-- This site is optimized with the Yoast SEO plugin v27.3 - https:\/\/yoast.com\/product\/yoast-seo-wordpress\/ -->\n<title>Amaury Vergara, comprometido con la afici\u00f3n de Chivas -<\/title>\n<meta name=\"robots\" content=\"index, follow, max-snippet:-1, max-image-preview:large, max-video-preview:-1\" \/>\n<link rel=\"canonical\" href=\"https:\/\/quehacerpolitico.mx\/?p=5747\" \/>\n<meta property=\"og:locale\" content=\"es_MX\" \/>\n<meta property=\"og:type\" content=\"article\" \/>\n<meta property=\"og:title\" content=\"Amaury Vergara, comprometido con la afici\u00f3n de Chivas -\" \/>\n<meta property=\"og:description\" content=\"El directivo quiere llevar a Chivas a los primeros planos, con una filosof\u00eda que privilegie la cancha Por Redacci\u00f3n QP\" \/>\n<meta property=\"og:url\" content=\"https:\/\/quehacerpolitico.mx\/?p=5747\" \/>\n<meta property=\"article:published_time\" content=\"2018-09-28T15:46:49+00:00\" \/>\n<meta name=\"author\" content=\"Redacci\u00f3n QP\" \/>\n<meta name=\"twitter:card\" content=\"summary_large_image\" \/>\n<meta name=\"twitter:label1\" content=\"Escrito por\" \/>\n\t<meta name=\"twitter:data1\" content=\"Redacci\u00f3n QP\" \/>\n\t<meta name=\"twitter:label2\" content=\"Tiempo de lectura\" \/>\n\t<meta name=\"twitter:data2\" content=\"4 minutos\" \/>\n<script type=\"application\/ld+json\" class=\"yoast-schema-graph\">{\"@context\":\"https:\\\/\\\/schema.org\",\"@graph\":[{\"@type\":\"Article\",\"@id\":\"https:\\\/\\\/quehacerpolitico.mx\\\/?p=5747#article\",\"isPartOf\":{\"@id\":\"https:\\\/\\\/quehacerpolitico.mx\\\/?p=5747\"},\"author\":{\"name\":\"Redacci\u00f3n QP\",\"@id\":\"https:\\\/\\\/quehacerpolitico.mx\\\/#\\\/schema\\\/person\\\/496d8ad2d1d3f8036101dca7ee39e585\"},\"headline\":\"Amaury Vergara, comprometido con la afici\u00f3n de Chivas\",\"datePublished\":\"2018-09-28T15:46:49+00:00\",\"mainEntityOfPage\":{\"@id\":\"https:\\\/\\\/quehacerpolitico.mx\\\/?p=5747\"},\"wordCount\":761,\"commentCount\":0,\"image\":{\"@id\":\"https:\\\/\\\/quehacerpolitico.mx\\\/?p=5747#primaryimage\"},\"thumbnailUrl\":\"\",\"articleSection\":[\"Deportes\"],\"inLanguage\":\"es\",\"potentialAction\":[{\"@type\":\"CommentAction\",\"name\":\"Comment\",\"target\":[\"https:\\\/\\\/quehacerpolitico.mx\\\/?p=5747#respond\"]}]},{\"@type\":\"WebPage\",\"@id\":\"https:\\\/\\\/quehacerpolitico.mx\\\/?p=5747\",\"url\":\"https:\\\/\\\/quehacerpolitico.mx\\\/?p=5747\",\"name\":\"Amaury Vergara, comprometido con la afici\u00f3n de Chivas -\",\"isPartOf\":{\"@id\":\"https:\\\/\\\/quehacerpolitico.mx\\\/#website\"},\"primaryImageOfPage\":{\"@id\":\"https:\\\/\\\/quehacerpolitico.mx\\\/?p=5747#primaryimage\"},\"image\":{\"@id\":\"https:\\\/\\\/quehacerpolitico.mx\\\/?p=5747#primaryimage\"},\"thumbnailUrl\":\"\",\"datePublished\":\"2018-09-28T15:46:49+00:00\",\"author\":{\"@id\":\"https:\\\/\\\/quehacerpolitico.mx\\\/#\\\/schema\\\/person\\\/496d8ad2d1d3f8036101dca7ee39e585\"},\"breadcrumb\":{\"@id\":\"https:\\\/\\\/quehacerpolitico.mx\\\/?p=5747#breadcrumb\"},\"inLanguage\":\"es\",\"potentialAction\":[{\"@type\":\"ReadAction\",\"target\":[\"https:\\\/\\\/quehacerpolitico.mx\\\/?p=5747\"]}]},{\"@type\":\"ImageObject\",\"inLanguage\":\"es\",\"@id\":\"https:\\\/\\\/quehacerpolitico.mx\\\/?p=5747#primaryimage\",\"url\":\"\",\"contentUrl\":\"\"},{\"@type\":\"BreadcrumbList\",\"@id\":\"https:\\\/\\\/quehacerpolitico.mx\\\/?p=5747#breadcrumb\",\"itemListElement\":[{\"@type\":\"ListItem\",\"position\":1,\"name\":\"Inicio\",\"item\":\"https:\\\/\\\/quehacerpolitico.mx\\\/\"},{\"@type\":\"ListItem\",\"position\":2,\"name\":\"Amaury Vergara, comprometido con la afici\u00f3n de Chivas\"}]},{\"@type\":\"WebSite\",\"@id\":\"https:\\\/\\\/quehacerpolitico.mx\\\/#website\",\"url\":\"https:\\\/\\\/quehacerpolitico.mx\\\/\",\"name\":\"\",\"description\":\"\",\"potentialAction\":[{\"@type\":\"SearchAction\",\"target\":{\"@type\":\"EntryPoint\",\"urlTemplate\":\"https:\\\/\\\/quehacerpolitico.mx\\\/?s={search_term_string}\"},\"query-input\":{\"@type\":\"PropertyValueSpecification\",\"valueRequired\":true,\"valueName\":\"search_term_string\"}}],\"inLanguage\":\"es\"},{\"@type\":\"Person\",\"@id\":\"https:\\\/\\\/quehacerpolitico.mx\\\/#\\\/schema\\\/person\\\/496d8ad2d1d3f8036101dca7ee39e585\",\"name\":\"Redacci\u00f3n QP\",\"image\":{\"@type\":\"ImageObject\",\"inLanguage\":\"es\",\"@id\":\"https:\\\/\\\/secure.gravatar.com\\\/avatar\\\/c7164ed6fdec453195284ad24a5ae5b6e1eed2b848477fa2a4787ba9adf39a41?s=96&d=mm&r=g\",\"url\":\"https:\\\/\\\/secure.gravatar.com\\\/avatar\\\/c7164ed6fdec453195284ad24a5ae5b6e1eed2b848477fa2a4787ba9adf39a41?s=96&d=mm&r=g\",\"contentUrl\":\"https:\\\/\\\/secure.gravatar.com\\\/avatar\\\/c7164ed6fdec453195284ad24a5ae5b6e1eed2b848477fa2a4787ba9adf39a41?s=96&d=mm&r=g\",\"caption\":\"Redacci\u00f3n QP\"},\"url\":\"https:\\\/\\\/quehacerpolitico.mx\\\/?author=2\"}]}<\/script>\n<!-- \/ Yoast SEO plugin. -->","yoast_head_json":{"title":"Amaury Vergara, comprometido con la afici\u00f3n de Chivas -","robots":{"index":"index","follow":"follow","max-snippet":"max-snippet:-1","max-image-preview":"max-image-preview:large","max-video-preview":"max-video-preview:-1"},"canonical":"https:\/\/quehacerpolitico.mx\/?p=5747","og_locale":"es_MX","og_type":"article","og_title":"Amaury Vergara, comprometido con la afici\u00f3n de Chivas -","og_description":"El directivo quiere llevar a Chivas a los primeros planos, con una filosof\u00eda que privilegie la cancha Por Redacci\u00f3n QP","og_url":"https:\/\/quehacerpolitico.mx\/?p=5747","article_published_time":"2018-09-28T15:46:49+00:00","author":"Redacci\u00f3n QP","twitter_card":"summary_large_image","twitter_misc":{"Escrito por":"Redacci\u00f3n QP","Tiempo de lectura":"4 minutos"},"schema":{"@context":"https:\/\/schema.org","@graph":[{"@type":"Article","@id":"https:\/\/quehacerpolitico.mx\/?p=5747#article","isPartOf":{"@id":"https:\/\/quehacerpolitico.mx\/?p=5747"},"author":{"name":"Redacci\u00f3n QP","@id":"https:\/\/quehacerpolitico.mx\/#\/schema\/person\/496d8ad2d1d3f8036101dca7ee39e585"},"headline":"Amaury Vergara, comprometido con la afici\u00f3n de Chivas","datePublished":"2018-09-28T15:46:49+00:00","mainEntityOfPage":{"@id":"https:\/\/quehacerpolitico.mx\/?p=5747"},"wordCount":761,"commentCount":0,"image":{"@id":"https:\/\/quehacerpolitico.mx\/?p=5747#primaryimage"},"thumbnailUrl":"","articleSection":["Deportes"],"inLanguage":"es","potentialAction":[{"@type":"CommentAction","name":"Comment","target":["https:\/\/quehacerpolitico.mx\/?p=5747#respond"]}]},{"@type":"WebPage","@id":"https:\/\/quehacerpolitico.mx\/?p=5747","url":"https:\/\/quehacerpolitico.mx\/?p=5747","name":"Amaury Vergara, comprometido con la afici\u00f3n de Chivas -","isPartOf":{"@id":"https:\/\/quehacerpolitico.mx\/#website"},"primaryImageOfPage":{"@id":"https:\/\/quehacerpolitico.mx\/?p=5747#primaryimage"},"image":{"@id":"https:\/\/quehacerpolitico.mx\/?p=5747#primaryimage"},"thumbnailUrl":"","datePublished":"2018-09-28T15:46:49+00:00","author":{"@id":"https:\/\/quehacerpolitico.mx\/#\/schema\/person\/496d8ad2d1d3f8036101dca7ee39e585"},"breadcrumb":{"@id":"https:\/\/quehacerpolitico.mx\/?p=5747#breadcrumb"},"inLanguage":"es","potentialAction":[{"@type":"ReadAction","target":["https:\/\/quehacerpolitico.mx\/?p=5747"]}]},{"@type":"ImageObject","inLanguage":"es","@id":"https:\/\/quehacerpolitico.mx\/?p=5747#primaryimage","url":"","contentUrl":""},{"@type":"BreadcrumbList","@id":"https:\/\/quehacerpolitico.mx\/?p=5747#breadcrumb","itemListElement":[{"@type":"ListItem","position":1,"name":"Inicio","item":"https:\/\/quehacerpolitico.mx\/"},{"@type":"ListItem","position":2,"name":"Amaury Vergara, comprometido con la afici\u00f3n de Chivas"}]},{"@type":"WebSite","@id":"https:\/\/quehacerpolitico.mx\/#website","url":"https:\/\/quehacerpolitico.mx\/","name":"","description":"","potentialAction":[{"@type":"SearchAction","target":{"@type":"EntryPoint","urlTemplate":"https:\/\/quehacerpolitico.mx\/?s={search_term_string}"},"query-input":{"@type":"PropertyValueSpecification","valueRequired":true,"valueName":"search_term_string"}}],"inLanguage":"es"},{"@type":"Person","@id":"https:\/\/quehacerpolitico.mx\/#\/schema\/person\/496d8ad2d1d3f8036101dca7ee39e585","name":"Redacci\u00f3n QP","image":{"@type":"ImageObject","inLanguage":"es","@id":"https:\/\/secure.gravatar.com\/avatar\/c7164ed6fdec453195284ad24a5ae5b6e1eed2b848477fa2a4787ba9adf39a41?s=96&d=mm&r=g","url":"https:\/\/secure.gravatar.com\/avatar\/c7164ed6fdec453195284ad24a5ae5b6e1eed2b848477fa2a4787ba9adf39a41?s=96&d=mm&r=g","contentUrl":"https:\/\/secure.gravatar.com\/avatar\/c7164ed6fdec453195284ad24a5ae5b6e1eed2b848477fa2a4787ba9adf39a41?s=96&d=mm&r=g","caption":"Redacci\u00f3n QP"},"url":"https:\/\/quehacerpolitico.mx\/?author=2"}]}},"featured_image_urls":{"full":"","thumbnail":"","medium":"","medium_large":"","large":"","1536x1536":"","2048x2048":"","covernews-featured":"","covernews-medium":""},"author_info":{"display_name":"Redacci\u00f3n QP","author_link":"https:\/\/quehacerpolitico.mx\/?author=2"},"category_info":"<a href=\"https:\/\/quehacerpolitico.mx\/?cat=54\" rel=\"category\">Deportes<\/a>","tag_info":"Deportes","comment_count":"0","_links":{"self":[{"href":"https:\/\/quehacerpolitico.mx\/index.php?rest_route=\/wp\/v2\/posts\/5747","targetHints":{"allow":["GET"]}}],"collection":[{"href":"https:\/\/quehacerpolitico.mx\/index.php?rest_route=\/wp\/v2\/posts"}],"about":[{"href":"https:\/\/quehacerpolitico.mx\/index.php?rest_route=\/wp\/v2\/types\/post"}],"author":[{"embeddable":true,"href":"https:\/\/quehacerpolitico.mx\/index.php?rest_route=\/wp\/v2\/users\/2"}],"replies":[{"embeddable":true,"href":"https:\/\/quehacerpolitico.mx\/index.php?rest_route=%2Fwp%2Fv2%2Fcomments&post=5747"}],"version-history":[{"count":0,"href":"https:\/\/quehacerpolitico.mx\/index.php?rest_route=\/wp\/v2\/posts\/5747\/revisions"}],"wp:featuredmedia":[{"embeddable":true,"href":"https:\/\/quehacerpolitico.mx\/index.php?rest_route=\/"}],"wp:attachment":[{"href":"https:\/\/quehacerpolitico.mx\/index.php?rest_route=%2Fwp%2Fv2%2Fmedia&parent=5747"}],"wp:term":[{"taxonomy":"category","embeddable":true,"href":"https:\/\/quehacerpolitico.mx\/index.php?rest_route=%2Fwp%2Fv2%2Fcategories&post=5747"},{"taxonomy":"post_tag","embeddable":true,"href":"https:\/\/quehacerpolitico.mx\/index.php?rest_route=%2Fwp%2Fv2%2Ftags&post=5747"}],"curies":[{"name":"wp","href":"https:\/\/api.w.org\/{rel}","templated":true}]}}