{"id":57140,"date":"2020-04-18T09:43:36","date_gmt":"2020-04-18T14:43:36","guid":{"rendered":"http:\/\/quehacerpolitico.mx\/?p=57140"},"modified":"2020-04-18T09:43:36","modified_gmt":"2020-04-18T14:43:36","slug":"protestan-comerciantes-del-metro-y-albaniles-en-palacio-nacional","status":"publish","type":"post","link":"https:\/\/quehacerpolitico.mx\/?p=57140","title":{"rendered":"Protestan comerciantes del Metro y alba\u00f1iles en Palacio Nacional"},"content":{"rendered":"<h1 class=\"news-title\">Protestan comerciantes del Metro y alba\u00f1iles en Palacio Nacional<br \/>\nPor Redacci\u00f3n QP<\/h1>\n<p>Solicitan recursos econ\u00f3micos para sobrellevar la crisis causada por la par\u00e1lisis de las actividades econ\u00f3micas<\/p>\n<p>Ante las restricciones impuestas debido a la contingencia sanitaria, comerciantes del Metro protestaron afuera de Palacio Nacional <strong>en demanda de ser incluidos en los programas de apoyo econ\u00f3mico y que sean condonadas sus rentas ya que la mayor\u00eda de los locales est\u00e1n cerrados.<\/strong><\/p>\n<p>La protesta de comerciantes se suma a las que desde la ma\u00f1ana del viernes tambi\u00e9n realizaron operadores de servicios tur\u00edsticos y trabajadores de la construcci\u00f3n para exigir apoyos econ\u00f3micos.<\/p>\n<p>Daniel Cruz solicit\u00f3 a las autoridades estatales y a los arrendadores condonar la renta de los locales comerciales, ya que desde el mes de abril cerraron sus negocios por la jornada nacional de la Sana Distancia.<\/p>\n<p>&#8220;En d\u00edas pasados nos lleg\u00f3 un convenio d\u00f3nde nos mencionan que tenemos que pagar en tres partes la renta del mes de abril, pero con qu\u00e9 vamos pa pagar sino tenemos con qu\u00e9 trabajar&#8221;, lament\u00f3.<\/p>\n<p>Por otra parte, un grupo de <strong>50 trabajadores de la construcci\u00f3n se sumaron a las protestas en demanda de apoyos econ\u00f3micos que otorgan los gobiernos federal y locales,<\/strong> ante la crisis sanitaria.<\/p>\n<p>&#8220;Desde que se decret\u00f3 la sana distancia y las medidas no tenemos ingresos, desde hace un mes no sabemos c\u00f3mo le vamos a hacer, ya tenemos muchas deudas y no tenemos qu\u00e9 comer, por eso le decimos al presidente que nos apoye, tenemos familia que dependen de nosotros&#8221;, dijo Juan Rodr\u00edguez, trabajador de la construcci\u00f3n.<\/p>\n<p>Con informaci\u00f3n de NTX<\/p>\n","protected":false},"excerpt":{"rendered":"<p>Protestan comerciantes del Metro y alba\u00f1iles en Palacio Nacional Por Redacci\u00f3n QP Solicitan recursos econ\u00f3micos&#8230;<\/p>\n","protected":false},"author":2,"featured_media":57141,"comment_status":"open","ping_status":"open","sticky":false,"template":"","format":"standard","meta":{"_monsterinsights_skip_tracking":false,"_monsterinsights_sitenote_active":false,"_monsterinsights_sitenote_note":"","_monsterinsights_sitenote_category":0,"footnotes":""},"categories":[55],"tags":[],"class_list":["post-57140","post","type-post","status-publish","format-standard","has-post-thumbnail","hentry","category-cdmx"],"yoast_head":"<!-- This site is optimized with the Yoast SEO plugin v27.3 - https:\/\/yoast.com\/product\/yoast-seo-wordpress\/ -->\n<title>Protestan comerciantes del Metro y alba\u00f1iles en Palacio Nacional -<\/title>\n<meta name=\"robots\" content=\"index, follow, max-snippet:-1, max-image-preview:large, max-video-preview:-1\" \/>\n<link rel=\"canonical\" href=\"https:\/\/quehacerpolitico.mx\/?p=57140\" \/>\n<meta property=\"og:locale\" content=\"es_MX\" \/>\n<meta property=\"og:type\" content=\"article\" \/>\n<meta property=\"og:title\" content=\"Protestan comerciantes del Metro y alba\u00f1iles en Palacio Nacional -\" \/>\n<meta property=\"og:description\" content=\"Protestan comerciantes del Metro y alba\u00f1iles en Palacio Nacional Por Redacci\u00f3n QP Solicitan recursos econ\u00f3micos...\" \/>\n<meta property=\"og:url\" content=\"https:\/\/quehacerpolitico.mx\/?p=57140\" \/>\n<meta property=\"article:published_time\" content=\"2020-04-18T14:43:36+00:00\" \/>\n<meta name=\"author\" content=\"Redacci\u00f3n QP\" \/>\n<meta name=\"twitter:card\" content=\"summary_large_image\" \/>\n<meta name=\"twitter:label1\" content=\"Escrito por\" \/>\n\t<meta name=\"twitter:data1\" content=\"Redacci\u00f3n QP\" \/>\n\t<meta name=\"twitter:label2\" content=\"Tiempo de lectura\" \/>\n\t<meta name=\"twitter:data2\" content=\"1 minuto\" \/>\n<script type=\"application\/ld+json\" class=\"yoast-schema-graph\">{\"@context\":\"https:\\\/\\\/schema.org\",\"@graph\":[{\"@type\":\"Article\",\"@id\":\"https:\\\/\\\/quehacerpolitico.mx\\\/?p=57140#article\",\"isPartOf\":{\"@id\":\"https:\\\/\\\/quehacerpolitico.mx\\\/?p=57140\"},\"author\":{\"name\":\"Redacci\u00f3n QP\",\"@id\":\"https:\\\/\\\/quehacerpolitico.mx\\\/#\\\/schema\\\/person\\\/496d8ad2d1d3f8036101dca7ee39e585\"},\"headline\":\"Protestan comerciantes del Metro y alba\u00f1iles en Palacio Nacional\",\"datePublished\":\"2020-04-18T14:43:36+00:00\",\"mainEntityOfPage\":{\"@id\":\"https:\\\/\\\/quehacerpolitico.mx\\\/?p=57140\"},\"wordCount\":291,\"commentCount\":0,\"image\":{\"@id\":\"https:\\\/\\\/quehacerpolitico.mx\\\/?p=57140#primaryimage\"},\"thumbnailUrl\":\"\",\"articleSection\":[\"CDMX\"],\"inLanguage\":\"es\",\"potentialAction\":[{\"@type\":\"CommentAction\",\"name\":\"Comment\",\"target\":[\"https:\\\/\\\/quehacerpolitico.mx\\\/?p=57140#respond\"]}]},{\"@type\":\"WebPage\",\"@id\":\"https:\\\/\\\/quehacerpolitico.mx\\\/?p=57140\",\"url\":\"https:\\\/\\\/quehacerpolitico.mx\\\/?p=57140\",\"name\":\"Protestan comerciantes del Metro y alba\u00f1iles en Palacio Nacional -\",\"isPartOf\":{\"@id\":\"https:\\\/\\\/quehacerpolitico.mx\\\/#website\"},\"primaryImageOfPage\":{\"@id\":\"https:\\\/\\\/quehacerpolitico.mx\\\/?p=57140#primaryimage\"},\"image\":{\"@id\":\"https:\\\/\\\/quehacerpolitico.mx\\\/?p=57140#primaryimage\"},\"thumbnailUrl\":\"\",\"datePublished\":\"2020-04-18T14:43:36+00:00\",\"author\":{\"@id\":\"https:\\\/\\\/quehacerpolitico.mx\\\/#\\\/schema\\\/person\\\/496d8ad2d1d3f8036101dca7ee39e585\"},\"breadcrumb\":{\"@id\":\"https:\\\/\\\/quehacerpolitico.mx\\\/?p=57140#breadcrumb\"},\"inLanguage\":\"es\",\"potentialAction\":[{\"@type\":\"ReadAction\",\"target\":[\"https:\\\/\\\/quehacerpolitico.mx\\\/?p=57140\"]}]},{\"@type\":\"ImageObject\",\"inLanguage\":\"es\",\"@id\":\"https:\\\/\\\/quehacerpolitico.mx\\\/?p=57140#primaryimage\",\"url\":\"\",\"contentUrl\":\"\"},{\"@type\":\"BreadcrumbList\",\"@id\":\"https:\\\/\\\/quehacerpolitico.mx\\\/?p=57140#breadcrumb\",\"itemListElement\":[{\"@type\":\"ListItem\",\"position\":1,\"name\":\"Inicio\",\"item\":\"https:\\\/\\\/quehacerpolitico.mx\\\/\"},{\"@type\":\"ListItem\",\"position\":2,\"name\":\"Protestan comerciantes del Metro y alba\u00f1iles en Palacio Nacional\"}]},{\"@type\":\"WebSite\",\"@id\":\"https:\\\/\\\/quehacerpolitico.mx\\\/#website\",\"url\":\"https:\\\/\\\/quehacerpolitico.mx\\\/\",\"name\":\"\",\"description\":\"\",\"potentialAction\":[{\"@type\":\"SearchAction\",\"target\":{\"@type\":\"EntryPoint\",\"urlTemplate\":\"https:\\\/\\\/quehacerpolitico.mx\\\/?s={search_term_string}\"},\"query-input\":{\"@type\":\"PropertyValueSpecification\",\"valueRequired\":true,\"valueName\":\"search_term_string\"}}],\"inLanguage\":\"es\"},{\"@type\":\"Person\",\"@id\":\"https:\\\/\\\/quehacerpolitico.mx\\\/#\\\/schema\\\/person\\\/496d8ad2d1d3f8036101dca7ee39e585\",\"name\":\"Redacci\u00f3n QP\",\"image\":{\"@type\":\"ImageObject\",\"inLanguage\":\"es\",\"@id\":\"https:\\\/\\\/secure.gravatar.com\\\/avatar\\\/c7164ed6fdec453195284ad24a5ae5b6e1eed2b848477fa2a4787ba9adf39a41?s=96&d=mm&r=g\",\"url\":\"https:\\\/\\\/secure.gravatar.com\\\/avatar\\\/c7164ed6fdec453195284ad24a5ae5b6e1eed2b848477fa2a4787ba9adf39a41?s=96&d=mm&r=g\",\"contentUrl\":\"https:\\\/\\\/secure.gravatar.com\\\/avatar\\\/c7164ed6fdec453195284ad24a5ae5b6e1eed2b848477fa2a4787ba9adf39a41?s=96&d=mm&r=g\",\"caption\":\"Redacci\u00f3n QP\"},\"url\":\"https:\\\/\\\/quehacerpolitico.mx\\\/?author=2\"}]}<\/script>\n<!-- \/ Yoast SEO plugin. -->","yoast_head_json":{"title":"Protestan comerciantes del Metro y alba\u00f1iles en Palacio Nacional -","robots":{"index":"index","follow":"follow","max-snippet":"max-snippet:-1","max-image-preview":"max-image-preview:large","max-video-preview":"max-video-preview:-1"},"canonical":"https:\/\/quehacerpolitico.mx\/?p=57140","og_locale":"es_MX","og_type":"article","og_title":"Protestan comerciantes del Metro y alba\u00f1iles en Palacio Nacional -","og_description":"Protestan comerciantes del Metro y alba\u00f1iles en Palacio Nacional Por Redacci\u00f3n QP Solicitan recursos econ\u00f3micos...","og_url":"https:\/\/quehacerpolitico.mx\/?p=57140","article_published_time":"2020-04-18T14:43:36+00:00","author":"Redacci\u00f3n QP","twitter_card":"summary_large_image","twitter_misc":{"Escrito por":"Redacci\u00f3n QP","Tiempo de lectura":"1 minuto"},"schema":{"@context":"https:\/\/schema.org","@graph":[{"@type":"Article","@id":"https:\/\/quehacerpolitico.mx\/?p=57140#article","isPartOf":{"@id":"https:\/\/quehacerpolitico.mx\/?p=57140"},"author":{"name":"Redacci\u00f3n QP","@id":"https:\/\/quehacerpolitico.mx\/#\/schema\/person\/496d8ad2d1d3f8036101dca7ee39e585"},"headline":"Protestan comerciantes del Metro y alba\u00f1iles en Palacio Nacional","datePublished":"2020-04-18T14:43:36+00:00","mainEntityOfPage":{"@id":"https:\/\/quehacerpolitico.mx\/?p=57140"},"wordCount":291,"commentCount":0,"image":{"@id":"https:\/\/quehacerpolitico.mx\/?p=57140#primaryimage"},"thumbnailUrl":"","articleSection":["CDMX"],"inLanguage":"es","potentialAction":[{"@type":"CommentAction","name":"Comment","target":["https:\/\/quehacerpolitico.mx\/?p=57140#respond"]}]},{"@type":"WebPage","@id":"https:\/\/quehacerpolitico.mx\/?p=57140","url":"https:\/\/quehacerpolitico.mx\/?p=57140","name":"Protestan comerciantes del Metro y alba\u00f1iles en Palacio Nacional -","isPartOf":{"@id":"https:\/\/quehacerpolitico.mx\/#website"},"primaryImageOfPage":{"@id":"https:\/\/quehacerpolitico.mx\/?p=57140#primaryimage"},"image":{"@id":"https:\/\/quehacerpolitico.mx\/?p=57140#primaryimage"},"thumbnailUrl":"","datePublished":"2020-04-18T14:43:36+00:00","author":{"@id":"https:\/\/quehacerpolitico.mx\/#\/schema\/person\/496d8ad2d1d3f8036101dca7ee39e585"},"breadcrumb":{"@id":"https:\/\/quehacerpolitico.mx\/?p=57140#breadcrumb"},"inLanguage":"es","potentialAction":[{"@type":"ReadAction","target":["https:\/\/quehacerpolitico.mx\/?p=57140"]}]},{"@type":"ImageObject","inLanguage":"es","@id":"https:\/\/quehacerpolitico.mx\/?p=57140#primaryimage","url":"","contentUrl":""},{"@type":"BreadcrumbList","@id":"https:\/\/quehacerpolitico.mx\/?p=57140#breadcrumb","itemListElement":[{"@type":"ListItem","position":1,"name":"Inicio","item":"https:\/\/quehacerpolitico.mx\/"},{"@type":"ListItem","position":2,"name":"Protestan comerciantes del Metro y alba\u00f1iles en Palacio Nacional"}]},{"@type":"WebSite","@id":"https:\/\/quehacerpolitico.mx\/#website","url":"https:\/\/quehacerpolitico.mx\/","name":"","description":"","potentialAction":[{"@type":"SearchAction","target":{"@type":"EntryPoint","urlTemplate":"https:\/\/quehacerpolitico.mx\/?s={search_term_string}"},"query-input":{"@type":"PropertyValueSpecification","valueRequired":true,"valueName":"search_term_string"}}],"inLanguage":"es"},{"@type":"Person","@id":"https:\/\/quehacerpolitico.mx\/#\/schema\/person\/496d8ad2d1d3f8036101dca7ee39e585","name":"Redacci\u00f3n QP","image":{"@type":"ImageObject","inLanguage":"es","@id":"https:\/\/secure.gravatar.com\/avatar\/c7164ed6fdec453195284ad24a5ae5b6e1eed2b848477fa2a4787ba9adf39a41?s=96&d=mm&r=g","url":"https:\/\/secure.gravatar.com\/avatar\/c7164ed6fdec453195284ad24a5ae5b6e1eed2b848477fa2a4787ba9adf39a41?s=96&d=mm&r=g","contentUrl":"https:\/\/secure.gravatar.com\/avatar\/c7164ed6fdec453195284ad24a5ae5b6e1eed2b848477fa2a4787ba9adf39a41?s=96&d=mm&r=g","caption":"Redacci\u00f3n QP"},"url":"https:\/\/quehacerpolitico.mx\/?author=2"}]}},"featured_image_urls":{"full":"","thumbnail":"","medium":"","medium_large":"","large":"","1536x1536":"","2048x2048":"","covernews-featured":"","covernews-medium":""},"author_info":{"display_name":"Redacci\u00f3n QP","author_link":"https:\/\/quehacerpolitico.mx\/?author=2"},"category_info":"<a href=\"https:\/\/quehacerpolitico.mx\/?cat=55\" rel=\"category\">CDMX<\/a>","tag_info":"CDMX","comment_count":"0","_links":{"self":[{"href":"https:\/\/quehacerpolitico.mx\/index.php?rest_route=\/wp\/v2\/posts\/57140","targetHints":{"allow":["GET"]}}],"collection":[{"href":"https:\/\/quehacerpolitico.mx\/index.php?rest_route=\/wp\/v2\/posts"}],"about":[{"href":"https:\/\/quehacerpolitico.mx\/index.php?rest_route=\/wp\/v2\/types\/post"}],"author":[{"embeddable":true,"href":"https:\/\/quehacerpolitico.mx\/index.php?rest_route=\/wp\/v2\/users\/2"}],"replies":[{"embeddable":true,"href":"https:\/\/quehacerpolitico.mx\/index.php?rest_route=%2Fwp%2Fv2%2Fcomments&post=57140"}],"version-history":[{"count":0,"href":"https:\/\/quehacerpolitico.mx\/index.php?rest_route=\/wp\/v2\/posts\/57140\/revisions"}],"wp:featuredmedia":[{"embeddable":true,"href":"https:\/\/quehacerpolitico.mx\/index.php?rest_route=\/"}],"wp:attachment":[{"href":"https:\/\/quehacerpolitico.mx\/index.php?rest_route=%2Fwp%2Fv2%2Fmedia&parent=57140"}],"wp:term":[{"taxonomy":"category","embeddable":true,"href":"https:\/\/quehacerpolitico.mx\/index.php?rest_route=%2Fwp%2Fv2%2Fcategories&post=57140"},{"taxonomy":"post_tag","embeddable":true,"href":"https:\/\/quehacerpolitico.mx\/index.php?rest_route=%2Fwp%2Fv2%2Ftags&post=57140"}],"curies":[{"name":"wp","href":"https:\/\/api.w.org\/{rel}","templated":true}]}}