{"id":57033,"date":"2020-04-16T10:03:06","date_gmt":"2020-04-16T15:03:06","guid":{"rendered":"http:\/\/quehacerpolitico.mx\/?p=57033"},"modified":"2020-04-16T10:03:06","modified_gmt":"2020-04-16T15:03:06","slug":"regreso-a-actividades-el-17-de-mayo-en-municipios-sin-contagios","status":"publish","type":"post","link":"https:\/\/quehacerpolitico.mx\/?p=57033","title":{"rendered":"Regreso a actividades, el 17 de mayo en municipios sin contagios"},"content":{"rendered":"<h1 class=\"news-title\">Regreso a actividades, el 17 de mayo en municipios sin contagios<br \/>\nPor Redacci\u00f3n QP<\/h1>\n<p>As\u00ed lo informa el Presidente; en aquellos que han sido afectados por contagios ser\u00e1 a partir del 1 de junio<\/p>\n<p>El Presidente Andres Manuel L\u00f3pez Obrador inform\u00f3 que, con base a las proyecciones de la pandemia del coronavirus y <strong>si se siguen acatando las medidas sanitarias, se podr\u00e1 regresar a clases escolares y actividades productivas el pr\u00f3ximo 17 de mayo en los 979 municipios que no registran contagios por COVID-19<\/strong>, en tanto que <strong>aquellos municipios -que se calculan que sean 463- que han sido afectadas por contagios ser\u00e1 a partir del 1 de junio<\/strong>. En conferencia de prensa en Palacio Nacional, el Mandatario se\u00f1al\u00f3 que se har\u00e1n p\u00fablicos los nombres de los municipios para que \u00e9stos ayuden a establecer cordones sanitarios.<\/p>\n<p>&#8220;<strong>El regreso a clases se est\u00e1 proponiendo que ser\u00eda el 17 de mayo<\/strong> en los municipios donde no hay casos de<b>\u00a0coronavirus<\/b>. En Los 900 municipios, para eso, desde luego, s\u00ed y solo s\u00ed tenemos y mantenemos la disciplina que hasta ahora se ha observado el buen comportamiento, <strong>si seguimos actuando como buenos ciudadanos<\/strong>. A las autoridades de estos municipios, desde luego se les va a dar conocer los nombres de los municipios para que nos ayuden a establecer cordones sanitarios&#8221;, dijo.<\/p>\n<blockquote class=\"twitter-tweet\" data-width=\"550\" data-dnt=\"true\">\n<p lang=\"es\" dir=\"ltr\">Mapa t\u00e9cnico para visualizar los municipios en donde se levantar\u00e1n las medidas de mitigaci\u00f3n el 17 de mayo<\/p>\n<p>\ud83d\udfe2los que regresan<br \/>\ud83d\udfe1colindantes con zonas de alta transmisi\u00f3n<br \/>\ud83d\udd34zonas de alta transmisi\u00f3n<br \/>El 1 de junio empezar\u00eda el regreso escalonado a actividades econ\u00f3micas y sociales <a href=\"https:\/\/t.co\/Bdt9XE1zpb\">pic.twitter.com\/Bdt9XE1zpb<\/a><\/p>\n<p>&mdash; Ruido en la Red (@RuidoEnLaRed) <a href=\"https:\/\/twitter.com\/RuidoEnLaRed\/status\/1250777983339675648?ref_src=twsrc%5Etfw\">April 16, 2020<\/a><\/p><\/blockquote>\n<p><script async src=\"https:\/\/platform.twitter.com\/widgets.js\" charset=\"utf-8\"><\/script><\/p>\n<p>&#8220;Esto ya lo est\u00e1n haciendo en muchos municipios del pa\u00eds, es delimitar muy bien las \u00e1reas y ayudar para que no haya contagios, el 17 de mayo en estos municipios se regresa a la normalidad, esto es regreso a clases a todas las actividades, productivas y sociales, con la \u00fanica limitaci\u00f3n de que los adultos mayores, aun en estos municipios, las mujeres embarazas, los enfermos de diabetes, hipertensi\u00f3n, tiene que seguirse cuidando.<\/p>\n<p>&#8220;<strong>En el resto del pa\u00eds, esto incluye desde luego las grande ciudades que son las mas afectadas, el reinicio a la actividad educativa, el regreso a clases y a todas las actividades productivas ser\u00eda a partir del 1 de junio<\/strong>, siempre y cuando, repito, signamos cumpliendo, con las medidas&#8221;, se\u00f1al\u00f3.<\/p>\n<p>Con informaci\u00f3n de SUN<\/p>\n","protected":false},"excerpt":{"rendered":"<p>Regreso a actividades, el 17 de mayo en municipios sin contagios Por Redacci\u00f3n QP As\u00ed&#8230;<\/p>\n","protected":false},"author":2,"featured_media":57034,"comment_status":"open","ping_status":"open","sticky":false,"template":"","format":"standard","meta":{"_monsterinsights_skip_tracking":false,"_monsterinsights_sitenote_active":false,"_monsterinsights_sitenote_note":"","_monsterinsights_sitenote_category":0,"footnotes":""},"categories":[2],"tags":[],"class_list":["post-57033","post","type-post","status-publish","format-standard","has-post-thumbnail","hentry","category-noticias"],"yoast_head":"<!-- This site is optimized with the Yoast SEO plugin v27.3 - https:\/\/yoast.com\/product\/yoast-seo-wordpress\/ -->\n<title>Regreso a actividades, el 17 de mayo en municipios sin contagios -<\/title>\n<meta name=\"robots\" content=\"index, follow, max-snippet:-1, max-image-preview:large, max-video-preview:-1\" \/>\n<link rel=\"canonical\" href=\"https:\/\/quehacerpolitico.mx\/?p=57033\" \/>\n<meta property=\"og:locale\" content=\"es_MX\" \/>\n<meta property=\"og:type\" content=\"article\" \/>\n<meta property=\"og:title\" content=\"Regreso a actividades, el 17 de mayo en municipios sin contagios -\" \/>\n<meta property=\"og:description\" content=\"Regreso a actividades, el 17 de mayo en municipios sin contagios Por Redacci\u00f3n QP As\u00ed...\" \/>\n<meta property=\"og:url\" content=\"https:\/\/quehacerpolitico.mx\/?p=57033\" \/>\n<meta property=\"article:published_time\" content=\"2020-04-16T15:03:06+00:00\" \/>\n<meta name=\"author\" content=\"Redacci\u00f3n QP\" \/>\n<meta name=\"twitter:card\" content=\"summary_large_image\" \/>\n<meta name=\"twitter:label1\" content=\"Escrito por\" \/>\n\t<meta name=\"twitter:data1\" content=\"Redacci\u00f3n QP\" \/>\n\t<meta name=\"twitter:label2\" content=\"Tiempo de lectura\" \/>\n\t<meta name=\"twitter:data2\" content=\"2 minutos\" \/>\n<script type=\"application\/ld+json\" class=\"yoast-schema-graph\">{\"@context\":\"https:\\\/\\\/schema.org\",\"@graph\":[{\"@type\":\"Article\",\"@id\":\"https:\\\/\\\/quehacerpolitico.mx\\\/?p=57033#article\",\"isPartOf\":{\"@id\":\"https:\\\/\\\/quehacerpolitico.mx\\\/?p=57033\"},\"author\":{\"name\":\"Redacci\u00f3n QP\",\"@id\":\"https:\\\/\\\/quehacerpolitico.mx\\\/#\\\/schema\\\/person\\\/496d8ad2d1d3f8036101dca7ee39e585\"},\"headline\":\"Regreso a actividades, el 17 de mayo en municipios sin contagios\",\"datePublished\":\"2020-04-16T15:03:06+00:00\",\"mainEntityOfPage\":{\"@id\":\"https:\\\/\\\/quehacerpolitico.mx\\\/?p=57033\"},\"wordCount\":365,\"commentCount\":0,\"image\":{\"@id\":\"https:\\\/\\\/quehacerpolitico.mx\\\/?p=57033#primaryimage\"},\"thumbnailUrl\":\"\",\"articleSection\":[\"Noticias\"],\"inLanguage\":\"es\",\"potentialAction\":[{\"@type\":\"CommentAction\",\"name\":\"Comment\",\"target\":[\"https:\\\/\\\/quehacerpolitico.mx\\\/?p=57033#respond\"]}]},{\"@type\":\"WebPage\",\"@id\":\"https:\\\/\\\/quehacerpolitico.mx\\\/?p=57033\",\"url\":\"https:\\\/\\\/quehacerpolitico.mx\\\/?p=57033\",\"name\":\"Regreso a actividades, el 17 de mayo en municipios sin contagios -\",\"isPartOf\":{\"@id\":\"https:\\\/\\\/quehacerpolitico.mx\\\/#website\"},\"primaryImageOfPage\":{\"@id\":\"https:\\\/\\\/quehacerpolitico.mx\\\/?p=57033#primaryimage\"},\"image\":{\"@id\":\"https:\\\/\\\/quehacerpolitico.mx\\\/?p=57033#primaryimage\"},\"thumbnailUrl\":\"\",\"datePublished\":\"2020-04-16T15:03:06+00:00\",\"author\":{\"@id\":\"https:\\\/\\\/quehacerpolitico.mx\\\/#\\\/schema\\\/person\\\/496d8ad2d1d3f8036101dca7ee39e585\"},\"breadcrumb\":{\"@id\":\"https:\\\/\\\/quehacerpolitico.mx\\\/?p=57033#breadcrumb\"},\"inLanguage\":\"es\",\"potentialAction\":[{\"@type\":\"ReadAction\",\"target\":[\"https:\\\/\\\/quehacerpolitico.mx\\\/?p=57033\"]}]},{\"@type\":\"ImageObject\",\"inLanguage\":\"es\",\"@id\":\"https:\\\/\\\/quehacerpolitico.mx\\\/?p=57033#primaryimage\",\"url\":\"\",\"contentUrl\":\"\"},{\"@type\":\"BreadcrumbList\",\"@id\":\"https:\\\/\\\/quehacerpolitico.mx\\\/?p=57033#breadcrumb\",\"itemListElement\":[{\"@type\":\"ListItem\",\"position\":1,\"name\":\"Inicio\",\"item\":\"https:\\\/\\\/quehacerpolitico.mx\\\/\"},{\"@type\":\"ListItem\",\"position\":2,\"name\":\"Regreso a actividades, el 17 de mayo en municipios sin contagios\"}]},{\"@type\":\"WebSite\",\"@id\":\"https:\\\/\\\/quehacerpolitico.mx\\\/#website\",\"url\":\"https:\\\/\\\/quehacerpolitico.mx\\\/\",\"name\":\"\",\"description\":\"\",\"potentialAction\":[{\"@type\":\"SearchAction\",\"target\":{\"@type\":\"EntryPoint\",\"urlTemplate\":\"https:\\\/\\\/quehacerpolitico.mx\\\/?s={search_term_string}\"},\"query-input\":{\"@type\":\"PropertyValueSpecification\",\"valueRequired\":true,\"valueName\":\"search_term_string\"}}],\"inLanguage\":\"es\"},{\"@type\":\"Person\",\"@id\":\"https:\\\/\\\/quehacerpolitico.mx\\\/#\\\/schema\\\/person\\\/496d8ad2d1d3f8036101dca7ee39e585\",\"name\":\"Redacci\u00f3n QP\",\"image\":{\"@type\":\"ImageObject\",\"inLanguage\":\"es\",\"@id\":\"https:\\\/\\\/secure.gravatar.com\\\/avatar\\\/c7164ed6fdec453195284ad24a5ae5b6e1eed2b848477fa2a4787ba9adf39a41?s=96&d=mm&r=g\",\"url\":\"https:\\\/\\\/secure.gravatar.com\\\/avatar\\\/c7164ed6fdec453195284ad24a5ae5b6e1eed2b848477fa2a4787ba9adf39a41?s=96&d=mm&r=g\",\"contentUrl\":\"https:\\\/\\\/secure.gravatar.com\\\/avatar\\\/c7164ed6fdec453195284ad24a5ae5b6e1eed2b848477fa2a4787ba9adf39a41?s=96&d=mm&r=g\",\"caption\":\"Redacci\u00f3n QP\"},\"url\":\"https:\\\/\\\/quehacerpolitico.mx\\\/?author=2\"}]}<\/script>\n<!-- \/ Yoast SEO plugin. -->","yoast_head_json":{"title":"Regreso a actividades, el 17 de mayo en municipios sin contagios -","robots":{"index":"index","follow":"follow","max-snippet":"max-snippet:-1","max-image-preview":"max-image-preview:large","max-video-preview":"max-video-preview:-1"},"canonical":"https:\/\/quehacerpolitico.mx\/?p=57033","og_locale":"es_MX","og_type":"article","og_title":"Regreso a actividades, el 17 de mayo en municipios sin contagios -","og_description":"Regreso a actividades, el 17 de mayo en municipios sin contagios Por Redacci\u00f3n QP As\u00ed...","og_url":"https:\/\/quehacerpolitico.mx\/?p=57033","article_published_time":"2020-04-16T15:03:06+00:00","author":"Redacci\u00f3n QP","twitter_card":"summary_large_image","twitter_misc":{"Escrito por":"Redacci\u00f3n QP","Tiempo de lectura":"2 minutos"},"schema":{"@context":"https:\/\/schema.org","@graph":[{"@type":"Article","@id":"https:\/\/quehacerpolitico.mx\/?p=57033#article","isPartOf":{"@id":"https:\/\/quehacerpolitico.mx\/?p=57033"},"author":{"name":"Redacci\u00f3n QP","@id":"https:\/\/quehacerpolitico.mx\/#\/schema\/person\/496d8ad2d1d3f8036101dca7ee39e585"},"headline":"Regreso a actividades, el 17 de mayo en municipios sin contagios","datePublished":"2020-04-16T15:03:06+00:00","mainEntityOfPage":{"@id":"https:\/\/quehacerpolitico.mx\/?p=57033"},"wordCount":365,"commentCount":0,"image":{"@id":"https:\/\/quehacerpolitico.mx\/?p=57033#primaryimage"},"thumbnailUrl":"","articleSection":["Noticias"],"inLanguage":"es","potentialAction":[{"@type":"CommentAction","name":"Comment","target":["https:\/\/quehacerpolitico.mx\/?p=57033#respond"]}]},{"@type":"WebPage","@id":"https:\/\/quehacerpolitico.mx\/?p=57033","url":"https:\/\/quehacerpolitico.mx\/?p=57033","name":"Regreso a actividades, el 17 de mayo en municipios sin contagios -","isPartOf":{"@id":"https:\/\/quehacerpolitico.mx\/#website"},"primaryImageOfPage":{"@id":"https:\/\/quehacerpolitico.mx\/?p=57033#primaryimage"},"image":{"@id":"https:\/\/quehacerpolitico.mx\/?p=57033#primaryimage"},"thumbnailUrl":"","datePublished":"2020-04-16T15:03:06+00:00","author":{"@id":"https:\/\/quehacerpolitico.mx\/#\/schema\/person\/496d8ad2d1d3f8036101dca7ee39e585"},"breadcrumb":{"@id":"https:\/\/quehacerpolitico.mx\/?p=57033#breadcrumb"},"inLanguage":"es","potentialAction":[{"@type":"ReadAction","target":["https:\/\/quehacerpolitico.mx\/?p=57033"]}]},{"@type":"ImageObject","inLanguage":"es","@id":"https:\/\/quehacerpolitico.mx\/?p=57033#primaryimage","url":"","contentUrl":""},{"@type":"BreadcrumbList","@id":"https:\/\/quehacerpolitico.mx\/?p=57033#breadcrumb","itemListElement":[{"@type":"ListItem","position":1,"name":"Inicio","item":"https:\/\/quehacerpolitico.mx\/"},{"@type":"ListItem","position":2,"name":"Regreso a actividades, el 17 de mayo en municipios sin contagios"}]},{"@type":"WebSite","@id":"https:\/\/quehacerpolitico.mx\/#website","url":"https:\/\/quehacerpolitico.mx\/","name":"","description":"","potentialAction":[{"@type":"SearchAction","target":{"@type":"EntryPoint","urlTemplate":"https:\/\/quehacerpolitico.mx\/?s={search_term_string}"},"query-input":{"@type":"PropertyValueSpecification","valueRequired":true,"valueName":"search_term_string"}}],"inLanguage":"es"},{"@type":"Person","@id":"https:\/\/quehacerpolitico.mx\/#\/schema\/person\/496d8ad2d1d3f8036101dca7ee39e585","name":"Redacci\u00f3n QP","image":{"@type":"ImageObject","inLanguage":"es","@id":"https:\/\/secure.gravatar.com\/avatar\/c7164ed6fdec453195284ad24a5ae5b6e1eed2b848477fa2a4787ba9adf39a41?s=96&d=mm&r=g","url":"https:\/\/secure.gravatar.com\/avatar\/c7164ed6fdec453195284ad24a5ae5b6e1eed2b848477fa2a4787ba9adf39a41?s=96&d=mm&r=g","contentUrl":"https:\/\/secure.gravatar.com\/avatar\/c7164ed6fdec453195284ad24a5ae5b6e1eed2b848477fa2a4787ba9adf39a41?s=96&d=mm&r=g","caption":"Redacci\u00f3n QP"},"url":"https:\/\/quehacerpolitico.mx\/?author=2"}]}},"featured_image_urls":{"full":"","thumbnail":"","medium":"","medium_large":"","large":"","1536x1536":"","2048x2048":"","covernews-featured":"","covernews-medium":""},"author_info":{"display_name":"Redacci\u00f3n QP","author_link":"https:\/\/quehacerpolitico.mx\/?author=2"},"category_info":"<a href=\"https:\/\/quehacerpolitico.mx\/?cat=2\" rel=\"category\">Noticias<\/a>","tag_info":"Noticias","comment_count":"0","_links":{"self":[{"href":"https:\/\/quehacerpolitico.mx\/index.php?rest_route=\/wp\/v2\/posts\/57033","targetHints":{"allow":["GET"]}}],"collection":[{"href":"https:\/\/quehacerpolitico.mx\/index.php?rest_route=\/wp\/v2\/posts"}],"about":[{"href":"https:\/\/quehacerpolitico.mx\/index.php?rest_route=\/wp\/v2\/types\/post"}],"author":[{"embeddable":true,"href":"https:\/\/quehacerpolitico.mx\/index.php?rest_route=\/wp\/v2\/users\/2"}],"replies":[{"embeddable":true,"href":"https:\/\/quehacerpolitico.mx\/index.php?rest_route=%2Fwp%2Fv2%2Fcomments&post=57033"}],"version-history":[{"count":0,"href":"https:\/\/quehacerpolitico.mx\/index.php?rest_route=\/wp\/v2\/posts\/57033\/revisions"}],"wp:featuredmedia":[{"embeddable":true,"href":"https:\/\/quehacerpolitico.mx\/index.php?rest_route=\/"}],"wp:attachment":[{"href":"https:\/\/quehacerpolitico.mx\/index.php?rest_route=%2Fwp%2Fv2%2Fmedia&parent=57033"}],"wp:term":[{"taxonomy":"category","embeddable":true,"href":"https:\/\/quehacerpolitico.mx\/index.php?rest_route=%2Fwp%2Fv2%2Fcategories&post=57033"},{"taxonomy":"post_tag","embeddable":true,"href":"https:\/\/quehacerpolitico.mx\/index.php?rest_route=%2Fwp%2Fv2%2Ftags&post=57033"}],"curies":[{"name":"wp","href":"https:\/\/api.w.org\/{rel}","templated":true}]}}