{"id":5666,"date":"2018-09-28T00:26:22","date_gmt":"2018-09-28T00:26:22","guid":{"rendered":"http:\/\/quehacerpolitico.mx\/periodistas-y-defensores-acusan-a-julion-de-usar-su-influencia-con-velasco-para-acosarlos\/"},"modified":"2018-09-28T00:26:22","modified_gmt":"2018-09-28T00:26:22","slug":"periodistas-y-defensores-acusan-a-julion-de-usar-su-influencia-con-velasco-para-acosarlos","status":"publish","type":"post","link":"https:\/\/quehacerpolitico.mx\/?p=5666","title":{"rendered":"Periodistas y defensores acusan a Juli\u00f3n de usar su influencia con Velasco para acosarlos"},"content":{"rendered":"<h3>En la nota \u201cAcusan a Juli\u00f3n \u00c1lvarez de mover influencias con Velasco, para mantener detenida a una persona\u201d, publicada el 19 de septiembre, <em>Chiapas Paralelo<\/em> difundi\u00f3 la carta de la familia de un campesino detenido junto a otras 18 personas en 2015, acusado de robar ganado del rancho del cantante.<\/h3>\n<h3>La misiva explica que la \u201cgente de Juli\u00f3n \u00c1lvarez\u201d pidi\u00f3 a la familia de Sergio Alberto Gonz\u00e1lez Castro 8 mil pesos para dejarlo libre. \u201cQue si no pagaba esa cantidad que se ir\u00eda a la c\u00e1rcel como nosotros somos de bajos recursos econ\u00f3micos, no pudimos pagar esa cantidad\u201d, revel\u00f3 la familia.<\/h3>\n<p><strong>Juli\u00f3n \u00c1lvarez<\/strong> amenaz\u00f3 con demandar al medio de comunicaci\u00f3n <strong><em>Chiapas Paralelo<\/em><\/strong> y al <strong>Centro de Derechos Humanos Fray Bartolom\u00e9 de las Casas<\/strong> (Frayba) luego de que el pasado 19 de septiembre se public\u00f3 una nota en la que <strong>se exhib\u00eda que el cantante buscaba influir, a trav\u00e9s del Gobernador Manuel Velasco Coello<\/strong>, para mantener detenido y procesar a un campesino acusado de robo de ganado en su rancho en <strong>Chiapas<\/strong>.<\/p>\n<p>La <strong>organizaci\u00f3n Art\u00edculo 19 alert\u00f3 que la amenaza del cantante atenta contra la libertad de expresi\u00f3n<\/strong>.<\/p>\n<p>En un comunicado detall\u00f3 que en la informaci\u00f3n difundida por <em>Chiapas Paralelo<\/em> se citaba un comunicado del Centro de Derechos Humanos y reproduc\u00eda tambi\u00e9n una carta elaborada con pu\u00f1o y letra por los familiares de <strong>Sergio Alberto Gonz\u00e1lez Castro<\/strong>, la persona detenida, donde tambi\u00e9n se denuncia probables <strong>violaciones a sus derechos humanos<\/strong>, como actos de <strong>tortura<\/strong>, para que se declarara culpable.<\/p>\n<p>En la nota \u201cAcusan a Juli\u00f3n \u00c1lvarez de mover influencias con Velasco, para mantener detenida a una persona\u201d, del 19 de septiembre, <em>Chiapas Paralelo<\/em> difundi\u00f3 la carta de la familia que detalla que Sergio fue detenido junto a otras 18 personas en 2015, bajo el cargo de robar ganado del rancho del cantante.<\/p>\n<blockquote>\n<p>La misiva explica que la \u201cgente de Juli\u00f3n \u00c1lvarez\u201d pidi\u00f3 a la familia de Sergio 8 mil pesos para dejarlo libre. \u201cQue si no pagaba esa cantidad que se ir\u00eda a la c\u00e1rcel como nosotros somos de bajos recursos econ\u00f3micos, no pudimos pagar esa cantidad\u201d.<\/p>\n<\/blockquote>\n<p>La familia tambi\u00e9n asegura que la acusaci\u00f3n \u201cfue mentira porque despu\u00e9s de unos d\u00edas el ganado que supuestamente se perdi\u00f3 lo encontraron en su rancho, nunca hubo robo de ganado\u201d. Denuncia adem\u00e1s que las influencias de Juli\u00f3n con el Gobernador Velasco \u201chizo que por un ganado detuvieran a varias personas, en total son como 18 personas acusadas por el robo de un ganado\u201d.<\/p>\n<p>La familia exige la libertad de Sergio Alberto Gonz\u00e1lez, que reparen los da\u00f1os ocasionados y que les garanticen seguridad.<\/p>\n<div id=\"attachment_3477285\" class=\"wp-caption alignnone\"><img loading=\"lazy\" decoding=\"async\" class=\"size-full wp-image-3477285\" src=\"http:\/\/www.sinembargo.mx\/wp-content\/uploads\/2018\/09\/carta-de-los-familiares-de-sergio-alberto-1.jpg\" sizes=\"auto, (max-width: 700px) 100vw, 700px\" srcset=\"http:\/\/www.sinembargo.mx\/wp-content\/uploads\/2018\/09\/carta-de-los-familiares-de-sergio-alberto-1.jpg 700w, http:\/\/www.sinembargo.mx\/wp-content\/uploads\/2018\/09\/carta-de-los-familiares-de-sergio-alberto-1-232x300.jpg 232w\" alt=\"\" width=\"700\" height=\"907\" \/><\/p>\n<p class=\"wp-caption-text\">Foto: Chiapas Paralelo<\/p>\n<\/div>\n<div id=\"attachment_3477286\" class=\"wp-caption alignnone\"><img loading=\"lazy\" decoding=\"async\" class=\"size-full wp-image-3477286\" src=\"http:\/\/www.sinembargo.mx\/wp-content\/uploads\/2018\/09\/carta-de-los-familiares-de-sergio-alberto-2.jpg\" sizes=\"auto, (max-width: 700px) 100vw, 700px\" srcset=\"http:\/\/www.sinembargo.mx\/wp-content\/uploads\/2018\/09\/carta-de-los-familiares-de-sergio-alberto-2.jpg 700w, http:\/\/www.sinembargo.mx\/wp-content\/uploads\/2018\/09\/carta-de-los-familiares-de-sergio-alberto-2-231x300.jpg 231w\" alt=\"\" width=\"700\" height=\"908\" \/><\/p>\n<p class=\"wp-caption-text\">Foto: Chiapas Paralelo<\/p>\n<\/div>\n<div id=\"attachment_3477287\" class=\"wp-caption alignnone\"><img loading=\"lazy\" decoding=\"async\" class=\"size-full wp-image-3477287\" src=\"http:\/\/www.sinembargo.mx\/wp-content\/uploads\/2018\/09\/carta-de-los-familiares-de-sergio-alberto-3.jpg\" sizes=\"auto, (max-width: 700px) 100vw, 700px\" srcset=\"http:\/\/www.sinembargo.mx\/wp-content\/uploads\/2018\/09\/carta-de-los-familiares-de-sergio-alberto-3.jpg 700w, http:\/\/www.sinembargo.mx\/wp-content\/uploads\/2018\/09\/carta-de-los-familiares-de-sergio-alberto-3-230x300.jpg 230w\" alt=\"\" width=\"700\" height=\"914\" \/><\/p>\n<p class=\"wp-caption-text\">Foto: Chiapas Paralelo<\/p>\n<\/div>\n<p>Sin embargo, luego de que el Frayba y <em>Chiapas Paralelo<\/em> difundieron la informaci\u00f3n, en un comunicado emitido por la oficina del cantante, se advirti\u00f3:<\/p>\n<p>\u201cEn d\u00edas recientes determinados medios de comunicaci\u00f3n difundieron algunas notas y se\u00f1alamientos de forma irresponsable, en donde se menciona, que el artista Juli\u00f3n \u00c1lvarez utiliza influencias para llevar a cabo sus actividades personales, comerciales y art\u00edsticas; as\u00ed como para forjar su patrimonio. Hemos sido instruidos por el se\u00f1or Julio C\u00e9sar \u00c1lvarez Montelongo, para ejercer toda acci\u00f3n legal en contra de quien o quienes, hayan efectuado los se\u00f1alamientos que se le imputan\u201d.<\/p>\n<p>Y tambi\u00e9n se inform\u00f3 que se iniciar\u00e1n iniciar\u00e1 \u201cprocesos legales para demandar y denunciar\u2026 a la totalidad de las personas que aseguran que Juli\u00f3n \u00c1lvarez incide en las determinaciones que autoridades administrativas o judiciales deben ejercer en el cumplimiento de sus funciones\u201d.<\/p>\n<blockquote>\n<p>\u201cEl ejercicio de nuestra acci\u00f3n legal abarcar\u00e1 a todos los involucrados que hayan tenido participaci\u00f3n en la generaci\u00f3n, edici\u00f3n y difusi\u00f3n de estas aseveraciones ausentes de verdad\u201d, agreg\u00f3 el documento.<\/p>\n<p>Art\u00edculo 19 alert\u00f3 que \u201ccontin\u00faa observando la utilizaci\u00f3n de mecanismos jur\u00eddicos por parte de personas con proyecci\u00f3n p\u00fablica, tendentes a criminalizar o inhibir el ejercicio de la libertad de expresi\u00f3n y derecho a la informaci\u00f3n, en casos que revisten un inter\u00e9s p\u00fablico, en contra de periodistas o medios que publican o replican dicha informaci\u00f3n\u201d.<\/p>\n<p>La organizaci\u00f3n hizo un llamado a todas aquellas personas que cuentan con proyecci\u00f3n p\u00fablica, as\u00ed como funcionarios, empresarios, candidatos a ocupar cargos p\u00fablicos, a respetar la libertad de expresi\u00f3n y derecho a la informaci\u00f3n, y abstenerse de amedrentar el ejercicio de estos derechos que, como en el presente caso, anuncian el inicio de acciones legales, ya sea en el \u00e1mbito penal o civil, en contra de periodistas, medios e, incluso, organizaciones de defensa de derechos humanos.<\/p>\n<p>Y finalmente conmin\u00f3 a las autoridades \u201ca proteger y garantizar la libertad de expresi\u00f3n y el derecho a la informaci\u00f3n, tanto en el sentido de derogar los delitos contra el honor en aquellos estados donde a\u00fan est\u00e1n vigentes, as\u00ed como la adopci\u00f3n de criterios tendentes a desestimar aquellas demandas cuyo objeto sea coartar el libre flujo de ideas e informaciones, sin afectar el ejercicio de otros derechos, bajo un an\u00e1lisis diligente, garantista, ponderativo y con perspectiva de derechos humanos, a efecto de conseguir la mayor protecci\u00f3n hacia las personas, particularmente, de quien ejerce las libertades de expresi\u00f3n e informaci\u00f3n, fundamentales en toda sociedad democr\u00e1tica\u201d.<\/p>\n<\/blockquote>\n","protected":false},"excerpt":{"rendered":"<p>Periodistas y defensores acusan a Juli\u00f3n de usar su influencia con Velasco para acosarlos<br \/>\nPor Redacci\u00f3n<\/p>\n","protected":false},"author":2,"featured_media":5665,"comment_status":"open","ping_status":"open","sticky":false,"template":"","format":"standard","meta":{"_monsterinsights_skip_tracking":false,"_monsterinsights_sitenote_active":false,"_monsterinsights_sitenote_note":"","_monsterinsights_sitenote_category":0,"footnotes":""},"categories":[2],"tags":[],"class_list":["post-5666","post","type-post","status-publish","format-standard","has-post-thumbnail","hentry","category-noticias"],"yoast_head":"<!-- This site is optimized with the Yoast SEO plugin v27.3 - https:\/\/yoast.com\/product\/yoast-seo-wordpress\/ -->\n<title>Periodistas y defensores acusan a Juli\u00f3n de usar su influencia con Velasco para acosarlos -<\/title>\n<meta name=\"robots\" content=\"index, follow, max-snippet:-1, max-image-preview:large, max-video-preview:-1\" \/>\n<link rel=\"canonical\" href=\"https:\/\/quehacerpolitico.mx\/?p=5666\" \/>\n<meta property=\"og:locale\" content=\"es_MX\" \/>\n<meta property=\"og:type\" content=\"article\" \/>\n<meta property=\"og:title\" content=\"Periodistas y defensores acusan a Juli\u00f3n de usar su influencia con Velasco para acosarlos -\" \/>\n<meta property=\"og:description\" content=\"Periodistas y defensores acusan a Juli\u00f3n de usar su influencia con Velasco para acosarlos Por Redacci\u00f3n\" \/>\n<meta property=\"og:url\" content=\"https:\/\/quehacerpolitico.mx\/?p=5666\" \/>\n<meta property=\"article:published_time\" content=\"2018-09-28T00:26:22+00:00\" \/>\n<meta name=\"author\" content=\"Redacci\u00f3n QP\" \/>\n<meta name=\"twitter:card\" content=\"summary_large_image\" \/>\n<meta name=\"twitter:label1\" content=\"Escrito por\" \/>\n\t<meta name=\"twitter:data1\" content=\"Redacci\u00f3n QP\" \/>\n\t<meta name=\"twitter:label2\" content=\"Tiempo de lectura\" \/>\n\t<meta name=\"twitter:data2\" content=\"5 minutos\" \/>\n<script type=\"application\/ld+json\" class=\"yoast-schema-graph\">{\"@context\":\"https:\\\/\\\/schema.org\",\"@graph\":[{\"@type\":\"Article\",\"@id\":\"https:\\\/\\\/quehacerpolitico.mx\\\/?p=5666#article\",\"isPartOf\":{\"@id\":\"https:\\\/\\\/quehacerpolitico.mx\\\/?p=5666\"},\"author\":{\"name\":\"Redacci\u00f3n QP\",\"@id\":\"https:\\\/\\\/quehacerpolitico.mx\\\/#\\\/schema\\\/person\\\/496d8ad2d1d3f8036101dca7ee39e585\"},\"headline\":\"Periodistas y defensores acusan a Juli\u00f3n de usar su influencia con Velasco para acosarlos\",\"datePublished\":\"2018-09-28T00:26:22+00:00\",\"mainEntityOfPage\":{\"@id\":\"https:\\\/\\\/quehacerpolitico.mx\\\/?p=5666\"},\"wordCount\":918,\"commentCount\":0,\"image\":{\"@id\":\"https:\\\/\\\/quehacerpolitico.mx\\\/?p=5666#primaryimage\"},\"thumbnailUrl\":\"\",\"articleSection\":[\"Noticias\"],\"inLanguage\":\"es\",\"potentialAction\":[{\"@type\":\"CommentAction\",\"name\":\"Comment\",\"target\":[\"https:\\\/\\\/quehacerpolitico.mx\\\/?p=5666#respond\"]}]},{\"@type\":\"WebPage\",\"@id\":\"https:\\\/\\\/quehacerpolitico.mx\\\/?p=5666\",\"url\":\"https:\\\/\\\/quehacerpolitico.mx\\\/?p=5666\",\"name\":\"Periodistas y defensores acusan a Juli\u00f3n de usar su influencia con Velasco para acosarlos -\",\"isPartOf\":{\"@id\":\"https:\\\/\\\/quehacerpolitico.mx\\\/#website\"},\"primaryImageOfPage\":{\"@id\":\"https:\\\/\\\/quehacerpolitico.mx\\\/?p=5666#primaryimage\"},\"image\":{\"@id\":\"https:\\\/\\\/quehacerpolitico.mx\\\/?p=5666#primaryimage\"},\"thumbnailUrl\":\"\",\"datePublished\":\"2018-09-28T00:26:22+00:00\",\"author\":{\"@id\":\"https:\\\/\\\/quehacerpolitico.mx\\\/#\\\/schema\\\/person\\\/496d8ad2d1d3f8036101dca7ee39e585\"},\"breadcrumb\":{\"@id\":\"https:\\\/\\\/quehacerpolitico.mx\\\/?p=5666#breadcrumb\"},\"inLanguage\":\"es\",\"potentialAction\":[{\"@type\":\"ReadAction\",\"target\":[\"https:\\\/\\\/quehacerpolitico.mx\\\/?p=5666\"]}]},{\"@type\":\"ImageObject\",\"inLanguage\":\"es\",\"@id\":\"https:\\\/\\\/quehacerpolitico.mx\\\/?p=5666#primaryimage\",\"url\":\"\",\"contentUrl\":\"\"},{\"@type\":\"BreadcrumbList\",\"@id\":\"https:\\\/\\\/quehacerpolitico.mx\\\/?p=5666#breadcrumb\",\"itemListElement\":[{\"@type\":\"ListItem\",\"position\":1,\"name\":\"Inicio\",\"item\":\"https:\\\/\\\/quehacerpolitico.mx\\\/\"},{\"@type\":\"ListItem\",\"position\":2,\"name\":\"Periodistas y defensores acusan a Juli\u00f3n de usar su influencia con Velasco para acosarlos\"}]},{\"@type\":\"WebSite\",\"@id\":\"https:\\\/\\\/quehacerpolitico.mx\\\/#website\",\"url\":\"https:\\\/\\\/quehacerpolitico.mx\\\/\",\"name\":\"\",\"description\":\"\",\"potentialAction\":[{\"@type\":\"SearchAction\",\"target\":{\"@type\":\"EntryPoint\",\"urlTemplate\":\"https:\\\/\\\/quehacerpolitico.mx\\\/?s={search_term_string}\"},\"query-input\":{\"@type\":\"PropertyValueSpecification\",\"valueRequired\":true,\"valueName\":\"search_term_string\"}}],\"inLanguage\":\"es\"},{\"@type\":\"Person\",\"@id\":\"https:\\\/\\\/quehacerpolitico.mx\\\/#\\\/schema\\\/person\\\/496d8ad2d1d3f8036101dca7ee39e585\",\"name\":\"Redacci\u00f3n QP\",\"image\":{\"@type\":\"ImageObject\",\"inLanguage\":\"es\",\"@id\":\"https:\\\/\\\/secure.gravatar.com\\\/avatar\\\/c7164ed6fdec453195284ad24a5ae5b6e1eed2b848477fa2a4787ba9adf39a41?s=96&d=mm&r=g\",\"url\":\"https:\\\/\\\/secure.gravatar.com\\\/avatar\\\/c7164ed6fdec453195284ad24a5ae5b6e1eed2b848477fa2a4787ba9adf39a41?s=96&d=mm&r=g\",\"contentUrl\":\"https:\\\/\\\/secure.gravatar.com\\\/avatar\\\/c7164ed6fdec453195284ad24a5ae5b6e1eed2b848477fa2a4787ba9adf39a41?s=96&d=mm&r=g\",\"caption\":\"Redacci\u00f3n QP\"},\"url\":\"https:\\\/\\\/quehacerpolitico.mx\\\/?author=2\"}]}<\/script>\n<!-- \/ Yoast SEO plugin. -->","yoast_head_json":{"title":"Periodistas y defensores acusan a Juli\u00f3n de usar su influencia con Velasco para acosarlos -","robots":{"index":"index","follow":"follow","max-snippet":"max-snippet:-1","max-image-preview":"max-image-preview:large","max-video-preview":"max-video-preview:-1"},"canonical":"https:\/\/quehacerpolitico.mx\/?p=5666","og_locale":"es_MX","og_type":"article","og_title":"Periodistas y defensores acusan a Juli\u00f3n de usar su influencia con Velasco para acosarlos -","og_description":"Periodistas y defensores acusan a Juli\u00f3n de usar su influencia con Velasco para acosarlos Por Redacci\u00f3n","og_url":"https:\/\/quehacerpolitico.mx\/?p=5666","article_published_time":"2018-09-28T00:26:22+00:00","author":"Redacci\u00f3n QP","twitter_card":"summary_large_image","twitter_misc":{"Escrito por":"Redacci\u00f3n QP","Tiempo de lectura":"5 minutos"},"schema":{"@context":"https:\/\/schema.org","@graph":[{"@type":"Article","@id":"https:\/\/quehacerpolitico.mx\/?p=5666#article","isPartOf":{"@id":"https:\/\/quehacerpolitico.mx\/?p=5666"},"author":{"name":"Redacci\u00f3n QP","@id":"https:\/\/quehacerpolitico.mx\/#\/schema\/person\/496d8ad2d1d3f8036101dca7ee39e585"},"headline":"Periodistas y defensores acusan a Juli\u00f3n de usar su influencia con Velasco para acosarlos","datePublished":"2018-09-28T00:26:22+00:00","mainEntityOfPage":{"@id":"https:\/\/quehacerpolitico.mx\/?p=5666"},"wordCount":918,"commentCount":0,"image":{"@id":"https:\/\/quehacerpolitico.mx\/?p=5666#primaryimage"},"thumbnailUrl":"","articleSection":["Noticias"],"inLanguage":"es","potentialAction":[{"@type":"CommentAction","name":"Comment","target":["https:\/\/quehacerpolitico.mx\/?p=5666#respond"]}]},{"@type":"WebPage","@id":"https:\/\/quehacerpolitico.mx\/?p=5666","url":"https:\/\/quehacerpolitico.mx\/?p=5666","name":"Periodistas y defensores acusan a Juli\u00f3n de usar su influencia con Velasco para acosarlos -","isPartOf":{"@id":"https:\/\/quehacerpolitico.mx\/#website"},"primaryImageOfPage":{"@id":"https:\/\/quehacerpolitico.mx\/?p=5666#primaryimage"},"image":{"@id":"https:\/\/quehacerpolitico.mx\/?p=5666#primaryimage"},"thumbnailUrl":"","datePublished":"2018-09-28T00:26:22+00:00","author":{"@id":"https:\/\/quehacerpolitico.mx\/#\/schema\/person\/496d8ad2d1d3f8036101dca7ee39e585"},"breadcrumb":{"@id":"https:\/\/quehacerpolitico.mx\/?p=5666#breadcrumb"},"inLanguage":"es","potentialAction":[{"@type":"ReadAction","target":["https:\/\/quehacerpolitico.mx\/?p=5666"]}]},{"@type":"ImageObject","inLanguage":"es","@id":"https:\/\/quehacerpolitico.mx\/?p=5666#primaryimage","url":"","contentUrl":""},{"@type":"BreadcrumbList","@id":"https:\/\/quehacerpolitico.mx\/?p=5666#breadcrumb","itemListElement":[{"@type":"ListItem","position":1,"name":"Inicio","item":"https:\/\/quehacerpolitico.mx\/"},{"@type":"ListItem","position":2,"name":"Periodistas y defensores acusan a Juli\u00f3n de usar su influencia con Velasco para acosarlos"}]},{"@type":"WebSite","@id":"https:\/\/quehacerpolitico.mx\/#website","url":"https:\/\/quehacerpolitico.mx\/","name":"","description":"","potentialAction":[{"@type":"SearchAction","target":{"@type":"EntryPoint","urlTemplate":"https:\/\/quehacerpolitico.mx\/?s={search_term_string}"},"query-input":{"@type":"PropertyValueSpecification","valueRequired":true,"valueName":"search_term_string"}}],"inLanguage":"es"},{"@type":"Person","@id":"https:\/\/quehacerpolitico.mx\/#\/schema\/person\/496d8ad2d1d3f8036101dca7ee39e585","name":"Redacci\u00f3n QP","image":{"@type":"ImageObject","inLanguage":"es","@id":"https:\/\/secure.gravatar.com\/avatar\/c7164ed6fdec453195284ad24a5ae5b6e1eed2b848477fa2a4787ba9adf39a41?s=96&d=mm&r=g","url":"https:\/\/secure.gravatar.com\/avatar\/c7164ed6fdec453195284ad24a5ae5b6e1eed2b848477fa2a4787ba9adf39a41?s=96&d=mm&r=g","contentUrl":"https:\/\/secure.gravatar.com\/avatar\/c7164ed6fdec453195284ad24a5ae5b6e1eed2b848477fa2a4787ba9adf39a41?s=96&d=mm&r=g","caption":"Redacci\u00f3n QP"},"url":"https:\/\/quehacerpolitico.mx\/?author=2"}]}},"featured_image_urls":{"full":"","thumbnail":"","medium":"","medium_large":"","large":"","1536x1536":"","2048x2048":"","covernews-featured":"","covernews-medium":""},"author_info":{"display_name":"Redacci\u00f3n QP","author_link":"https:\/\/quehacerpolitico.mx\/?author=2"},"category_info":"<a href=\"https:\/\/quehacerpolitico.mx\/?cat=2\" rel=\"category\">Noticias<\/a>","tag_info":"Noticias","comment_count":"0","_links":{"self":[{"href":"https:\/\/quehacerpolitico.mx\/index.php?rest_route=\/wp\/v2\/posts\/5666","targetHints":{"allow":["GET"]}}],"collection":[{"href":"https:\/\/quehacerpolitico.mx\/index.php?rest_route=\/wp\/v2\/posts"}],"about":[{"href":"https:\/\/quehacerpolitico.mx\/index.php?rest_route=\/wp\/v2\/types\/post"}],"author":[{"embeddable":true,"href":"https:\/\/quehacerpolitico.mx\/index.php?rest_route=\/wp\/v2\/users\/2"}],"replies":[{"embeddable":true,"href":"https:\/\/quehacerpolitico.mx\/index.php?rest_route=%2Fwp%2Fv2%2Fcomments&post=5666"}],"version-history":[{"count":0,"href":"https:\/\/quehacerpolitico.mx\/index.php?rest_route=\/wp\/v2\/posts\/5666\/revisions"}],"wp:featuredmedia":[{"embeddable":true,"href":"https:\/\/quehacerpolitico.mx\/index.php?rest_route=\/"}],"wp:attachment":[{"href":"https:\/\/quehacerpolitico.mx\/index.php?rest_route=%2Fwp%2Fv2%2Fmedia&parent=5666"}],"wp:term":[{"taxonomy":"category","embeddable":true,"href":"https:\/\/quehacerpolitico.mx\/index.php?rest_route=%2Fwp%2Fv2%2Fcategories&post=5666"},{"taxonomy":"post_tag","embeddable":true,"href":"https:\/\/quehacerpolitico.mx\/index.php?rest_route=%2Fwp%2Fv2%2Ftags&post=5666"}],"curies":[{"name":"wp","href":"https:\/\/api.w.org\/{rel}","templated":true}]}}