{"id":5660,"date":"2018-09-27T23:57:05","date_gmt":"2018-09-27T23:57:05","guid":{"rendered":"http:\/\/quehacerpolitico.mx\/la-pgr-confirma-que-no-es-broma-javier-duarte-podra-salir-en-tres-anos-las-redes-rechinan-de-ira\/"},"modified":"2018-09-27T23:57:05","modified_gmt":"2018-09-27T23:57:05","slug":"la-pgr-confirma-que-no-es-broma-javier-duarte-podra-salir-en-tres-anos-las-redes-rechinan-de-ira","status":"publish","type":"post","link":"https:\/\/quehacerpolitico.mx\/?p=5660","title":{"rendered":"La PGR confirma que no es broma: Javier Duarte podr\u00e1 salir en tres a\u00f1os. Las redes rechinan de ira"},"content":{"rendered":"<h3>Ayer, Javier Duarte se declar\u00f3 culpable de los delitos de lavado de dinero y asociaci\u00f3n delictuosa para obtener as\u00ed una reducci\u00f3n de la sentencia en su contra. El juez\u00a0conden\u00f3 al e Gobernador de Veracruz a una pena de 9 a\u00f1os de prisi\u00f3n y una multa de 58 mil 890 pesos, y\u00a0a entregar 21 terrenos y 20 propiedades.<\/h3>\n<p>La <strong>condena de 9 a\u00f1os<\/strong> contra el ex Gobernador <strong>Javier Duarte<\/strong> de Ochoa ha generado <strong>indignaci\u00f3n<\/strong>\u00a0e ira en las redes sociales. Un comentario com\u00fan: \u201cLe sali\u00f3 barato\u201d al ex Gobernador del Revolucionario Institucional enriquecerse con dinero p\u00fablico. Activistas y organizaciones plantean que la Procuradur\u00eda General de la Rep\u00fablica (<strong>PGR<\/strong>) actu\u00f3, por instrucciones del Presidente Enrique Pe\u00f1a Nieto, para encubrir al ex mandatario de Veracruz.<\/p>\n<p>Felipe de Jes\u00fas Mu\u00f1oz V\u00e1zquez, titular de la Subprocuradur\u00eda Jur\u00eddica y de Asuntos Internacionales de la PGR, sali\u00f3 esta ma\u00f1ana a la prensa s\u00f3lo para confirmar lo que desde anoche se sabe: que en tres a\u00f1os Javier Duarte podr\u00eda salir de prisi\u00f3n. Dijo que podr\u00eda gozar de alg\u00fan beneficio cuando cumpla cuatro a\u00f1os y medio de condena, que incluyen el a\u00f1o y cinco meses que ya lleva encarcelado.<\/p>\n<blockquote>\n<p>\u201cSon de 9 a\u00f1os, en cuatro a\u00f1os y medio podr\u00e1 tener beneficios\u201d, dijo esta ma\u00f1ana en conferencia.<\/p>\n<p>Tambi\u00e9n destac\u00f3 que la Procuradur\u00eda \u201cno est\u00e1 satisfecha con la condena\u201d\u2026 aunque es por un acuerdo con la propia Procuradur\u00eda que el pol\u00edtico priista podr\u00e1 quedar en libertad.<\/p>\n<blockquote>\n<p>\u201cFinalmente cuando nos topamos con casos como este nunca estaremos satisfechos, pero la Ley mandata beneficios\u201d, dijo.<\/p>\n<\/blockquote>\n<p>Ayer, Javier Duarte se declar\u00f3 culpable de los delitos de lavado de dinero y asociaci\u00f3n delictuosa para obtener as\u00ed una reducci\u00f3n de la sentencia en su contra. Esto fue posible gracias a la negociaci\u00f3n entre la PGR y el ex mandatario para pedir un procedimiento abreviado.<\/p>\n<p>El Juez de Control del Centro de Justicia Penal Federal del Reclusorio Norte, Marco Antonio Fuerte Tapia, conden\u00f3 a Javier Duarte a una pena de 9 a\u00f1os de prisi\u00f3n y una multa de 58 mil 890 pesos. Y deber\u00e1 entregar 21 terrenos ubicados en Campeche y 20 propiedades:\u00a04 departamentos en Ixtapa y 9 inmuebles en la Ciudad de M\u00e9xico, que incluyen tres departamentos en Bosques de Santa Fe, un edificio en Lomas de Chapultepec y dos departamentos en Polanco.<\/p>\n<p>De acuerdo con la Ley Nacional de Ejecuci\u00f3n Penal, el ex Gobernador podr\u00e1 pedir su libertad bajo supervisi\u00f3n cuando cumpla la mitad de su pena, adem\u00e1s se deben tomar en cuenta el a\u00f1o y cinco meses que lleva en prisi\u00f3n, desde el 15 de abril de 2017.<\/p>\n<p>Esta ma\u00f1ana, en entrevista con el diario <em>Reforma<\/em>, el Gobernador de veracruz, Miguel \u00c1ngel Yunes, dijo que Javier Duarte acept\u00f3 que es un delincuente y reconoci\u00f3 que la sentencia \u201cno deja satisfecho a nadie\u201d.<\/p>\n<blockquote>\n<p>\u201cEn primer lugar Javier Duarte acepta que es un delincuente, que cometi\u00f3 por lo menos dos delitos: asociaci\u00f3n delictuosa y lavado de dinero\u201d, dijo.<\/p>\n<p>\u201cDe manera evidente la sanci\u00f3n no deja satisfecho a nadie, hay mucha indignaci\u00f3n, no corresponde al da\u00f1o al da\u00f1o que hizo a miles de veracruzanos porque se rob\u00f3 miles de millones de pesos que estaban destinados para atender programas de salud, educaci\u00f3n, infraestructura\u201d, a\u00f1adi\u00f3 al diario de circulaci\u00f3n nacional.<\/p>\n<p>El director de la Organizaci\u00f3n Nacional Anticorrupci\u00f3n (ONEA), Iv\u00e1n Gidi, calific\u00f3 como \u201cuna palmada o un tur\u00f3n de orejas\u201d la condena al ex mandatario en comparaci\u00f3n con el da\u00f1o que caus\u00f3.<\/p>\n<blockquote>\n<p>\u201cDuarte ya acept\u00f3 el juicio abreviado y la culpabilidad. Le esperan 9 a\u00f1os de c\u00e1rcel y multa de 60 mil pesos, la PGR no le dio agravantes. Casi casi una palmada o un tir\u00f3n de orejas, comparado con el da\u00f1o causado\u201d, escribi\u00f3 en su cuenta de Twitter.<\/p>\n<\/blockquote>\n<p>La ONEA tambi\u00e9n dijo que a Duarte le \u201csali\u00f3 barato\u201d haber saqueado a la entidad y \u201csepultarla en una enorme crisis de violencia\u201d.<\/p>\n<blockquote class=\"twitter-tweet\" data-width=\"550\" data-dnt=\"true\">\n<p lang=\"es\" dir=\"ltr\">Saquear un estado y sepultarlo en una enorme crisis de violencia le &#39;sale barato&#39; a Javier Duarte; el ex gobernador de <a href=\"https:\/\/twitter.com\/hashtag\/Veracruz?src=hash&amp;ref_src=twsrc%5Etfw\">#Veracruz<\/a> se declara culpable y pasar\u00e1 en prisi\u00f3n s\u00f3lo 9 a\u00f1os. Lee m\u00e1s en: <a href=\"https:\/\/t.co\/zbPnotuB52\">https:\/\/t.co\/zbPnotuB52<\/a> <a href=\"https:\/\/t.co\/asaTcflXdf\">pic.twitter.com\/asaTcflXdf<\/a><\/p>\n<p>&mdash; ONEA M\u00e9xico (@oneamexico) <a href=\"https:\/\/twitter.com\/oneamexico\/status\/1045147068820525056?ref_src=twsrc%5Etfw\">September 27, 2018<\/a><\/p><\/blockquote>\n<p><script async src=\"https:\/\/platform.twitter.com\/widgets.js\" charset=\"utf-8\"><\/script><\/p>\n<p>Fundar Centro de An\u00e1lisis e Investigaci\u00f3n cuestion\u00f3 y si el caso Duarte hubiera tenido el mismo resultado\u00a0 si tuvi\u00e9ramos una Fiscal\u00eda independiente:<\/p>\n<blockquote>\n<p>\u201cJavier Duarte desvi\u00f3 m\u00e1s de 75 mil millones de pesos y tiene 90 propiedades. Su castigo: 9 a\u00f1os de c\u00e1rcel (que pueden reducirse a 3) y 58 mil pesos de multa. \u00bfHubiera pasado lo mismo si tuvi\u00e9ramos una #Fiscal\u00edaQueSirva, independiente y con personal capacitado?\u201d.<\/p>\n<\/blockquote>\n<p>El activista y columnista de SinEmbargo, Dar\u00edo Ram\u00edrez, ironiz\u00f3 que \u201cla corrupci\u00f3n es el mejor negocio\u201d y alert\u00f3 que cuando Duarte salga de prisi\u00f3n tendr\u00e1 54 a\u00f1os y tendr\u00e1 \u201ctoda una vida por delante siendo putrimillonario con dinero p\u00fablico\u201d.<\/p>\n<blockquote class=\"twitter-tweet\" data-width=\"550\" data-dnt=\"true\">\n<p lang=\"es\" dir=\"ltr\">Sentencia a Javier Duarte. <\/p>\n<p>A 9 a\u00f1os de presi\u00f3n y 60 mil pesos.<\/p>\n<p>Cuando salga de la c\u00e1rcel tendr\u00e9 54 a\u00f1os. Toda una vida por delante siendo putrimillonario con dinero p\u00fablico. <\/p>\n<p>La corrupci\u00f3n es el mejor negocio.<\/p>\n<p>&mdash; Dar\u00edo Ram\u00edrez (@dariomrs) <a href=\"https:\/\/twitter.com\/dariomrs\/status\/1045161871064498176?ref_src=twsrc%5Etfw\">September 27, 2018<\/a><\/p><\/blockquote>\n<p><script async src=\"https:\/\/platform.twitter.com\/widgets.js\" charset=\"utf-8\"><\/script><\/p>\n<p>El ex l\u00edder de las autodefensas de Michoac\u00e1n, Jos\u00e9 Manuel Mireles, escribi\u00f3:<\/p>\n<p>\u201cEl acuerdo de Procedimiento Abreviado entre Javier Duarte y la PGR, demuestra el encubrimiento y la participaci\u00f3n del actual gobierno en actividades ilegales, ellos son los delincuentes, es una burla al pueblo de M\u00e9xico\u201d.<\/p>\n<p>Jes\u00fas Robles Maloof, columnista de SinEmbargo, consider\u00f3 que la PGR actu\u00f3 en obediencia al Presidente Enrique Pe\u00f1a Nieto y le dio \u201cun regalo anticipado\u201d a Duarte.<\/p>\n<p>\u201cJavier Duarte recibe s\u00f3lo 9 a\u00f1os de prisi\u00f3n que al final pueden ser 6 a\u00f1os efectivos.<br \/>No hace falta ser un genio para saber que una PGR obediente a @EPN, ha entregado un regalo de navidad anticipado\u201d, escribi\u00f3.<\/p>\n<p>La activista Viridiana R\u00edos escribi\u00f3: \u201cenriquecerse eternamente a cambio de 9 a\u00f1os de c\u00e1rcel\u201d.<\/p>\n<blockquote class=\"twitter-tweet\" data-width=\"550\" data-dnt=\"true\">\n<p lang=\"es\" dir=\"ltr\">Enriquecerse eternamente a cambio de 9 a\u00f1os de carcel<\/p>\n<p>&mdash; Viri R\u00edos (@Viri_Rios) <a href=\"https:\/\/twitter.com\/Viri_Rios\/status\/1045144277725192193?ref_src=twsrc%5Etfw\">September 27, 2018<\/a><\/p><\/blockquote>\n<p><script async src=\"https:\/\/platform.twitter.com\/widgets.js\" charset=\"utf-8\"><\/script><\/p>\n<p>La Diputada Martha Tagle calific\u00f3 la condena como \u201cuna burla\u201d de la Procuradur\u00eda, a instrucci\u00f3n del Presidente Enrique Pe\u00f1a Nieto, e ironiz\u00f3 que \u201ca este paso habr\u00e1 que ofrecerle disculpas\u201d al ex mandatario.<\/p>\n<blockquote class=\"twitter-tweet\" data-width=\"550\" data-dnt=\"true\">\n<p lang=\"es\" dir=\"ltr\">Parece una broma, pero m\u00e1s bien es una burla. Una burla de la \u2066<a href=\"https:\/\/twitter.com\/PGR_mx?ref_src=twsrc%5Etfw\">@PGR_mx<\/a>\u2069 que por instrucciones de <a href=\"https:\/\/twitter.com\/EPN?ref_src=twsrc%5Etfw\">@EPN<\/a> hizo todo para que sentenciaran con el m\u00ednimo a Duarte, a este paso habr\u00e1 que ofrecerle disculpas \ud83d\ude21\ud83d\ude21  <a href=\"https:\/\/t.co\/YsjZepejoc\">https:\/\/t.co\/YsjZepejoc<\/a><\/p>\n<p>&mdash; Martha Tagle (@MarthaTagle) <a href=\"https:\/\/twitter.com\/MarthaTagle\/status\/1045133953513017348?ref_src=twsrc%5Etfw\">September 27, 2018<\/a><\/p><\/blockquote>\n<p><script async src=\"https:\/\/platform.twitter.com\/widgets.js\" charset=\"utf-8\"><\/script><\/p>\n<\/blockquote>\n<\/blockquote>\n","protected":false},"excerpt":{"rendered":"<p>La PGR confirma que no es broma: Javier Duarte podr\u00e1 salir en tres a\u00f1os. Las redes rechinan de ira<br \/>\nPor Redacci\u00f3n QP<\/p>\n","protected":false},"author":2,"featured_media":5659,"comment_status":"open","ping_status":"open","sticky":false,"template":"","format":"standard","meta":{"_monsterinsights_skip_tracking":false,"_monsterinsights_sitenote_active":false,"_monsterinsights_sitenote_note":"","_monsterinsights_sitenote_category":0,"footnotes":""},"categories":[2],"tags":[],"class_list":["post-5660","post","type-post","status-publish","format-standard","has-post-thumbnail","hentry","category-noticias"],"yoast_head":"<!-- This site is optimized with the Yoast SEO plugin v27.3 - https:\/\/yoast.com\/product\/yoast-seo-wordpress\/ -->\n<title>La PGR confirma que no es broma: Javier Duarte podr\u00e1 salir en tres a\u00f1os. Las redes rechinan de ira -<\/title>\n<meta name=\"robots\" content=\"index, follow, max-snippet:-1, max-image-preview:large, max-video-preview:-1\" \/>\n<link rel=\"canonical\" href=\"https:\/\/quehacerpolitico.mx\/?p=5660\" \/>\n<meta property=\"og:locale\" content=\"es_MX\" \/>\n<meta property=\"og:type\" content=\"article\" \/>\n<meta property=\"og:title\" content=\"La PGR confirma que no es broma: Javier Duarte podr\u00e1 salir en tres a\u00f1os. Las redes rechinan de ira -\" \/>\n<meta property=\"og:description\" content=\"La PGR confirma que no es broma: Javier Duarte podr\u00e1 salir en tres a\u00f1os. Las redes rechinan de ira Por Redacci\u00f3n QP\" \/>\n<meta property=\"og:url\" content=\"https:\/\/quehacerpolitico.mx\/?p=5660\" \/>\n<meta property=\"article:published_time\" content=\"2018-09-27T23:57:05+00:00\" \/>\n<meta name=\"author\" content=\"Redacci\u00f3n QP\" \/>\n<meta name=\"twitter:card\" content=\"summary_large_image\" \/>\n<meta name=\"twitter:label1\" content=\"Escrito por\" \/>\n\t<meta name=\"twitter:data1\" content=\"Redacci\u00f3n QP\" \/>\n\t<meta name=\"twitter:label2\" content=\"Tiempo de lectura\" \/>\n\t<meta name=\"twitter:data2\" content=\"5 minutos\" \/>\n<script type=\"application\/ld+json\" class=\"yoast-schema-graph\">{\"@context\":\"https:\\\/\\\/schema.org\",\"@graph\":[{\"@type\":\"Article\",\"@id\":\"https:\\\/\\\/quehacerpolitico.mx\\\/?p=5660#article\",\"isPartOf\":{\"@id\":\"https:\\\/\\\/quehacerpolitico.mx\\\/?p=5660\"},\"author\":{\"name\":\"Redacci\u00f3n QP\",\"@id\":\"https:\\\/\\\/quehacerpolitico.mx\\\/#\\\/schema\\\/person\\\/496d8ad2d1d3f8036101dca7ee39e585\"},\"headline\":\"La PGR confirma que no es broma: Javier Duarte podr\u00e1 salir en tres a\u00f1os. Las redes rechinan de ira\",\"datePublished\":\"2018-09-27T23:57:05+00:00\",\"mainEntityOfPage\":{\"@id\":\"https:\\\/\\\/quehacerpolitico.mx\\\/?p=5660\"},\"wordCount\":1009,\"commentCount\":0,\"image\":{\"@id\":\"https:\\\/\\\/quehacerpolitico.mx\\\/?p=5660#primaryimage\"},\"thumbnailUrl\":\"\",\"articleSection\":[\"Noticias\"],\"inLanguage\":\"es\",\"potentialAction\":[{\"@type\":\"CommentAction\",\"name\":\"Comment\",\"target\":[\"https:\\\/\\\/quehacerpolitico.mx\\\/?p=5660#respond\"]}]},{\"@type\":\"WebPage\",\"@id\":\"https:\\\/\\\/quehacerpolitico.mx\\\/?p=5660\",\"url\":\"https:\\\/\\\/quehacerpolitico.mx\\\/?p=5660\",\"name\":\"La PGR confirma que no es broma: Javier Duarte podr\u00e1 salir en tres a\u00f1os. Las redes rechinan de ira -\",\"isPartOf\":{\"@id\":\"https:\\\/\\\/quehacerpolitico.mx\\\/#website\"},\"primaryImageOfPage\":{\"@id\":\"https:\\\/\\\/quehacerpolitico.mx\\\/?p=5660#primaryimage\"},\"image\":{\"@id\":\"https:\\\/\\\/quehacerpolitico.mx\\\/?p=5660#primaryimage\"},\"thumbnailUrl\":\"\",\"datePublished\":\"2018-09-27T23:57:05+00:00\",\"author\":{\"@id\":\"https:\\\/\\\/quehacerpolitico.mx\\\/#\\\/schema\\\/person\\\/496d8ad2d1d3f8036101dca7ee39e585\"},\"breadcrumb\":{\"@id\":\"https:\\\/\\\/quehacerpolitico.mx\\\/?p=5660#breadcrumb\"},\"inLanguage\":\"es\",\"potentialAction\":[{\"@type\":\"ReadAction\",\"target\":[\"https:\\\/\\\/quehacerpolitico.mx\\\/?p=5660\"]}]},{\"@type\":\"ImageObject\",\"inLanguage\":\"es\",\"@id\":\"https:\\\/\\\/quehacerpolitico.mx\\\/?p=5660#primaryimage\",\"url\":\"\",\"contentUrl\":\"\"},{\"@type\":\"BreadcrumbList\",\"@id\":\"https:\\\/\\\/quehacerpolitico.mx\\\/?p=5660#breadcrumb\",\"itemListElement\":[{\"@type\":\"ListItem\",\"position\":1,\"name\":\"Inicio\",\"item\":\"https:\\\/\\\/quehacerpolitico.mx\\\/\"},{\"@type\":\"ListItem\",\"position\":2,\"name\":\"La PGR confirma que no es broma: Javier Duarte podr\u00e1 salir en tres a\u00f1os. Las redes rechinan de ira\"}]},{\"@type\":\"WebSite\",\"@id\":\"https:\\\/\\\/quehacerpolitico.mx\\\/#website\",\"url\":\"https:\\\/\\\/quehacerpolitico.mx\\\/\",\"name\":\"\",\"description\":\"\",\"potentialAction\":[{\"@type\":\"SearchAction\",\"target\":{\"@type\":\"EntryPoint\",\"urlTemplate\":\"https:\\\/\\\/quehacerpolitico.mx\\\/?s={search_term_string}\"},\"query-input\":{\"@type\":\"PropertyValueSpecification\",\"valueRequired\":true,\"valueName\":\"search_term_string\"}}],\"inLanguage\":\"es\"},{\"@type\":\"Person\",\"@id\":\"https:\\\/\\\/quehacerpolitico.mx\\\/#\\\/schema\\\/person\\\/496d8ad2d1d3f8036101dca7ee39e585\",\"name\":\"Redacci\u00f3n QP\",\"image\":{\"@type\":\"ImageObject\",\"inLanguage\":\"es\",\"@id\":\"https:\\\/\\\/secure.gravatar.com\\\/avatar\\\/c7164ed6fdec453195284ad24a5ae5b6e1eed2b848477fa2a4787ba9adf39a41?s=96&d=mm&r=g\",\"url\":\"https:\\\/\\\/secure.gravatar.com\\\/avatar\\\/c7164ed6fdec453195284ad24a5ae5b6e1eed2b848477fa2a4787ba9adf39a41?s=96&d=mm&r=g\",\"contentUrl\":\"https:\\\/\\\/secure.gravatar.com\\\/avatar\\\/c7164ed6fdec453195284ad24a5ae5b6e1eed2b848477fa2a4787ba9adf39a41?s=96&d=mm&r=g\",\"caption\":\"Redacci\u00f3n QP\"},\"url\":\"https:\\\/\\\/quehacerpolitico.mx\\\/?author=2\"}]}<\/script>\n<!-- \/ Yoast SEO plugin. -->","yoast_head_json":{"title":"La PGR confirma que no es broma: Javier Duarte podr\u00e1 salir en tres a\u00f1os. Las redes rechinan de ira -","robots":{"index":"index","follow":"follow","max-snippet":"max-snippet:-1","max-image-preview":"max-image-preview:large","max-video-preview":"max-video-preview:-1"},"canonical":"https:\/\/quehacerpolitico.mx\/?p=5660","og_locale":"es_MX","og_type":"article","og_title":"La PGR confirma que no es broma: Javier Duarte podr\u00e1 salir en tres a\u00f1os. Las redes rechinan de ira -","og_description":"La PGR confirma que no es broma: Javier Duarte podr\u00e1 salir en tres a\u00f1os. Las redes rechinan de ira Por Redacci\u00f3n QP","og_url":"https:\/\/quehacerpolitico.mx\/?p=5660","article_published_time":"2018-09-27T23:57:05+00:00","author":"Redacci\u00f3n QP","twitter_card":"summary_large_image","twitter_misc":{"Escrito por":"Redacci\u00f3n QP","Tiempo de lectura":"5 minutos"},"schema":{"@context":"https:\/\/schema.org","@graph":[{"@type":"Article","@id":"https:\/\/quehacerpolitico.mx\/?p=5660#article","isPartOf":{"@id":"https:\/\/quehacerpolitico.mx\/?p=5660"},"author":{"name":"Redacci\u00f3n QP","@id":"https:\/\/quehacerpolitico.mx\/#\/schema\/person\/496d8ad2d1d3f8036101dca7ee39e585"},"headline":"La PGR confirma que no es broma: Javier Duarte podr\u00e1 salir en tres a\u00f1os. Las redes rechinan de ira","datePublished":"2018-09-27T23:57:05+00:00","mainEntityOfPage":{"@id":"https:\/\/quehacerpolitico.mx\/?p=5660"},"wordCount":1009,"commentCount":0,"image":{"@id":"https:\/\/quehacerpolitico.mx\/?p=5660#primaryimage"},"thumbnailUrl":"","articleSection":["Noticias"],"inLanguage":"es","potentialAction":[{"@type":"CommentAction","name":"Comment","target":["https:\/\/quehacerpolitico.mx\/?p=5660#respond"]}]},{"@type":"WebPage","@id":"https:\/\/quehacerpolitico.mx\/?p=5660","url":"https:\/\/quehacerpolitico.mx\/?p=5660","name":"La PGR confirma que no es broma: Javier Duarte podr\u00e1 salir en tres a\u00f1os. Las redes rechinan de ira -","isPartOf":{"@id":"https:\/\/quehacerpolitico.mx\/#website"},"primaryImageOfPage":{"@id":"https:\/\/quehacerpolitico.mx\/?p=5660#primaryimage"},"image":{"@id":"https:\/\/quehacerpolitico.mx\/?p=5660#primaryimage"},"thumbnailUrl":"","datePublished":"2018-09-27T23:57:05+00:00","author":{"@id":"https:\/\/quehacerpolitico.mx\/#\/schema\/person\/496d8ad2d1d3f8036101dca7ee39e585"},"breadcrumb":{"@id":"https:\/\/quehacerpolitico.mx\/?p=5660#breadcrumb"},"inLanguage":"es","potentialAction":[{"@type":"ReadAction","target":["https:\/\/quehacerpolitico.mx\/?p=5660"]}]},{"@type":"ImageObject","inLanguage":"es","@id":"https:\/\/quehacerpolitico.mx\/?p=5660#primaryimage","url":"","contentUrl":""},{"@type":"BreadcrumbList","@id":"https:\/\/quehacerpolitico.mx\/?p=5660#breadcrumb","itemListElement":[{"@type":"ListItem","position":1,"name":"Inicio","item":"https:\/\/quehacerpolitico.mx\/"},{"@type":"ListItem","position":2,"name":"La PGR confirma que no es broma: Javier Duarte podr\u00e1 salir en tres a\u00f1os. Las redes rechinan de ira"}]},{"@type":"WebSite","@id":"https:\/\/quehacerpolitico.mx\/#website","url":"https:\/\/quehacerpolitico.mx\/","name":"","description":"","potentialAction":[{"@type":"SearchAction","target":{"@type":"EntryPoint","urlTemplate":"https:\/\/quehacerpolitico.mx\/?s={search_term_string}"},"query-input":{"@type":"PropertyValueSpecification","valueRequired":true,"valueName":"search_term_string"}}],"inLanguage":"es"},{"@type":"Person","@id":"https:\/\/quehacerpolitico.mx\/#\/schema\/person\/496d8ad2d1d3f8036101dca7ee39e585","name":"Redacci\u00f3n QP","image":{"@type":"ImageObject","inLanguage":"es","@id":"https:\/\/secure.gravatar.com\/avatar\/c7164ed6fdec453195284ad24a5ae5b6e1eed2b848477fa2a4787ba9adf39a41?s=96&d=mm&r=g","url":"https:\/\/secure.gravatar.com\/avatar\/c7164ed6fdec453195284ad24a5ae5b6e1eed2b848477fa2a4787ba9adf39a41?s=96&d=mm&r=g","contentUrl":"https:\/\/secure.gravatar.com\/avatar\/c7164ed6fdec453195284ad24a5ae5b6e1eed2b848477fa2a4787ba9adf39a41?s=96&d=mm&r=g","caption":"Redacci\u00f3n QP"},"url":"https:\/\/quehacerpolitico.mx\/?author=2"}]}},"featured_image_urls":{"full":"","thumbnail":"","medium":"","medium_large":"","large":"","1536x1536":"","2048x2048":"","covernews-featured":"","covernews-medium":""},"author_info":{"display_name":"Redacci\u00f3n QP","author_link":"https:\/\/quehacerpolitico.mx\/?author=2"},"category_info":"<a href=\"https:\/\/quehacerpolitico.mx\/?cat=2\" rel=\"category\">Noticias<\/a>","tag_info":"Noticias","comment_count":"0","_links":{"self":[{"href":"https:\/\/quehacerpolitico.mx\/index.php?rest_route=\/wp\/v2\/posts\/5660","targetHints":{"allow":["GET"]}}],"collection":[{"href":"https:\/\/quehacerpolitico.mx\/index.php?rest_route=\/wp\/v2\/posts"}],"about":[{"href":"https:\/\/quehacerpolitico.mx\/index.php?rest_route=\/wp\/v2\/types\/post"}],"author":[{"embeddable":true,"href":"https:\/\/quehacerpolitico.mx\/index.php?rest_route=\/wp\/v2\/users\/2"}],"replies":[{"embeddable":true,"href":"https:\/\/quehacerpolitico.mx\/index.php?rest_route=%2Fwp%2Fv2%2Fcomments&post=5660"}],"version-history":[{"count":0,"href":"https:\/\/quehacerpolitico.mx\/index.php?rest_route=\/wp\/v2\/posts\/5660\/revisions"}],"wp:featuredmedia":[{"embeddable":true,"href":"https:\/\/quehacerpolitico.mx\/index.php?rest_route=\/"}],"wp:attachment":[{"href":"https:\/\/quehacerpolitico.mx\/index.php?rest_route=%2Fwp%2Fv2%2Fmedia&parent=5660"}],"wp:term":[{"taxonomy":"category","embeddable":true,"href":"https:\/\/quehacerpolitico.mx\/index.php?rest_route=%2Fwp%2Fv2%2Fcategories&post=5660"},{"taxonomy":"post_tag","embeddable":true,"href":"https:\/\/quehacerpolitico.mx\/index.php?rest_route=%2Fwp%2Fv2%2Ftags&post=5660"}],"curies":[{"name":"wp","href":"https:\/\/api.w.org\/{rel}","templated":true}]}}