{"id":5658,"date":"2018-09-27T23:45:23","date_gmt":"2018-09-27T23:45:23","guid":{"rendered":"http:\/\/quehacerpolitico.mx\/yunes-insiste-en-que-la-sre-pida-a-guatemala-incluir-delito-de-desaparicion-forzada-contra-javier-duarte\/"},"modified":"2018-09-27T23:45:23","modified_gmt":"2018-09-27T23:45:23","slug":"yunes-insiste-en-que-la-sre-pida-a-guatemala-incluir-delito-de-desaparicion-forzada-contra-javier-duarte","status":"publish","type":"post","link":"https:\/\/quehacerpolitico.mx\/?p=5658","title":{"rendered":"Yunes insiste en que la SRE pida a Guatemala incluir delito de desaparici\u00f3n forzada contra Javier Duarte"},"content":{"rendered":"<h3>Un juez\u00a0conden\u00f3 ayer a Javier Duarte a una pena de 9 a\u00f1os de prisi\u00f3n y una multa de 58 mil 890 pesos. El ex mandatario tambi\u00e9n debe entregar 21 terrenos ubicados en Campeche y 20 propiedades: 4 departamentos en Ixtapa y 9 inmuebles en la Ciudad de M\u00e9xico, que incluyen tres departamentos en Bosques de Santa Fe, un edificio en Lomas de Chapultepec y dos departamentos en Polanco.<\/h3>\n<h3>Miguel \u00c1ngel Yunes dijo que aunque el decomiso de bienes se tom\u00f3 como reparaci\u00f3n de da\u00f1o, para el Gobierno veracruzano no es una reparaci\u00f3n ya que \u201ces apenas una parte de lo que se robaron\u201d.<\/h3>\n<p>El Gobernador de Veracruz, <strong>Miguel \u00c1ngel Yunes Linares<\/strong>, insisti\u00f3 esta tarde en que la Secretar\u00eda de Relaciones Exteriores (<strong>SRE<\/strong>) solicite al Gobierno de <strong>Guatemala<\/strong> que autorice que se proceda contra<strong>Javier Duarte<\/strong> de Ochoa por el delito de<strong>desaparici\u00f3n forzada<\/strong>. Tambi\u00e9n le pidi\u00f3 que acelere el proceso de detenci\u00f3n y extradici\u00f3n de <strong>Karime Mac\u00edas<\/strong>.<\/p>\n<p>Ayer, Javier Duarte se declar\u00f3 culpable de los delitos de lavado de dinero y asociaci\u00f3n delictuosa para obtener as\u00ed una reducci\u00f3n de la sentencia en su contra. Esto fue posible gracias a la negociaci\u00f3n entre la PGR y el ex mandatario para pedir un procedimiento abreviado.<\/p>\n<p>El Juez de Control del Centro de Justicia Penal Federal del Reclusorio Norte, Marco Antonio Fuerte Tapia, conden\u00f3 a Javier Duarte a una pena de 9 a\u00f1os de prisi\u00f3n y una multa de 58 mil 890 pesos. Y deber\u00e1 entregar 21 terrenos ubicados en Campeche y 20 propiedades: 4 departamentos en Ixtapa y 9 inmuebles en la Ciudad de M\u00e9xico, que incluyen tres departamentos en Bosques de Santa Fe, un edificio en Lomas de Chapultepec y dos departamentos en Polanco.<\/p>\n<blockquote>\n<p>\u201cDemandamos a la Secretar\u00eda de Relaciones Exteriores para que acelere el tr\u00e1mite, iniciado en mayo, para que Guatemala autorice el proceder contra Duarte por el delito de desaparici\u00f3n forzada\u201d, dijo.<\/p>\n<\/blockquote>\n<p>Tambi\u00e9n dijo que el Gobierno de Veracruz demanda \u201cque se obtengan \u00f3rdenes de aprehensi\u00f3n en contra de los dem\u00e1s integrantes de la banda. Es un delito que cometi\u00f3 con la complicidad de varios m\u00e1s\u201d.<\/p>\n<blockquote>\n<p>\u201cConminamos a la SRE a que acelere el proceso de extradici\u00f3n para que sea presentada Karime Mac\u00edas, contra quien pesa una orden de aprehensi\u00f3n por fraude\u201d, pidi\u00f3 el mandatario estatal.<\/p>\n<p>Yunes Linares asegur\u00f3 que \u201cno habr\u00e1 perd\u00f3n ni olvido para quienes llevaron a Veracruz a la mayor crisis de su historia. Pasar\u00e1n muchos a\u00f1os para que Duarte salga de prisi\u00f3n\u201d.<\/p>\n<\/blockquote>\n<p>Dijo que aunque el decomiso de bienes se tom\u00f3 como reparaci\u00f3n de da\u00f1o, para el Gobierno veracruzano no es una reparaci\u00f3n ya que \u201ces apenas una parte de lo que se robaron\u201d.<\/p>\n<p>Esta ma\u00f1ana, Felipe de Jes\u00fas Mu\u00f1oz V\u00e1zquez, titular de la Subprocuradur\u00eda Jur\u00eddica y de Asuntos Internacionales de la PGR, confirm\u00f3 lo que desde anoche se sabe: que en tres a\u00f1os Javier Duarte podr\u00eda salir de prisi\u00f3n. Dijo que podr\u00eda gozar de alg\u00fan beneficio cuando cumpla cuatro a\u00f1os y medio de condena, que incluyen el a\u00f1o y cinco meses que ya lleva encarcelado.<\/p>\n<p>\u201cSon de 9 a\u00f1os, en cuatro a\u00f1os y medio podr\u00e1 tener beneficios\u201d, dijo esta ma\u00f1ana en conferencia.<\/p>\n<p>Tambi\u00e9n destac\u00f3 que la Procuradur\u00eda \u201cno est\u00e1 satisfecha con la condena\u201d\u2026 aunque es por un acuerdo con la propia Procuradur\u00eda que el pol\u00edtico priista podr\u00e1 quedar en libertad.<\/p>\n<p>\u201cFinalmente cuando nos topamos con casos como este nunca estaremos satisfechos, pero la Ley mandata beneficios\u201d, dijo.<\/p>\n<p>De acuerdo con la Ley Nacional de Ejecuci\u00f3n Penal, el ex Gobernador podr\u00e1 pedir su libertad bajo supervisi\u00f3n cuando cumpla la mitad de su pena, adem\u00e1s se deben tomar en cuenta el a\u00f1o y cinco meses que lleva en prisi\u00f3n, desde el 15 de abril de 2017.<\/p>\n","protected":false},"excerpt":{"rendered":"<p>Yunes insiste en que la SRE pida a Guatemala incluir delito de desaparici\u00f3n forzada contra Javier Duarte<br \/>\nPor Redacci\u00f3n QP<\/p>\n","protected":false},"author":2,"featured_media":5657,"comment_status":"open","ping_status":"open","sticky":false,"template":"","format":"standard","meta":{"_monsterinsights_skip_tracking":false,"_monsterinsights_sitenote_active":false,"_monsterinsights_sitenote_note":"","_monsterinsights_sitenote_category":0,"footnotes":""},"categories":[2],"tags":[],"class_list":["post-5658","post","type-post","status-publish","format-standard","has-post-thumbnail","hentry","category-noticias"],"yoast_head":"<!-- This site is optimized with the Yoast SEO plugin v27.3 - https:\/\/yoast.com\/product\/yoast-seo-wordpress\/ -->\n<title>Yunes insiste en que la SRE pida a Guatemala incluir delito de desaparici\u00f3n forzada contra Javier Duarte -<\/title>\n<meta name=\"robots\" content=\"index, follow, max-snippet:-1, max-image-preview:large, max-video-preview:-1\" \/>\n<link rel=\"canonical\" href=\"https:\/\/quehacerpolitico.mx\/?p=5658\" \/>\n<meta property=\"og:locale\" content=\"es_MX\" \/>\n<meta property=\"og:type\" content=\"article\" \/>\n<meta property=\"og:title\" content=\"Yunes insiste en que la SRE pida a Guatemala incluir delito de desaparici\u00f3n forzada contra Javier Duarte -\" \/>\n<meta property=\"og:description\" content=\"Yunes insiste en que la SRE pida a Guatemala incluir delito de desaparici\u00f3n forzada contra Javier Duarte Por Redacci\u00f3n QP\" \/>\n<meta property=\"og:url\" content=\"https:\/\/quehacerpolitico.mx\/?p=5658\" \/>\n<meta property=\"article:published_time\" content=\"2018-09-27T23:45:23+00:00\" \/>\n<meta name=\"author\" content=\"Redacci\u00f3n QP\" \/>\n<meta name=\"twitter:card\" content=\"summary_large_image\" \/>\n<meta name=\"twitter:label1\" content=\"Escrito por\" \/>\n\t<meta name=\"twitter:data1\" content=\"Redacci\u00f3n QP\" \/>\n\t<meta name=\"twitter:label2\" content=\"Tiempo de lectura\" \/>\n\t<meta name=\"twitter:data2\" content=\"3 minutos\" \/>\n<script type=\"application\/ld+json\" class=\"yoast-schema-graph\">{\"@context\":\"https:\\\/\\\/schema.org\",\"@graph\":[{\"@type\":\"Article\",\"@id\":\"https:\\\/\\\/quehacerpolitico.mx\\\/?p=5658#article\",\"isPartOf\":{\"@id\":\"https:\\\/\\\/quehacerpolitico.mx\\\/?p=5658\"},\"author\":{\"name\":\"Redacci\u00f3n QP\",\"@id\":\"https:\\\/\\\/quehacerpolitico.mx\\\/#\\\/schema\\\/person\\\/496d8ad2d1d3f8036101dca7ee39e585\"},\"headline\":\"Yunes insiste en que la SRE pida a Guatemala incluir delito de desaparici\u00f3n forzada contra Javier Duarte\",\"datePublished\":\"2018-09-27T23:45:23+00:00\",\"mainEntityOfPage\":{\"@id\":\"https:\\\/\\\/quehacerpolitico.mx\\\/?p=5658\"},\"wordCount\":671,\"commentCount\":0,\"image\":{\"@id\":\"https:\\\/\\\/quehacerpolitico.mx\\\/?p=5658#primaryimage\"},\"thumbnailUrl\":\"\",\"articleSection\":[\"Noticias\"],\"inLanguage\":\"es\",\"potentialAction\":[{\"@type\":\"CommentAction\",\"name\":\"Comment\",\"target\":[\"https:\\\/\\\/quehacerpolitico.mx\\\/?p=5658#respond\"]}]},{\"@type\":\"WebPage\",\"@id\":\"https:\\\/\\\/quehacerpolitico.mx\\\/?p=5658\",\"url\":\"https:\\\/\\\/quehacerpolitico.mx\\\/?p=5658\",\"name\":\"Yunes insiste en que la SRE pida a Guatemala incluir delito de desaparici\u00f3n forzada contra Javier Duarte -\",\"isPartOf\":{\"@id\":\"https:\\\/\\\/quehacerpolitico.mx\\\/#website\"},\"primaryImageOfPage\":{\"@id\":\"https:\\\/\\\/quehacerpolitico.mx\\\/?p=5658#primaryimage\"},\"image\":{\"@id\":\"https:\\\/\\\/quehacerpolitico.mx\\\/?p=5658#primaryimage\"},\"thumbnailUrl\":\"\",\"datePublished\":\"2018-09-27T23:45:23+00:00\",\"author\":{\"@id\":\"https:\\\/\\\/quehacerpolitico.mx\\\/#\\\/schema\\\/person\\\/496d8ad2d1d3f8036101dca7ee39e585\"},\"breadcrumb\":{\"@id\":\"https:\\\/\\\/quehacerpolitico.mx\\\/?p=5658#breadcrumb\"},\"inLanguage\":\"es\",\"potentialAction\":[{\"@type\":\"ReadAction\",\"target\":[\"https:\\\/\\\/quehacerpolitico.mx\\\/?p=5658\"]}]},{\"@type\":\"ImageObject\",\"inLanguage\":\"es\",\"@id\":\"https:\\\/\\\/quehacerpolitico.mx\\\/?p=5658#primaryimage\",\"url\":\"\",\"contentUrl\":\"\"},{\"@type\":\"BreadcrumbList\",\"@id\":\"https:\\\/\\\/quehacerpolitico.mx\\\/?p=5658#breadcrumb\",\"itemListElement\":[{\"@type\":\"ListItem\",\"position\":1,\"name\":\"Inicio\",\"item\":\"https:\\\/\\\/quehacerpolitico.mx\\\/\"},{\"@type\":\"ListItem\",\"position\":2,\"name\":\"Yunes insiste en que la SRE pida a Guatemala incluir delito de desaparici\u00f3n forzada contra Javier Duarte\"}]},{\"@type\":\"WebSite\",\"@id\":\"https:\\\/\\\/quehacerpolitico.mx\\\/#website\",\"url\":\"https:\\\/\\\/quehacerpolitico.mx\\\/\",\"name\":\"\",\"description\":\"\",\"potentialAction\":[{\"@type\":\"SearchAction\",\"target\":{\"@type\":\"EntryPoint\",\"urlTemplate\":\"https:\\\/\\\/quehacerpolitico.mx\\\/?s={search_term_string}\"},\"query-input\":{\"@type\":\"PropertyValueSpecification\",\"valueRequired\":true,\"valueName\":\"search_term_string\"}}],\"inLanguage\":\"es\"},{\"@type\":\"Person\",\"@id\":\"https:\\\/\\\/quehacerpolitico.mx\\\/#\\\/schema\\\/person\\\/496d8ad2d1d3f8036101dca7ee39e585\",\"name\":\"Redacci\u00f3n QP\",\"image\":{\"@type\":\"ImageObject\",\"inLanguage\":\"es\",\"@id\":\"https:\\\/\\\/secure.gravatar.com\\\/avatar\\\/c7164ed6fdec453195284ad24a5ae5b6e1eed2b848477fa2a4787ba9adf39a41?s=96&d=mm&r=g\",\"url\":\"https:\\\/\\\/secure.gravatar.com\\\/avatar\\\/c7164ed6fdec453195284ad24a5ae5b6e1eed2b848477fa2a4787ba9adf39a41?s=96&d=mm&r=g\",\"contentUrl\":\"https:\\\/\\\/secure.gravatar.com\\\/avatar\\\/c7164ed6fdec453195284ad24a5ae5b6e1eed2b848477fa2a4787ba9adf39a41?s=96&d=mm&r=g\",\"caption\":\"Redacci\u00f3n QP\"},\"url\":\"https:\\\/\\\/quehacerpolitico.mx\\\/?author=2\"}]}<\/script>\n<!-- \/ Yoast SEO plugin. -->","yoast_head_json":{"title":"Yunes insiste en que la SRE pida a Guatemala incluir delito de desaparici\u00f3n forzada contra Javier Duarte -","robots":{"index":"index","follow":"follow","max-snippet":"max-snippet:-1","max-image-preview":"max-image-preview:large","max-video-preview":"max-video-preview:-1"},"canonical":"https:\/\/quehacerpolitico.mx\/?p=5658","og_locale":"es_MX","og_type":"article","og_title":"Yunes insiste en que la SRE pida a Guatemala incluir delito de desaparici\u00f3n forzada contra Javier Duarte -","og_description":"Yunes insiste en que la SRE pida a Guatemala incluir delito de desaparici\u00f3n forzada contra Javier Duarte Por Redacci\u00f3n QP","og_url":"https:\/\/quehacerpolitico.mx\/?p=5658","article_published_time":"2018-09-27T23:45:23+00:00","author":"Redacci\u00f3n QP","twitter_card":"summary_large_image","twitter_misc":{"Escrito por":"Redacci\u00f3n QP","Tiempo de lectura":"3 minutos"},"schema":{"@context":"https:\/\/schema.org","@graph":[{"@type":"Article","@id":"https:\/\/quehacerpolitico.mx\/?p=5658#article","isPartOf":{"@id":"https:\/\/quehacerpolitico.mx\/?p=5658"},"author":{"name":"Redacci\u00f3n QP","@id":"https:\/\/quehacerpolitico.mx\/#\/schema\/person\/496d8ad2d1d3f8036101dca7ee39e585"},"headline":"Yunes insiste en que la SRE pida a Guatemala incluir delito de desaparici\u00f3n forzada contra Javier Duarte","datePublished":"2018-09-27T23:45:23+00:00","mainEntityOfPage":{"@id":"https:\/\/quehacerpolitico.mx\/?p=5658"},"wordCount":671,"commentCount":0,"image":{"@id":"https:\/\/quehacerpolitico.mx\/?p=5658#primaryimage"},"thumbnailUrl":"","articleSection":["Noticias"],"inLanguage":"es","potentialAction":[{"@type":"CommentAction","name":"Comment","target":["https:\/\/quehacerpolitico.mx\/?p=5658#respond"]}]},{"@type":"WebPage","@id":"https:\/\/quehacerpolitico.mx\/?p=5658","url":"https:\/\/quehacerpolitico.mx\/?p=5658","name":"Yunes insiste en que la SRE pida a Guatemala incluir delito de desaparici\u00f3n forzada contra Javier Duarte -","isPartOf":{"@id":"https:\/\/quehacerpolitico.mx\/#website"},"primaryImageOfPage":{"@id":"https:\/\/quehacerpolitico.mx\/?p=5658#primaryimage"},"image":{"@id":"https:\/\/quehacerpolitico.mx\/?p=5658#primaryimage"},"thumbnailUrl":"","datePublished":"2018-09-27T23:45:23+00:00","author":{"@id":"https:\/\/quehacerpolitico.mx\/#\/schema\/person\/496d8ad2d1d3f8036101dca7ee39e585"},"breadcrumb":{"@id":"https:\/\/quehacerpolitico.mx\/?p=5658#breadcrumb"},"inLanguage":"es","potentialAction":[{"@type":"ReadAction","target":["https:\/\/quehacerpolitico.mx\/?p=5658"]}]},{"@type":"ImageObject","inLanguage":"es","@id":"https:\/\/quehacerpolitico.mx\/?p=5658#primaryimage","url":"","contentUrl":""},{"@type":"BreadcrumbList","@id":"https:\/\/quehacerpolitico.mx\/?p=5658#breadcrumb","itemListElement":[{"@type":"ListItem","position":1,"name":"Inicio","item":"https:\/\/quehacerpolitico.mx\/"},{"@type":"ListItem","position":2,"name":"Yunes insiste en que la SRE pida a Guatemala incluir delito de desaparici\u00f3n forzada contra Javier Duarte"}]},{"@type":"WebSite","@id":"https:\/\/quehacerpolitico.mx\/#website","url":"https:\/\/quehacerpolitico.mx\/","name":"","description":"","potentialAction":[{"@type":"SearchAction","target":{"@type":"EntryPoint","urlTemplate":"https:\/\/quehacerpolitico.mx\/?s={search_term_string}"},"query-input":{"@type":"PropertyValueSpecification","valueRequired":true,"valueName":"search_term_string"}}],"inLanguage":"es"},{"@type":"Person","@id":"https:\/\/quehacerpolitico.mx\/#\/schema\/person\/496d8ad2d1d3f8036101dca7ee39e585","name":"Redacci\u00f3n QP","image":{"@type":"ImageObject","inLanguage":"es","@id":"https:\/\/secure.gravatar.com\/avatar\/c7164ed6fdec453195284ad24a5ae5b6e1eed2b848477fa2a4787ba9adf39a41?s=96&d=mm&r=g","url":"https:\/\/secure.gravatar.com\/avatar\/c7164ed6fdec453195284ad24a5ae5b6e1eed2b848477fa2a4787ba9adf39a41?s=96&d=mm&r=g","contentUrl":"https:\/\/secure.gravatar.com\/avatar\/c7164ed6fdec453195284ad24a5ae5b6e1eed2b848477fa2a4787ba9adf39a41?s=96&d=mm&r=g","caption":"Redacci\u00f3n QP"},"url":"https:\/\/quehacerpolitico.mx\/?author=2"}]}},"featured_image_urls":{"full":"","thumbnail":"","medium":"","medium_large":"","large":"","1536x1536":"","2048x2048":"","covernews-featured":"","covernews-medium":""},"author_info":{"display_name":"Redacci\u00f3n QP","author_link":"https:\/\/quehacerpolitico.mx\/?author=2"},"category_info":"<a href=\"https:\/\/quehacerpolitico.mx\/?cat=2\" rel=\"category\">Noticias<\/a>","tag_info":"Noticias","comment_count":"0","_links":{"self":[{"href":"https:\/\/quehacerpolitico.mx\/index.php?rest_route=\/wp\/v2\/posts\/5658","targetHints":{"allow":["GET"]}}],"collection":[{"href":"https:\/\/quehacerpolitico.mx\/index.php?rest_route=\/wp\/v2\/posts"}],"about":[{"href":"https:\/\/quehacerpolitico.mx\/index.php?rest_route=\/wp\/v2\/types\/post"}],"author":[{"embeddable":true,"href":"https:\/\/quehacerpolitico.mx\/index.php?rest_route=\/wp\/v2\/users\/2"}],"replies":[{"embeddable":true,"href":"https:\/\/quehacerpolitico.mx\/index.php?rest_route=%2Fwp%2Fv2%2Fcomments&post=5658"}],"version-history":[{"count":0,"href":"https:\/\/quehacerpolitico.mx\/index.php?rest_route=\/wp\/v2\/posts\/5658\/revisions"}],"wp:featuredmedia":[{"embeddable":true,"href":"https:\/\/quehacerpolitico.mx\/index.php?rest_route=\/"}],"wp:attachment":[{"href":"https:\/\/quehacerpolitico.mx\/index.php?rest_route=%2Fwp%2Fv2%2Fmedia&parent=5658"}],"wp:term":[{"taxonomy":"category","embeddable":true,"href":"https:\/\/quehacerpolitico.mx\/index.php?rest_route=%2Fwp%2Fv2%2Fcategories&post=5658"},{"taxonomy":"post_tag","embeddable":true,"href":"https:\/\/quehacerpolitico.mx\/index.php?rest_route=%2Fwp%2Fv2%2Ftags&post=5658"}],"curies":[{"name":"wp","href":"https:\/\/api.w.org\/{rel}","templated":true}]}}