{"id":5656,"date":"2018-09-27T22:47:26","date_gmt":"2018-09-27T22:47:26","guid":{"rendered":"http:\/\/quehacerpolitico.mx\/senador-del-pan-se-disculpa-con-la-joven-aludida-en-su-chat-misogino-espero-saludarte-le-dice\/"},"modified":"2018-09-27T22:47:26","modified_gmt":"2018-09-27T22:47:26","slug":"senador-del-pan-se-disculpa-con-la-joven-aludida-en-su-chat-misogino-espero-saludarte-le-dice","status":"publish","type":"post","link":"https:\/\/quehacerpolitico.mx\/?p=5656","title":{"rendered":"Senador del PAN se disculpa con la joven aludida en su chat mis\u00f3gino; \u201cespero saludarte\u201d, le dice"},"content":{"rendered":"<h3>El hermano del Gobernador de Tamaulipas dijo que los hechos le generaron \u201cuna gran lecci\u00f3n\u201d y pidi\u00f3 disculpas a la joven afectada. A\u00f1adi\u00f3 que espera saludar a la mujer para reiterarle su pedido perd\u00f3n.<\/h3>\n<h3>La difusi\u00f3n de las im\u00e1genes provoc\u00f3 la indignaci\u00f3n de legisladores, activistas, usuarios de redes sociales y periodistas, quienes exigieron una investigaci\u00f3n sobre la posible participaci\u00f3n de Garc\u00eda Cabeza de Vaca en redes de trata, as\u00ed como sanciones por su actuar.<\/h3>\n<p><strong>Ismael Garc\u00eda Cabeza de Vaca<\/strong>, Senador del Partido Acci\u00f3n Nacional (PAN), pidi\u00f3 una disculpa a la joven sobre la cual refiri\u00f3 comentarios de tinte sexual en una conversaci\u00f3n por tel\u00e9fono celular.<\/p>\n<p>Durante una conferencia en la sede del <strong>Senado<\/strong>, el <strong>legislador de Acci\u00f3n Nacional<\/strong> dijo que espera saludar a la joven de 20 a\u00f1os para reiterarle su pedido de disculpas.<\/p>\n<blockquote>\n<p>\u201cHe visto sus intervenciones en los medios de comunicaci\u00f3n y le manifiesto todo mi respeto y mi admiraci\u00f3n por su madurez e independencia. Espero tener la oportunidad de saludarte y decirte esto personalmente. \u201d, apunt\u00f3.<\/p>\n<p>El hermano del Gobernador de Tamaulipas dijo que los hechos le generaron \u201cuna gran lecci\u00f3n sobre el respeto absoluto de que, tanto en lo p\u00fablico como en lo privado, debemos tener tender, invariablemente, hacia la madurez\u201d.<\/p>\n<p>Garc\u00eda Cabeza de Vaca tambi\u00e9n \u201cagradeci\u00f3\u201d los comentarios, consejos y reproches de sus compa\u00f1eros legisladores luego que se difundiera una serie de fotos en la que fue captado \u201ctexteando\u201d y refiriendo comentarios de contenido sexual en contra de la joven.<\/p>\n<blockquote>\n<p>En las capturas fotogr\u00e1ficas se ve la pantalla del tel\u00e9fono celular del Senador, y una fotograf\u00eda de la mujer acompa\u00f1ada del siguiente mensaje: \u201cP\u00e1same el cel del padrote, no seas gacho\u201d.<\/p>\n<\/blockquote>\n<div id=\"attachment_3477188\" class=\"wp-caption alignnone\"><img loading=\"lazy\" decoding=\"async\" class=\"size-full wp-image-3477188\" src=\"http:\/\/www.sinembargo.mx\/wp-content\/uploads\/2018\/09\/mensajes_senador-3_2-2-1.jpg\" sizes=\"auto, (max-width: 700px) 100vw, 700px\" srcset=\"http:\/\/www.sinembargo.mx\/wp-content\/uploads\/2018\/09\/mensajes_senador-3_2-2-1.jpg 700w, http:\/\/www.sinembargo.mx\/wp-content\/uploads\/2018\/09\/mensajes_senador-3_2-2-1-300x158.jpg 300w\" alt=\"\" width=\"700\" height=\"369\" \/><\/p>\n<p class=\"wp-caption-text\">El martes por la noche, Garc\u00eda Cabeza de Vaca public\u00f3 una \u201csincera disculpa\u201d. Foto: Cuartoscuro.<\/p>\n<\/div>\n<p>El legislador, incluido en el chat \u201cThree Amigos\u201d, respondi\u00f3 \u201cya somos 2\u2033, despu\u00e9s de que un sujeto, identificado como \u201cManito\u201d, dijera que ya se quer\u00eda \u201czumbar\u201d a la mujer de la imagen. Luego un emoji de un marrano trompudo\u2026<\/p>\n<p>La difusi\u00f3n de las im\u00e1genes provoc\u00f3 la indignaci\u00f3n de legisladores, activistas, usuarios de redes sociales y periodistas, quienes exigieron una investigaci\u00f3n sobre la posible participaci\u00f3n de Garc\u00eda Cabeza de Vaca en redes de trata, as\u00ed como sanciones por su actuar.<\/p>\n<p>Tras el hecho, el panista se disculp\u00f3 en su cuenta de Facebook, donde escribi\u00f3 que \u201cno deb\u00ed participar en una conversaci\u00f3n claramente mis\u00f3gina\u201d.<\/p>\n<blockquote class=\"twitter-tweet\" data-width=\"550\" data-dnt=\"true\">\n<p lang=\"es\" dir=\"ltr\">Ofrezco una sincera disculpa por la forma ofensiva en la que me expres\u00e9 en una comunicaci\u00f3n privada durante la sesi\u00f3n del Senado  No deb\u00ed participar en una conversaci\u00f3n claramente mis\u00f3gina, mucho menos con esas palabras M\u00e1s all\u00e1 de una broma inapropiada, nunca tuve otra intenci\u00f3n<\/p>\n<p>&mdash; Ismael Cabeza de Vaca (@IGCabezadeVaca) <a href=\"https:\/\/twitter.com\/IGCabezadeVaca\/status\/1044770639255662592?ref_src=twsrc%5Etfw\">September 26, 2018<\/a><\/p><\/blockquote>\n<p><script async src=\"https:\/\/platform.twitter.com\/widgets.js\" charset=\"utf-8\"><\/script><\/p>\n<p>Adem\u00e1s, calific\u00f3 su actuar como \u201cuna broma inapropiada, nunca tuve otra intenci\u00f3n\u201d.<\/p>\n<blockquote class=\"twitter-tweet\" data-width=\"550\" data-dnt=\"true\">\n<p lang=\"es\" dir=\"ltr\">Estimada Fernanda Moreno,<br \/>Escuch\u00e9 la entrevista que le diste a Azucena Uresti sobre la situaci\u00f3n en la que mi imprudencia te ha colocado. Tienes raz\u00f3n, eres la primera persona a quien deb\u00ed ofrecer una disculpa y quiero hacerlo p\u00fablicamente&#8230;<a href=\"https:\/\/t.co\/IwWLAylOnY\">https:\/\/t.co\/IwWLAylOnY<\/a> <a href=\"https:\/\/t.co\/Kng4VW9arn\">pic.twitter.com\/Kng4VW9arn<\/a><\/p>\n<p>&mdash; Ismael Cabeza de Vaca (@IGCabezadeVaca) <a href=\"https:\/\/twitter.com\/IGCabezadeVaca\/status\/1045381038057426946?ref_src=twsrc%5Etfw\">September 27, 2018<\/a><\/p><\/blockquote>\n<p><script async src=\"https:\/\/platform.twitter.com\/widgets.js\" charset=\"utf-8\"><\/script><\/p>\n<p>Hasta el momento, el PAN no ha informado si sancionar\u00e1 al legislador.<\/p>\n<p>Por su parte, la joven, quien tambi\u00e9n es estudiante, dijo a <em>El Financiero<\/em> que \u201cse me hace como muy indignante hacia mi persona\u201d, y agreg\u00f3 que \u201cme sorprendi\u00f3 mucho que nuestros senadores est\u00e9n tocando estos temas, est\u00e1n viendo este tipo de cosas en momentos tan importantes\u201d.<\/p>\n<blockquote class=\"twitter-tweet\" data-width=\"550\" data-dnt=\"true\">\n<p lang=\"es\" dir=\"ltr\">\u25b6 VIDEO | El panista Ismael Garc\u00eda Cabeza de Vaca ofrece disculpa p\u00fablica a Fernanda Moreno por el esc\u00e1ndalo del chat sexual: &quot;no tengo el gusto de conocerla&quot; <a href=\"https:\/\/t.co\/XmiTMdUiyp\">https:\/\/t.co\/XmiTMdUiyp<\/a> <\/p>\n<p>\u00bfDeber\u00eda de ser sancionado? <a href=\"https:\/\/t.co\/25u2RpmNjL\">pic.twitter.com\/25u2RpmNjL<\/a><\/p>\n<p>&mdash; Milenio Televisi\u00f3n (@mileniotv) <a href=\"https:\/\/twitter.com\/mileniotv\/status\/1045353050091778048?ref_src=twsrc%5Etfw\">September 27, 2018<\/a><\/p><\/blockquote>\n<p><script async src=\"https:\/\/platform.twitter.com\/widgets.js\" charset=\"utf-8\"><\/script><\/p>\n<p>\u00a0<\/p>\n<\/blockquote>\n","protected":false},"excerpt":{"rendered":"<p>Senador del PAN se disculpa con la joven aludida en su chat mis\u00f3gino; \u201cespero saludarte\u201d, le dice<br \/>\nPor Redacci\u00f3n QP<\/p>\n","protected":false},"author":2,"featured_media":5655,"comment_status":"open","ping_status":"open","sticky":false,"template":"","format":"standard","meta":{"_monsterinsights_skip_tracking":false,"_monsterinsights_sitenote_active":false,"_monsterinsights_sitenote_note":"","_monsterinsights_sitenote_category":0,"footnotes":""},"categories":[2],"tags":[],"class_list":["post-5656","post","type-post","status-publish","format-standard","has-post-thumbnail","hentry","category-noticias"],"yoast_head":"<!-- This site is optimized with the Yoast SEO plugin v27.3 - https:\/\/yoast.com\/product\/yoast-seo-wordpress\/ -->\n<title>Senador del PAN se disculpa con la joven aludida en su chat mis\u00f3gino; \u201cespero saludarte\u201d, le dice -<\/title>\n<meta name=\"robots\" content=\"index, follow, max-snippet:-1, max-image-preview:large, max-video-preview:-1\" \/>\n<link rel=\"canonical\" href=\"https:\/\/quehacerpolitico.mx\/?p=5656\" \/>\n<meta property=\"og:locale\" content=\"es_MX\" \/>\n<meta property=\"og:type\" content=\"article\" \/>\n<meta property=\"og:title\" content=\"Senador del PAN se disculpa con la joven aludida en su chat mis\u00f3gino; \u201cespero saludarte\u201d, le dice -\" \/>\n<meta property=\"og:description\" content=\"Senador del PAN se disculpa con la joven aludida en su chat mis\u00f3gino; \u201cespero saludarte\u201d, le dice Por Redacci\u00f3n QP\" \/>\n<meta property=\"og:url\" content=\"https:\/\/quehacerpolitico.mx\/?p=5656\" \/>\n<meta property=\"article:published_time\" content=\"2018-09-27T22:47:26+00:00\" \/>\n<meta name=\"author\" content=\"Redacci\u00f3n QP\" \/>\n<meta name=\"twitter:card\" content=\"summary_large_image\" \/>\n<meta name=\"twitter:label1\" content=\"Escrito por\" \/>\n\t<meta name=\"twitter:data1\" content=\"Redacci\u00f3n QP\" \/>\n\t<meta name=\"twitter:label2\" content=\"Tiempo de lectura\" \/>\n\t<meta name=\"twitter:data2\" content=\"3 minutos\" \/>\n<script type=\"application\/ld+json\" class=\"yoast-schema-graph\">{\"@context\":\"https:\\\/\\\/schema.org\",\"@graph\":[{\"@type\":\"Article\",\"@id\":\"https:\\\/\\\/quehacerpolitico.mx\\\/?p=5656#article\",\"isPartOf\":{\"@id\":\"https:\\\/\\\/quehacerpolitico.mx\\\/?p=5656\"},\"author\":{\"name\":\"Redacci\u00f3n QP\",\"@id\":\"https:\\\/\\\/quehacerpolitico.mx\\\/#\\\/schema\\\/person\\\/496d8ad2d1d3f8036101dca7ee39e585\"},\"headline\":\"Senador del PAN se disculpa con la joven aludida en su chat mis\u00f3gino; \u201cespero saludarte\u201d, le dice\",\"datePublished\":\"2018-09-27T22:47:26+00:00\",\"mainEntityOfPage\":{\"@id\":\"https:\\\/\\\/quehacerpolitico.mx\\\/?p=5656\"},\"wordCount\":539,\"commentCount\":0,\"image\":{\"@id\":\"https:\\\/\\\/quehacerpolitico.mx\\\/?p=5656#primaryimage\"},\"thumbnailUrl\":\"\",\"articleSection\":[\"Noticias\"],\"inLanguage\":\"es\",\"potentialAction\":[{\"@type\":\"CommentAction\",\"name\":\"Comment\",\"target\":[\"https:\\\/\\\/quehacerpolitico.mx\\\/?p=5656#respond\"]}]},{\"@type\":\"WebPage\",\"@id\":\"https:\\\/\\\/quehacerpolitico.mx\\\/?p=5656\",\"url\":\"https:\\\/\\\/quehacerpolitico.mx\\\/?p=5656\",\"name\":\"Senador del PAN se disculpa con la joven aludida en su chat mis\u00f3gino; \u201cespero saludarte\u201d, le dice -\",\"isPartOf\":{\"@id\":\"https:\\\/\\\/quehacerpolitico.mx\\\/#website\"},\"primaryImageOfPage\":{\"@id\":\"https:\\\/\\\/quehacerpolitico.mx\\\/?p=5656#primaryimage\"},\"image\":{\"@id\":\"https:\\\/\\\/quehacerpolitico.mx\\\/?p=5656#primaryimage\"},\"thumbnailUrl\":\"\",\"datePublished\":\"2018-09-27T22:47:26+00:00\",\"author\":{\"@id\":\"https:\\\/\\\/quehacerpolitico.mx\\\/#\\\/schema\\\/person\\\/496d8ad2d1d3f8036101dca7ee39e585\"},\"breadcrumb\":{\"@id\":\"https:\\\/\\\/quehacerpolitico.mx\\\/?p=5656#breadcrumb\"},\"inLanguage\":\"es\",\"potentialAction\":[{\"@type\":\"ReadAction\",\"target\":[\"https:\\\/\\\/quehacerpolitico.mx\\\/?p=5656\"]}]},{\"@type\":\"ImageObject\",\"inLanguage\":\"es\",\"@id\":\"https:\\\/\\\/quehacerpolitico.mx\\\/?p=5656#primaryimage\",\"url\":\"\",\"contentUrl\":\"\"},{\"@type\":\"BreadcrumbList\",\"@id\":\"https:\\\/\\\/quehacerpolitico.mx\\\/?p=5656#breadcrumb\",\"itemListElement\":[{\"@type\":\"ListItem\",\"position\":1,\"name\":\"Inicio\",\"item\":\"https:\\\/\\\/quehacerpolitico.mx\\\/\"},{\"@type\":\"ListItem\",\"position\":2,\"name\":\"Senador del PAN se disculpa con la joven aludida en su chat mis\u00f3gino; \u201cespero saludarte\u201d, le dice\"}]},{\"@type\":\"WebSite\",\"@id\":\"https:\\\/\\\/quehacerpolitico.mx\\\/#website\",\"url\":\"https:\\\/\\\/quehacerpolitico.mx\\\/\",\"name\":\"\",\"description\":\"\",\"potentialAction\":[{\"@type\":\"SearchAction\",\"target\":{\"@type\":\"EntryPoint\",\"urlTemplate\":\"https:\\\/\\\/quehacerpolitico.mx\\\/?s={search_term_string}\"},\"query-input\":{\"@type\":\"PropertyValueSpecification\",\"valueRequired\":true,\"valueName\":\"search_term_string\"}}],\"inLanguage\":\"es\"},{\"@type\":\"Person\",\"@id\":\"https:\\\/\\\/quehacerpolitico.mx\\\/#\\\/schema\\\/person\\\/496d8ad2d1d3f8036101dca7ee39e585\",\"name\":\"Redacci\u00f3n QP\",\"image\":{\"@type\":\"ImageObject\",\"inLanguage\":\"es\",\"@id\":\"https:\\\/\\\/secure.gravatar.com\\\/avatar\\\/c7164ed6fdec453195284ad24a5ae5b6e1eed2b848477fa2a4787ba9adf39a41?s=96&d=mm&r=g\",\"url\":\"https:\\\/\\\/secure.gravatar.com\\\/avatar\\\/c7164ed6fdec453195284ad24a5ae5b6e1eed2b848477fa2a4787ba9adf39a41?s=96&d=mm&r=g\",\"contentUrl\":\"https:\\\/\\\/secure.gravatar.com\\\/avatar\\\/c7164ed6fdec453195284ad24a5ae5b6e1eed2b848477fa2a4787ba9adf39a41?s=96&d=mm&r=g\",\"caption\":\"Redacci\u00f3n QP\"},\"url\":\"https:\\\/\\\/quehacerpolitico.mx\\\/?author=2\"}]}<\/script>\n<!-- \/ Yoast SEO plugin. -->","yoast_head_json":{"title":"Senador del PAN se disculpa con la joven aludida en su chat mis\u00f3gino; \u201cespero saludarte\u201d, le dice -","robots":{"index":"index","follow":"follow","max-snippet":"max-snippet:-1","max-image-preview":"max-image-preview:large","max-video-preview":"max-video-preview:-1"},"canonical":"https:\/\/quehacerpolitico.mx\/?p=5656","og_locale":"es_MX","og_type":"article","og_title":"Senador del PAN se disculpa con la joven aludida en su chat mis\u00f3gino; \u201cespero saludarte\u201d, le dice -","og_description":"Senador del PAN se disculpa con la joven aludida en su chat mis\u00f3gino; \u201cespero saludarte\u201d, le dice Por Redacci\u00f3n QP","og_url":"https:\/\/quehacerpolitico.mx\/?p=5656","article_published_time":"2018-09-27T22:47:26+00:00","author":"Redacci\u00f3n QP","twitter_card":"summary_large_image","twitter_misc":{"Escrito por":"Redacci\u00f3n QP","Tiempo de lectura":"3 minutos"},"schema":{"@context":"https:\/\/schema.org","@graph":[{"@type":"Article","@id":"https:\/\/quehacerpolitico.mx\/?p=5656#article","isPartOf":{"@id":"https:\/\/quehacerpolitico.mx\/?p=5656"},"author":{"name":"Redacci\u00f3n QP","@id":"https:\/\/quehacerpolitico.mx\/#\/schema\/person\/496d8ad2d1d3f8036101dca7ee39e585"},"headline":"Senador del PAN se disculpa con la joven aludida en su chat mis\u00f3gino; \u201cespero saludarte\u201d, le dice","datePublished":"2018-09-27T22:47:26+00:00","mainEntityOfPage":{"@id":"https:\/\/quehacerpolitico.mx\/?p=5656"},"wordCount":539,"commentCount":0,"image":{"@id":"https:\/\/quehacerpolitico.mx\/?p=5656#primaryimage"},"thumbnailUrl":"","articleSection":["Noticias"],"inLanguage":"es","potentialAction":[{"@type":"CommentAction","name":"Comment","target":["https:\/\/quehacerpolitico.mx\/?p=5656#respond"]}]},{"@type":"WebPage","@id":"https:\/\/quehacerpolitico.mx\/?p=5656","url":"https:\/\/quehacerpolitico.mx\/?p=5656","name":"Senador del PAN se disculpa con la joven aludida en su chat mis\u00f3gino; \u201cespero saludarte\u201d, le dice -","isPartOf":{"@id":"https:\/\/quehacerpolitico.mx\/#website"},"primaryImageOfPage":{"@id":"https:\/\/quehacerpolitico.mx\/?p=5656#primaryimage"},"image":{"@id":"https:\/\/quehacerpolitico.mx\/?p=5656#primaryimage"},"thumbnailUrl":"","datePublished":"2018-09-27T22:47:26+00:00","author":{"@id":"https:\/\/quehacerpolitico.mx\/#\/schema\/person\/496d8ad2d1d3f8036101dca7ee39e585"},"breadcrumb":{"@id":"https:\/\/quehacerpolitico.mx\/?p=5656#breadcrumb"},"inLanguage":"es","potentialAction":[{"@type":"ReadAction","target":["https:\/\/quehacerpolitico.mx\/?p=5656"]}]},{"@type":"ImageObject","inLanguage":"es","@id":"https:\/\/quehacerpolitico.mx\/?p=5656#primaryimage","url":"","contentUrl":""},{"@type":"BreadcrumbList","@id":"https:\/\/quehacerpolitico.mx\/?p=5656#breadcrumb","itemListElement":[{"@type":"ListItem","position":1,"name":"Inicio","item":"https:\/\/quehacerpolitico.mx\/"},{"@type":"ListItem","position":2,"name":"Senador del PAN se disculpa con la joven aludida en su chat mis\u00f3gino; \u201cespero saludarte\u201d, le dice"}]},{"@type":"WebSite","@id":"https:\/\/quehacerpolitico.mx\/#website","url":"https:\/\/quehacerpolitico.mx\/","name":"","description":"","potentialAction":[{"@type":"SearchAction","target":{"@type":"EntryPoint","urlTemplate":"https:\/\/quehacerpolitico.mx\/?s={search_term_string}"},"query-input":{"@type":"PropertyValueSpecification","valueRequired":true,"valueName":"search_term_string"}}],"inLanguage":"es"},{"@type":"Person","@id":"https:\/\/quehacerpolitico.mx\/#\/schema\/person\/496d8ad2d1d3f8036101dca7ee39e585","name":"Redacci\u00f3n QP","image":{"@type":"ImageObject","inLanguage":"es","@id":"https:\/\/secure.gravatar.com\/avatar\/c7164ed6fdec453195284ad24a5ae5b6e1eed2b848477fa2a4787ba9adf39a41?s=96&d=mm&r=g","url":"https:\/\/secure.gravatar.com\/avatar\/c7164ed6fdec453195284ad24a5ae5b6e1eed2b848477fa2a4787ba9adf39a41?s=96&d=mm&r=g","contentUrl":"https:\/\/secure.gravatar.com\/avatar\/c7164ed6fdec453195284ad24a5ae5b6e1eed2b848477fa2a4787ba9adf39a41?s=96&d=mm&r=g","caption":"Redacci\u00f3n QP"},"url":"https:\/\/quehacerpolitico.mx\/?author=2"}]}},"featured_image_urls":{"full":"","thumbnail":"","medium":"","medium_large":"","large":"","1536x1536":"","2048x2048":"","covernews-featured":"","covernews-medium":""},"author_info":{"display_name":"Redacci\u00f3n QP","author_link":"https:\/\/quehacerpolitico.mx\/?author=2"},"category_info":"<a href=\"https:\/\/quehacerpolitico.mx\/?cat=2\" rel=\"category\">Noticias<\/a>","tag_info":"Noticias","comment_count":"0","_links":{"self":[{"href":"https:\/\/quehacerpolitico.mx\/index.php?rest_route=\/wp\/v2\/posts\/5656","targetHints":{"allow":["GET"]}}],"collection":[{"href":"https:\/\/quehacerpolitico.mx\/index.php?rest_route=\/wp\/v2\/posts"}],"about":[{"href":"https:\/\/quehacerpolitico.mx\/index.php?rest_route=\/wp\/v2\/types\/post"}],"author":[{"embeddable":true,"href":"https:\/\/quehacerpolitico.mx\/index.php?rest_route=\/wp\/v2\/users\/2"}],"replies":[{"embeddable":true,"href":"https:\/\/quehacerpolitico.mx\/index.php?rest_route=%2Fwp%2Fv2%2Fcomments&post=5656"}],"version-history":[{"count":0,"href":"https:\/\/quehacerpolitico.mx\/index.php?rest_route=\/wp\/v2\/posts\/5656\/revisions"}],"wp:featuredmedia":[{"embeddable":true,"href":"https:\/\/quehacerpolitico.mx\/index.php?rest_route=\/"}],"wp:attachment":[{"href":"https:\/\/quehacerpolitico.mx\/index.php?rest_route=%2Fwp%2Fv2%2Fmedia&parent=5656"}],"wp:term":[{"taxonomy":"category","embeddable":true,"href":"https:\/\/quehacerpolitico.mx\/index.php?rest_route=%2Fwp%2Fv2%2Fcategories&post=5656"},{"taxonomy":"post_tag","embeddable":true,"href":"https:\/\/quehacerpolitico.mx\/index.php?rest_route=%2Fwp%2Fv2%2Ftags&post=5656"}],"curies":[{"name":"wp","href":"https:\/\/api.w.org\/{rel}","templated":true}]}}