{"id":56455,"date":"2020-04-03T14:07:26","date_gmt":"2020-04-03T20:07:26","guid":{"rendered":"http:\/\/quehacerpolitico.mx\/?p=56455"},"modified":"2020-04-03T14:07:26","modified_gmt":"2020-04-03T20:07:26","slug":"dobleces-israel-mendoza-quirino-el-copion","status":"publish","type":"post","link":"https:\/\/quehacerpolitico.mx\/?p=56455","title":{"rendered":"Dobleces\/\/\/Israel Mendoza\/\/\/Quirino, el copi\u00f3n"},"content":{"rendered":"<h1 class=\"fSize30\">Quirino, el copi\u00f3n<br \/>\nPor Israel Mendoza P\u00e9rez<\/h1>\n<p>Uno de los inconvenientes de la elegida por Ordaz Coppel es que llega al frente de Ias mujeres alguien que no tiene un activismo a favor de los derechos de las mujeres.<\/p>\n<p>Si algo caracteriza al gobernador de Sinaloa,\u00a0<b>Quirino Ordaz Coppel<\/b>\u00a0son sus repentinas improvisaciones. La m\u00e1s reciente fue designar a\u00a0<b>Eva Joaquina Guerrero R\u00edos<\/b>, como nueva titular del Instituto Sinaloense de las Mujeres. En una suerte por caer bien ante la cuatrot\u00e9 decidi\u00f3 darle el cargo s\u00f3lo por el 10 por ciento de experiencia. Aunque en su caso es mucho. As\u00ed Quirino copia el modelo de elegir a los colaboradores a trav\u00e9s de una metodolog\u00eda de capricho.<\/p>\n<p>Uno de los inconvenientes de la elegida por Ordaz Coppel es que llega al frente de Ias mujeres alguien que no tiene un activismo a favor de los derechos de las mujeres. Su carrera como empresaria y servidora p\u00fablica opacan su responsabilidad en una de las \u00e1reas de mayor sensibilidad en la actualidad.<\/p>\n<p>El estado ocupa el lugar n\u00famero siete en feminicidios. De acuerdo con organizaciones feministas en la entidad, lo preocupante es que el grado de crueldad con la que se cometen en estos cr\u00edmenes es lo alarmante. Ese punto es el que debi\u00f3 preocupar al mandatario estatal. No los pagos de favores.<\/p>\n<p>Semanas atr\u00e1s, mientras el gobernador dej\u00f3 entrever que la cartera del Ias mujeres podr\u00eda ser ocupada por alguien emergente de la sociedad civil en el camino se le olvid\u00f3 o prefiri\u00f3 faltar a su compromiso con las sinaloenses; sin embargo, su decisi\u00f3n de designar a una empresaria la tom\u00f3 sobre una necesidad de anteponer sus intereses personales antes que cumplir con su intenci\u00f3n de que fuera alguien con antecedentes de lucha a ras de suelo.<\/p>\n<p>Sobre Eva Guerrero R\u00edos pesa en su curriculum, en su contra, que rompe con lo esperado y no proviene del activismo o de las filas de los derechos humanos. Adem\u00e1s de que trastoca un posible conflicto de intereses pues cuenta con una plaza como docente en Educaci\u00f3n F\u00edsica desde 2017, registrada ante la subsecretar\u00eda de Educaci\u00f3n B\u00e1sica. En ese punto es en el que Quirino Ordaz falt\u00f3 tener alguien de la trinchera de la sociedad civil. Por ello es que la experiencia la tiene al 10 por ciento en un tema delicado. Pues hasta el 8 de marzo pasado se convirti\u00f3 en un tema nacional de alta sensibilidad. Prueba de ello es fue que el colectivo Red de Mujeres Anticorrupci\u00f3n envi\u00f3 una carta al mandatario estatal solicitando a una persona con amplia experiencia en la defensa de los derechos de las mujeres. Pero esa petici\u00f3n fue guardada en el caj\u00f3 del olvido.<\/p>\n<p>Pero otro elemento contrario de Guerrero R\u00edos es que ella tiene una empresa de comunicaci\u00f3n y ha facturado al gobierno a trav\u00e9s de las empresas Comunicadores en Desarrollo Humano S.C. Si estos no son elementos para faltar a su criterio e improvisar en un nombramiento, el mandatario la incluy\u00f3 en su gabinete por cumplir con un capricho.<\/p>\n<p>Bajo estos lineamientos, el mandatario y su nueva colaboradora abren espacio a la falta de independencia y compromiso. Justo en momentos en que la lucha de las mujeres se encuentra en el cenit. A final de cuentas se obedece a los designios del mandatario y no de las necesidades de las mujeres. Veremos.<\/p>\n","protected":false},"excerpt":{"rendered":"<p>Quirino, el copi\u00f3n Por Israel Mendoza P\u00e9rez Uno de los inconvenientes de la elegida por&#8230;<\/p>\n","protected":false},"author":2,"featured_media":56456,"comment_status":"open","ping_status":"open","sticky":false,"template":"","format":"standard","meta":{"_monsterinsights_skip_tracking":false,"_monsterinsights_sitenote_active":false,"_monsterinsights_sitenote_note":"","_monsterinsights_sitenote_category":0,"footnotes":""},"categories":[2],"tags":[],"class_list":["post-56455","post","type-post","status-publish","format-standard","has-post-thumbnail","hentry","category-noticias"],"yoast_head":"<!-- This site is optimized with the Yoast SEO plugin v27.3 - https:\/\/yoast.com\/product\/yoast-seo-wordpress\/ -->\n<title>Dobleces\/\/\/Israel Mendoza\/\/\/Quirino, el copi\u00f3n -<\/title>\n<meta name=\"robots\" content=\"index, follow, max-snippet:-1, max-image-preview:large, max-video-preview:-1\" \/>\n<link rel=\"canonical\" href=\"https:\/\/quehacerpolitico.mx\/?p=56455\" \/>\n<meta property=\"og:locale\" content=\"es_MX\" \/>\n<meta property=\"og:type\" content=\"article\" \/>\n<meta property=\"og:title\" content=\"Dobleces\/\/\/Israel Mendoza\/\/\/Quirino, el copi\u00f3n -\" \/>\n<meta property=\"og:description\" content=\"Quirino, el copi\u00f3n Por Israel Mendoza P\u00e9rez Uno de los inconvenientes de la elegida por...\" \/>\n<meta property=\"og:url\" content=\"https:\/\/quehacerpolitico.mx\/?p=56455\" \/>\n<meta property=\"article:published_time\" content=\"2020-04-03T20:07:26+00:00\" \/>\n<meta property=\"og:image\" content=\"https:\/\/quehacerpolitico.mx\/wp-content\/uploads\/2020\/04\/4D0902C8-CEAE-483D-859B-1B76E0287F24.jpeg\" \/>\n\t<meta property=\"og:image:width\" content=\"1140\" \/>\n\t<meta property=\"og:image:height\" content=\"712\" \/>\n\t<meta property=\"og:image:type\" content=\"image\/jpeg\" \/>\n<meta name=\"author\" content=\"Redacci\u00f3n QP\" \/>\n<meta name=\"twitter:card\" content=\"summary_large_image\" \/>\n<meta name=\"twitter:label1\" content=\"Escrito por\" \/>\n\t<meta name=\"twitter:data1\" content=\"Redacci\u00f3n QP\" \/>\n\t<meta name=\"twitter:label2\" content=\"Tiempo de lectura\" \/>\n\t<meta name=\"twitter:data2\" content=\"3 minutos\" \/>\n<script type=\"application\/ld+json\" class=\"yoast-schema-graph\">{\"@context\":\"https:\\\/\\\/schema.org\",\"@graph\":[{\"@type\":\"Article\",\"@id\":\"https:\\\/\\\/quehacerpolitico.mx\\\/?p=56455#article\",\"isPartOf\":{\"@id\":\"https:\\\/\\\/quehacerpolitico.mx\\\/?p=56455\"},\"author\":{\"name\":\"Redacci\u00f3n QP\",\"@id\":\"https:\\\/\\\/quehacerpolitico.mx\\\/#\\\/schema\\\/person\\\/496d8ad2d1d3f8036101dca7ee39e585\"},\"headline\":\"Dobleces\\\/\\\/\\\/Israel Mendoza\\\/\\\/\\\/Quirino, el copi\u00f3n\",\"datePublished\":\"2020-04-03T20:07:26+00:00\",\"mainEntityOfPage\":{\"@id\":\"https:\\\/\\\/quehacerpolitico.mx\\\/?p=56455\"},\"wordCount\":587,\"commentCount\":0,\"image\":{\"@id\":\"https:\\\/\\\/quehacerpolitico.mx\\\/?p=56455#primaryimage\"},\"thumbnailUrl\":\"https:\\\/\\\/quehacerpolitico.mx\\\/wp-content\\\/uploads\\\/2020\\\/04\\\/4D0902C8-CEAE-483D-859B-1B76E0287F24.jpeg\",\"articleSection\":[\"Noticias\"],\"inLanguage\":\"es\",\"potentialAction\":[{\"@type\":\"CommentAction\",\"name\":\"Comment\",\"target\":[\"https:\\\/\\\/quehacerpolitico.mx\\\/?p=56455#respond\"]}]},{\"@type\":\"WebPage\",\"@id\":\"https:\\\/\\\/quehacerpolitico.mx\\\/?p=56455\",\"url\":\"https:\\\/\\\/quehacerpolitico.mx\\\/?p=56455\",\"name\":\"Dobleces\\\/\\\/\\\/Israel Mendoza\\\/\\\/\\\/Quirino, el copi\u00f3n -\",\"isPartOf\":{\"@id\":\"https:\\\/\\\/quehacerpolitico.mx\\\/#website\"},\"primaryImageOfPage\":{\"@id\":\"https:\\\/\\\/quehacerpolitico.mx\\\/?p=56455#primaryimage\"},\"image\":{\"@id\":\"https:\\\/\\\/quehacerpolitico.mx\\\/?p=56455#primaryimage\"},\"thumbnailUrl\":\"https:\\\/\\\/quehacerpolitico.mx\\\/wp-content\\\/uploads\\\/2020\\\/04\\\/4D0902C8-CEAE-483D-859B-1B76E0287F24.jpeg\",\"datePublished\":\"2020-04-03T20:07:26+00:00\",\"author\":{\"@id\":\"https:\\\/\\\/quehacerpolitico.mx\\\/#\\\/schema\\\/person\\\/496d8ad2d1d3f8036101dca7ee39e585\"},\"breadcrumb\":{\"@id\":\"https:\\\/\\\/quehacerpolitico.mx\\\/?p=56455#breadcrumb\"},\"inLanguage\":\"es\",\"potentialAction\":[{\"@type\":\"ReadAction\",\"target\":[\"https:\\\/\\\/quehacerpolitico.mx\\\/?p=56455\"]}]},{\"@type\":\"ImageObject\",\"inLanguage\":\"es\",\"@id\":\"https:\\\/\\\/quehacerpolitico.mx\\\/?p=56455#primaryimage\",\"url\":\"https:\\\/\\\/quehacerpolitico.mx\\\/wp-content\\\/uploads\\\/2020\\\/04\\\/4D0902C8-CEAE-483D-859B-1B76E0287F24.jpeg\",\"contentUrl\":\"https:\\\/\\\/quehacerpolitico.mx\\\/wp-content\\\/uploads\\\/2020\\\/04\\\/4D0902C8-CEAE-483D-859B-1B76E0287F24.jpeg\",\"width\":1140,\"height\":712},{\"@type\":\"BreadcrumbList\",\"@id\":\"https:\\\/\\\/quehacerpolitico.mx\\\/?p=56455#breadcrumb\",\"itemListElement\":[{\"@type\":\"ListItem\",\"position\":1,\"name\":\"Inicio\",\"item\":\"https:\\\/\\\/quehacerpolitico.mx\\\/\"},{\"@type\":\"ListItem\",\"position\":2,\"name\":\"Dobleces\\\/\\\/\\\/Israel Mendoza\\\/\\\/\\\/Quirino, el copi\u00f3n\"}]},{\"@type\":\"WebSite\",\"@id\":\"https:\\\/\\\/quehacerpolitico.mx\\\/#website\",\"url\":\"https:\\\/\\\/quehacerpolitico.mx\\\/\",\"name\":\"\",\"description\":\"\",\"potentialAction\":[{\"@type\":\"SearchAction\",\"target\":{\"@type\":\"EntryPoint\",\"urlTemplate\":\"https:\\\/\\\/quehacerpolitico.mx\\\/?s={search_term_string}\"},\"query-input\":{\"@type\":\"PropertyValueSpecification\",\"valueRequired\":true,\"valueName\":\"search_term_string\"}}],\"inLanguage\":\"es\"},{\"@type\":\"Person\",\"@id\":\"https:\\\/\\\/quehacerpolitico.mx\\\/#\\\/schema\\\/person\\\/496d8ad2d1d3f8036101dca7ee39e585\",\"name\":\"Redacci\u00f3n QP\",\"image\":{\"@type\":\"ImageObject\",\"inLanguage\":\"es\",\"@id\":\"https:\\\/\\\/secure.gravatar.com\\\/avatar\\\/c7164ed6fdec453195284ad24a5ae5b6e1eed2b848477fa2a4787ba9adf39a41?s=96&d=mm&r=g\",\"url\":\"https:\\\/\\\/secure.gravatar.com\\\/avatar\\\/c7164ed6fdec453195284ad24a5ae5b6e1eed2b848477fa2a4787ba9adf39a41?s=96&d=mm&r=g\",\"contentUrl\":\"https:\\\/\\\/secure.gravatar.com\\\/avatar\\\/c7164ed6fdec453195284ad24a5ae5b6e1eed2b848477fa2a4787ba9adf39a41?s=96&d=mm&r=g\",\"caption\":\"Redacci\u00f3n QP\"},\"url\":\"https:\\\/\\\/quehacerpolitico.mx\\\/?author=2\"}]}<\/script>\n<!-- \/ Yoast SEO plugin. -->","yoast_head_json":{"title":"Dobleces\/\/\/Israel Mendoza\/\/\/Quirino, el copi\u00f3n -","robots":{"index":"index","follow":"follow","max-snippet":"max-snippet:-1","max-image-preview":"max-image-preview:large","max-video-preview":"max-video-preview:-1"},"canonical":"https:\/\/quehacerpolitico.mx\/?p=56455","og_locale":"es_MX","og_type":"article","og_title":"Dobleces\/\/\/Israel Mendoza\/\/\/Quirino, el copi\u00f3n -","og_description":"Quirino, el copi\u00f3n Por Israel Mendoza P\u00e9rez Uno de los inconvenientes de la elegida por...","og_url":"https:\/\/quehacerpolitico.mx\/?p=56455","article_published_time":"2020-04-03T20:07:26+00:00","og_image":[{"width":1140,"height":712,"url":"https:\/\/quehacerpolitico.mx\/wp-content\/uploads\/2020\/04\/4D0902C8-CEAE-483D-859B-1B76E0287F24.jpeg","type":"image\/jpeg"}],"author":"Redacci\u00f3n QP","twitter_card":"summary_large_image","twitter_misc":{"Escrito por":"Redacci\u00f3n QP","Tiempo de lectura":"3 minutos"},"schema":{"@context":"https:\/\/schema.org","@graph":[{"@type":"Article","@id":"https:\/\/quehacerpolitico.mx\/?p=56455#article","isPartOf":{"@id":"https:\/\/quehacerpolitico.mx\/?p=56455"},"author":{"name":"Redacci\u00f3n QP","@id":"https:\/\/quehacerpolitico.mx\/#\/schema\/person\/496d8ad2d1d3f8036101dca7ee39e585"},"headline":"Dobleces\/\/\/Israel Mendoza\/\/\/Quirino, el copi\u00f3n","datePublished":"2020-04-03T20:07:26+00:00","mainEntityOfPage":{"@id":"https:\/\/quehacerpolitico.mx\/?p=56455"},"wordCount":587,"commentCount":0,"image":{"@id":"https:\/\/quehacerpolitico.mx\/?p=56455#primaryimage"},"thumbnailUrl":"https:\/\/quehacerpolitico.mx\/wp-content\/uploads\/2020\/04\/4D0902C8-CEAE-483D-859B-1B76E0287F24.jpeg","articleSection":["Noticias"],"inLanguage":"es","potentialAction":[{"@type":"CommentAction","name":"Comment","target":["https:\/\/quehacerpolitico.mx\/?p=56455#respond"]}]},{"@type":"WebPage","@id":"https:\/\/quehacerpolitico.mx\/?p=56455","url":"https:\/\/quehacerpolitico.mx\/?p=56455","name":"Dobleces\/\/\/Israel Mendoza\/\/\/Quirino, el copi\u00f3n -","isPartOf":{"@id":"https:\/\/quehacerpolitico.mx\/#website"},"primaryImageOfPage":{"@id":"https:\/\/quehacerpolitico.mx\/?p=56455#primaryimage"},"image":{"@id":"https:\/\/quehacerpolitico.mx\/?p=56455#primaryimage"},"thumbnailUrl":"https:\/\/quehacerpolitico.mx\/wp-content\/uploads\/2020\/04\/4D0902C8-CEAE-483D-859B-1B76E0287F24.jpeg","datePublished":"2020-04-03T20:07:26+00:00","author":{"@id":"https:\/\/quehacerpolitico.mx\/#\/schema\/person\/496d8ad2d1d3f8036101dca7ee39e585"},"breadcrumb":{"@id":"https:\/\/quehacerpolitico.mx\/?p=56455#breadcrumb"},"inLanguage":"es","potentialAction":[{"@type":"ReadAction","target":["https:\/\/quehacerpolitico.mx\/?p=56455"]}]},{"@type":"ImageObject","inLanguage":"es","@id":"https:\/\/quehacerpolitico.mx\/?p=56455#primaryimage","url":"https:\/\/quehacerpolitico.mx\/wp-content\/uploads\/2020\/04\/4D0902C8-CEAE-483D-859B-1B76E0287F24.jpeg","contentUrl":"https:\/\/quehacerpolitico.mx\/wp-content\/uploads\/2020\/04\/4D0902C8-CEAE-483D-859B-1B76E0287F24.jpeg","width":1140,"height":712},{"@type":"BreadcrumbList","@id":"https:\/\/quehacerpolitico.mx\/?p=56455#breadcrumb","itemListElement":[{"@type":"ListItem","position":1,"name":"Inicio","item":"https:\/\/quehacerpolitico.mx\/"},{"@type":"ListItem","position":2,"name":"Dobleces\/\/\/Israel Mendoza\/\/\/Quirino, el copi\u00f3n"}]},{"@type":"WebSite","@id":"https:\/\/quehacerpolitico.mx\/#website","url":"https:\/\/quehacerpolitico.mx\/","name":"","description":"","potentialAction":[{"@type":"SearchAction","target":{"@type":"EntryPoint","urlTemplate":"https:\/\/quehacerpolitico.mx\/?s={search_term_string}"},"query-input":{"@type":"PropertyValueSpecification","valueRequired":true,"valueName":"search_term_string"}}],"inLanguage":"es"},{"@type":"Person","@id":"https:\/\/quehacerpolitico.mx\/#\/schema\/person\/496d8ad2d1d3f8036101dca7ee39e585","name":"Redacci\u00f3n QP","image":{"@type":"ImageObject","inLanguage":"es","@id":"https:\/\/secure.gravatar.com\/avatar\/c7164ed6fdec453195284ad24a5ae5b6e1eed2b848477fa2a4787ba9adf39a41?s=96&d=mm&r=g","url":"https:\/\/secure.gravatar.com\/avatar\/c7164ed6fdec453195284ad24a5ae5b6e1eed2b848477fa2a4787ba9adf39a41?s=96&d=mm&r=g","contentUrl":"https:\/\/secure.gravatar.com\/avatar\/c7164ed6fdec453195284ad24a5ae5b6e1eed2b848477fa2a4787ba9adf39a41?s=96&d=mm&r=g","caption":"Redacci\u00f3n QP"},"url":"https:\/\/quehacerpolitico.mx\/?author=2"}]}},"featured_image_urls":{"full":["https:\/\/quehacerpolitico.mx\/wp-content\/uploads\/2020\/04\/4D0902C8-CEAE-483D-859B-1B76E0287F24.jpeg",1140,712,false],"thumbnail":["https:\/\/quehacerpolitico.mx\/wp-content\/uploads\/2020\/04\/4D0902C8-CEAE-483D-859B-1B76E0287F24-150x150.jpeg",150,150,true],"medium":["https:\/\/quehacerpolitico.mx\/wp-content\/uploads\/2020\/04\/4D0902C8-CEAE-483D-859B-1B76E0287F24-300x187.jpeg",300,187,true],"medium_large":["https:\/\/quehacerpolitico.mx\/wp-content\/uploads\/2020\/04\/4D0902C8-CEAE-483D-859B-1B76E0287F24-768x480.jpeg",640,400,true],"large":["https:\/\/quehacerpolitico.mx\/wp-content\/uploads\/2020\/04\/4D0902C8-CEAE-483D-859B-1B76E0287F24-1024x640.jpeg",640,400,true],"1536x1536":["https:\/\/quehacerpolitico.mx\/wp-content\/uploads\/2020\/04\/4D0902C8-CEAE-483D-859B-1B76E0287F24.jpeg",1140,712,false],"2048x2048":["https:\/\/quehacerpolitico.mx\/wp-content\/uploads\/2020\/04\/4D0902C8-CEAE-483D-859B-1B76E0287F24.jpeg",1140,712,false],"covernews-featured":["https:\/\/quehacerpolitico.mx\/wp-content\/uploads\/2020\/04\/4D0902C8-CEAE-483D-859B-1B76E0287F24.jpeg",1024,640,false],"covernews-medium":["https:\/\/quehacerpolitico.mx\/wp-content\/uploads\/2020\/04\/4D0902C8-CEAE-483D-859B-1B76E0287F24.jpeg",540,337,false]},"author_info":{"display_name":"Redacci\u00f3n QP","author_link":"https:\/\/quehacerpolitico.mx\/?author=2"},"category_info":"<a href=\"https:\/\/quehacerpolitico.mx\/?cat=2\" rel=\"category\">Noticias<\/a>","tag_info":"Noticias","comment_count":"0","_links":{"self":[{"href":"https:\/\/quehacerpolitico.mx\/index.php?rest_route=\/wp\/v2\/posts\/56455","targetHints":{"allow":["GET"]}}],"collection":[{"href":"https:\/\/quehacerpolitico.mx\/index.php?rest_route=\/wp\/v2\/posts"}],"about":[{"href":"https:\/\/quehacerpolitico.mx\/index.php?rest_route=\/wp\/v2\/types\/post"}],"author":[{"embeddable":true,"href":"https:\/\/quehacerpolitico.mx\/index.php?rest_route=\/wp\/v2\/users\/2"}],"replies":[{"embeddable":true,"href":"https:\/\/quehacerpolitico.mx\/index.php?rest_route=%2Fwp%2Fv2%2Fcomments&post=56455"}],"version-history":[{"count":0,"href":"https:\/\/quehacerpolitico.mx\/index.php?rest_route=\/wp\/v2\/posts\/56455\/revisions"}],"wp:featuredmedia":[{"embeddable":true,"href":"https:\/\/quehacerpolitico.mx\/index.php?rest_route=\/wp\/v2\/media\/56456"}],"wp:attachment":[{"href":"https:\/\/quehacerpolitico.mx\/index.php?rest_route=%2Fwp%2Fv2%2Fmedia&parent=56455"}],"wp:term":[{"taxonomy":"category","embeddable":true,"href":"https:\/\/quehacerpolitico.mx\/index.php?rest_route=%2Fwp%2Fv2%2Fcategories&post=56455"},{"taxonomy":"post_tag","embeddable":true,"href":"https:\/\/quehacerpolitico.mx\/index.php?rest_route=%2Fwp%2Fv2%2Ftags&post=56455"}],"curies":[{"name":"wp","href":"https:\/\/api.w.org\/{rel}","templated":true}]}}