{"id":56449,"date":"2020-04-03T11:10:25","date_gmt":"2020-04-03T17:10:25","guid":{"rendered":"http:\/\/quehacerpolitico.mx\/?p=56449"},"modified":"2020-04-03T11:10:25","modified_gmt":"2020-04-03T17:10:25","slug":"ley-seca-y-cierre-de-empresas-depende-del-dictamen-de-medicos-amlo","status":"publish","type":"post","link":"https:\/\/quehacerpolitico.mx\/?p=56449","title":{"rendered":"Ley Seca y cierre de empresas depende del dictamen de m\u00e9dicos: AMLO"},"content":{"rendered":"<p>Ley Seca y cierre de empresas depende del dictamen de m\u00e9dicos:\u00a0AMLO<br \/>\nPor Redacci\u00f3n QP<\/p>\n<p>Al expresar que las \u201cmedidas draconianas\u201d para frenar el avance del coronavirus deben analizarse, el presidente Andr\u00e9s Manuel L\u00f3pez Obrador expuso que la aplicaci\u00f3n de la Ley Seca y el cierre de empresas, para evitar la propagaci\u00f3n del virus, debe ser valorada por los gobernadores atendiendo las instrucciones de los m\u00e9dicos.<\/p>\n<p>\u201cHa habido pol\u00e9mica, en el caso de la Ciudad de M\u00e9xico se decidi\u00f3 no mantener la llamada Ley Seca, en otros estados donde se ha establecido hay un poco de protesta, pero los gobernantes estatales han escuchado el sentir de la gente. Todos est\u00e1n al pendiete y buscar los equilibrios y escuchar a todos. Procurar que las medidas vayan dirgidas a evitar el contagio\u201d, indic\u00f3.<\/p>\n<p>El mandatario federal mencion\u00f3 que desde el principio de la crisis, la postura de su gobierno ha sido &#8220;nada de toque de queda, nada de autoritarismo, todo por la raz\u00f3n y el derecho. No a medidas draconianas de dudosa efectividad para el prop\u00f3sito&#8221;.<\/p>\n<p>A\u00f1adi\u00f3 qe lo improtante es \u201chacerles caso a los m\u00e9dicos. Si se pude en casa, en el domiclio, que ellos nos digan. Y estar pendienes de las recomendaciones (de los especialistas)\u201d. Dijo que hay casos en los que resulta dif\u00edcil cerrar plantas como las de producci\u00f3n de acero, pero la evaluaci\u00f3n corresponde al sector salud.<\/p>\n<p>\u201cSe est\u00e1 haciendo una revisi\u00f3n minuciosa de los productos b\u00e1sicos de los que son esenciales y sobre todo de las plantas de las empresas que se consideran esenciales. Por ejemplo se habl\u00f3 que no se pod\u00edan apagar los hornos para la produccion de acero, llevar\u00eda mucho tiempo el restablecimiento de una empresa&#8221;.<\/p>\n<p>&#8220;Los que tienen la \u00faltima palabra son los m\u00e9dicos y los especialistas, pero no tienen una actitud inflexible, aqu\u00ed muchas veces el doctor Hugo L\u00f3pez-Gatell ha hablado de que se cuide la parte econ\u00f3mica y social\u201d, dijo L\u00f3pez Obrador.<\/p>\n<p>Reafrim\u00f3 que el objetivo principal es evitar la diseminaci\u00f3n del coronavoris y las medidas est\u00e1n enfocadas a eso. \u201cLo que queremos es que no desborde la epidemia, hasta ahora ah\u00ed va horizontal. No se puede adelantar nada, no se puede decir que se logr\u00f3 el prop\u00f3sito de aplanar la famosa curva, pero s\u00f3lo podr\u00e1 hacerlo en unos d\u00edas m\u00e1s\u201d.<\/p>\n<p>En ese sentido se\u00f1al\u00f3 que el anuncio de suspensi\u00f3n de la venta de bebidas embriagantes provoc\u00f3 que la gente se agolpara para comprarlas y eso perjudica la intenci\u00f3n de evitar la diseminaci\u00f3n del coronavirus.<\/p>\n<p>\u201cQue no se siga extendiendo el virus y se tiene que ir buscando eso, ese es el objetivo, me comentaban de un estado donde se anuncia que iba a haber Ley Seca y se llenan los supermercados para la compra de p\u00e1nico de cervezas y se aglutina la gente va contra de mantener la sana distancia\u201d.<\/p>\n<p>Con informaci\u00f3n de NTX<\/p>\n","protected":false},"excerpt":{"rendered":"<p>Ley Seca y cierre de empresas depende del dictamen de m\u00e9dicos:\u00a0AMLO Por Redacci\u00f3n QP Al&#8230;<\/p>\n","protected":false},"author":2,"featured_media":56450,"comment_status":"open","ping_status":"open","sticky":false,"template":"","format":"standard","meta":{"_monsterinsights_skip_tracking":false,"_monsterinsights_sitenote_active":false,"_monsterinsights_sitenote_note":"","_monsterinsights_sitenote_category":0,"footnotes":""},"categories":[2],"tags":[],"class_list":["post-56449","post","type-post","status-publish","format-standard","has-post-thumbnail","hentry","category-noticias"],"yoast_head":"<!-- This site is optimized with the Yoast SEO plugin v27.3 - https:\/\/yoast.com\/product\/yoast-seo-wordpress\/ -->\n<title>Ley Seca y cierre de empresas depende del dictamen de m\u00e9dicos: AMLO -<\/title>\n<meta name=\"robots\" content=\"index, follow, max-snippet:-1, max-image-preview:large, max-video-preview:-1\" \/>\n<link rel=\"canonical\" href=\"https:\/\/quehacerpolitico.mx\/?p=56449\" \/>\n<meta property=\"og:locale\" content=\"es_MX\" \/>\n<meta property=\"og:type\" content=\"article\" \/>\n<meta property=\"og:title\" content=\"Ley Seca y cierre de empresas depende del dictamen de m\u00e9dicos: AMLO -\" \/>\n<meta property=\"og:description\" content=\"Ley Seca y cierre de empresas depende del dictamen de m\u00e9dicos:\u00a0AMLO Por Redacci\u00f3n QP Al...\" \/>\n<meta property=\"og:url\" content=\"https:\/\/quehacerpolitico.mx\/?p=56449\" \/>\n<meta property=\"article:published_time\" content=\"2020-04-03T17:10:25+00:00\" \/>\n<meta property=\"og:image\" content=\"https:\/\/quehacerpolitico.mx\/wp-content\/uploads\/2020\/04\/A261D6CD-4AFF-4991-AA14-C71ED793F4BE.jpeg\" \/>\n\t<meta property=\"og:image:width\" content=\"403\" \/>\n\t<meta property=\"og:image:height\" content=\"298\" \/>\n\t<meta property=\"og:image:type\" content=\"image\/jpeg\" \/>\n<meta name=\"author\" content=\"Redacci\u00f3n QP\" \/>\n<meta name=\"twitter:card\" content=\"summary_large_image\" \/>\n<meta name=\"twitter:label1\" content=\"Escrito por\" \/>\n\t<meta name=\"twitter:data1\" content=\"Redacci\u00f3n QP\" \/>\n\t<meta name=\"twitter:label2\" content=\"Tiempo de lectura\" \/>\n\t<meta name=\"twitter:data2\" content=\"3 minutos\" \/>\n<script type=\"application\/ld+json\" class=\"yoast-schema-graph\">{\"@context\":\"https:\\\/\\\/schema.org\",\"@graph\":[{\"@type\":\"Article\",\"@id\":\"https:\\\/\\\/quehacerpolitico.mx\\\/?p=56449#article\",\"isPartOf\":{\"@id\":\"https:\\\/\\\/quehacerpolitico.mx\\\/?p=56449\"},\"author\":{\"name\":\"Redacci\u00f3n QP\",\"@id\":\"https:\\\/\\\/quehacerpolitico.mx\\\/#\\\/schema\\\/person\\\/496d8ad2d1d3f8036101dca7ee39e585\"},\"headline\":\"Ley Seca y cierre de empresas depende del dictamen de m\u00e9dicos: AMLO\",\"datePublished\":\"2020-04-03T17:10:25+00:00\",\"mainEntityOfPage\":{\"@id\":\"https:\\\/\\\/quehacerpolitico.mx\\\/?p=56449\"},\"wordCount\":523,\"commentCount\":0,\"image\":{\"@id\":\"https:\\\/\\\/quehacerpolitico.mx\\\/?p=56449#primaryimage\"},\"thumbnailUrl\":\"https:\\\/\\\/quehacerpolitico.mx\\\/wp-content\\\/uploads\\\/2020\\\/04\\\/A261D6CD-4AFF-4991-AA14-C71ED793F4BE.jpeg\",\"articleSection\":[\"Noticias\"],\"inLanguage\":\"es\",\"potentialAction\":[{\"@type\":\"CommentAction\",\"name\":\"Comment\",\"target\":[\"https:\\\/\\\/quehacerpolitico.mx\\\/?p=56449#respond\"]}]},{\"@type\":\"WebPage\",\"@id\":\"https:\\\/\\\/quehacerpolitico.mx\\\/?p=56449\",\"url\":\"https:\\\/\\\/quehacerpolitico.mx\\\/?p=56449\",\"name\":\"Ley Seca y cierre de empresas depende del dictamen de m\u00e9dicos: AMLO -\",\"isPartOf\":{\"@id\":\"https:\\\/\\\/quehacerpolitico.mx\\\/#website\"},\"primaryImageOfPage\":{\"@id\":\"https:\\\/\\\/quehacerpolitico.mx\\\/?p=56449#primaryimage\"},\"image\":{\"@id\":\"https:\\\/\\\/quehacerpolitico.mx\\\/?p=56449#primaryimage\"},\"thumbnailUrl\":\"https:\\\/\\\/quehacerpolitico.mx\\\/wp-content\\\/uploads\\\/2020\\\/04\\\/A261D6CD-4AFF-4991-AA14-C71ED793F4BE.jpeg\",\"datePublished\":\"2020-04-03T17:10:25+00:00\",\"author\":{\"@id\":\"https:\\\/\\\/quehacerpolitico.mx\\\/#\\\/schema\\\/person\\\/496d8ad2d1d3f8036101dca7ee39e585\"},\"breadcrumb\":{\"@id\":\"https:\\\/\\\/quehacerpolitico.mx\\\/?p=56449#breadcrumb\"},\"inLanguage\":\"es\",\"potentialAction\":[{\"@type\":\"ReadAction\",\"target\":[\"https:\\\/\\\/quehacerpolitico.mx\\\/?p=56449\"]}]},{\"@type\":\"ImageObject\",\"inLanguage\":\"es\",\"@id\":\"https:\\\/\\\/quehacerpolitico.mx\\\/?p=56449#primaryimage\",\"url\":\"https:\\\/\\\/quehacerpolitico.mx\\\/wp-content\\\/uploads\\\/2020\\\/04\\\/A261D6CD-4AFF-4991-AA14-C71ED793F4BE.jpeg\",\"contentUrl\":\"https:\\\/\\\/quehacerpolitico.mx\\\/wp-content\\\/uploads\\\/2020\\\/04\\\/A261D6CD-4AFF-4991-AA14-C71ED793F4BE.jpeg\",\"width\":403,\"height\":298},{\"@type\":\"BreadcrumbList\",\"@id\":\"https:\\\/\\\/quehacerpolitico.mx\\\/?p=56449#breadcrumb\",\"itemListElement\":[{\"@type\":\"ListItem\",\"position\":1,\"name\":\"Inicio\",\"item\":\"https:\\\/\\\/quehacerpolitico.mx\\\/\"},{\"@type\":\"ListItem\",\"position\":2,\"name\":\"Ley Seca y cierre de empresas depende del dictamen de m\u00e9dicos: AMLO\"}]},{\"@type\":\"WebSite\",\"@id\":\"https:\\\/\\\/quehacerpolitico.mx\\\/#website\",\"url\":\"https:\\\/\\\/quehacerpolitico.mx\\\/\",\"name\":\"\",\"description\":\"\",\"potentialAction\":[{\"@type\":\"SearchAction\",\"target\":{\"@type\":\"EntryPoint\",\"urlTemplate\":\"https:\\\/\\\/quehacerpolitico.mx\\\/?s={search_term_string}\"},\"query-input\":{\"@type\":\"PropertyValueSpecification\",\"valueRequired\":true,\"valueName\":\"search_term_string\"}}],\"inLanguage\":\"es\"},{\"@type\":\"Person\",\"@id\":\"https:\\\/\\\/quehacerpolitico.mx\\\/#\\\/schema\\\/person\\\/496d8ad2d1d3f8036101dca7ee39e585\",\"name\":\"Redacci\u00f3n QP\",\"image\":{\"@type\":\"ImageObject\",\"inLanguage\":\"es\",\"@id\":\"https:\\\/\\\/secure.gravatar.com\\\/avatar\\\/c7164ed6fdec453195284ad24a5ae5b6e1eed2b848477fa2a4787ba9adf39a41?s=96&d=mm&r=g\",\"url\":\"https:\\\/\\\/secure.gravatar.com\\\/avatar\\\/c7164ed6fdec453195284ad24a5ae5b6e1eed2b848477fa2a4787ba9adf39a41?s=96&d=mm&r=g\",\"contentUrl\":\"https:\\\/\\\/secure.gravatar.com\\\/avatar\\\/c7164ed6fdec453195284ad24a5ae5b6e1eed2b848477fa2a4787ba9adf39a41?s=96&d=mm&r=g\",\"caption\":\"Redacci\u00f3n QP\"},\"url\":\"https:\\\/\\\/quehacerpolitico.mx\\\/?author=2\"}]}<\/script>\n<!-- \/ Yoast SEO plugin. -->","yoast_head_json":{"title":"Ley Seca y cierre de empresas depende del dictamen de m\u00e9dicos: AMLO -","robots":{"index":"index","follow":"follow","max-snippet":"max-snippet:-1","max-image-preview":"max-image-preview:large","max-video-preview":"max-video-preview:-1"},"canonical":"https:\/\/quehacerpolitico.mx\/?p=56449","og_locale":"es_MX","og_type":"article","og_title":"Ley Seca y cierre de empresas depende del dictamen de m\u00e9dicos: AMLO -","og_description":"Ley Seca y cierre de empresas depende del dictamen de m\u00e9dicos:\u00a0AMLO Por Redacci\u00f3n QP Al...","og_url":"https:\/\/quehacerpolitico.mx\/?p=56449","article_published_time":"2020-04-03T17:10:25+00:00","og_image":[{"width":403,"height":298,"url":"https:\/\/quehacerpolitico.mx\/wp-content\/uploads\/2020\/04\/A261D6CD-4AFF-4991-AA14-C71ED793F4BE.jpeg","type":"image\/jpeg"}],"author":"Redacci\u00f3n QP","twitter_card":"summary_large_image","twitter_misc":{"Escrito por":"Redacci\u00f3n QP","Tiempo de lectura":"3 minutos"},"schema":{"@context":"https:\/\/schema.org","@graph":[{"@type":"Article","@id":"https:\/\/quehacerpolitico.mx\/?p=56449#article","isPartOf":{"@id":"https:\/\/quehacerpolitico.mx\/?p=56449"},"author":{"name":"Redacci\u00f3n QP","@id":"https:\/\/quehacerpolitico.mx\/#\/schema\/person\/496d8ad2d1d3f8036101dca7ee39e585"},"headline":"Ley Seca y cierre de empresas depende del dictamen de m\u00e9dicos: AMLO","datePublished":"2020-04-03T17:10:25+00:00","mainEntityOfPage":{"@id":"https:\/\/quehacerpolitico.mx\/?p=56449"},"wordCount":523,"commentCount":0,"image":{"@id":"https:\/\/quehacerpolitico.mx\/?p=56449#primaryimage"},"thumbnailUrl":"https:\/\/quehacerpolitico.mx\/wp-content\/uploads\/2020\/04\/A261D6CD-4AFF-4991-AA14-C71ED793F4BE.jpeg","articleSection":["Noticias"],"inLanguage":"es","potentialAction":[{"@type":"CommentAction","name":"Comment","target":["https:\/\/quehacerpolitico.mx\/?p=56449#respond"]}]},{"@type":"WebPage","@id":"https:\/\/quehacerpolitico.mx\/?p=56449","url":"https:\/\/quehacerpolitico.mx\/?p=56449","name":"Ley Seca y cierre de empresas depende del dictamen de m\u00e9dicos: AMLO -","isPartOf":{"@id":"https:\/\/quehacerpolitico.mx\/#website"},"primaryImageOfPage":{"@id":"https:\/\/quehacerpolitico.mx\/?p=56449#primaryimage"},"image":{"@id":"https:\/\/quehacerpolitico.mx\/?p=56449#primaryimage"},"thumbnailUrl":"https:\/\/quehacerpolitico.mx\/wp-content\/uploads\/2020\/04\/A261D6CD-4AFF-4991-AA14-C71ED793F4BE.jpeg","datePublished":"2020-04-03T17:10:25+00:00","author":{"@id":"https:\/\/quehacerpolitico.mx\/#\/schema\/person\/496d8ad2d1d3f8036101dca7ee39e585"},"breadcrumb":{"@id":"https:\/\/quehacerpolitico.mx\/?p=56449#breadcrumb"},"inLanguage":"es","potentialAction":[{"@type":"ReadAction","target":["https:\/\/quehacerpolitico.mx\/?p=56449"]}]},{"@type":"ImageObject","inLanguage":"es","@id":"https:\/\/quehacerpolitico.mx\/?p=56449#primaryimage","url":"https:\/\/quehacerpolitico.mx\/wp-content\/uploads\/2020\/04\/A261D6CD-4AFF-4991-AA14-C71ED793F4BE.jpeg","contentUrl":"https:\/\/quehacerpolitico.mx\/wp-content\/uploads\/2020\/04\/A261D6CD-4AFF-4991-AA14-C71ED793F4BE.jpeg","width":403,"height":298},{"@type":"BreadcrumbList","@id":"https:\/\/quehacerpolitico.mx\/?p=56449#breadcrumb","itemListElement":[{"@type":"ListItem","position":1,"name":"Inicio","item":"https:\/\/quehacerpolitico.mx\/"},{"@type":"ListItem","position":2,"name":"Ley Seca y cierre de empresas depende del dictamen de m\u00e9dicos: AMLO"}]},{"@type":"WebSite","@id":"https:\/\/quehacerpolitico.mx\/#website","url":"https:\/\/quehacerpolitico.mx\/","name":"","description":"","potentialAction":[{"@type":"SearchAction","target":{"@type":"EntryPoint","urlTemplate":"https:\/\/quehacerpolitico.mx\/?s={search_term_string}"},"query-input":{"@type":"PropertyValueSpecification","valueRequired":true,"valueName":"search_term_string"}}],"inLanguage":"es"},{"@type":"Person","@id":"https:\/\/quehacerpolitico.mx\/#\/schema\/person\/496d8ad2d1d3f8036101dca7ee39e585","name":"Redacci\u00f3n QP","image":{"@type":"ImageObject","inLanguage":"es","@id":"https:\/\/secure.gravatar.com\/avatar\/c7164ed6fdec453195284ad24a5ae5b6e1eed2b848477fa2a4787ba9adf39a41?s=96&d=mm&r=g","url":"https:\/\/secure.gravatar.com\/avatar\/c7164ed6fdec453195284ad24a5ae5b6e1eed2b848477fa2a4787ba9adf39a41?s=96&d=mm&r=g","contentUrl":"https:\/\/secure.gravatar.com\/avatar\/c7164ed6fdec453195284ad24a5ae5b6e1eed2b848477fa2a4787ba9adf39a41?s=96&d=mm&r=g","caption":"Redacci\u00f3n QP"},"url":"https:\/\/quehacerpolitico.mx\/?author=2"}]}},"featured_image_urls":{"full":["https:\/\/quehacerpolitico.mx\/wp-content\/uploads\/2020\/04\/A261D6CD-4AFF-4991-AA14-C71ED793F4BE.jpeg",403,298,false],"thumbnail":["https:\/\/quehacerpolitico.mx\/wp-content\/uploads\/2020\/04\/A261D6CD-4AFF-4991-AA14-C71ED793F4BE-150x150.jpeg",150,150,true],"medium":["https:\/\/quehacerpolitico.mx\/wp-content\/uploads\/2020\/04\/A261D6CD-4AFF-4991-AA14-C71ED793F4BE-300x222.jpeg",300,222,true],"medium_large":["https:\/\/quehacerpolitico.mx\/wp-content\/uploads\/2020\/04\/A261D6CD-4AFF-4991-AA14-C71ED793F4BE.jpeg",403,298,false],"large":["https:\/\/quehacerpolitico.mx\/wp-content\/uploads\/2020\/04\/A261D6CD-4AFF-4991-AA14-C71ED793F4BE.jpeg",403,298,false],"1536x1536":["https:\/\/quehacerpolitico.mx\/wp-content\/uploads\/2020\/04\/A261D6CD-4AFF-4991-AA14-C71ED793F4BE.jpeg",403,298,false],"2048x2048":["https:\/\/quehacerpolitico.mx\/wp-content\/uploads\/2020\/04\/A261D6CD-4AFF-4991-AA14-C71ED793F4BE.jpeg",403,298,false],"covernews-featured":["https:\/\/quehacerpolitico.mx\/wp-content\/uploads\/2020\/04\/A261D6CD-4AFF-4991-AA14-C71ED793F4BE.jpeg",403,298,false],"covernews-medium":["https:\/\/quehacerpolitico.mx\/wp-content\/uploads\/2020\/04\/A261D6CD-4AFF-4991-AA14-C71ED793F4BE.jpeg",403,298,false]},"author_info":{"display_name":"Redacci\u00f3n QP","author_link":"https:\/\/quehacerpolitico.mx\/?author=2"},"category_info":"<a href=\"https:\/\/quehacerpolitico.mx\/?cat=2\" rel=\"category\">Noticias<\/a>","tag_info":"Noticias","comment_count":"0","_links":{"self":[{"href":"https:\/\/quehacerpolitico.mx\/index.php?rest_route=\/wp\/v2\/posts\/56449","targetHints":{"allow":["GET"]}}],"collection":[{"href":"https:\/\/quehacerpolitico.mx\/index.php?rest_route=\/wp\/v2\/posts"}],"about":[{"href":"https:\/\/quehacerpolitico.mx\/index.php?rest_route=\/wp\/v2\/types\/post"}],"author":[{"embeddable":true,"href":"https:\/\/quehacerpolitico.mx\/index.php?rest_route=\/wp\/v2\/users\/2"}],"replies":[{"embeddable":true,"href":"https:\/\/quehacerpolitico.mx\/index.php?rest_route=%2Fwp%2Fv2%2Fcomments&post=56449"}],"version-history":[{"count":0,"href":"https:\/\/quehacerpolitico.mx\/index.php?rest_route=\/wp\/v2\/posts\/56449\/revisions"}],"wp:featuredmedia":[{"embeddable":true,"href":"https:\/\/quehacerpolitico.mx\/index.php?rest_route=\/wp\/v2\/media\/56450"}],"wp:attachment":[{"href":"https:\/\/quehacerpolitico.mx\/index.php?rest_route=%2Fwp%2Fv2%2Fmedia&parent=56449"}],"wp:term":[{"taxonomy":"category","embeddable":true,"href":"https:\/\/quehacerpolitico.mx\/index.php?rest_route=%2Fwp%2Fv2%2Fcategories&post=56449"},{"taxonomy":"post_tag","embeddable":true,"href":"https:\/\/quehacerpolitico.mx\/index.php?rest_route=%2Fwp%2Fv2%2Ftags&post=56449"}],"curies":[{"name":"wp","href":"https:\/\/api.w.org\/{rel}","templated":true}]}}