{"id":56420,"date":"2020-04-03T09:52:27","date_gmt":"2020-04-03T15:52:27","guid":{"rendered":"http:\/\/quehacerpolitico.mx\/?p=56420"},"modified":"2020-04-03T09:52:27","modified_gmt":"2020-04-03T15:52:27","slug":"vision-de-cambio-david-razo-reflexion-con-vision","status":"publish","type":"post","link":"https:\/\/quehacerpolitico.mx\/?p=56420","title":{"rendered":"Visi\u00f3n de Cambio\/\/\/David Razo\/\/\/Reflexi\u00f3n con Visi\u00f3n"},"content":{"rendered":"<p>#Reflexi\u00f3nConVisi\u00f3n<br \/>\n.<br \/>\nSiempre conserv\u00f3 y tengo este peque\u00f1o mantra muy presente: &#8220;Siempre trabaja m\u00e1s que cualquiera, siempre humilde, siempre mantente hambriento&#8221;. Lo tengo como un recuerdo para no olvidar que nada sustituye a la constancia diaria y el trabajo duro.<\/p>\n<p>Comenc\u00e9 dici\u00e9ndome, \u00a1la renta es una obligaci\u00f3n!, cuando me hecharon de un apartamento por no poder pagar el alquiler y, fue un motivador para trabajar mucho m\u00e1s.<br \/>\n.<br \/>\nTuve suerte en el camino, pero sigo trabajando duro, porque siempre hay obligaciones por cumplir.<\/p>\n<p>Ser responsable de mi sociedad, de mi entorno, siempre ser\u00e1 una obligaci\u00f3n para mi, ver por nuestras futuras generaciones y siempre trabajar m\u00e1s que cualquiera por un cambio positivo en M\u00e9xico.<\/p>\n<p>David Razo<br \/>\n.<br \/>\n#VisionDeCambio #UnHombreConVisionDeCambio<\/p>\n","protected":false},"excerpt":{"rendered":"<p>#Reflexi\u00f3nConVisi\u00f3n . Siempre conserv\u00f3 y tengo este peque\u00f1o mantra muy presente: &#8220;Siempre trabaja m\u00e1s que&#8230;<\/p>\n","protected":false},"author":2,"featured_media":56421,"comment_status":"open","ping_status":"open","sticky":false,"template":"","format":"standard","meta":{"_monsterinsights_skip_tracking":false,"_monsterinsights_sitenote_active":false,"_monsterinsights_sitenote_note":"","_monsterinsights_sitenote_category":0,"footnotes":""},"categories":[2],"tags":[],"class_list":["post-56420","post","type-post","status-publish","format-standard","has-post-thumbnail","hentry","category-noticias"],"yoast_head":"<!-- This site is optimized with the Yoast SEO plugin v27.3 - https:\/\/yoast.com\/product\/yoast-seo-wordpress\/ -->\n<title>Visi\u00f3n de Cambio\/\/\/David Razo\/\/\/Reflexi\u00f3n con Visi\u00f3n -<\/title>\n<meta name=\"robots\" content=\"index, follow, max-snippet:-1, max-image-preview:large, max-video-preview:-1\" \/>\n<link rel=\"canonical\" href=\"https:\/\/quehacerpolitico.mx\/?p=56420\" \/>\n<meta property=\"og:locale\" content=\"es_MX\" \/>\n<meta property=\"og:type\" content=\"article\" \/>\n<meta property=\"og:title\" content=\"Visi\u00f3n de Cambio\/\/\/David Razo\/\/\/Reflexi\u00f3n con Visi\u00f3n -\" \/>\n<meta property=\"og:description\" content=\"#Reflexi\u00f3nConVisi\u00f3n . Siempre conserv\u00f3 y tengo este peque\u00f1o mantra muy presente: &#8220;Siempre trabaja m\u00e1s que...\" \/>\n<meta property=\"og:url\" content=\"https:\/\/quehacerpolitico.mx\/?p=56420\" \/>\n<meta property=\"article:published_time\" content=\"2020-04-03T15:52:27+00:00\" \/>\n<meta property=\"og:image\" content=\"https:\/\/quehacerpolitico.mx\/wp-content\/uploads\/2020\/04\/5C9D68DD-DBB2-4B6E-A684-36F94BD88453.jpeg\" \/>\n\t<meta property=\"og:image:width\" content=\"904\" \/>\n\t<meta property=\"og:image:height\" content=\"1280\" \/>\n\t<meta property=\"og:image:type\" content=\"image\/jpeg\" \/>\n<meta name=\"author\" content=\"Redacci\u00f3n QP\" \/>\n<meta name=\"twitter:card\" content=\"summary_large_image\" \/>\n<meta name=\"twitter:label1\" content=\"Escrito por\" \/>\n\t<meta name=\"twitter:data1\" content=\"Redacci\u00f3n QP\" \/>\n\t<meta name=\"twitter:label2\" content=\"Tiempo de lectura\" \/>\n\t<meta name=\"twitter:data2\" content=\"1 minuto\" \/>\n<script type=\"application\/ld+json\" class=\"yoast-schema-graph\">{\"@context\":\"https:\\\/\\\/schema.org\",\"@graph\":[{\"@type\":\"Article\",\"@id\":\"https:\\\/\\\/quehacerpolitico.mx\\\/?p=56420#article\",\"isPartOf\":{\"@id\":\"https:\\\/\\\/quehacerpolitico.mx\\\/?p=56420\"},\"author\":{\"name\":\"Redacci\u00f3n QP\",\"@id\":\"https:\\\/\\\/quehacerpolitico.mx\\\/#\\\/schema\\\/person\\\/496d8ad2d1d3f8036101dca7ee39e585\"},\"headline\":\"Visi\u00f3n de Cambio\\\/\\\/\\\/David Razo\\\/\\\/\\\/Reflexi\u00f3n con Visi\u00f3n\",\"datePublished\":\"2020-04-03T15:52:27+00:00\",\"mainEntityOfPage\":{\"@id\":\"https:\\\/\\\/quehacerpolitico.mx\\\/?p=56420\"},\"wordCount\":137,\"commentCount\":0,\"image\":{\"@id\":\"https:\\\/\\\/quehacerpolitico.mx\\\/?p=56420#primaryimage\"},\"thumbnailUrl\":\"https:\\\/\\\/quehacerpolitico.mx\\\/wp-content\\\/uploads\\\/2020\\\/04\\\/5C9D68DD-DBB2-4B6E-A684-36F94BD88453.jpeg\",\"articleSection\":[\"Noticias\"],\"inLanguage\":\"es\",\"potentialAction\":[{\"@type\":\"CommentAction\",\"name\":\"Comment\",\"target\":[\"https:\\\/\\\/quehacerpolitico.mx\\\/?p=56420#respond\"]}]},{\"@type\":\"WebPage\",\"@id\":\"https:\\\/\\\/quehacerpolitico.mx\\\/?p=56420\",\"url\":\"https:\\\/\\\/quehacerpolitico.mx\\\/?p=56420\",\"name\":\"Visi\u00f3n de Cambio\\\/\\\/\\\/David Razo\\\/\\\/\\\/Reflexi\u00f3n con Visi\u00f3n -\",\"isPartOf\":{\"@id\":\"https:\\\/\\\/quehacerpolitico.mx\\\/#website\"},\"primaryImageOfPage\":{\"@id\":\"https:\\\/\\\/quehacerpolitico.mx\\\/?p=56420#primaryimage\"},\"image\":{\"@id\":\"https:\\\/\\\/quehacerpolitico.mx\\\/?p=56420#primaryimage\"},\"thumbnailUrl\":\"https:\\\/\\\/quehacerpolitico.mx\\\/wp-content\\\/uploads\\\/2020\\\/04\\\/5C9D68DD-DBB2-4B6E-A684-36F94BD88453.jpeg\",\"datePublished\":\"2020-04-03T15:52:27+00:00\",\"author\":{\"@id\":\"https:\\\/\\\/quehacerpolitico.mx\\\/#\\\/schema\\\/person\\\/496d8ad2d1d3f8036101dca7ee39e585\"},\"breadcrumb\":{\"@id\":\"https:\\\/\\\/quehacerpolitico.mx\\\/?p=56420#breadcrumb\"},\"inLanguage\":\"es\",\"potentialAction\":[{\"@type\":\"ReadAction\",\"target\":[\"https:\\\/\\\/quehacerpolitico.mx\\\/?p=56420\"]}]},{\"@type\":\"ImageObject\",\"inLanguage\":\"es\",\"@id\":\"https:\\\/\\\/quehacerpolitico.mx\\\/?p=56420#primaryimage\",\"url\":\"https:\\\/\\\/quehacerpolitico.mx\\\/wp-content\\\/uploads\\\/2020\\\/04\\\/5C9D68DD-DBB2-4B6E-A684-36F94BD88453.jpeg\",\"contentUrl\":\"https:\\\/\\\/quehacerpolitico.mx\\\/wp-content\\\/uploads\\\/2020\\\/04\\\/5C9D68DD-DBB2-4B6E-A684-36F94BD88453.jpeg\",\"width\":904,\"height\":1280},{\"@type\":\"BreadcrumbList\",\"@id\":\"https:\\\/\\\/quehacerpolitico.mx\\\/?p=56420#breadcrumb\",\"itemListElement\":[{\"@type\":\"ListItem\",\"position\":1,\"name\":\"Inicio\",\"item\":\"https:\\\/\\\/quehacerpolitico.mx\\\/\"},{\"@type\":\"ListItem\",\"position\":2,\"name\":\"Visi\u00f3n de Cambio\\\/\\\/\\\/David Razo\\\/\\\/\\\/Reflexi\u00f3n con Visi\u00f3n\"}]},{\"@type\":\"WebSite\",\"@id\":\"https:\\\/\\\/quehacerpolitico.mx\\\/#website\",\"url\":\"https:\\\/\\\/quehacerpolitico.mx\\\/\",\"name\":\"\",\"description\":\"\",\"potentialAction\":[{\"@type\":\"SearchAction\",\"target\":{\"@type\":\"EntryPoint\",\"urlTemplate\":\"https:\\\/\\\/quehacerpolitico.mx\\\/?s={search_term_string}\"},\"query-input\":{\"@type\":\"PropertyValueSpecification\",\"valueRequired\":true,\"valueName\":\"search_term_string\"}}],\"inLanguage\":\"es\"},{\"@type\":\"Person\",\"@id\":\"https:\\\/\\\/quehacerpolitico.mx\\\/#\\\/schema\\\/person\\\/496d8ad2d1d3f8036101dca7ee39e585\",\"name\":\"Redacci\u00f3n QP\",\"image\":{\"@type\":\"ImageObject\",\"inLanguage\":\"es\",\"@id\":\"https:\\\/\\\/secure.gravatar.com\\\/avatar\\\/c7164ed6fdec453195284ad24a5ae5b6e1eed2b848477fa2a4787ba9adf39a41?s=96&d=mm&r=g\",\"url\":\"https:\\\/\\\/secure.gravatar.com\\\/avatar\\\/c7164ed6fdec453195284ad24a5ae5b6e1eed2b848477fa2a4787ba9adf39a41?s=96&d=mm&r=g\",\"contentUrl\":\"https:\\\/\\\/secure.gravatar.com\\\/avatar\\\/c7164ed6fdec453195284ad24a5ae5b6e1eed2b848477fa2a4787ba9adf39a41?s=96&d=mm&r=g\",\"caption\":\"Redacci\u00f3n QP\"},\"url\":\"https:\\\/\\\/quehacerpolitico.mx\\\/?author=2\"}]}<\/script>\n<!-- \/ Yoast SEO plugin. -->","yoast_head_json":{"title":"Visi\u00f3n de Cambio\/\/\/David Razo\/\/\/Reflexi\u00f3n con Visi\u00f3n -","robots":{"index":"index","follow":"follow","max-snippet":"max-snippet:-1","max-image-preview":"max-image-preview:large","max-video-preview":"max-video-preview:-1"},"canonical":"https:\/\/quehacerpolitico.mx\/?p=56420","og_locale":"es_MX","og_type":"article","og_title":"Visi\u00f3n de Cambio\/\/\/David Razo\/\/\/Reflexi\u00f3n con Visi\u00f3n -","og_description":"#Reflexi\u00f3nConVisi\u00f3n . Siempre conserv\u00f3 y tengo este peque\u00f1o mantra muy presente: &#8220;Siempre trabaja m\u00e1s que...","og_url":"https:\/\/quehacerpolitico.mx\/?p=56420","article_published_time":"2020-04-03T15:52:27+00:00","og_image":[{"width":904,"height":1280,"url":"https:\/\/quehacerpolitico.mx\/wp-content\/uploads\/2020\/04\/5C9D68DD-DBB2-4B6E-A684-36F94BD88453.jpeg","type":"image\/jpeg"}],"author":"Redacci\u00f3n QP","twitter_card":"summary_large_image","twitter_misc":{"Escrito por":"Redacci\u00f3n QP","Tiempo de lectura":"1 minuto"},"schema":{"@context":"https:\/\/schema.org","@graph":[{"@type":"Article","@id":"https:\/\/quehacerpolitico.mx\/?p=56420#article","isPartOf":{"@id":"https:\/\/quehacerpolitico.mx\/?p=56420"},"author":{"name":"Redacci\u00f3n QP","@id":"https:\/\/quehacerpolitico.mx\/#\/schema\/person\/496d8ad2d1d3f8036101dca7ee39e585"},"headline":"Visi\u00f3n de Cambio\/\/\/David Razo\/\/\/Reflexi\u00f3n con Visi\u00f3n","datePublished":"2020-04-03T15:52:27+00:00","mainEntityOfPage":{"@id":"https:\/\/quehacerpolitico.mx\/?p=56420"},"wordCount":137,"commentCount":0,"image":{"@id":"https:\/\/quehacerpolitico.mx\/?p=56420#primaryimage"},"thumbnailUrl":"https:\/\/quehacerpolitico.mx\/wp-content\/uploads\/2020\/04\/5C9D68DD-DBB2-4B6E-A684-36F94BD88453.jpeg","articleSection":["Noticias"],"inLanguage":"es","potentialAction":[{"@type":"CommentAction","name":"Comment","target":["https:\/\/quehacerpolitico.mx\/?p=56420#respond"]}]},{"@type":"WebPage","@id":"https:\/\/quehacerpolitico.mx\/?p=56420","url":"https:\/\/quehacerpolitico.mx\/?p=56420","name":"Visi\u00f3n de Cambio\/\/\/David Razo\/\/\/Reflexi\u00f3n con Visi\u00f3n -","isPartOf":{"@id":"https:\/\/quehacerpolitico.mx\/#website"},"primaryImageOfPage":{"@id":"https:\/\/quehacerpolitico.mx\/?p=56420#primaryimage"},"image":{"@id":"https:\/\/quehacerpolitico.mx\/?p=56420#primaryimage"},"thumbnailUrl":"https:\/\/quehacerpolitico.mx\/wp-content\/uploads\/2020\/04\/5C9D68DD-DBB2-4B6E-A684-36F94BD88453.jpeg","datePublished":"2020-04-03T15:52:27+00:00","author":{"@id":"https:\/\/quehacerpolitico.mx\/#\/schema\/person\/496d8ad2d1d3f8036101dca7ee39e585"},"breadcrumb":{"@id":"https:\/\/quehacerpolitico.mx\/?p=56420#breadcrumb"},"inLanguage":"es","potentialAction":[{"@type":"ReadAction","target":["https:\/\/quehacerpolitico.mx\/?p=56420"]}]},{"@type":"ImageObject","inLanguage":"es","@id":"https:\/\/quehacerpolitico.mx\/?p=56420#primaryimage","url":"https:\/\/quehacerpolitico.mx\/wp-content\/uploads\/2020\/04\/5C9D68DD-DBB2-4B6E-A684-36F94BD88453.jpeg","contentUrl":"https:\/\/quehacerpolitico.mx\/wp-content\/uploads\/2020\/04\/5C9D68DD-DBB2-4B6E-A684-36F94BD88453.jpeg","width":904,"height":1280},{"@type":"BreadcrumbList","@id":"https:\/\/quehacerpolitico.mx\/?p=56420#breadcrumb","itemListElement":[{"@type":"ListItem","position":1,"name":"Inicio","item":"https:\/\/quehacerpolitico.mx\/"},{"@type":"ListItem","position":2,"name":"Visi\u00f3n de Cambio\/\/\/David Razo\/\/\/Reflexi\u00f3n con Visi\u00f3n"}]},{"@type":"WebSite","@id":"https:\/\/quehacerpolitico.mx\/#website","url":"https:\/\/quehacerpolitico.mx\/","name":"","description":"","potentialAction":[{"@type":"SearchAction","target":{"@type":"EntryPoint","urlTemplate":"https:\/\/quehacerpolitico.mx\/?s={search_term_string}"},"query-input":{"@type":"PropertyValueSpecification","valueRequired":true,"valueName":"search_term_string"}}],"inLanguage":"es"},{"@type":"Person","@id":"https:\/\/quehacerpolitico.mx\/#\/schema\/person\/496d8ad2d1d3f8036101dca7ee39e585","name":"Redacci\u00f3n QP","image":{"@type":"ImageObject","inLanguage":"es","@id":"https:\/\/secure.gravatar.com\/avatar\/c7164ed6fdec453195284ad24a5ae5b6e1eed2b848477fa2a4787ba9adf39a41?s=96&d=mm&r=g","url":"https:\/\/secure.gravatar.com\/avatar\/c7164ed6fdec453195284ad24a5ae5b6e1eed2b848477fa2a4787ba9adf39a41?s=96&d=mm&r=g","contentUrl":"https:\/\/secure.gravatar.com\/avatar\/c7164ed6fdec453195284ad24a5ae5b6e1eed2b848477fa2a4787ba9adf39a41?s=96&d=mm&r=g","caption":"Redacci\u00f3n QP"},"url":"https:\/\/quehacerpolitico.mx\/?author=2"}]}},"featured_image_urls":{"full":["https:\/\/quehacerpolitico.mx\/wp-content\/uploads\/2020\/04\/5C9D68DD-DBB2-4B6E-A684-36F94BD88453.jpeg",904,1280,false],"thumbnail":["https:\/\/quehacerpolitico.mx\/wp-content\/uploads\/2020\/04\/5C9D68DD-DBB2-4B6E-A684-36F94BD88453-150x150.jpeg",150,150,true],"medium":["https:\/\/quehacerpolitico.mx\/wp-content\/uploads\/2020\/04\/5C9D68DD-DBB2-4B6E-A684-36F94BD88453-212x300.jpeg",212,300,true],"medium_large":["https:\/\/quehacerpolitico.mx\/wp-content\/uploads\/2020\/04\/5C9D68DD-DBB2-4B6E-A684-36F94BD88453-768x1087.jpeg",640,906,true],"large":["https:\/\/quehacerpolitico.mx\/wp-content\/uploads\/2020\/04\/5C9D68DD-DBB2-4B6E-A684-36F94BD88453-723x1024.jpeg",640,906,true],"1536x1536":["https:\/\/quehacerpolitico.mx\/wp-content\/uploads\/2020\/04\/5C9D68DD-DBB2-4B6E-A684-36F94BD88453.jpeg",904,1280,false],"2048x2048":["https:\/\/quehacerpolitico.mx\/wp-content\/uploads\/2020\/04\/5C9D68DD-DBB2-4B6E-A684-36F94BD88453.jpeg",904,1280,false],"covernews-featured":["https:\/\/quehacerpolitico.mx\/wp-content\/uploads\/2020\/04\/5C9D68DD-DBB2-4B6E-A684-36F94BD88453.jpeg",904,1280,false],"covernews-medium":["https:\/\/quehacerpolitico.mx\/wp-content\/uploads\/2020\/04\/5C9D68DD-DBB2-4B6E-A684-36F94BD88453.jpeg",240,340,false]},"author_info":{"display_name":"Redacci\u00f3n QP","author_link":"https:\/\/quehacerpolitico.mx\/?author=2"},"category_info":"<a href=\"https:\/\/quehacerpolitico.mx\/?cat=2\" rel=\"category\">Noticias<\/a>","tag_info":"Noticias","comment_count":"0","_links":{"self":[{"href":"https:\/\/quehacerpolitico.mx\/index.php?rest_route=\/wp\/v2\/posts\/56420","targetHints":{"allow":["GET"]}}],"collection":[{"href":"https:\/\/quehacerpolitico.mx\/index.php?rest_route=\/wp\/v2\/posts"}],"about":[{"href":"https:\/\/quehacerpolitico.mx\/index.php?rest_route=\/wp\/v2\/types\/post"}],"author":[{"embeddable":true,"href":"https:\/\/quehacerpolitico.mx\/index.php?rest_route=\/wp\/v2\/users\/2"}],"replies":[{"embeddable":true,"href":"https:\/\/quehacerpolitico.mx\/index.php?rest_route=%2Fwp%2Fv2%2Fcomments&post=56420"}],"version-history":[{"count":0,"href":"https:\/\/quehacerpolitico.mx\/index.php?rest_route=\/wp\/v2\/posts\/56420\/revisions"}],"wp:featuredmedia":[{"embeddable":true,"href":"https:\/\/quehacerpolitico.mx\/index.php?rest_route=\/wp\/v2\/media\/56421"}],"wp:attachment":[{"href":"https:\/\/quehacerpolitico.mx\/index.php?rest_route=%2Fwp%2Fv2%2Fmedia&parent=56420"}],"wp:term":[{"taxonomy":"category","embeddable":true,"href":"https:\/\/quehacerpolitico.mx\/index.php?rest_route=%2Fwp%2Fv2%2Fcategories&post=56420"},{"taxonomy":"post_tag","embeddable":true,"href":"https:\/\/quehacerpolitico.mx\/index.php?rest_route=%2Fwp%2Fv2%2Ftags&post=56420"}],"curies":[{"name":"wp","href":"https:\/\/api.w.org\/{rel}","templated":true}]}}