{"id":56414,"date":"2020-04-03T09:28:41","date_gmt":"2020-04-03T15:28:41","guid":{"rendered":"http:\/\/quehacerpolitico.mx\/?p=56414"},"modified":"2020-04-03T09:28:41","modified_gmt":"2020-04-03T15:28:41","slug":"internacionales-carolina-alonso-romei-alemania-es-el-cuarto-pais-mas-afectado-del-mundo-con-84-794-casos","status":"publish","type":"post","link":"https:\/\/quehacerpolitico.mx\/?p=56414","title":{"rendered":"Internacionales\/\/\/Carolina Alonso Romei\/\/\/Alemania es el cuarto pa\u00eds m\u00e1s afectado del mundo con 84.794 casos"},"content":{"rendered":"<p>Alemania es el cuarto pa\u00eds m\u00e1s afectado del mundo con 84.794 casos<br \/>\nPor Carolina Alonso Romei<\/p>\n<p>Internacionalista<\/p>\n<p>Alemania super\u00f3 este viernes a China por n\u00famero de infectados con coronavirus, al sumar m\u00e1s de 84.000 casos confirmados, mientras la cifra de muertos lleg\u00f3 a 1.107.<\/p>\n<p>De acuerdo con datos de la Universidad estadounidense Johns Hopkins, Alemania registra este viernes un total de 84.794 casos confirmados, incluidos 1.107 personas fallecidas y 22.440 recuperadas.<\/p>\n<p>Alemania supera as\u00ed en n\u00famero de contagiados a China, que tiene 82.464, y es ya el cuarto pa\u00eds m\u00e1s afectado del mundo, por detr\u00e1s de Estados Unidos (245.573), Italia (115.242 ) y Espa\u00f1a (112.065), seg\u00fan cifras de la Universidad Johns Hopkins.<\/p>\n<p>El n\u00famero total de infectados con coronavirus super\u00f3 el mill\u00f3n de casos en todo el mundo este jueves y el total de fallecidos asciende a 53.179 personas.<\/p>\n<p>Por otra parte, cada vez m\u00e1s m\u00e9dicos y personal sanitario figuran entre los casos de contagio confirmados, con m\u00e1s de 2.300 infectados, seg\u00fan datos del Instituto Robert Koch (RKI, por sus siglas en alem\u00e1n), destac\u00f3 la Deutsche Welle.<\/p>\n<p>El jefe del RKI, Lothar Wielen, admiti\u00f3 a inicios de la semana la posibilidad de que el sistema hospitalario de Alemania se vea desbordado si el n\u00famero de infectados por coronavirus sigue creciendo.<\/p>\n<p>Este mi\u00e9rcoles, el Gobierno alem\u00e1n decidi\u00f3 prolongar las medidas restrictivas para frenar la actual pandemia de COVID-19 hasta el pr\u00f3ximo 19 de abril como m\u00ednimo.<\/p>\n<p>Con informaci\u00f3n de NTX<\/p>\n","protected":false},"excerpt":{"rendered":"<p>Alemania es el cuarto pa\u00eds m\u00e1s afectado del mundo con 84.794 casos Por Carolina Alonso&#8230;<\/p>\n","protected":false},"author":2,"featured_media":56415,"comment_status":"open","ping_status":"open","sticky":false,"template":"","format":"standard","meta":{"_monsterinsights_skip_tracking":false,"_monsterinsights_sitenote_active":false,"_monsterinsights_sitenote_note":"","_monsterinsights_sitenote_category":0,"footnotes":""},"categories":[1],"tags":[],"class_list":["post-56414","post","type-post","status-publish","format-standard","has-post-thumbnail","hentry","category-sin-categoria"],"yoast_head":"<!-- This site is optimized with the Yoast SEO plugin v27.3 - https:\/\/yoast.com\/product\/yoast-seo-wordpress\/ -->\n<title>Internacionales\/\/\/Carolina Alonso Romei\/\/\/Alemania es el cuarto pa\u00eds m\u00e1s afectado del mundo con 84.794 casos -<\/title>\n<meta name=\"robots\" content=\"index, follow, max-snippet:-1, max-image-preview:large, max-video-preview:-1\" \/>\n<link rel=\"canonical\" href=\"https:\/\/quehacerpolitico.mx\/?p=56414\" \/>\n<meta property=\"og:locale\" content=\"es_MX\" \/>\n<meta property=\"og:type\" content=\"article\" \/>\n<meta property=\"og:title\" content=\"Internacionales\/\/\/Carolina Alonso Romei\/\/\/Alemania es el cuarto pa\u00eds m\u00e1s afectado del mundo con 84.794 casos -\" \/>\n<meta property=\"og:description\" content=\"Alemania es el cuarto pa\u00eds m\u00e1s afectado del mundo con 84.794 casos Por Carolina Alonso...\" \/>\n<meta property=\"og:url\" content=\"https:\/\/quehacerpolitico.mx\/?p=56414\" \/>\n<meta property=\"article:published_time\" content=\"2020-04-03T15:28:41+00:00\" \/>\n<meta property=\"og:image\" content=\"https:\/\/quehacerpolitico.mx\/wp-content\/uploads\/2020\/04\/340CC643-5A1B-44F9-844F-49BCC6B70D9E.jpeg\" \/>\n\t<meta property=\"og:image:width\" content=\"403\" \/>\n\t<meta property=\"og:image:height\" content=\"298\" \/>\n\t<meta property=\"og:image:type\" content=\"image\/jpeg\" \/>\n<meta name=\"author\" content=\"Redacci\u00f3n QP\" \/>\n<meta name=\"twitter:card\" content=\"summary_large_image\" \/>\n<meta name=\"twitter:label1\" content=\"Escrito por\" \/>\n\t<meta name=\"twitter:data1\" content=\"Redacci\u00f3n QP\" \/>\n\t<meta name=\"twitter:label2\" content=\"Tiempo de lectura\" \/>\n\t<meta name=\"twitter:data2\" content=\"1 minuto\" \/>\n<script type=\"application\/ld+json\" class=\"yoast-schema-graph\">{\"@context\":\"https:\\\/\\\/schema.org\",\"@graph\":[{\"@type\":\"Article\",\"@id\":\"https:\\\/\\\/quehacerpolitico.mx\\\/?p=56414#article\",\"isPartOf\":{\"@id\":\"https:\\\/\\\/quehacerpolitico.mx\\\/?p=56414\"},\"author\":{\"name\":\"Redacci\u00f3n QP\",\"@id\":\"https:\\\/\\\/quehacerpolitico.mx\\\/#\\\/schema\\\/person\\\/496d8ad2d1d3f8036101dca7ee39e585\"},\"headline\":\"Internacionales\\\/\\\/\\\/Carolina Alonso Romei\\\/\\\/\\\/Alemania es el cuarto pa\u00eds m\u00e1s afectado del mundo con 84.794 casos\",\"datePublished\":\"2020-04-03T15:28:41+00:00\",\"mainEntityOfPage\":{\"@id\":\"https:\\\/\\\/quehacerpolitico.mx\\\/?p=56414\"},\"wordCount\":265,\"commentCount\":0,\"image\":{\"@id\":\"https:\\\/\\\/quehacerpolitico.mx\\\/?p=56414#primaryimage\"},\"thumbnailUrl\":\"https:\\\/\\\/quehacerpolitico.mx\\\/wp-content\\\/uploads\\\/2020\\\/04\\\/340CC643-5A1B-44F9-844F-49BCC6B70D9E.jpeg\",\"articleSection\":[\"Internacionales\"],\"inLanguage\":\"es\",\"potentialAction\":[{\"@type\":\"CommentAction\",\"name\":\"Comment\",\"target\":[\"https:\\\/\\\/quehacerpolitico.mx\\\/?p=56414#respond\"]}]},{\"@type\":\"WebPage\",\"@id\":\"https:\\\/\\\/quehacerpolitico.mx\\\/?p=56414\",\"url\":\"https:\\\/\\\/quehacerpolitico.mx\\\/?p=56414\",\"name\":\"Internacionales\\\/\\\/\\\/Carolina Alonso Romei\\\/\\\/\\\/Alemania es el cuarto pa\u00eds m\u00e1s afectado del mundo con 84.794 casos -\",\"isPartOf\":{\"@id\":\"https:\\\/\\\/quehacerpolitico.mx\\\/#website\"},\"primaryImageOfPage\":{\"@id\":\"https:\\\/\\\/quehacerpolitico.mx\\\/?p=56414#primaryimage\"},\"image\":{\"@id\":\"https:\\\/\\\/quehacerpolitico.mx\\\/?p=56414#primaryimage\"},\"thumbnailUrl\":\"https:\\\/\\\/quehacerpolitico.mx\\\/wp-content\\\/uploads\\\/2020\\\/04\\\/340CC643-5A1B-44F9-844F-49BCC6B70D9E.jpeg\",\"datePublished\":\"2020-04-03T15:28:41+00:00\",\"author\":{\"@id\":\"https:\\\/\\\/quehacerpolitico.mx\\\/#\\\/schema\\\/person\\\/496d8ad2d1d3f8036101dca7ee39e585\"},\"breadcrumb\":{\"@id\":\"https:\\\/\\\/quehacerpolitico.mx\\\/?p=56414#breadcrumb\"},\"inLanguage\":\"es\",\"potentialAction\":[{\"@type\":\"ReadAction\",\"target\":[\"https:\\\/\\\/quehacerpolitico.mx\\\/?p=56414\"]}]},{\"@type\":\"ImageObject\",\"inLanguage\":\"es\",\"@id\":\"https:\\\/\\\/quehacerpolitico.mx\\\/?p=56414#primaryimage\",\"url\":\"https:\\\/\\\/quehacerpolitico.mx\\\/wp-content\\\/uploads\\\/2020\\\/04\\\/340CC643-5A1B-44F9-844F-49BCC6B70D9E.jpeg\",\"contentUrl\":\"https:\\\/\\\/quehacerpolitico.mx\\\/wp-content\\\/uploads\\\/2020\\\/04\\\/340CC643-5A1B-44F9-844F-49BCC6B70D9E.jpeg\",\"width\":403,\"height\":298},{\"@type\":\"BreadcrumbList\",\"@id\":\"https:\\\/\\\/quehacerpolitico.mx\\\/?p=56414#breadcrumb\",\"itemListElement\":[{\"@type\":\"ListItem\",\"position\":1,\"name\":\"Inicio\",\"item\":\"https:\\\/\\\/quehacerpolitico.mx\\\/\"},{\"@type\":\"ListItem\",\"position\":2,\"name\":\"Internacionales\\\/\\\/\\\/Carolina Alonso Romei\\\/\\\/\\\/Alemania es el cuarto pa\u00eds m\u00e1s afectado del mundo con 84.794 casos\"}]},{\"@type\":\"WebSite\",\"@id\":\"https:\\\/\\\/quehacerpolitico.mx\\\/#website\",\"url\":\"https:\\\/\\\/quehacerpolitico.mx\\\/\",\"name\":\"\",\"description\":\"\",\"potentialAction\":[{\"@type\":\"SearchAction\",\"target\":{\"@type\":\"EntryPoint\",\"urlTemplate\":\"https:\\\/\\\/quehacerpolitico.mx\\\/?s={search_term_string}\"},\"query-input\":{\"@type\":\"PropertyValueSpecification\",\"valueRequired\":true,\"valueName\":\"search_term_string\"}}],\"inLanguage\":\"es\"},{\"@type\":\"Person\",\"@id\":\"https:\\\/\\\/quehacerpolitico.mx\\\/#\\\/schema\\\/person\\\/496d8ad2d1d3f8036101dca7ee39e585\",\"name\":\"Redacci\u00f3n QP\",\"image\":{\"@type\":\"ImageObject\",\"inLanguage\":\"es\",\"@id\":\"https:\\\/\\\/secure.gravatar.com\\\/avatar\\\/c7164ed6fdec453195284ad24a5ae5b6e1eed2b848477fa2a4787ba9adf39a41?s=96&d=mm&r=g\",\"url\":\"https:\\\/\\\/secure.gravatar.com\\\/avatar\\\/c7164ed6fdec453195284ad24a5ae5b6e1eed2b848477fa2a4787ba9adf39a41?s=96&d=mm&r=g\",\"contentUrl\":\"https:\\\/\\\/secure.gravatar.com\\\/avatar\\\/c7164ed6fdec453195284ad24a5ae5b6e1eed2b848477fa2a4787ba9adf39a41?s=96&d=mm&r=g\",\"caption\":\"Redacci\u00f3n QP\"},\"url\":\"https:\\\/\\\/quehacerpolitico.mx\\\/?author=2\"}]}<\/script>\n<!-- \/ Yoast SEO plugin. -->","yoast_head_json":{"title":"Internacionales\/\/\/Carolina Alonso Romei\/\/\/Alemania es el cuarto pa\u00eds m\u00e1s afectado del mundo con 84.794 casos -","robots":{"index":"index","follow":"follow","max-snippet":"max-snippet:-1","max-image-preview":"max-image-preview:large","max-video-preview":"max-video-preview:-1"},"canonical":"https:\/\/quehacerpolitico.mx\/?p=56414","og_locale":"es_MX","og_type":"article","og_title":"Internacionales\/\/\/Carolina Alonso Romei\/\/\/Alemania es el cuarto pa\u00eds m\u00e1s afectado del mundo con 84.794 casos -","og_description":"Alemania es el cuarto pa\u00eds m\u00e1s afectado del mundo con 84.794 casos Por Carolina Alonso...","og_url":"https:\/\/quehacerpolitico.mx\/?p=56414","article_published_time":"2020-04-03T15:28:41+00:00","og_image":[{"width":403,"height":298,"url":"https:\/\/quehacerpolitico.mx\/wp-content\/uploads\/2020\/04\/340CC643-5A1B-44F9-844F-49BCC6B70D9E.jpeg","type":"image\/jpeg"}],"author":"Redacci\u00f3n QP","twitter_card":"summary_large_image","twitter_misc":{"Escrito por":"Redacci\u00f3n QP","Tiempo de lectura":"1 minuto"},"schema":{"@context":"https:\/\/schema.org","@graph":[{"@type":"Article","@id":"https:\/\/quehacerpolitico.mx\/?p=56414#article","isPartOf":{"@id":"https:\/\/quehacerpolitico.mx\/?p=56414"},"author":{"name":"Redacci\u00f3n QP","@id":"https:\/\/quehacerpolitico.mx\/#\/schema\/person\/496d8ad2d1d3f8036101dca7ee39e585"},"headline":"Internacionales\/\/\/Carolina Alonso Romei\/\/\/Alemania es el cuarto pa\u00eds m\u00e1s afectado del mundo con 84.794 casos","datePublished":"2020-04-03T15:28:41+00:00","mainEntityOfPage":{"@id":"https:\/\/quehacerpolitico.mx\/?p=56414"},"wordCount":265,"commentCount":0,"image":{"@id":"https:\/\/quehacerpolitico.mx\/?p=56414#primaryimage"},"thumbnailUrl":"https:\/\/quehacerpolitico.mx\/wp-content\/uploads\/2020\/04\/340CC643-5A1B-44F9-844F-49BCC6B70D9E.jpeg","articleSection":["Internacionales"],"inLanguage":"es","potentialAction":[{"@type":"CommentAction","name":"Comment","target":["https:\/\/quehacerpolitico.mx\/?p=56414#respond"]}]},{"@type":"WebPage","@id":"https:\/\/quehacerpolitico.mx\/?p=56414","url":"https:\/\/quehacerpolitico.mx\/?p=56414","name":"Internacionales\/\/\/Carolina Alonso Romei\/\/\/Alemania es el cuarto pa\u00eds m\u00e1s afectado del mundo con 84.794 casos -","isPartOf":{"@id":"https:\/\/quehacerpolitico.mx\/#website"},"primaryImageOfPage":{"@id":"https:\/\/quehacerpolitico.mx\/?p=56414#primaryimage"},"image":{"@id":"https:\/\/quehacerpolitico.mx\/?p=56414#primaryimage"},"thumbnailUrl":"https:\/\/quehacerpolitico.mx\/wp-content\/uploads\/2020\/04\/340CC643-5A1B-44F9-844F-49BCC6B70D9E.jpeg","datePublished":"2020-04-03T15:28:41+00:00","author":{"@id":"https:\/\/quehacerpolitico.mx\/#\/schema\/person\/496d8ad2d1d3f8036101dca7ee39e585"},"breadcrumb":{"@id":"https:\/\/quehacerpolitico.mx\/?p=56414#breadcrumb"},"inLanguage":"es","potentialAction":[{"@type":"ReadAction","target":["https:\/\/quehacerpolitico.mx\/?p=56414"]}]},{"@type":"ImageObject","inLanguage":"es","@id":"https:\/\/quehacerpolitico.mx\/?p=56414#primaryimage","url":"https:\/\/quehacerpolitico.mx\/wp-content\/uploads\/2020\/04\/340CC643-5A1B-44F9-844F-49BCC6B70D9E.jpeg","contentUrl":"https:\/\/quehacerpolitico.mx\/wp-content\/uploads\/2020\/04\/340CC643-5A1B-44F9-844F-49BCC6B70D9E.jpeg","width":403,"height":298},{"@type":"BreadcrumbList","@id":"https:\/\/quehacerpolitico.mx\/?p=56414#breadcrumb","itemListElement":[{"@type":"ListItem","position":1,"name":"Inicio","item":"https:\/\/quehacerpolitico.mx\/"},{"@type":"ListItem","position":2,"name":"Internacionales\/\/\/Carolina Alonso Romei\/\/\/Alemania es el cuarto pa\u00eds m\u00e1s afectado del mundo con 84.794 casos"}]},{"@type":"WebSite","@id":"https:\/\/quehacerpolitico.mx\/#website","url":"https:\/\/quehacerpolitico.mx\/","name":"","description":"","potentialAction":[{"@type":"SearchAction","target":{"@type":"EntryPoint","urlTemplate":"https:\/\/quehacerpolitico.mx\/?s={search_term_string}"},"query-input":{"@type":"PropertyValueSpecification","valueRequired":true,"valueName":"search_term_string"}}],"inLanguage":"es"},{"@type":"Person","@id":"https:\/\/quehacerpolitico.mx\/#\/schema\/person\/496d8ad2d1d3f8036101dca7ee39e585","name":"Redacci\u00f3n QP","image":{"@type":"ImageObject","inLanguage":"es","@id":"https:\/\/secure.gravatar.com\/avatar\/c7164ed6fdec453195284ad24a5ae5b6e1eed2b848477fa2a4787ba9adf39a41?s=96&d=mm&r=g","url":"https:\/\/secure.gravatar.com\/avatar\/c7164ed6fdec453195284ad24a5ae5b6e1eed2b848477fa2a4787ba9adf39a41?s=96&d=mm&r=g","contentUrl":"https:\/\/secure.gravatar.com\/avatar\/c7164ed6fdec453195284ad24a5ae5b6e1eed2b848477fa2a4787ba9adf39a41?s=96&d=mm&r=g","caption":"Redacci\u00f3n QP"},"url":"https:\/\/quehacerpolitico.mx\/?author=2"}]}},"featured_image_urls":{"full":["https:\/\/quehacerpolitico.mx\/wp-content\/uploads\/2020\/04\/340CC643-5A1B-44F9-844F-49BCC6B70D9E.jpeg",403,298,false],"thumbnail":["https:\/\/quehacerpolitico.mx\/wp-content\/uploads\/2020\/04\/340CC643-5A1B-44F9-844F-49BCC6B70D9E-150x150.jpeg",150,150,true],"medium":["https:\/\/quehacerpolitico.mx\/wp-content\/uploads\/2020\/04\/340CC643-5A1B-44F9-844F-49BCC6B70D9E-300x222.jpeg",300,222,true],"medium_large":["https:\/\/quehacerpolitico.mx\/wp-content\/uploads\/2020\/04\/340CC643-5A1B-44F9-844F-49BCC6B70D9E.jpeg",403,298,false],"large":["https:\/\/quehacerpolitico.mx\/wp-content\/uploads\/2020\/04\/340CC643-5A1B-44F9-844F-49BCC6B70D9E.jpeg",403,298,false],"1536x1536":["https:\/\/quehacerpolitico.mx\/wp-content\/uploads\/2020\/04\/340CC643-5A1B-44F9-844F-49BCC6B70D9E.jpeg",403,298,false],"2048x2048":["https:\/\/quehacerpolitico.mx\/wp-content\/uploads\/2020\/04\/340CC643-5A1B-44F9-844F-49BCC6B70D9E.jpeg",403,298,false],"covernews-featured":["https:\/\/quehacerpolitico.mx\/wp-content\/uploads\/2020\/04\/340CC643-5A1B-44F9-844F-49BCC6B70D9E.jpeg",403,298,false],"covernews-medium":["https:\/\/quehacerpolitico.mx\/wp-content\/uploads\/2020\/04\/340CC643-5A1B-44F9-844F-49BCC6B70D9E.jpeg",403,298,false]},"author_info":{"display_name":"Redacci\u00f3n QP","author_link":"https:\/\/quehacerpolitico.mx\/?author=2"},"category_info":"<a href=\"https:\/\/quehacerpolitico.mx\/?cat=1\" rel=\"category\">Internacionales<\/a>","tag_info":"Internacionales","comment_count":"0","_links":{"self":[{"href":"https:\/\/quehacerpolitico.mx\/index.php?rest_route=\/wp\/v2\/posts\/56414","targetHints":{"allow":["GET"]}}],"collection":[{"href":"https:\/\/quehacerpolitico.mx\/index.php?rest_route=\/wp\/v2\/posts"}],"about":[{"href":"https:\/\/quehacerpolitico.mx\/index.php?rest_route=\/wp\/v2\/types\/post"}],"author":[{"embeddable":true,"href":"https:\/\/quehacerpolitico.mx\/index.php?rest_route=\/wp\/v2\/users\/2"}],"replies":[{"embeddable":true,"href":"https:\/\/quehacerpolitico.mx\/index.php?rest_route=%2Fwp%2Fv2%2Fcomments&post=56414"}],"version-history":[{"count":0,"href":"https:\/\/quehacerpolitico.mx\/index.php?rest_route=\/wp\/v2\/posts\/56414\/revisions"}],"wp:featuredmedia":[{"embeddable":true,"href":"https:\/\/quehacerpolitico.mx\/index.php?rest_route=\/wp\/v2\/media\/56415"}],"wp:attachment":[{"href":"https:\/\/quehacerpolitico.mx\/index.php?rest_route=%2Fwp%2Fv2%2Fmedia&parent=56414"}],"wp:term":[{"taxonomy":"category","embeddable":true,"href":"https:\/\/quehacerpolitico.mx\/index.php?rest_route=%2Fwp%2Fv2%2Fcategories&post=56414"},{"taxonomy":"post_tag","embeddable":true,"href":"https:\/\/quehacerpolitico.mx\/index.php?rest_route=%2Fwp%2Fv2%2Ftags&post=56414"}],"curies":[{"name":"wp","href":"https:\/\/api.w.org\/{rel}","templated":true}]}}