{"id":56411,"date":"2020-04-03T09:18:53","date_gmt":"2020-04-03T15:18:53","guid":{"rendered":"http:\/\/quehacerpolitico.mx\/?p=56411"},"modified":"2020-04-03T09:18:53","modified_gmt":"2020-04-03T15:18:53","slug":"linea-roja-jacqueline-morgado-gobierno-federal-devolvera-tiempos-oficiales-a-radio-y-television","status":"publish","type":"post","link":"https:\/\/quehacerpolitico.mx\/?p=56411","title":{"rendered":"L\u00ednea Roja\/\/\/Jacqueline Morgado\/\/\/Gobierno federal devolver\u00e1 tiempos oficiales a radio y televisi\u00f3n"},"content":{"rendered":"<p>Gobierno federal devolver\u00e1 tiempos oficiales a radio y televisi\u00f3n<br \/>\nPor Jacqueline Morgado<\/p>\n<p>Al se\u00f1alar que su gobierno no requiere de la propaganda, el presidente Andr\u00e9s Manuel L\u00f3pez Obrador inform\u00f3 que hoy firmar\u00e1 un convenio con empresarios de radio y televisi\u00f3n para devolverles los espacios oficiales dedicados al Ejecutivo federal.<\/p>\n<p>\u201cDevolvemos los tiempos oficiales a la radio y a la televisi\u00f3n, un gobierno que mantiene comunicaci\u00f3n con el pueblo no necesita de la propaganda, y la industria de la radio y la televisi\u00f3n est\u00e1 pasando un mal momento. Porque han bajado sus ingresos en general\u201d, explic\u00f3.<\/p>\n<p>En su\u00a0conferencia de\u00a0prensa desde Palacio Nacional, el mandatario federal a\u00f1adi\u00f3 que las empresas podr\u00e1n hacer usos de esos espacios para generar m\u00e1s ingresos\u00a0a trav\u00e9s de la\u00a0publicidad.<\/p>\n<blockquote class=\"twitter-tweet\" data-width=\"550\" data-dnt=\"true\">\n<p lang=\"es\" dir=\"ltr\">\ud83c\udfa5 <a href=\"https:\/\/twitter.com\/hashtag\/MA%C3%91ANERA?src=hash&amp;ref_src=twsrc%5Etfw\">#MA\u00d1ANERA<\/a> | El presidente <a href=\"https:\/\/twitter.com\/lopezobrador_?ref_src=twsrc%5Etfw\">@lopezobrador_<\/a> explic\u00f3 \u00abpor ley nosotros disponemos de tiempos fiscales, esos tiempos ya no los vamos a ocupar, entonces las estaciones de radio y de televisi\u00f3n pueden comercializarlos, de eso se trata, pero es un apoyo considerable\u00bb. <\/p>\n<p>\u2022 <a href=\"https:\/\/twitter.com\/hashtag\/Notimex?src=hash&amp;ref_src=twsrc%5Etfw\">#Notimex<\/a> <a href=\"https:\/\/t.co\/25f9IfCZL3\">pic.twitter.com\/25f9IfCZL3<\/a><\/p>\n<p>&mdash; Notimex (@Notimex) <a href=\"https:\/\/twitter.com\/Notimex\/status\/1246077974883041292?ref_src=twsrc%5Etfw\">April 3, 2020<\/a><\/p><\/blockquote>\n<p><script async src=\"https:\/\/platform.twitter.com\/widgets.js\" charset=\"utf-8\"><\/script><\/p>\n<p>\u201cSon los tiempos fiscales oficiales, por ley nosotros disponemos de tiempo en radio y en la televisi\u00f3n, no lo vamos a ocupar. Pueden comercializarlos. Y nosotros no podemos darles dinero para publicidad como era antes. Se ha reducido considerablemente y se va a reducir a\u00fan m\u00e1s el gasto de publicidad\u201d, expuso.<\/p>\n<p>La decisi\u00f3n tambi\u00e9n est\u00e1 enfocada a que los medios de comunicaci\u00f3n conserven las plazas laborales para sus empleados.<\/p>\n<p>\u201cEntonces, con esta medida ellos van a poder comercializar esos tiempos y son ingresos que les van a ayudar a mantener sus empresas y sobre todo a mantener el trabajo de muchos, para quienes laboran en esta industria\u201d, indic\u00f3.<\/p>\n<p>L\u00f3pez Obrador a\u00f1adi\u00f3 que seguir\u00e1 informando de otras medidas para ayudar a que la econom\u00eda se reactive pronto una vez que pase la contingencia sanitaria por el COVID-19.<\/p>\n<p>Con informaci\u00f3n de NTX<\/p>\n","protected":false},"excerpt":{"rendered":"<p>Gobierno federal devolver\u00e1 tiempos oficiales a radio y televisi\u00f3n Por Jacqueline Morgado Al se\u00f1alar que&#8230;<\/p>\n","protected":false},"author":2,"featured_media":56412,"comment_status":"open","ping_status":"open","sticky":false,"template":"","format":"standard","meta":{"_monsterinsights_skip_tracking":false,"_monsterinsights_sitenote_active":false,"_monsterinsights_sitenote_note":"","_monsterinsights_sitenote_category":0,"footnotes":""},"categories":[2],"tags":[],"class_list":["post-56411","post","type-post","status-publish","format-standard","has-post-thumbnail","hentry","category-noticias"],"yoast_head":"<!-- This site is optimized with the Yoast SEO plugin v27.3 - https:\/\/yoast.com\/product\/yoast-seo-wordpress\/ -->\n<title>L\u00ednea Roja\/\/\/Jacqueline Morgado\/\/\/Gobierno federal devolver\u00e1 tiempos oficiales a radio y televisi\u00f3n -<\/title>\n<meta name=\"robots\" content=\"index, follow, max-snippet:-1, max-image-preview:large, max-video-preview:-1\" \/>\n<link rel=\"canonical\" href=\"https:\/\/quehacerpolitico.mx\/?p=56411\" \/>\n<meta property=\"og:locale\" content=\"es_MX\" \/>\n<meta property=\"og:type\" content=\"article\" \/>\n<meta property=\"og:title\" content=\"L\u00ednea Roja\/\/\/Jacqueline Morgado\/\/\/Gobierno federal devolver\u00e1 tiempos oficiales a radio y televisi\u00f3n -\" \/>\n<meta property=\"og:description\" content=\"Gobierno federal devolver\u00e1 tiempos oficiales a radio y televisi\u00f3n Por Jacqueline Morgado Al se\u00f1alar que...\" \/>\n<meta property=\"og:url\" content=\"https:\/\/quehacerpolitico.mx\/?p=56411\" \/>\n<meta property=\"article:published_time\" content=\"2020-04-03T15:18:53+00:00\" \/>\n<meta property=\"og:image\" content=\"https:\/\/quehacerpolitico.mx\/wp-content\/uploads\/2020\/04\/E01732BD-57CB-452A-91C6-863AA1EE79D0.jpeg\" \/>\n\t<meta property=\"og:image:width\" content=\"1276\" \/>\n\t<meta property=\"og:image:height\" content=\"956\" \/>\n\t<meta property=\"og:image:type\" content=\"image\/jpeg\" \/>\n<meta name=\"author\" content=\"Redacci\u00f3n QP\" \/>\n<meta name=\"twitter:card\" content=\"summary_large_image\" \/>\n<meta name=\"twitter:label1\" content=\"Escrito por\" \/>\n\t<meta name=\"twitter:data1\" content=\"Redacci\u00f3n QP\" \/>\n\t<meta name=\"twitter:label2\" content=\"Tiempo de lectura\" \/>\n\t<meta name=\"twitter:data2\" content=\"1 minuto\" \/>\n<script type=\"application\/ld+json\" class=\"yoast-schema-graph\">{\"@context\":\"https:\\\/\\\/schema.org\",\"@graph\":[{\"@type\":\"Article\",\"@id\":\"https:\\\/\\\/quehacerpolitico.mx\\\/?p=56411#article\",\"isPartOf\":{\"@id\":\"https:\\\/\\\/quehacerpolitico.mx\\\/?p=56411\"},\"author\":{\"name\":\"Redacci\u00f3n QP\",\"@id\":\"https:\\\/\\\/quehacerpolitico.mx\\\/#\\\/schema\\\/person\\\/496d8ad2d1d3f8036101dca7ee39e585\"},\"headline\":\"L\u00ednea Roja\\\/\\\/\\\/Jacqueline Morgado\\\/\\\/\\\/Gobierno federal devolver\u00e1 tiempos oficiales a radio y televisi\u00f3n\",\"datePublished\":\"2020-04-03T15:18:53+00:00\",\"mainEntityOfPage\":{\"@id\":\"https:\\\/\\\/quehacerpolitico.mx\\\/?p=56411\"},\"wordCount\":308,\"commentCount\":0,\"image\":{\"@id\":\"https:\\\/\\\/quehacerpolitico.mx\\\/?p=56411#primaryimage\"},\"thumbnailUrl\":\"https:\\\/\\\/quehacerpolitico.mx\\\/wp-content\\\/uploads\\\/2020\\\/04\\\/E01732BD-57CB-452A-91C6-863AA1EE79D0.jpeg\",\"articleSection\":[\"Noticias\"],\"inLanguage\":\"es\",\"potentialAction\":[{\"@type\":\"CommentAction\",\"name\":\"Comment\",\"target\":[\"https:\\\/\\\/quehacerpolitico.mx\\\/?p=56411#respond\"]}]},{\"@type\":\"WebPage\",\"@id\":\"https:\\\/\\\/quehacerpolitico.mx\\\/?p=56411\",\"url\":\"https:\\\/\\\/quehacerpolitico.mx\\\/?p=56411\",\"name\":\"L\u00ednea Roja\\\/\\\/\\\/Jacqueline Morgado\\\/\\\/\\\/Gobierno federal devolver\u00e1 tiempos oficiales a radio y televisi\u00f3n -\",\"isPartOf\":{\"@id\":\"https:\\\/\\\/quehacerpolitico.mx\\\/#website\"},\"primaryImageOfPage\":{\"@id\":\"https:\\\/\\\/quehacerpolitico.mx\\\/?p=56411#primaryimage\"},\"image\":{\"@id\":\"https:\\\/\\\/quehacerpolitico.mx\\\/?p=56411#primaryimage\"},\"thumbnailUrl\":\"https:\\\/\\\/quehacerpolitico.mx\\\/wp-content\\\/uploads\\\/2020\\\/04\\\/E01732BD-57CB-452A-91C6-863AA1EE79D0.jpeg\",\"datePublished\":\"2020-04-03T15:18:53+00:00\",\"author\":{\"@id\":\"https:\\\/\\\/quehacerpolitico.mx\\\/#\\\/schema\\\/person\\\/496d8ad2d1d3f8036101dca7ee39e585\"},\"breadcrumb\":{\"@id\":\"https:\\\/\\\/quehacerpolitico.mx\\\/?p=56411#breadcrumb\"},\"inLanguage\":\"es\",\"potentialAction\":[{\"@type\":\"ReadAction\",\"target\":[\"https:\\\/\\\/quehacerpolitico.mx\\\/?p=56411\"]}]},{\"@type\":\"ImageObject\",\"inLanguage\":\"es\",\"@id\":\"https:\\\/\\\/quehacerpolitico.mx\\\/?p=56411#primaryimage\",\"url\":\"https:\\\/\\\/quehacerpolitico.mx\\\/wp-content\\\/uploads\\\/2020\\\/04\\\/E01732BD-57CB-452A-91C6-863AA1EE79D0.jpeg\",\"contentUrl\":\"https:\\\/\\\/quehacerpolitico.mx\\\/wp-content\\\/uploads\\\/2020\\\/04\\\/E01732BD-57CB-452A-91C6-863AA1EE79D0.jpeg\",\"width\":1276,\"height\":956},{\"@type\":\"BreadcrumbList\",\"@id\":\"https:\\\/\\\/quehacerpolitico.mx\\\/?p=56411#breadcrumb\",\"itemListElement\":[{\"@type\":\"ListItem\",\"position\":1,\"name\":\"Inicio\",\"item\":\"https:\\\/\\\/quehacerpolitico.mx\\\/\"},{\"@type\":\"ListItem\",\"position\":2,\"name\":\"L\u00ednea Roja\\\/\\\/\\\/Jacqueline Morgado\\\/\\\/\\\/Gobierno federal devolver\u00e1 tiempos oficiales a radio y televisi\u00f3n\"}]},{\"@type\":\"WebSite\",\"@id\":\"https:\\\/\\\/quehacerpolitico.mx\\\/#website\",\"url\":\"https:\\\/\\\/quehacerpolitico.mx\\\/\",\"name\":\"\",\"description\":\"\",\"potentialAction\":[{\"@type\":\"SearchAction\",\"target\":{\"@type\":\"EntryPoint\",\"urlTemplate\":\"https:\\\/\\\/quehacerpolitico.mx\\\/?s={search_term_string}\"},\"query-input\":{\"@type\":\"PropertyValueSpecification\",\"valueRequired\":true,\"valueName\":\"search_term_string\"}}],\"inLanguage\":\"es\"},{\"@type\":\"Person\",\"@id\":\"https:\\\/\\\/quehacerpolitico.mx\\\/#\\\/schema\\\/person\\\/496d8ad2d1d3f8036101dca7ee39e585\",\"name\":\"Redacci\u00f3n QP\",\"image\":{\"@type\":\"ImageObject\",\"inLanguage\":\"es\",\"@id\":\"https:\\\/\\\/secure.gravatar.com\\\/avatar\\\/c7164ed6fdec453195284ad24a5ae5b6e1eed2b848477fa2a4787ba9adf39a41?s=96&d=mm&r=g\",\"url\":\"https:\\\/\\\/secure.gravatar.com\\\/avatar\\\/c7164ed6fdec453195284ad24a5ae5b6e1eed2b848477fa2a4787ba9adf39a41?s=96&d=mm&r=g\",\"contentUrl\":\"https:\\\/\\\/secure.gravatar.com\\\/avatar\\\/c7164ed6fdec453195284ad24a5ae5b6e1eed2b848477fa2a4787ba9adf39a41?s=96&d=mm&r=g\",\"caption\":\"Redacci\u00f3n QP\"},\"url\":\"https:\\\/\\\/quehacerpolitico.mx\\\/?author=2\"}]}<\/script>\n<!-- \/ Yoast SEO plugin. -->","yoast_head_json":{"title":"L\u00ednea Roja\/\/\/Jacqueline Morgado\/\/\/Gobierno federal devolver\u00e1 tiempos oficiales a radio y televisi\u00f3n -","robots":{"index":"index","follow":"follow","max-snippet":"max-snippet:-1","max-image-preview":"max-image-preview:large","max-video-preview":"max-video-preview:-1"},"canonical":"https:\/\/quehacerpolitico.mx\/?p=56411","og_locale":"es_MX","og_type":"article","og_title":"L\u00ednea Roja\/\/\/Jacqueline Morgado\/\/\/Gobierno federal devolver\u00e1 tiempos oficiales a radio y televisi\u00f3n -","og_description":"Gobierno federal devolver\u00e1 tiempos oficiales a radio y televisi\u00f3n Por Jacqueline Morgado Al se\u00f1alar que...","og_url":"https:\/\/quehacerpolitico.mx\/?p=56411","article_published_time":"2020-04-03T15:18:53+00:00","og_image":[{"width":1276,"height":956,"url":"https:\/\/quehacerpolitico.mx\/wp-content\/uploads\/2020\/04\/E01732BD-57CB-452A-91C6-863AA1EE79D0.jpeg","type":"image\/jpeg"}],"author":"Redacci\u00f3n QP","twitter_card":"summary_large_image","twitter_misc":{"Escrito por":"Redacci\u00f3n QP","Tiempo de lectura":"1 minuto"},"schema":{"@context":"https:\/\/schema.org","@graph":[{"@type":"Article","@id":"https:\/\/quehacerpolitico.mx\/?p=56411#article","isPartOf":{"@id":"https:\/\/quehacerpolitico.mx\/?p=56411"},"author":{"name":"Redacci\u00f3n QP","@id":"https:\/\/quehacerpolitico.mx\/#\/schema\/person\/496d8ad2d1d3f8036101dca7ee39e585"},"headline":"L\u00ednea Roja\/\/\/Jacqueline Morgado\/\/\/Gobierno federal devolver\u00e1 tiempos oficiales a radio y televisi\u00f3n","datePublished":"2020-04-03T15:18:53+00:00","mainEntityOfPage":{"@id":"https:\/\/quehacerpolitico.mx\/?p=56411"},"wordCount":308,"commentCount":0,"image":{"@id":"https:\/\/quehacerpolitico.mx\/?p=56411#primaryimage"},"thumbnailUrl":"https:\/\/quehacerpolitico.mx\/wp-content\/uploads\/2020\/04\/E01732BD-57CB-452A-91C6-863AA1EE79D0.jpeg","articleSection":["Noticias"],"inLanguage":"es","potentialAction":[{"@type":"CommentAction","name":"Comment","target":["https:\/\/quehacerpolitico.mx\/?p=56411#respond"]}]},{"@type":"WebPage","@id":"https:\/\/quehacerpolitico.mx\/?p=56411","url":"https:\/\/quehacerpolitico.mx\/?p=56411","name":"L\u00ednea Roja\/\/\/Jacqueline Morgado\/\/\/Gobierno federal devolver\u00e1 tiempos oficiales a radio y televisi\u00f3n -","isPartOf":{"@id":"https:\/\/quehacerpolitico.mx\/#website"},"primaryImageOfPage":{"@id":"https:\/\/quehacerpolitico.mx\/?p=56411#primaryimage"},"image":{"@id":"https:\/\/quehacerpolitico.mx\/?p=56411#primaryimage"},"thumbnailUrl":"https:\/\/quehacerpolitico.mx\/wp-content\/uploads\/2020\/04\/E01732BD-57CB-452A-91C6-863AA1EE79D0.jpeg","datePublished":"2020-04-03T15:18:53+00:00","author":{"@id":"https:\/\/quehacerpolitico.mx\/#\/schema\/person\/496d8ad2d1d3f8036101dca7ee39e585"},"breadcrumb":{"@id":"https:\/\/quehacerpolitico.mx\/?p=56411#breadcrumb"},"inLanguage":"es","potentialAction":[{"@type":"ReadAction","target":["https:\/\/quehacerpolitico.mx\/?p=56411"]}]},{"@type":"ImageObject","inLanguage":"es","@id":"https:\/\/quehacerpolitico.mx\/?p=56411#primaryimage","url":"https:\/\/quehacerpolitico.mx\/wp-content\/uploads\/2020\/04\/E01732BD-57CB-452A-91C6-863AA1EE79D0.jpeg","contentUrl":"https:\/\/quehacerpolitico.mx\/wp-content\/uploads\/2020\/04\/E01732BD-57CB-452A-91C6-863AA1EE79D0.jpeg","width":1276,"height":956},{"@type":"BreadcrumbList","@id":"https:\/\/quehacerpolitico.mx\/?p=56411#breadcrumb","itemListElement":[{"@type":"ListItem","position":1,"name":"Inicio","item":"https:\/\/quehacerpolitico.mx\/"},{"@type":"ListItem","position":2,"name":"L\u00ednea Roja\/\/\/Jacqueline Morgado\/\/\/Gobierno federal devolver\u00e1 tiempos oficiales a radio y televisi\u00f3n"}]},{"@type":"WebSite","@id":"https:\/\/quehacerpolitico.mx\/#website","url":"https:\/\/quehacerpolitico.mx\/","name":"","description":"","potentialAction":[{"@type":"SearchAction","target":{"@type":"EntryPoint","urlTemplate":"https:\/\/quehacerpolitico.mx\/?s={search_term_string}"},"query-input":{"@type":"PropertyValueSpecification","valueRequired":true,"valueName":"search_term_string"}}],"inLanguage":"es"},{"@type":"Person","@id":"https:\/\/quehacerpolitico.mx\/#\/schema\/person\/496d8ad2d1d3f8036101dca7ee39e585","name":"Redacci\u00f3n QP","image":{"@type":"ImageObject","inLanguage":"es","@id":"https:\/\/secure.gravatar.com\/avatar\/c7164ed6fdec453195284ad24a5ae5b6e1eed2b848477fa2a4787ba9adf39a41?s=96&d=mm&r=g","url":"https:\/\/secure.gravatar.com\/avatar\/c7164ed6fdec453195284ad24a5ae5b6e1eed2b848477fa2a4787ba9adf39a41?s=96&d=mm&r=g","contentUrl":"https:\/\/secure.gravatar.com\/avatar\/c7164ed6fdec453195284ad24a5ae5b6e1eed2b848477fa2a4787ba9adf39a41?s=96&d=mm&r=g","caption":"Redacci\u00f3n QP"},"url":"https:\/\/quehacerpolitico.mx\/?author=2"}]}},"featured_image_urls":{"full":["https:\/\/quehacerpolitico.mx\/wp-content\/uploads\/2020\/04\/E01732BD-57CB-452A-91C6-863AA1EE79D0.jpeg",1276,956,false],"thumbnail":["https:\/\/quehacerpolitico.mx\/wp-content\/uploads\/2020\/04\/E01732BD-57CB-452A-91C6-863AA1EE79D0-150x150.jpeg",150,150,true],"medium":["https:\/\/quehacerpolitico.mx\/wp-content\/uploads\/2020\/04\/E01732BD-57CB-452A-91C6-863AA1EE79D0-300x225.jpeg",300,225,true],"medium_large":["https:\/\/quehacerpolitico.mx\/wp-content\/uploads\/2020\/04\/E01732BD-57CB-452A-91C6-863AA1EE79D0-768x575.jpeg",640,479,true],"large":["https:\/\/quehacerpolitico.mx\/wp-content\/uploads\/2020\/04\/E01732BD-57CB-452A-91C6-863AA1EE79D0-1024x767.jpeg",640,479,true],"1536x1536":["https:\/\/quehacerpolitico.mx\/wp-content\/uploads\/2020\/04\/E01732BD-57CB-452A-91C6-863AA1EE79D0.jpeg",1276,956,false],"2048x2048":["https:\/\/quehacerpolitico.mx\/wp-content\/uploads\/2020\/04\/E01732BD-57CB-452A-91C6-863AA1EE79D0.jpeg",1276,956,false],"covernews-featured":["https:\/\/quehacerpolitico.mx\/wp-content\/uploads\/2020\/04\/E01732BD-57CB-452A-91C6-863AA1EE79D0.jpeg",1024,767,false],"covernews-medium":["https:\/\/quehacerpolitico.mx\/wp-content\/uploads\/2020\/04\/E01732BD-57CB-452A-91C6-863AA1EE79D0.jpeg",454,340,false]},"author_info":{"display_name":"Redacci\u00f3n QP","author_link":"https:\/\/quehacerpolitico.mx\/?author=2"},"category_info":"<a href=\"https:\/\/quehacerpolitico.mx\/?cat=2\" rel=\"category\">Noticias<\/a>","tag_info":"Noticias","comment_count":"0","_links":{"self":[{"href":"https:\/\/quehacerpolitico.mx\/index.php?rest_route=\/wp\/v2\/posts\/56411","targetHints":{"allow":["GET"]}}],"collection":[{"href":"https:\/\/quehacerpolitico.mx\/index.php?rest_route=\/wp\/v2\/posts"}],"about":[{"href":"https:\/\/quehacerpolitico.mx\/index.php?rest_route=\/wp\/v2\/types\/post"}],"author":[{"embeddable":true,"href":"https:\/\/quehacerpolitico.mx\/index.php?rest_route=\/wp\/v2\/users\/2"}],"replies":[{"embeddable":true,"href":"https:\/\/quehacerpolitico.mx\/index.php?rest_route=%2Fwp%2Fv2%2Fcomments&post=56411"}],"version-history":[{"count":0,"href":"https:\/\/quehacerpolitico.mx\/index.php?rest_route=\/wp\/v2\/posts\/56411\/revisions"}],"wp:featuredmedia":[{"embeddable":true,"href":"https:\/\/quehacerpolitico.mx\/index.php?rest_route=\/wp\/v2\/media\/56412"}],"wp:attachment":[{"href":"https:\/\/quehacerpolitico.mx\/index.php?rest_route=%2Fwp%2Fv2%2Fmedia&parent=56411"}],"wp:term":[{"taxonomy":"category","embeddable":true,"href":"https:\/\/quehacerpolitico.mx\/index.php?rest_route=%2Fwp%2Fv2%2Fcategories&post=56411"},{"taxonomy":"post_tag","embeddable":true,"href":"https:\/\/quehacerpolitico.mx\/index.php?rest_route=%2Fwp%2Fv2%2Ftags&post=56411"}],"curies":[{"name":"wp","href":"https:\/\/api.w.org\/{rel}","templated":true}]}}