{"id":56408,"date":"2020-04-03T09:11:54","date_gmt":"2020-04-03T15:11:54","guid":{"rendered":"http:\/\/quehacerpolitico.mx\/?p=56408"},"modified":"2020-04-03T09:11:54","modified_gmt":"2020-04-03T15:11:54","slug":"linea-roja-jacqueline-morgado-agradece-lopez-obrador-apoyo-de-empresarios-en-crisis-sanitaria","status":"publish","type":"post","link":"https:\/\/quehacerpolitico.mx\/?p=56408","title":{"rendered":"L\u00ednea Roja\/\/\/Jacqueline Morgado\/\/\/Agradece L\u00f3pez Obrador apoyo de empresarios en crisis sanitaria"},"content":{"rendered":"<p>Agradece L\u00f3pez Obrador apoyo de empresarios en crisis sanitaria<br \/>\nPor Jacqueline Morgado<\/p>\n<p>En su conferencia matutina, el presidente Andr\u00e9s Manuel L\u00f3pez Obrador agradeci\u00f3 a los empresarios que no han despedido a sus trabajadores durante la crisis sanitaria.<\/p>\n<p>\u201cCon el apoyo de la iniciativa privada, empresarios, de mucha gente que est\u00e1 ayudando, que con sacrificios mantengan a sus trabajadores, porque va a ser una crisis transitoria, que nos ayuden para mantener a sus trabajadores en sus casas, resguardados con sus familias y sin preocupacion que van perder ru trabajo, sino al contrario, de que est\u00e1n recibiendo su sueldo y que quedan a salvo sus prestaciones, ese es el llamado al sector empresarial\u201d, expuso.<\/p>\n<p>A\u00f1adi\u00f3 que su administraci\u00f3n est\u00e1 enfocada en salir adelante lo m\u00e1s pronto posible de la emergencia por el Covid-19.<\/p>\n<p>\u201cPor lo que hace al gobierno todos estamos aplicados, no confiarnos y ya estamos tambien elaborando el plan para la reactivaci\u00f3n econ\u00f3mica\u201d, expuso al recordar que el domingo dar\u00e1 a conocer en qu\u00e9 consiste la estrategia para menguar los efectos de la contingencia por el coronavirus en la econom\u00eda nacional.<\/p>\n<p>\u201cEl domingo voy a adelantar los lineamientos b\u00e1sicos y vamos a continuar juntos con el prop\u00f3sito de que se convierta en realidad la Cuarta Transformaci\u00f3n, a pesar de los pesares la transformaci\u00f3n va. No vamos a regresar a los tiempos aciagos del imperio y la corrupci\u00f3n\u201d, finaliz\u00f3.<\/p>\n<p>Con informaci\u00f3n de NTX<\/p>\n","protected":false},"excerpt":{"rendered":"<p>Agradece L\u00f3pez Obrador apoyo de empresarios en crisis sanitaria Por Jacqueline Morgado En su conferencia&#8230;<\/p>\n","protected":false},"author":2,"featured_media":56409,"comment_status":"open","ping_status":"open","sticky":false,"template":"","format":"standard","meta":{"_monsterinsights_skip_tracking":false,"_monsterinsights_sitenote_active":false,"_monsterinsights_sitenote_note":"","_monsterinsights_sitenote_category":0,"footnotes":""},"categories":[2],"tags":[],"class_list":["post-56408","post","type-post","status-publish","format-standard","has-post-thumbnail","hentry","category-noticias"],"yoast_head":"<!-- This site is optimized with the Yoast SEO plugin v27.3 - https:\/\/yoast.com\/product\/yoast-seo-wordpress\/ -->\n<title>L\u00ednea Roja\/\/\/Jacqueline Morgado\/\/\/Agradece L\u00f3pez Obrador apoyo de empresarios en crisis sanitaria -<\/title>\n<meta name=\"robots\" content=\"index, follow, max-snippet:-1, max-image-preview:large, max-video-preview:-1\" \/>\n<link rel=\"canonical\" href=\"https:\/\/quehacerpolitico.mx\/?p=56408\" \/>\n<meta property=\"og:locale\" content=\"es_MX\" \/>\n<meta property=\"og:type\" content=\"article\" \/>\n<meta property=\"og:title\" content=\"L\u00ednea Roja\/\/\/Jacqueline Morgado\/\/\/Agradece L\u00f3pez Obrador apoyo de empresarios en crisis sanitaria -\" \/>\n<meta property=\"og:description\" content=\"Agradece L\u00f3pez Obrador apoyo de empresarios en crisis sanitaria Por Jacqueline Morgado En su conferencia...\" \/>\n<meta property=\"og:url\" content=\"https:\/\/quehacerpolitico.mx\/?p=56408\" \/>\n<meta property=\"article:published_time\" content=\"2020-04-03T15:11:54+00:00\" \/>\n<meta property=\"og:image\" content=\"https:\/\/quehacerpolitico.mx\/wp-content\/uploads\/2020\/04\/6DCC58C3-ED1C-46B6-BBC3-39BA9B681C6F.jpeg\" \/>\n\t<meta property=\"og:image:width\" content=\"1242\" \/>\n\t<meta property=\"og:image:height\" content=\"681\" \/>\n\t<meta property=\"og:image:type\" content=\"image\/jpeg\" \/>\n<meta name=\"author\" content=\"Redacci\u00f3n QP\" \/>\n<meta name=\"twitter:card\" content=\"summary_large_image\" \/>\n<meta name=\"twitter:label1\" content=\"Escrito por\" \/>\n\t<meta name=\"twitter:data1\" content=\"Redacci\u00f3n QP\" \/>\n\t<meta name=\"twitter:label2\" content=\"Tiempo de lectura\" \/>\n\t<meta name=\"twitter:data2\" content=\"1 minuto\" \/>\n<script type=\"application\/ld+json\" class=\"yoast-schema-graph\">{\"@context\":\"https:\\\/\\\/schema.org\",\"@graph\":[{\"@type\":\"Article\",\"@id\":\"https:\\\/\\\/quehacerpolitico.mx\\\/?p=56408#article\",\"isPartOf\":{\"@id\":\"https:\\\/\\\/quehacerpolitico.mx\\\/?p=56408\"},\"author\":{\"name\":\"Redacci\u00f3n QP\",\"@id\":\"https:\\\/\\\/quehacerpolitico.mx\\\/#\\\/schema\\\/person\\\/496d8ad2d1d3f8036101dca7ee39e585\"},\"headline\":\"L\u00ednea Roja\\\/\\\/\\\/Jacqueline Morgado\\\/\\\/\\\/Agradece L\u00f3pez Obrador apoyo de empresarios en crisis sanitaria\",\"datePublished\":\"2020-04-03T15:11:54+00:00\",\"mainEntityOfPage\":{\"@id\":\"https:\\\/\\\/quehacerpolitico.mx\\\/?p=56408\"},\"wordCount\":263,\"commentCount\":0,\"image\":{\"@id\":\"https:\\\/\\\/quehacerpolitico.mx\\\/?p=56408#primaryimage\"},\"thumbnailUrl\":\"https:\\\/\\\/quehacerpolitico.mx\\\/wp-content\\\/uploads\\\/2020\\\/04\\\/6DCC58C3-ED1C-46B6-BBC3-39BA9B681C6F.jpeg\",\"articleSection\":[\"Noticias\"],\"inLanguage\":\"es\",\"potentialAction\":[{\"@type\":\"CommentAction\",\"name\":\"Comment\",\"target\":[\"https:\\\/\\\/quehacerpolitico.mx\\\/?p=56408#respond\"]}]},{\"@type\":\"WebPage\",\"@id\":\"https:\\\/\\\/quehacerpolitico.mx\\\/?p=56408\",\"url\":\"https:\\\/\\\/quehacerpolitico.mx\\\/?p=56408\",\"name\":\"L\u00ednea Roja\\\/\\\/\\\/Jacqueline Morgado\\\/\\\/\\\/Agradece L\u00f3pez Obrador apoyo de empresarios en crisis sanitaria -\",\"isPartOf\":{\"@id\":\"https:\\\/\\\/quehacerpolitico.mx\\\/#website\"},\"primaryImageOfPage\":{\"@id\":\"https:\\\/\\\/quehacerpolitico.mx\\\/?p=56408#primaryimage\"},\"image\":{\"@id\":\"https:\\\/\\\/quehacerpolitico.mx\\\/?p=56408#primaryimage\"},\"thumbnailUrl\":\"https:\\\/\\\/quehacerpolitico.mx\\\/wp-content\\\/uploads\\\/2020\\\/04\\\/6DCC58C3-ED1C-46B6-BBC3-39BA9B681C6F.jpeg\",\"datePublished\":\"2020-04-03T15:11:54+00:00\",\"author\":{\"@id\":\"https:\\\/\\\/quehacerpolitico.mx\\\/#\\\/schema\\\/person\\\/496d8ad2d1d3f8036101dca7ee39e585\"},\"breadcrumb\":{\"@id\":\"https:\\\/\\\/quehacerpolitico.mx\\\/?p=56408#breadcrumb\"},\"inLanguage\":\"es\",\"potentialAction\":[{\"@type\":\"ReadAction\",\"target\":[\"https:\\\/\\\/quehacerpolitico.mx\\\/?p=56408\"]}]},{\"@type\":\"ImageObject\",\"inLanguage\":\"es\",\"@id\":\"https:\\\/\\\/quehacerpolitico.mx\\\/?p=56408#primaryimage\",\"url\":\"https:\\\/\\\/quehacerpolitico.mx\\\/wp-content\\\/uploads\\\/2020\\\/04\\\/6DCC58C3-ED1C-46B6-BBC3-39BA9B681C6F.jpeg\",\"contentUrl\":\"https:\\\/\\\/quehacerpolitico.mx\\\/wp-content\\\/uploads\\\/2020\\\/04\\\/6DCC58C3-ED1C-46B6-BBC3-39BA9B681C6F.jpeg\",\"width\":1242,\"height\":681},{\"@type\":\"BreadcrumbList\",\"@id\":\"https:\\\/\\\/quehacerpolitico.mx\\\/?p=56408#breadcrumb\",\"itemListElement\":[{\"@type\":\"ListItem\",\"position\":1,\"name\":\"Inicio\",\"item\":\"https:\\\/\\\/quehacerpolitico.mx\\\/\"},{\"@type\":\"ListItem\",\"position\":2,\"name\":\"L\u00ednea Roja\\\/\\\/\\\/Jacqueline Morgado\\\/\\\/\\\/Agradece L\u00f3pez Obrador apoyo de empresarios en crisis sanitaria\"}]},{\"@type\":\"WebSite\",\"@id\":\"https:\\\/\\\/quehacerpolitico.mx\\\/#website\",\"url\":\"https:\\\/\\\/quehacerpolitico.mx\\\/\",\"name\":\"\",\"description\":\"\",\"potentialAction\":[{\"@type\":\"SearchAction\",\"target\":{\"@type\":\"EntryPoint\",\"urlTemplate\":\"https:\\\/\\\/quehacerpolitico.mx\\\/?s={search_term_string}\"},\"query-input\":{\"@type\":\"PropertyValueSpecification\",\"valueRequired\":true,\"valueName\":\"search_term_string\"}}],\"inLanguage\":\"es\"},{\"@type\":\"Person\",\"@id\":\"https:\\\/\\\/quehacerpolitico.mx\\\/#\\\/schema\\\/person\\\/496d8ad2d1d3f8036101dca7ee39e585\",\"name\":\"Redacci\u00f3n QP\",\"image\":{\"@type\":\"ImageObject\",\"inLanguage\":\"es\",\"@id\":\"https:\\\/\\\/secure.gravatar.com\\\/avatar\\\/c7164ed6fdec453195284ad24a5ae5b6e1eed2b848477fa2a4787ba9adf39a41?s=96&d=mm&r=g\",\"url\":\"https:\\\/\\\/secure.gravatar.com\\\/avatar\\\/c7164ed6fdec453195284ad24a5ae5b6e1eed2b848477fa2a4787ba9adf39a41?s=96&d=mm&r=g\",\"contentUrl\":\"https:\\\/\\\/secure.gravatar.com\\\/avatar\\\/c7164ed6fdec453195284ad24a5ae5b6e1eed2b848477fa2a4787ba9adf39a41?s=96&d=mm&r=g\",\"caption\":\"Redacci\u00f3n QP\"},\"url\":\"https:\\\/\\\/quehacerpolitico.mx\\\/?author=2\"}]}<\/script>\n<!-- \/ Yoast SEO plugin. -->","yoast_head_json":{"title":"L\u00ednea Roja\/\/\/Jacqueline Morgado\/\/\/Agradece L\u00f3pez Obrador apoyo de empresarios en crisis sanitaria -","robots":{"index":"index","follow":"follow","max-snippet":"max-snippet:-1","max-image-preview":"max-image-preview:large","max-video-preview":"max-video-preview:-1"},"canonical":"https:\/\/quehacerpolitico.mx\/?p=56408","og_locale":"es_MX","og_type":"article","og_title":"L\u00ednea Roja\/\/\/Jacqueline Morgado\/\/\/Agradece L\u00f3pez Obrador apoyo de empresarios en crisis sanitaria -","og_description":"Agradece L\u00f3pez Obrador apoyo de empresarios en crisis sanitaria Por Jacqueline Morgado En su conferencia...","og_url":"https:\/\/quehacerpolitico.mx\/?p=56408","article_published_time":"2020-04-03T15:11:54+00:00","og_image":[{"width":1242,"height":681,"url":"https:\/\/quehacerpolitico.mx\/wp-content\/uploads\/2020\/04\/6DCC58C3-ED1C-46B6-BBC3-39BA9B681C6F.jpeg","type":"image\/jpeg"}],"author":"Redacci\u00f3n QP","twitter_card":"summary_large_image","twitter_misc":{"Escrito por":"Redacci\u00f3n QP","Tiempo de lectura":"1 minuto"},"schema":{"@context":"https:\/\/schema.org","@graph":[{"@type":"Article","@id":"https:\/\/quehacerpolitico.mx\/?p=56408#article","isPartOf":{"@id":"https:\/\/quehacerpolitico.mx\/?p=56408"},"author":{"name":"Redacci\u00f3n QP","@id":"https:\/\/quehacerpolitico.mx\/#\/schema\/person\/496d8ad2d1d3f8036101dca7ee39e585"},"headline":"L\u00ednea Roja\/\/\/Jacqueline Morgado\/\/\/Agradece L\u00f3pez Obrador apoyo de empresarios en crisis sanitaria","datePublished":"2020-04-03T15:11:54+00:00","mainEntityOfPage":{"@id":"https:\/\/quehacerpolitico.mx\/?p=56408"},"wordCount":263,"commentCount":0,"image":{"@id":"https:\/\/quehacerpolitico.mx\/?p=56408#primaryimage"},"thumbnailUrl":"https:\/\/quehacerpolitico.mx\/wp-content\/uploads\/2020\/04\/6DCC58C3-ED1C-46B6-BBC3-39BA9B681C6F.jpeg","articleSection":["Noticias"],"inLanguage":"es","potentialAction":[{"@type":"CommentAction","name":"Comment","target":["https:\/\/quehacerpolitico.mx\/?p=56408#respond"]}]},{"@type":"WebPage","@id":"https:\/\/quehacerpolitico.mx\/?p=56408","url":"https:\/\/quehacerpolitico.mx\/?p=56408","name":"L\u00ednea Roja\/\/\/Jacqueline Morgado\/\/\/Agradece L\u00f3pez Obrador apoyo de empresarios en crisis sanitaria -","isPartOf":{"@id":"https:\/\/quehacerpolitico.mx\/#website"},"primaryImageOfPage":{"@id":"https:\/\/quehacerpolitico.mx\/?p=56408#primaryimage"},"image":{"@id":"https:\/\/quehacerpolitico.mx\/?p=56408#primaryimage"},"thumbnailUrl":"https:\/\/quehacerpolitico.mx\/wp-content\/uploads\/2020\/04\/6DCC58C3-ED1C-46B6-BBC3-39BA9B681C6F.jpeg","datePublished":"2020-04-03T15:11:54+00:00","author":{"@id":"https:\/\/quehacerpolitico.mx\/#\/schema\/person\/496d8ad2d1d3f8036101dca7ee39e585"},"breadcrumb":{"@id":"https:\/\/quehacerpolitico.mx\/?p=56408#breadcrumb"},"inLanguage":"es","potentialAction":[{"@type":"ReadAction","target":["https:\/\/quehacerpolitico.mx\/?p=56408"]}]},{"@type":"ImageObject","inLanguage":"es","@id":"https:\/\/quehacerpolitico.mx\/?p=56408#primaryimage","url":"https:\/\/quehacerpolitico.mx\/wp-content\/uploads\/2020\/04\/6DCC58C3-ED1C-46B6-BBC3-39BA9B681C6F.jpeg","contentUrl":"https:\/\/quehacerpolitico.mx\/wp-content\/uploads\/2020\/04\/6DCC58C3-ED1C-46B6-BBC3-39BA9B681C6F.jpeg","width":1242,"height":681},{"@type":"BreadcrumbList","@id":"https:\/\/quehacerpolitico.mx\/?p=56408#breadcrumb","itemListElement":[{"@type":"ListItem","position":1,"name":"Inicio","item":"https:\/\/quehacerpolitico.mx\/"},{"@type":"ListItem","position":2,"name":"L\u00ednea Roja\/\/\/Jacqueline Morgado\/\/\/Agradece L\u00f3pez Obrador apoyo de empresarios en crisis sanitaria"}]},{"@type":"WebSite","@id":"https:\/\/quehacerpolitico.mx\/#website","url":"https:\/\/quehacerpolitico.mx\/","name":"","description":"","potentialAction":[{"@type":"SearchAction","target":{"@type":"EntryPoint","urlTemplate":"https:\/\/quehacerpolitico.mx\/?s={search_term_string}"},"query-input":{"@type":"PropertyValueSpecification","valueRequired":true,"valueName":"search_term_string"}}],"inLanguage":"es"},{"@type":"Person","@id":"https:\/\/quehacerpolitico.mx\/#\/schema\/person\/496d8ad2d1d3f8036101dca7ee39e585","name":"Redacci\u00f3n QP","image":{"@type":"ImageObject","inLanguage":"es","@id":"https:\/\/secure.gravatar.com\/avatar\/c7164ed6fdec453195284ad24a5ae5b6e1eed2b848477fa2a4787ba9adf39a41?s=96&d=mm&r=g","url":"https:\/\/secure.gravatar.com\/avatar\/c7164ed6fdec453195284ad24a5ae5b6e1eed2b848477fa2a4787ba9adf39a41?s=96&d=mm&r=g","contentUrl":"https:\/\/secure.gravatar.com\/avatar\/c7164ed6fdec453195284ad24a5ae5b6e1eed2b848477fa2a4787ba9adf39a41?s=96&d=mm&r=g","caption":"Redacci\u00f3n QP"},"url":"https:\/\/quehacerpolitico.mx\/?author=2"}]}},"featured_image_urls":{"full":["https:\/\/quehacerpolitico.mx\/wp-content\/uploads\/2020\/04\/6DCC58C3-ED1C-46B6-BBC3-39BA9B681C6F.jpeg",1242,681,false],"thumbnail":["https:\/\/quehacerpolitico.mx\/wp-content\/uploads\/2020\/04\/6DCC58C3-ED1C-46B6-BBC3-39BA9B681C6F-150x150.jpeg",150,150,true],"medium":["https:\/\/quehacerpolitico.mx\/wp-content\/uploads\/2020\/04\/6DCC58C3-ED1C-46B6-BBC3-39BA9B681C6F-300x164.jpeg",300,164,true],"medium_large":["https:\/\/quehacerpolitico.mx\/wp-content\/uploads\/2020\/04\/6DCC58C3-ED1C-46B6-BBC3-39BA9B681C6F-768x421.jpeg",640,351,true],"large":["https:\/\/quehacerpolitico.mx\/wp-content\/uploads\/2020\/04\/6DCC58C3-ED1C-46B6-BBC3-39BA9B681C6F-1024x561.jpeg",640,351,true],"1536x1536":["https:\/\/quehacerpolitico.mx\/wp-content\/uploads\/2020\/04\/6DCC58C3-ED1C-46B6-BBC3-39BA9B681C6F.jpeg",1242,681,false],"2048x2048":["https:\/\/quehacerpolitico.mx\/wp-content\/uploads\/2020\/04\/6DCC58C3-ED1C-46B6-BBC3-39BA9B681C6F.jpeg",1242,681,false],"covernews-featured":["https:\/\/quehacerpolitico.mx\/wp-content\/uploads\/2020\/04\/6DCC58C3-ED1C-46B6-BBC3-39BA9B681C6F.jpeg",1024,561,false],"covernews-medium":["https:\/\/quehacerpolitico.mx\/wp-content\/uploads\/2020\/04\/6DCC58C3-ED1C-46B6-BBC3-39BA9B681C6F.jpeg",540,296,false]},"author_info":{"display_name":"Redacci\u00f3n QP","author_link":"https:\/\/quehacerpolitico.mx\/?author=2"},"category_info":"<a href=\"https:\/\/quehacerpolitico.mx\/?cat=2\" rel=\"category\">Noticias<\/a>","tag_info":"Noticias","comment_count":"0","_links":{"self":[{"href":"https:\/\/quehacerpolitico.mx\/index.php?rest_route=\/wp\/v2\/posts\/56408","targetHints":{"allow":["GET"]}}],"collection":[{"href":"https:\/\/quehacerpolitico.mx\/index.php?rest_route=\/wp\/v2\/posts"}],"about":[{"href":"https:\/\/quehacerpolitico.mx\/index.php?rest_route=\/wp\/v2\/types\/post"}],"author":[{"embeddable":true,"href":"https:\/\/quehacerpolitico.mx\/index.php?rest_route=\/wp\/v2\/users\/2"}],"replies":[{"embeddable":true,"href":"https:\/\/quehacerpolitico.mx\/index.php?rest_route=%2Fwp%2Fv2%2Fcomments&post=56408"}],"version-history":[{"count":0,"href":"https:\/\/quehacerpolitico.mx\/index.php?rest_route=\/wp\/v2\/posts\/56408\/revisions"}],"wp:featuredmedia":[{"embeddable":true,"href":"https:\/\/quehacerpolitico.mx\/index.php?rest_route=\/wp\/v2\/media\/56409"}],"wp:attachment":[{"href":"https:\/\/quehacerpolitico.mx\/index.php?rest_route=%2Fwp%2Fv2%2Fmedia&parent=56408"}],"wp:term":[{"taxonomy":"category","embeddable":true,"href":"https:\/\/quehacerpolitico.mx\/index.php?rest_route=%2Fwp%2Fv2%2Fcategories&post=56408"},{"taxonomy":"post_tag","embeddable":true,"href":"https:\/\/quehacerpolitico.mx\/index.php?rest_route=%2Fwp%2Fv2%2Ftags&post=56408"}],"curies":[{"name":"wp","href":"https:\/\/api.w.org\/{rel}","templated":true}]}}