{"id":56404,"date":"2020-04-02T21:08:11","date_gmt":"2020-04-03T03:08:11","guid":{"rendered":"http:\/\/quehacerpolitico.mx\/?p=56404"},"modified":"2020-04-02T21:08:11","modified_gmt":"2020-04-03T03:08:11","slug":"linea-roja-jacqueline-morgado-el-centro-de-la-ciudad-de-mexico-luce-desertico-por-el-coronavirus","status":"publish","type":"post","link":"https:\/\/quehacerpolitico.mx\/?p=56404","title":{"rendered":"L\u00ednea Roja\/\/\/Jacqueline Morgado\/\/\/El Centro de la Ciudad de M\u00e9xico luce des\u00e9rtico por el coronavirus"},"content":{"rendered":"<h1 class=\"news-title\">El Centro de la Ciudad de M\u00e9xico luce des\u00e9rtico por el coronavirus<br \/>\nPor Jacqueline Morgado<\/h1>\n<p>El emblem\u00e1tico lugar presenta una inusual imagen vac\u00eda de personas, con la imponente bandera nacional ondeando solitaria<\/p>\n<div class=\"mod-photogallery\" data-pagination=\".swiper-pagination\" data-id=\"article-photogallery\">\n<div class=\"swiper-container swiper-container-horizontal\">\n<div class=\"swiper-wrapper\">\n<figure class=\"swiper-slide swiper-image active swiper-slide-active\" data-index=\"0\">\n<div class=\"swiper-responsive\" data-openfullscreen=\"\"><img loading=\"lazy\" decoding=\"async\" title=\"EFE\/J. Pazos\" src=\"https:\/\/www.informador.mx\/__export\/1585871649668\/sites\/elinformador\/img\/2020\/04\/02\/z_1.jpg_1970638775.jpg\" alt=\"EFE\/J. Pazos\" width=\"320\" height=\"320\" data-fullscreen=\"\/__export\/1585871649668\/sites\/elinformador\/img\/2020\/04\/02\/z_1.jpg_1709026569.jpg\" \/><\/div><figcaption class=\"swiper-caption\">EFE\/J. Pazos<\/p>\n<\/figcaption><\/figure>\n<figure class=\"swiper-slide swiper-image swiper-slide-next\" data-index=\"0\">\n<div class=\"swiper-responsive\" data-openfullscreen=\"\"><button class=\"swiper-fullscreen icon icon__fullscreen_outline\"><\/button><img loading=\"lazy\" decoding=\"async\" title=\"Fotograf\u00eda tomada por un dron que muesta una calle vac\u00eda en la capital del pa\u00eds. AFP\/P. Pardo\" src=\"https:\/\/www.informador.mx\/__export\/1585871081266\/sites\/elinformador\/img\/2020\/04\/02\/z7_xafp_p__pardox_techo_vivienda.jpg_1970638775.jpg\" alt=\"Fotograf\u00eda tomada por un dron que muesta una calle vac\u00eda en la capital del pa\u00eds. AFP\/P. Pardo\" width=\"320\" height=\"320\" data-fullscreen=\"\/__export\/1585871081266\/sites\/elinformador\/img\/2020\/04\/02\/z7_xafp_p__pardox_techo_vivienda.jpg_1709026569.jpg\" \/><\/div><figcaption class=\"swiper-caption\">Fotograf\u00eda tomada por un dron que muesta una calle vac\u00eda en la capital del pa\u00eds. AFP\/P. Pardo <span class=\"figcaption__author\">PEDRO PARDO<\/span> <span class=\"figcaption__agencia\">AFP, AFP<\/span><\/p>\n<\/figcaption><\/figure>\n<figure class=\"swiper-slide swiper-image\" data-index=\"0\">\n<div class=\"swiper-responsive\" data-openfullscreen=\"\"><button class=\"swiper-fullscreen icon icon__fullscreen_outline\"><\/button><img loading=\"lazy\" decoding=\"async\" title=\"AFP\/P. Pardo\" src=\"https:\/\/www.informador.mx\/__export\/1585871183134\/sites\/elinformador\/img\/2020\/04\/02\/z8_xafp_p__pardox.jpg_1970638775.jpg\" alt=\"AFP\/P. Pardo\" width=\"320\" height=\"320\" data-fullscreen=\"\/__export\/1585871183134\/sites\/elinformador\/img\/2020\/04\/02\/z8_xafp_p__pardox.jpg_1709026569.jpg\" \/><\/div><figcaption class=\"swiper-caption\">AFP\/P. Pardo<\/p>\n<\/figcaption><\/figure>\n<figure class=\"swiper-slide swiper-image\" data-index=\"0\">\n<div class=\"swiper-responsive\" data-openfullscreen=\"\"><button class=\"swiper-fullscreen icon icon__fullscreen_outline\"><\/button><img loading=\"lazy\" decoding=\"async\" title=\"AFP\/P. Pardo\" src=\"https:\/\/www.informador.mx\/__export\/1585871295651\/sites\/elinformador\/img\/2020\/04\/02\/z9_xafp_p__pardox.jpg_1970638775.jpg\" alt=\"AFP\/P. Pardo\" width=\"320\" height=\"320\" data-fullscreen=\"\/__export\/1585871295651\/sites\/elinformador\/img\/2020\/04\/02\/z9_xafp_p__pardox.jpg_1709026569.jpg\" \/><\/div><figcaption class=\"swiper-caption\">AFP\/P. Pardo<\/p>\n<\/figcaption><\/figure>\n<figure class=\"swiper-slide swiper-image\" data-index=\"0\">\n<div class=\"swiper-responsive\" data-openfullscreen=\"\"><button class=\"swiper-fullscreen icon icon__fullscreen_outline\"><\/button><img loading=\"lazy\" decoding=\"async\" title=\"Vista a\u00e9rea del Lago de Chapultepec este jueves. AFP\/A. Estrella\" src=\"https:\/\/www.informador.mx\/__export\/1585871612832\/sites\/elinformador\/img\/2020\/04\/02\/z6_xafp_a__estrellax_lago_chapultepec_vista_1.jpg_1970638775.jpg\" alt=\"Vista a\u00e9rea del Lago de Chapultepec este jueves. AFP\/A. Estrella\" width=\"320\" height=\"320\" data-fullscreen=\"\/__export\/1585871612832\/sites\/elinformador\/img\/2020\/04\/02\/z6_xafp_a__estrellax_lago_chapultepec_vista_1.jpg_1709026569.jpg\" \/><\/div><figcaption class=\"swiper-caption\">Vista a\u00e9rea del Lago de Chapultepec este jueves. AFP\/A. Estrella<\/p>\n<\/figcaption><\/figure>\n<\/div>\n<\/div>\n<\/div>\n<div class=\"news-body row\">\n<div id=\"div-gpt-ad-1570031775227-0\" data-google-query-id=\"CISzto2hy-gCFVuzTwodMLQEeg\">\n<div id=\"google_ads_iframe_\/1001694\/1x1Seed_0__container__\">El emblem\u00e1tico Z\u00f3calo de la Ciudad de M\u00e9xico,\u00a0una de las plazas m\u00e1s grandes de Am\u00e9rica Latina, presenta desde este jueves una inusual imagen vac\u00eda de personas y con la imponente bandera de M\u00e9xico ondeando solitaria.<\/div>\n<\/div>\n<p>Esta excepcional imagen de uno de los escenarios principales del centro hist\u00f3rico es consecuencia del endurecimiento de las medidas por parte de Andres Manuel L\u00f3pez Obrador\u00a0para evitar la propagaci\u00f3n del coronavirus, <strong>que en el pa\u00eds registra mil 378 casos y 37 fallecidos.<\/strong><\/p>\n<p>El pasado mi\u00e9rcoles empezaron a cerrar muchas de las tiendas de la ciudad ante las peticiones de las autoridades de quedarse en casa y no abrir los locales no relacionados con actividades esenciales.<\/p>\n<p><iframe loading=\"lazy\" title=\"Hist\u00f3rico...el Centro vac\u00edo\" width=\"640\" height=\"360\" src=\"https:\/\/www.youtube.com\/embed\/cBs2mCzN9DU?feature=oembed\" frameborder=\"0\" allow=\"accelerometer; autoplay; clipboard-write; encrypted-media; gyroscope; picture-in-picture; web-share\" referrerpolicy=\"strict-origin-when-cross-origin\" allowfullscreen><\/iframe><\/p>\n<p>Pese a ello, muchos establecimientos abrieron sus puertas ante la ausencia de amenaza de sanciones.<\/p>\n<p>Sin embargo, ese mismo mi\u00e9rcoles por la tarde se revel\u00f3 que <strong>los comercios no esenciales que sigan abiertos una vez publicada la norma recibir\u00e1n primero &#8220;un apercibimiento&#8221;. Y posteriormente, si no cesan sus actividades, ser\u00e1n multados.<\/strong><\/p>\n<p>En un recorrido por el sitio, se corrobor\u00f3 que este endurecimiento del discurso habr\u00eda surtido efecto y hoy se ve\u00eda mucho m\u00e1s solitario el Centro Hist\u00f3rico, que estaba vallado en varias partes, entre \u00e9stas el Z\u00f3calo y la avenida Francisco I. Madero.<\/p>\n<div>\n<figure class=\"image\"><img decoding=\"async\" title=\"\" src=\"https:\/\/www.informador.mx\/export\/sites\/elinformador\/img\/2020\/04\/02\/z2.jpg_347421144.jpg\" alt=\"\" hspace=\"5\" vspace=\"5\" data-height=\"466\" data-size=\"w:900,h:600\" data-width=\"700\" \/><figcaption>EFE\/J. Pazos<\/figcaption><\/figure>\n<\/div>\n<p>Asimismo, <strong>cuerpos policiales repartidos por el Centro de la ciudad se encargan de avisar a los comerciantes de las medidas.<\/strong><\/p>\n<p>Adem\u00e1s de Madero y la explanada de la Plaza de la Constituci\u00f3n, los edificios del Gobierno que se encuentran alrededor de la plaza tambi\u00e9n cuentan con precintos policiales para que los transe\u00fantes no se acerquen a los accesos.<\/p>\n<h4>LA CIUDAD DORMIDA<\/h4>\n<p>Sa\u00fal Salazar, un estudiante del Estado de M\u00e9xico\u00a0que se encontraba este jueves en el Z\u00f3calo, explic\u00f3 que cuando lleg\u00f3 al centro despu\u00e9s de d\u00edas sin salir debido a que sus clases se encuentran canceladas <strong>tuvo una sensaci\u00f3n extra\u00f1a, como si esta ciudad de unos nueve millones de habitantes estuviese &#8220;dormida&#8221;.<\/strong><\/p>\n<div>\n<figure class=\"image long\"><img decoding=\"async\" title=\"\" src=\"https:\/\/www.informador.mx\/export\/sites\/elinformador\/img\/2020\/04\/02\/z3.jpg_347421144.jpg\" alt=\"\" hspace=\"5\" vspace=\"5\" data-height=\"466\" data-size=\"w:900,h:600\" data-width=\"700\" \/><\/p>\n<div class=\"seedtag-gohan seedtag-adunit st-in-image\">\n<div class=\"st-container\"><\/div>\n<\/div><figcaption>EFE\/J. Pazos<\/figcaption><\/figure>\n<\/div>\n<p>Sin embargo, Carlos es uno de los muchos que consideran que la situaci\u00f3n no es tan grave como se plantea: &#8220;No se ha visto nada de COVID\u00a0en M\u00e9xico. En otros pa\u00edses s\u00ed, pero a lo mejor es estrategia de los gobernantes del mundo&#8221;, opin\u00f3.<\/p>\n<p>Para Beatriz Luna, transe\u00fante empleada de Telmex, <strong>uno de los mayores peligros es la poca informaci\u00f3n que tiene la gente acerca de la pandemia mundial del coronavirus.<\/strong><\/p>\n<p>&#8220;Concienciar es muy complicado porque somos mucha gente y el nivel de cultura no es bueno&#8230; Incluso mucha gente dice que esto no existe, pero esto es serio. Est\u00e1 siendo m\u00e1s lento, no nos hemos infectado tanto como en otros pa\u00edses porque yo creo que nuestro clima y nuestra gen\u00e9tica ayudan&#8221;, opin\u00f3 Beatriz.<\/p>\n<div>\n<figure class=\"image\"><img decoding=\"async\" title=\"\" src=\"https:\/\/www.informador.mx\/export\/sites\/elinformador\/img\/2020\/04\/02\/z4.jpg_347421144.jpg\" alt=\"\" hspace=\"5\" vspace=\"5\" data-height=\"466\" data-size=\"w:900,h:600\" data-width=\"700\" \/><figcaption>EFE\/J. Pazos<\/figcaption><\/figure>\n<\/div>\n<p>El pasado lunes, el Consejo General de Salubridad decidi\u00f3 extender hasta el 30 de abril la suspensi\u00f3n de las actividades p\u00fablicas, privadas y sociales no esenciales para mitigar la expansi\u00f3n del coronavirus.<\/p>\n<p>Con informaci\u00f3n de EFE<\/p>\n<\/div>\n","protected":false},"excerpt":{"rendered":"<p>El Centro de la Ciudad de M\u00e9xico luce des\u00e9rtico por el coronavirus Por Jacqueline Morgado&#8230;<\/p>\n","protected":false},"author":2,"featured_media":56406,"comment_status":"open","ping_status":"open","sticky":false,"template":"","format":"standard","meta":{"_monsterinsights_skip_tracking":false,"_monsterinsights_sitenote_active":false,"_monsterinsights_sitenote_note":"","_monsterinsights_sitenote_category":0,"footnotes":""},"categories":[55],"tags":[],"class_list":["post-56404","post","type-post","status-publish","format-standard","has-post-thumbnail","hentry","category-cdmx"],"yoast_head":"<!-- This site is optimized with the Yoast SEO plugin v27.3 - https:\/\/yoast.com\/product\/yoast-seo-wordpress\/ -->\n<title>L\u00ednea Roja\/\/\/Jacqueline Morgado\/\/\/El Centro de la Ciudad de M\u00e9xico luce des\u00e9rtico por el coronavirus -<\/title>\n<meta name=\"robots\" content=\"index, follow, max-snippet:-1, max-image-preview:large, max-video-preview:-1\" \/>\n<link rel=\"canonical\" href=\"https:\/\/quehacerpolitico.mx\/?p=56404\" \/>\n<meta property=\"og:locale\" content=\"es_MX\" \/>\n<meta property=\"og:type\" content=\"article\" \/>\n<meta property=\"og:title\" content=\"L\u00ednea Roja\/\/\/Jacqueline Morgado\/\/\/El Centro de la Ciudad de M\u00e9xico luce des\u00e9rtico por el coronavirus -\" \/>\n<meta property=\"og:description\" content=\"El Centro de la Ciudad de M\u00e9xico luce des\u00e9rtico por el coronavirus Por Jacqueline Morgado...\" \/>\n<meta property=\"og:url\" content=\"https:\/\/quehacerpolitico.mx\/?p=56404\" \/>\n<meta property=\"article:published_time\" content=\"2020-04-03T03:08:11+00:00\" \/>\n<meta property=\"og:image\" content=\"https:\/\/quehacerpolitico.mx\/wp-content\/uploads\/2020\/04\/E4BB9469-2019-49B3-9D91-47EAA277C437.jpeg\" \/>\n\t<meta property=\"og:image:width\" content=\"960\" \/>\n\t<meta property=\"og:image:height\" content=\"1280\" \/>\n\t<meta property=\"og:image:type\" content=\"image\/jpeg\" \/>\n<meta name=\"author\" content=\"Redacci\u00f3n QP\" \/>\n<meta name=\"twitter:card\" content=\"summary_large_image\" \/>\n<meta name=\"twitter:label1\" content=\"Escrito por\" \/>\n\t<meta name=\"twitter:data1\" content=\"Redacci\u00f3n QP\" \/>\n\t<meta name=\"twitter:label2\" content=\"Tiempo de lectura\" \/>\n\t<meta name=\"twitter:data2\" content=\"3 minutos\" \/>\n<script type=\"application\/ld+json\" class=\"yoast-schema-graph\">{\"@context\":\"https:\\\/\\\/schema.org\",\"@graph\":[{\"@type\":\"Article\",\"@id\":\"https:\\\/\\\/quehacerpolitico.mx\\\/?p=56404#article\",\"isPartOf\":{\"@id\":\"https:\\\/\\\/quehacerpolitico.mx\\\/?p=56404\"},\"author\":{\"name\":\"Redacci\u00f3n QP\",\"@id\":\"https:\\\/\\\/quehacerpolitico.mx\\\/#\\\/schema\\\/person\\\/496d8ad2d1d3f8036101dca7ee39e585\"},\"headline\":\"L\u00ednea Roja\\\/\\\/\\\/Jacqueline Morgado\\\/\\\/\\\/El Centro de la Ciudad de M\u00e9xico luce des\u00e9rtico por el coronavirus\",\"datePublished\":\"2020-04-03T03:08:11+00:00\",\"mainEntityOfPage\":{\"@id\":\"https:\\\/\\\/quehacerpolitico.mx\\\/?p=56404\"},\"wordCount\":634,\"commentCount\":0,\"image\":{\"@id\":\"https:\\\/\\\/quehacerpolitico.mx\\\/?p=56404#primaryimage\"},\"thumbnailUrl\":\"https:\\\/\\\/quehacerpolitico.mx\\\/wp-content\\\/uploads\\\/2020\\\/04\\\/E4BB9469-2019-49B3-9D91-47EAA277C437.jpeg\",\"articleSection\":[\"CDMX\"],\"inLanguage\":\"es\",\"potentialAction\":[{\"@type\":\"CommentAction\",\"name\":\"Comment\",\"target\":[\"https:\\\/\\\/quehacerpolitico.mx\\\/?p=56404#respond\"]}]},{\"@type\":\"WebPage\",\"@id\":\"https:\\\/\\\/quehacerpolitico.mx\\\/?p=56404\",\"url\":\"https:\\\/\\\/quehacerpolitico.mx\\\/?p=56404\",\"name\":\"L\u00ednea Roja\\\/\\\/\\\/Jacqueline Morgado\\\/\\\/\\\/El Centro de la Ciudad de M\u00e9xico luce des\u00e9rtico por el coronavirus -\",\"isPartOf\":{\"@id\":\"https:\\\/\\\/quehacerpolitico.mx\\\/#website\"},\"primaryImageOfPage\":{\"@id\":\"https:\\\/\\\/quehacerpolitico.mx\\\/?p=56404#primaryimage\"},\"image\":{\"@id\":\"https:\\\/\\\/quehacerpolitico.mx\\\/?p=56404#primaryimage\"},\"thumbnailUrl\":\"https:\\\/\\\/quehacerpolitico.mx\\\/wp-content\\\/uploads\\\/2020\\\/04\\\/E4BB9469-2019-49B3-9D91-47EAA277C437.jpeg\",\"datePublished\":\"2020-04-03T03:08:11+00:00\",\"author\":{\"@id\":\"https:\\\/\\\/quehacerpolitico.mx\\\/#\\\/schema\\\/person\\\/496d8ad2d1d3f8036101dca7ee39e585\"},\"breadcrumb\":{\"@id\":\"https:\\\/\\\/quehacerpolitico.mx\\\/?p=56404#breadcrumb\"},\"inLanguage\":\"es\",\"potentialAction\":[{\"@type\":\"ReadAction\",\"target\":[\"https:\\\/\\\/quehacerpolitico.mx\\\/?p=56404\"]}]},{\"@type\":\"ImageObject\",\"inLanguage\":\"es\",\"@id\":\"https:\\\/\\\/quehacerpolitico.mx\\\/?p=56404#primaryimage\",\"url\":\"https:\\\/\\\/quehacerpolitico.mx\\\/wp-content\\\/uploads\\\/2020\\\/04\\\/E4BB9469-2019-49B3-9D91-47EAA277C437.jpeg\",\"contentUrl\":\"https:\\\/\\\/quehacerpolitico.mx\\\/wp-content\\\/uploads\\\/2020\\\/04\\\/E4BB9469-2019-49B3-9D91-47EAA277C437.jpeg\",\"width\":960,\"height\":1280},{\"@type\":\"BreadcrumbList\",\"@id\":\"https:\\\/\\\/quehacerpolitico.mx\\\/?p=56404#breadcrumb\",\"itemListElement\":[{\"@type\":\"ListItem\",\"position\":1,\"name\":\"Inicio\",\"item\":\"https:\\\/\\\/quehacerpolitico.mx\\\/\"},{\"@type\":\"ListItem\",\"position\":2,\"name\":\"L\u00ednea Roja\\\/\\\/\\\/Jacqueline Morgado\\\/\\\/\\\/El Centro de la Ciudad de M\u00e9xico luce des\u00e9rtico por el coronavirus\"}]},{\"@type\":\"WebSite\",\"@id\":\"https:\\\/\\\/quehacerpolitico.mx\\\/#website\",\"url\":\"https:\\\/\\\/quehacerpolitico.mx\\\/\",\"name\":\"\",\"description\":\"\",\"potentialAction\":[{\"@type\":\"SearchAction\",\"target\":{\"@type\":\"EntryPoint\",\"urlTemplate\":\"https:\\\/\\\/quehacerpolitico.mx\\\/?s={search_term_string}\"},\"query-input\":{\"@type\":\"PropertyValueSpecification\",\"valueRequired\":true,\"valueName\":\"search_term_string\"}}],\"inLanguage\":\"es\"},{\"@type\":\"Person\",\"@id\":\"https:\\\/\\\/quehacerpolitico.mx\\\/#\\\/schema\\\/person\\\/496d8ad2d1d3f8036101dca7ee39e585\",\"name\":\"Redacci\u00f3n QP\",\"image\":{\"@type\":\"ImageObject\",\"inLanguage\":\"es\",\"@id\":\"https:\\\/\\\/secure.gravatar.com\\\/avatar\\\/c7164ed6fdec453195284ad24a5ae5b6e1eed2b848477fa2a4787ba9adf39a41?s=96&d=mm&r=g\",\"url\":\"https:\\\/\\\/secure.gravatar.com\\\/avatar\\\/c7164ed6fdec453195284ad24a5ae5b6e1eed2b848477fa2a4787ba9adf39a41?s=96&d=mm&r=g\",\"contentUrl\":\"https:\\\/\\\/secure.gravatar.com\\\/avatar\\\/c7164ed6fdec453195284ad24a5ae5b6e1eed2b848477fa2a4787ba9adf39a41?s=96&d=mm&r=g\",\"caption\":\"Redacci\u00f3n QP\"},\"url\":\"https:\\\/\\\/quehacerpolitico.mx\\\/?author=2\"}]}<\/script>\n<!-- \/ Yoast SEO plugin. -->","yoast_head_json":{"title":"L\u00ednea Roja\/\/\/Jacqueline Morgado\/\/\/El Centro de la Ciudad de M\u00e9xico luce des\u00e9rtico por el coronavirus -","robots":{"index":"index","follow":"follow","max-snippet":"max-snippet:-1","max-image-preview":"max-image-preview:large","max-video-preview":"max-video-preview:-1"},"canonical":"https:\/\/quehacerpolitico.mx\/?p=56404","og_locale":"es_MX","og_type":"article","og_title":"L\u00ednea Roja\/\/\/Jacqueline Morgado\/\/\/El Centro de la Ciudad de M\u00e9xico luce des\u00e9rtico por el coronavirus -","og_description":"El Centro de la Ciudad de M\u00e9xico luce des\u00e9rtico por el coronavirus Por Jacqueline Morgado...","og_url":"https:\/\/quehacerpolitico.mx\/?p=56404","article_published_time":"2020-04-03T03:08:11+00:00","og_image":[{"width":960,"height":1280,"url":"https:\/\/quehacerpolitico.mx\/wp-content\/uploads\/2020\/04\/E4BB9469-2019-49B3-9D91-47EAA277C437.jpeg","type":"image\/jpeg"}],"author":"Redacci\u00f3n QP","twitter_card":"summary_large_image","twitter_misc":{"Escrito por":"Redacci\u00f3n QP","Tiempo de lectura":"3 minutos"},"schema":{"@context":"https:\/\/schema.org","@graph":[{"@type":"Article","@id":"https:\/\/quehacerpolitico.mx\/?p=56404#article","isPartOf":{"@id":"https:\/\/quehacerpolitico.mx\/?p=56404"},"author":{"name":"Redacci\u00f3n QP","@id":"https:\/\/quehacerpolitico.mx\/#\/schema\/person\/496d8ad2d1d3f8036101dca7ee39e585"},"headline":"L\u00ednea Roja\/\/\/Jacqueline Morgado\/\/\/El Centro de la Ciudad de M\u00e9xico luce des\u00e9rtico por el coronavirus","datePublished":"2020-04-03T03:08:11+00:00","mainEntityOfPage":{"@id":"https:\/\/quehacerpolitico.mx\/?p=56404"},"wordCount":634,"commentCount":0,"image":{"@id":"https:\/\/quehacerpolitico.mx\/?p=56404#primaryimage"},"thumbnailUrl":"https:\/\/quehacerpolitico.mx\/wp-content\/uploads\/2020\/04\/E4BB9469-2019-49B3-9D91-47EAA277C437.jpeg","articleSection":["CDMX"],"inLanguage":"es","potentialAction":[{"@type":"CommentAction","name":"Comment","target":["https:\/\/quehacerpolitico.mx\/?p=56404#respond"]}]},{"@type":"WebPage","@id":"https:\/\/quehacerpolitico.mx\/?p=56404","url":"https:\/\/quehacerpolitico.mx\/?p=56404","name":"L\u00ednea Roja\/\/\/Jacqueline Morgado\/\/\/El Centro de la Ciudad de M\u00e9xico luce des\u00e9rtico por el coronavirus -","isPartOf":{"@id":"https:\/\/quehacerpolitico.mx\/#website"},"primaryImageOfPage":{"@id":"https:\/\/quehacerpolitico.mx\/?p=56404#primaryimage"},"image":{"@id":"https:\/\/quehacerpolitico.mx\/?p=56404#primaryimage"},"thumbnailUrl":"https:\/\/quehacerpolitico.mx\/wp-content\/uploads\/2020\/04\/E4BB9469-2019-49B3-9D91-47EAA277C437.jpeg","datePublished":"2020-04-03T03:08:11+00:00","author":{"@id":"https:\/\/quehacerpolitico.mx\/#\/schema\/person\/496d8ad2d1d3f8036101dca7ee39e585"},"breadcrumb":{"@id":"https:\/\/quehacerpolitico.mx\/?p=56404#breadcrumb"},"inLanguage":"es","potentialAction":[{"@type":"ReadAction","target":["https:\/\/quehacerpolitico.mx\/?p=56404"]}]},{"@type":"ImageObject","inLanguage":"es","@id":"https:\/\/quehacerpolitico.mx\/?p=56404#primaryimage","url":"https:\/\/quehacerpolitico.mx\/wp-content\/uploads\/2020\/04\/E4BB9469-2019-49B3-9D91-47EAA277C437.jpeg","contentUrl":"https:\/\/quehacerpolitico.mx\/wp-content\/uploads\/2020\/04\/E4BB9469-2019-49B3-9D91-47EAA277C437.jpeg","width":960,"height":1280},{"@type":"BreadcrumbList","@id":"https:\/\/quehacerpolitico.mx\/?p=56404#breadcrumb","itemListElement":[{"@type":"ListItem","position":1,"name":"Inicio","item":"https:\/\/quehacerpolitico.mx\/"},{"@type":"ListItem","position":2,"name":"L\u00ednea Roja\/\/\/Jacqueline Morgado\/\/\/El Centro de la Ciudad de M\u00e9xico luce des\u00e9rtico por el coronavirus"}]},{"@type":"WebSite","@id":"https:\/\/quehacerpolitico.mx\/#website","url":"https:\/\/quehacerpolitico.mx\/","name":"","description":"","potentialAction":[{"@type":"SearchAction","target":{"@type":"EntryPoint","urlTemplate":"https:\/\/quehacerpolitico.mx\/?s={search_term_string}"},"query-input":{"@type":"PropertyValueSpecification","valueRequired":true,"valueName":"search_term_string"}}],"inLanguage":"es"},{"@type":"Person","@id":"https:\/\/quehacerpolitico.mx\/#\/schema\/person\/496d8ad2d1d3f8036101dca7ee39e585","name":"Redacci\u00f3n QP","image":{"@type":"ImageObject","inLanguage":"es","@id":"https:\/\/secure.gravatar.com\/avatar\/c7164ed6fdec453195284ad24a5ae5b6e1eed2b848477fa2a4787ba9adf39a41?s=96&d=mm&r=g","url":"https:\/\/secure.gravatar.com\/avatar\/c7164ed6fdec453195284ad24a5ae5b6e1eed2b848477fa2a4787ba9adf39a41?s=96&d=mm&r=g","contentUrl":"https:\/\/secure.gravatar.com\/avatar\/c7164ed6fdec453195284ad24a5ae5b6e1eed2b848477fa2a4787ba9adf39a41?s=96&d=mm&r=g","caption":"Redacci\u00f3n QP"},"url":"https:\/\/quehacerpolitico.mx\/?author=2"}]}},"featured_image_urls":{"full":["https:\/\/quehacerpolitico.mx\/wp-content\/uploads\/2020\/04\/E4BB9469-2019-49B3-9D91-47EAA277C437.jpeg",960,1280,false],"thumbnail":["https:\/\/quehacerpolitico.mx\/wp-content\/uploads\/2020\/04\/E4BB9469-2019-49B3-9D91-47EAA277C437-150x150.jpeg",150,150,true],"medium":["https:\/\/quehacerpolitico.mx\/wp-content\/uploads\/2020\/04\/E4BB9469-2019-49B3-9D91-47EAA277C437-225x300.jpeg",225,300,true],"medium_large":["https:\/\/quehacerpolitico.mx\/wp-content\/uploads\/2020\/04\/E4BB9469-2019-49B3-9D91-47EAA277C437-768x1024.jpeg",640,853,true],"large":["https:\/\/quehacerpolitico.mx\/wp-content\/uploads\/2020\/04\/E4BB9469-2019-49B3-9D91-47EAA277C437-768x1024.jpeg",640,853,true],"1536x1536":["https:\/\/quehacerpolitico.mx\/wp-content\/uploads\/2020\/04\/E4BB9469-2019-49B3-9D91-47EAA277C437.jpeg",960,1280,false],"2048x2048":["https:\/\/quehacerpolitico.mx\/wp-content\/uploads\/2020\/04\/E4BB9469-2019-49B3-9D91-47EAA277C437.jpeg",960,1280,false],"covernews-featured":["https:\/\/quehacerpolitico.mx\/wp-content\/uploads\/2020\/04\/E4BB9469-2019-49B3-9D91-47EAA277C437.jpeg",960,1280,false],"covernews-medium":["https:\/\/quehacerpolitico.mx\/wp-content\/uploads\/2020\/04\/E4BB9469-2019-49B3-9D91-47EAA277C437.jpeg",255,340,false]},"author_info":{"display_name":"Redacci\u00f3n QP","author_link":"https:\/\/quehacerpolitico.mx\/?author=2"},"category_info":"<a href=\"https:\/\/quehacerpolitico.mx\/?cat=55\" rel=\"category\">CDMX<\/a>","tag_info":"CDMX","comment_count":"0","_links":{"self":[{"href":"https:\/\/quehacerpolitico.mx\/index.php?rest_route=\/wp\/v2\/posts\/56404","targetHints":{"allow":["GET"]}}],"collection":[{"href":"https:\/\/quehacerpolitico.mx\/index.php?rest_route=\/wp\/v2\/posts"}],"about":[{"href":"https:\/\/quehacerpolitico.mx\/index.php?rest_route=\/wp\/v2\/types\/post"}],"author":[{"embeddable":true,"href":"https:\/\/quehacerpolitico.mx\/index.php?rest_route=\/wp\/v2\/users\/2"}],"replies":[{"embeddable":true,"href":"https:\/\/quehacerpolitico.mx\/index.php?rest_route=%2Fwp%2Fv2%2Fcomments&post=56404"}],"version-history":[{"count":0,"href":"https:\/\/quehacerpolitico.mx\/index.php?rest_route=\/wp\/v2\/posts\/56404\/revisions"}],"wp:featuredmedia":[{"embeddable":true,"href":"https:\/\/quehacerpolitico.mx\/index.php?rest_route=\/wp\/v2\/media\/56406"}],"wp:attachment":[{"href":"https:\/\/quehacerpolitico.mx\/index.php?rest_route=%2Fwp%2Fv2%2Fmedia&parent=56404"}],"wp:term":[{"taxonomy":"category","embeddable":true,"href":"https:\/\/quehacerpolitico.mx\/index.php?rest_route=%2Fwp%2Fv2%2Fcategories&post=56404"},{"taxonomy":"post_tag","embeddable":true,"href":"https:\/\/quehacerpolitico.mx\/index.php?rest_route=%2Fwp%2Fv2%2Ftags&post=56404"}],"curies":[{"name":"wp","href":"https:\/\/api.w.org\/{rel}","templated":true}]}}