{"id":56397,"date":"2020-04-02T16:22:56","date_gmt":"2020-04-02T22:22:56","guid":{"rendered":"http:\/\/quehacerpolitico.mx\/?p=56397"},"modified":"2020-04-02T16:22:56","modified_gmt":"2020-04-02T22:22:56","slug":"linea-roja-jacqueline-morgado-federacion-pide-a-estados-mantener-continuidad-de-telecomunicaciones","status":"publish","type":"post","link":"https:\/\/quehacerpolitico.mx\/?p=56397","title":{"rendered":"L\u00ednea Roja\/\/\/Jacqueline Morgado\/\/\/Federaci\u00f3n pide a estados mantener continuidad de telecomunicaciones"},"content":{"rendered":"<div class=\"titulo\">Federaci\u00f3n pide a estados mantener continuidad de telecomunicaciones<\/div>\n<div class=\"desarrollo\">Por Jacqueline Morgado<\/div>\n<div>\n<p>Las secretar\u00edas de Comunicaciones y Transportes (SCT) y de Gobernaci\u00f3n (Segob) informaron que que las telecomunicaciones y la radiodifusi\u00f3n son servicios p\u00fablicos de inter\u00e9s general, por lo que exhortaron a los gobernadores del pa\u00eds a que mantengan la continuidad de \u00e9stos ante la contingencia sanitaria.<\/p>\n<p>A trav\u00e9s de un comunicado, las dependencias federales explicaron que enviaron un oficio a los gobernadores en el que proponen una serie de medidas y acciones para dar continuidad con esos servicios.<\/p>\n<p>El oficio firmado por el secretario de Comunicaciones y Transportes, Javier Jim\u00e9nez Espri\u00fa, y por la secretaria de Gobernaci\u00f3n, Olga S\u00e1nchez Cordero, subray\u00f3 que \u201cel apoyo de las autoridades estatales y municipales para otorgar permisos y autorizaciones de instalaci\u00f3n, operaci\u00f3n y mantenimiento de infraestructura de telecomunicaciones y radiodifusi\u00f3n, a empresas que presten dichos servicios, resulta fundamental\u201d.<\/p>\n<p>Entre las medidas para que las redes de telecomunicaciones y radiodifusi\u00f3n operen en \u00f3ptimas condiciones durante el periodo de contingencia sanitaria est\u00e1n la autorizaci\u00f3n del uso de la v\u00eda p\u00fablica primaria y secundaria durante la ejecuci\u00f3n de trabajos necesarios para garantizar la continuidad de los servicios en la infraestructura existente.<\/p>\n<p>Lo anterior, para la sustituci\u00f3n, mantenimiento preventivo, correctivo o emergente en las redes de telecomunicaciones y radiodifusi\u00f3n.<\/p>\n<p>As\u00ed como la autorizaci\u00f3n de la actividad de cuadrillas que realizan diversos trabajos operativos en la v\u00eda p\u00fablica, ya sea en torres, postes o instalaciones subterr\u00e1neas; permitir la transportaci\u00f3n de estas cuadrillas a las zonas de mantenimiento y, en su caso, brindarles seguridad durante tales operaciones.<\/p>\n<p>Permitir la instalaci\u00f3n de servicios en hospitales, casas, negocios, comercios, centros de datos, de contacto y de soporte, y dependencias de gobierno, entre otros.<\/p>\n<p>Tambi\u00e9n, dijeron, permitir la operaci\u00f3n de los concesionarios y autorizados de telecomunicaciones y radiodifusi\u00f3n en las instalaciones e inmuebles que garantizan la operaci\u00f3n y provisi\u00f3n de los servicios en sucursales, m\u00f3dulos de ventas, almacenes, centros de datos, de contacto y de soporte, centros de recepci\u00f3n y transmisi\u00f3n de se\u00f1al, centros de distribuci\u00f3n, oficinas y cercos.<\/p>\n<p>Adem\u00e1s de permitir la operaci\u00f3n de las actividades de las empresas de manufactura de alta tecnolog\u00eda, toda vez que abastecen con equipos, partes y refacciones al sector de telecomunicaciones y radiodifusi\u00f3n.<\/p>\n<p>Las dependencias solicitaron se permita la circulaci\u00f3n de los veh\u00edculos y personal necesarios para garantizar estas medidas.<\/p>\n<p>Asimismo, solicitaron a los gobernadores y a la jefa de Gobierno de la Ciudad de M\u00e9xico transmitir a los funcionarios estatales y a los presidentes municipales y alcaldes el oficio de referencia, pues con sus medidas se podr\u00e1 mantener la operaci\u00f3n de redes de telecomunicaci\u00f3n y radiodifusi\u00f3n en todos y cada uno de los municipios.<\/p>\n<p>Y con ello lograr la continuidad y calidad de estos servicios en el pa\u00eds, al mismo tiempo de llevar un control de las solicitudes que, con este mismo objetivo, realicen los concesionarios de telecomunicaciones y radiodifusi\u00f3n durante el periodo de contingencia.<\/p>\n<p>El oficio de la SCT y de Gobernaci\u00f3n hace referencia al Acuerdo por el que se declara como emergencia sanitaria por causa de fuerza mayor a la epidemia de enfermedad generada por el virus SARS-CoV2 (Covid-19), publicado en el Diario Oficial de la Federaci\u00f3n el pasado 30 de marzo.<\/p>\n<p>De igual forma, las secretar\u00edas destacan que el 31 de marzo de 2020 se public\u00f3 en el Diario Oficial de la Federaci\u00f3n el Acuerdo por el que se establecen acciones extraordinarias para atender la emergencia sanitaria generada por el virus SARS-CoV2.<\/p>\n<p>Y en forma enf\u00e1tica, dijeron, el acuerdo se\u00f1ala que entre las empresas que continuar\u00e1n con sus labores, consideradas esenciales observando las medidas sanitarias pertinentes, figuran las de telecomunicaciones y medios de informaci\u00f3n.<\/p>\n<p>Con informaci\u00f3n de NTX<\/p>\n<\/div>\n","protected":false},"excerpt":{"rendered":"<p>Federaci\u00f3n pide a estados mantener continuidad de telecomunicaciones Por Jacqueline Morgado Las secretar\u00edas de Comunicaciones&#8230;<\/p>\n","protected":false},"author":2,"featured_media":56398,"comment_status":"open","ping_status":"open","sticky":false,"template":"","format":"standard","meta":{"_monsterinsights_skip_tracking":false,"_monsterinsights_sitenote_active":false,"_monsterinsights_sitenote_note":"","_monsterinsights_sitenote_category":0,"footnotes":""},"categories":[56],"tags":[],"class_list":["post-56397","post","type-post","status-publish","format-standard","has-post-thumbnail","hentry","category-economia"],"yoast_head":"<!-- This site is optimized with the Yoast SEO plugin v27.3 - https:\/\/yoast.com\/product\/yoast-seo-wordpress\/ -->\n<title>L\u00ednea Roja\/\/\/Jacqueline Morgado\/\/\/Federaci\u00f3n pide a estados mantener continuidad de telecomunicaciones -<\/title>\n<meta name=\"robots\" content=\"index, follow, max-snippet:-1, max-image-preview:large, max-video-preview:-1\" \/>\n<link rel=\"canonical\" href=\"https:\/\/quehacerpolitico.mx\/?p=56397\" \/>\n<meta property=\"og:locale\" content=\"es_MX\" \/>\n<meta property=\"og:type\" content=\"article\" \/>\n<meta property=\"og:title\" content=\"L\u00ednea Roja\/\/\/Jacqueline Morgado\/\/\/Federaci\u00f3n pide a estados mantener continuidad de telecomunicaciones -\" \/>\n<meta property=\"og:description\" content=\"Federaci\u00f3n pide a estados mantener continuidad de telecomunicaciones Por Jacqueline Morgado Las secretar\u00edas de Comunicaciones...\" \/>\n<meta property=\"og:url\" content=\"https:\/\/quehacerpolitico.mx\/?p=56397\" \/>\n<meta property=\"article:published_time\" content=\"2020-04-02T22:22:56+00:00\" \/>\n<meta property=\"og:image\" content=\"https:\/\/quehacerpolitico.mx\/wp-content\/uploads\/2020\/04\/C558407A-0A48-4D5D-B10A-EEB36682BD27.jpeg\" \/>\n\t<meta property=\"og:image:width\" content=\"403\" \/>\n\t<meta property=\"og:image:height\" content=\"298\" \/>\n\t<meta property=\"og:image:type\" content=\"image\/jpeg\" \/>\n<meta name=\"author\" content=\"Redacci\u00f3n QP\" \/>\n<meta name=\"twitter:card\" content=\"summary_large_image\" \/>\n<meta name=\"twitter:label1\" content=\"Escrito por\" \/>\n\t<meta name=\"twitter:data1\" content=\"Redacci\u00f3n QP\" \/>\n\t<meta name=\"twitter:label2\" content=\"Tiempo de lectura\" \/>\n\t<meta name=\"twitter:data2\" content=\"3 minutos\" \/>\n<script type=\"application\/ld+json\" class=\"yoast-schema-graph\">{\"@context\":\"https:\\\/\\\/schema.org\",\"@graph\":[{\"@type\":\"Article\",\"@id\":\"https:\\\/\\\/quehacerpolitico.mx\\\/?p=56397#article\",\"isPartOf\":{\"@id\":\"https:\\\/\\\/quehacerpolitico.mx\\\/?p=56397\"},\"author\":{\"name\":\"Redacci\u00f3n QP\",\"@id\":\"https:\\\/\\\/quehacerpolitico.mx\\\/#\\\/schema\\\/person\\\/496d8ad2d1d3f8036101dca7ee39e585\"},\"headline\":\"L\u00ednea Roja\\\/\\\/\\\/Jacqueline Morgado\\\/\\\/\\\/Federaci\u00f3n pide a estados mantener continuidad de telecomunicaciones\",\"datePublished\":\"2020-04-02T22:22:56+00:00\",\"mainEntityOfPage\":{\"@id\":\"https:\\\/\\\/quehacerpolitico.mx\\\/?p=56397\"},\"wordCount\":676,\"commentCount\":0,\"image\":{\"@id\":\"https:\\\/\\\/quehacerpolitico.mx\\\/?p=56397#primaryimage\"},\"thumbnailUrl\":\"https:\\\/\\\/quehacerpolitico.mx\\\/wp-content\\\/uploads\\\/2020\\\/04\\\/C558407A-0A48-4D5D-B10A-EEB36682BD27.jpeg\",\"articleSection\":[\"Econom\u00eda\"],\"inLanguage\":\"es\",\"potentialAction\":[{\"@type\":\"CommentAction\",\"name\":\"Comment\",\"target\":[\"https:\\\/\\\/quehacerpolitico.mx\\\/?p=56397#respond\"]}]},{\"@type\":\"WebPage\",\"@id\":\"https:\\\/\\\/quehacerpolitico.mx\\\/?p=56397\",\"url\":\"https:\\\/\\\/quehacerpolitico.mx\\\/?p=56397\",\"name\":\"L\u00ednea Roja\\\/\\\/\\\/Jacqueline Morgado\\\/\\\/\\\/Federaci\u00f3n pide a estados mantener continuidad de telecomunicaciones -\",\"isPartOf\":{\"@id\":\"https:\\\/\\\/quehacerpolitico.mx\\\/#website\"},\"primaryImageOfPage\":{\"@id\":\"https:\\\/\\\/quehacerpolitico.mx\\\/?p=56397#primaryimage\"},\"image\":{\"@id\":\"https:\\\/\\\/quehacerpolitico.mx\\\/?p=56397#primaryimage\"},\"thumbnailUrl\":\"https:\\\/\\\/quehacerpolitico.mx\\\/wp-content\\\/uploads\\\/2020\\\/04\\\/C558407A-0A48-4D5D-B10A-EEB36682BD27.jpeg\",\"datePublished\":\"2020-04-02T22:22:56+00:00\",\"author\":{\"@id\":\"https:\\\/\\\/quehacerpolitico.mx\\\/#\\\/schema\\\/person\\\/496d8ad2d1d3f8036101dca7ee39e585\"},\"breadcrumb\":{\"@id\":\"https:\\\/\\\/quehacerpolitico.mx\\\/?p=56397#breadcrumb\"},\"inLanguage\":\"es\",\"potentialAction\":[{\"@type\":\"ReadAction\",\"target\":[\"https:\\\/\\\/quehacerpolitico.mx\\\/?p=56397\"]}]},{\"@type\":\"ImageObject\",\"inLanguage\":\"es\",\"@id\":\"https:\\\/\\\/quehacerpolitico.mx\\\/?p=56397#primaryimage\",\"url\":\"https:\\\/\\\/quehacerpolitico.mx\\\/wp-content\\\/uploads\\\/2020\\\/04\\\/C558407A-0A48-4D5D-B10A-EEB36682BD27.jpeg\",\"contentUrl\":\"https:\\\/\\\/quehacerpolitico.mx\\\/wp-content\\\/uploads\\\/2020\\\/04\\\/C558407A-0A48-4D5D-B10A-EEB36682BD27.jpeg\",\"width\":403,\"height\":298},{\"@type\":\"BreadcrumbList\",\"@id\":\"https:\\\/\\\/quehacerpolitico.mx\\\/?p=56397#breadcrumb\",\"itemListElement\":[{\"@type\":\"ListItem\",\"position\":1,\"name\":\"Inicio\",\"item\":\"https:\\\/\\\/quehacerpolitico.mx\\\/\"},{\"@type\":\"ListItem\",\"position\":2,\"name\":\"L\u00ednea Roja\\\/\\\/\\\/Jacqueline Morgado\\\/\\\/\\\/Federaci\u00f3n pide a estados mantener continuidad de telecomunicaciones\"}]},{\"@type\":\"WebSite\",\"@id\":\"https:\\\/\\\/quehacerpolitico.mx\\\/#website\",\"url\":\"https:\\\/\\\/quehacerpolitico.mx\\\/\",\"name\":\"\",\"description\":\"\",\"potentialAction\":[{\"@type\":\"SearchAction\",\"target\":{\"@type\":\"EntryPoint\",\"urlTemplate\":\"https:\\\/\\\/quehacerpolitico.mx\\\/?s={search_term_string}\"},\"query-input\":{\"@type\":\"PropertyValueSpecification\",\"valueRequired\":true,\"valueName\":\"search_term_string\"}}],\"inLanguage\":\"es\"},{\"@type\":\"Person\",\"@id\":\"https:\\\/\\\/quehacerpolitico.mx\\\/#\\\/schema\\\/person\\\/496d8ad2d1d3f8036101dca7ee39e585\",\"name\":\"Redacci\u00f3n QP\",\"image\":{\"@type\":\"ImageObject\",\"inLanguage\":\"es\",\"@id\":\"https:\\\/\\\/secure.gravatar.com\\\/avatar\\\/c7164ed6fdec453195284ad24a5ae5b6e1eed2b848477fa2a4787ba9adf39a41?s=96&d=mm&r=g\",\"url\":\"https:\\\/\\\/secure.gravatar.com\\\/avatar\\\/c7164ed6fdec453195284ad24a5ae5b6e1eed2b848477fa2a4787ba9adf39a41?s=96&d=mm&r=g\",\"contentUrl\":\"https:\\\/\\\/secure.gravatar.com\\\/avatar\\\/c7164ed6fdec453195284ad24a5ae5b6e1eed2b848477fa2a4787ba9adf39a41?s=96&d=mm&r=g\",\"caption\":\"Redacci\u00f3n QP\"},\"url\":\"https:\\\/\\\/quehacerpolitico.mx\\\/?author=2\"}]}<\/script>\n<!-- \/ Yoast SEO plugin. -->","yoast_head_json":{"title":"L\u00ednea Roja\/\/\/Jacqueline Morgado\/\/\/Federaci\u00f3n pide a estados mantener continuidad de telecomunicaciones -","robots":{"index":"index","follow":"follow","max-snippet":"max-snippet:-1","max-image-preview":"max-image-preview:large","max-video-preview":"max-video-preview:-1"},"canonical":"https:\/\/quehacerpolitico.mx\/?p=56397","og_locale":"es_MX","og_type":"article","og_title":"L\u00ednea Roja\/\/\/Jacqueline Morgado\/\/\/Federaci\u00f3n pide a estados mantener continuidad de telecomunicaciones -","og_description":"Federaci\u00f3n pide a estados mantener continuidad de telecomunicaciones Por Jacqueline Morgado Las secretar\u00edas de Comunicaciones...","og_url":"https:\/\/quehacerpolitico.mx\/?p=56397","article_published_time":"2020-04-02T22:22:56+00:00","og_image":[{"width":403,"height":298,"url":"https:\/\/quehacerpolitico.mx\/wp-content\/uploads\/2020\/04\/C558407A-0A48-4D5D-B10A-EEB36682BD27.jpeg","type":"image\/jpeg"}],"author":"Redacci\u00f3n QP","twitter_card":"summary_large_image","twitter_misc":{"Escrito por":"Redacci\u00f3n QP","Tiempo de lectura":"3 minutos"},"schema":{"@context":"https:\/\/schema.org","@graph":[{"@type":"Article","@id":"https:\/\/quehacerpolitico.mx\/?p=56397#article","isPartOf":{"@id":"https:\/\/quehacerpolitico.mx\/?p=56397"},"author":{"name":"Redacci\u00f3n QP","@id":"https:\/\/quehacerpolitico.mx\/#\/schema\/person\/496d8ad2d1d3f8036101dca7ee39e585"},"headline":"L\u00ednea Roja\/\/\/Jacqueline Morgado\/\/\/Federaci\u00f3n pide a estados mantener continuidad de telecomunicaciones","datePublished":"2020-04-02T22:22:56+00:00","mainEntityOfPage":{"@id":"https:\/\/quehacerpolitico.mx\/?p=56397"},"wordCount":676,"commentCount":0,"image":{"@id":"https:\/\/quehacerpolitico.mx\/?p=56397#primaryimage"},"thumbnailUrl":"https:\/\/quehacerpolitico.mx\/wp-content\/uploads\/2020\/04\/C558407A-0A48-4D5D-B10A-EEB36682BD27.jpeg","articleSection":["Econom\u00eda"],"inLanguage":"es","potentialAction":[{"@type":"CommentAction","name":"Comment","target":["https:\/\/quehacerpolitico.mx\/?p=56397#respond"]}]},{"@type":"WebPage","@id":"https:\/\/quehacerpolitico.mx\/?p=56397","url":"https:\/\/quehacerpolitico.mx\/?p=56397","name":"L\u00ednea Roja\/\/\/Jacqueline Morgado\/\/\/Federaci\u00f3n pide a estados mantener continuidad de telecomunicaciones -","isPartOf":{"@id":"https:\/\/quehacerpolitico.mx\/#website"},"primaryImageOfPage":{"@id":"https:\/\/quehacerpolitico.mx\/?p=56397#primaryimage"},"image":{"@id":"https:\/\/quehacerpolitico.mx\/?p=56397#primaryimage"},"thumbnailUrl":"https:\/\/quehacerpolitico.mx\/wp-content\/uploads\/2020\/04\/C558407A-0A48-4D5D-B10A-EEB36682BD27.jpeg","datePublished":"2020-04-02T22:22:56+00:00","author":{"@id":"https:\/\/quehacerpolitico.mx\/#\/schema\/person\/496d8ad2d1d3f8036101dca7ee39e585"},"breadcrumb":{"@id":"https:\/\/quehacerpolitico.mx\/?p=56397#breadcrumb"},"inLanguage":"es","potentialAction":[{"@type":"ReadAction","target":["https:\/\/quehacerpolitico.mx\/?p=56397"]}]},{"@type":"ImageObject","inLanguage":"es","@id":"https:\/\/quehacerpolitico.mx\/?p=56397#primaryimage","url":"https:\/\/quehacerpolitico.mx\/wp-content\/uploads\/2020\/04\/C558407A-0A48-4D5D-B10A-EEB36682BD27.jpeg","contentUrl":"https:\/\/quehacerpolitico.mx\/wp-content\/uploads\/2020\/04\/C558407A-0A48-4D5D-B10A-EEB36682BD27.jpeg","width":403,"height":298},{"@type":"BreadcrumbList","@id":"https:\/\/quehacerpolitico.mx\/?p=56397#breadcrumb","itemListElement":[{"@type":"ListItem","position":1,"name":"Inicio","item":"https:\/\/quehacerpolitico.mx\/"},{"@type":"ListItem","position":2,"name":"L\u00ednea Roja\/\/\/Jacqueline Morgado\/\/\/Federaci\u00f3n pide a estados mantener continuidad de telecomunicaciones"}]},{"@type":"WebSite","@id":"https:\/\/quehacerpolitico.mx\/#website","url":"https:\/\/quehacerpolitico.mx\/","name":"","description":"","potentialAction":[{"@type":"SearchAction","target":{"@type":"EntryPoint","urlTemplate":"https:\/\/quehacerpolitico.mx\/?s={search_term_string}"},"query-input":{"@type":"PropertyValueSpecification","valueRequired":true,"valueName":"search_term_string"}}],"inLanguage":"es"},{"@type":"Person","@id":"https:\/\/quehacerpolitico.mx\/#\/schema\/person\/496d8ad2d1d3f8036101dca7ee39e585","name":"Redacci\u00f3n QP","image":{"@type":"ImageObject","inLanguage":"es","@id":"https:\/\/secure.gravatar.com\/avatar\/c7164ed6fdec453195284ad24a5ae5b6e1eed2b848477fa2a4787ba9adf39a41?s=96&d=mm&r=g","url":"https:\/\/secure.gravatar.com\/avatar\/c7164ed6fdec453195284ad24a5ae5b6e1eed2b848477fa2a4787ba9adf39a41?s=96&d=mm&r=g","contentUrl":"https:\/\/secure.gravatar.com\/avatar\/c7164ed6fdec453195284ad24a5ae5b6e1eed2b848477fa2a4787ba9adf39a41?s=96&d=mm&r=g","caption":"Redacci\u00f3n QP"},"url":"https:\/\/quehacerpolitico.mx\/?author=2"}]}},"featured_image_urls":{"full":["https:\/\/quehacerpolitico.mx\/wp-content\/uploads\/2020\/04\/C558407A-0A48-4D5D-B10A-EEB36682BD27.jpeg",403,298,false],"thumbnail":["https:\/\/quehacerpolitico.mx\/wp-content\/uploads\/2020\/04\/C558407A-0A48-4D5D-B10A-EEB36682BD27-150x150.jpeg",150,150,true],"medium":["https:\/\/quehacerpolitico.mx\/wp-content\/uploads\/2020\/04\/C558407A-0A48-4D5D-B10A-EEB36682BD27-300x222.jpeg",300,222,true],"medium_large":["https:\/\/quehacerpolitico.mx\/wp-content\/uploads\/2020\/04\/C558407A-0A48-4D5D-B10A-EEB36682BD27.jpeg",403,298,false],"large":["https:\/\/quehacerpolitico.mx\/wp-content\/uploads\/2020\/04\/C558407A-0A48-4D5D-B10A-EEB36682BD27.jpeg",403,298,false],"1536x1536":["https:\/\/quehacerpolitico.mx\/wp-content\/uploads\/2020\/04\/C558407A-0A48-4D5D-B10A-EEB36682BD27.jpeg",403,298,false],"2048x2048":["https:\/\/quehacerpolitico.mx\/wp-content\/uploads\/2020\/04\/C558407A-0A48-4D5D-B10A-EEB36682BD27.jpeg",403,298,false],"covernews-featured":["https:\/\/quehacerpolitico.mx\/wp-content\/uploads\/2020\/04\/C558407A-0A48-4D5D-B10A-EEB36682BD27.jpeg",403,298,false],"covernews-medium":["https:\/\/quehacerpolitico.mx\/wp-content\/uploads\/2020\/04\/C558407A-0A48-4D5D-B10A-EEB36682BD27.jpeg",403,298,false]},"author_info":{"display_name":"Redacci\u00f3n QP","author_link":"https:\/\/quehacerpolitico.mx\/?author=2"},"category_info":"<a href=\"https:\/\/quehacerpolitico.mx\/?cat=56\" rel=\"category\">Econom\u00eda<\/a>","tag_info":"Econom\u00eda","comment_count":"0","_links":{"self":[{"href":"https:\/\/quehacerpolitico.mx\/index.php?rest_route=\/wp\/v2\/posts\/56397","targetHints":{"allow":["GET"]}}],"collection":[{"href":"https:\/\/quehacerpolitico.mx\/index.php?rest_route=\/wp\/v2\/posts"}],"about":[{"href":"https:\/\/quehacerpolitico.mx\/index.php?rest_route=\/wp\/v2\/types\/post"}],"author":[{"embeddable":true,"href":"https:\/\/quehacerpolitico.mx\/index.php?rest_route=\/wp\/v2\/users\/2"}],"replies":[{"embeddable":true,"href":"https:\/\/quehacerpolitico.mx\/index.php?rest_route=%2Fwp%2Fv2%2Fcomments&post=56397"}],"version-history":[{"count":0,"href":"https:\/\/quehacerpolitico.mx\/index.php?rest_route=\/wp\/v2\/posts\/56397\/revisions"}],"wp:featuredmedia":[{"embeddable":true,"href":"https:\/\/quehacerpolitico.mx\/index.php?rest_route=\/wp\/v2\/media\/56398"}],"wp:attachment":[{"href":"https:\/\/quehacerpolitico.mx\/index.php?rest_route=%2Fwp%2Fv2%2Fmedia&parent=56397"}],"wp:term":[{"taxonomy":"category","embeddable":true,"href":"https:\/\/quehacerpolitico.mx\/index.php?rest_route=%2Fwp%2Fv2%2Fcategories&post=56397"},{"taxonomy":"post_tag","embeddable":true,"href":"https:\/\/quehacerpolitico.mx\/index.php?rest_route=%2Fwp%2Fv2%2Ftags&post=56397"}],"curies":[{"name":"wp","href":"https:\/\/api.w.org\/{rel}","templated":true}]}}