{"id":56343,"date":"2020-04-02T11:57:17","date_gmt":"2020-04-02T17:57:17","guid":{"rendered":"http:\/\/quehacerpolitico.mx\/?p=56343"},"modified":"2020-04-02T11:57:17","modified_gmt":"2020-04-02T17:57:17","slug":"linea-roja-jacqueline-morgado-gobierno-devolvera-iva-a-empresas-lo-antes-posible-amlo","status":"publish","type":"post","link":"https:\/\/quehacerpolitico.mx\/?p=56343","title":{"rendered":"L\u00ednea Roja\/\/\/Jacqueline Morgado\/\/\/Gobierno devolver\u00e1 IVA a empresas lo antes posible: AMLO"},"content":{"rendered":"<div class=\"titulo\">Gobierno devolver\u00e1 IVA a empresas lo antes posible: AMLO<\/div>\n<div class=\"desarrollo\">Por Jacqueline Morgado<\/div>\n<div>\n<p>El presidente Andr\u00e9s Manuel L\u00f3pez Obrador anunci\u00f3 que se devolver\u00e1 pronto el Impuesto al Valor Agregado (IVA) a los empresarios y personas f\u00edsicas y descart\u00f3 un escenario de desempleo masivo provocado por la crisis del coronavirus (Covid-19).<\/p>\n<p>\u201cLo de la devoluci\u00f3n del IVA es un derecho y al mismo tiempo es la obligaci\u00f3n del gobierno de devolverlo lo m\u00e1s pronto posible,\u201d afirm\u00f3.<\/p>\n<p>\u201cPor ley corresponde no solo devolverlos (los impuestos), sino hacerlo pronto\u201d, expuso, al a\u00f1adir que se llevar\u00e1n a cabo otras medidas para los empresarios con el fin de paliar los efectos de la crisis sanitaria.<\/p>\n<p>A\u00f1adi\u00f3 que en el aspecto laboral, se anunciar\u00e1 este domingo el plan de empuje a la econom\u00eda, donde la creaci\u00f3n de empleos es una de los aspectos torales del programa.<\/p>\n<p>\u201cNo (estoy preocupado), porque vamos a dar \u00e9nfasis en el empleo. El domingo es salud, bienestar y empleo, es b\u00e1sico lo del empleo, para van a ver cu\u00e1ntos empleos vamos a crear, por eso digo que la recuperaci\u00f3n econ\u00f3mica se va a lograr pronto\u201d, se comprometi\u00f3.<\/p>\n<p>\u201cY otras acciones de apoyo, no aumentar los impuestos, mantener bajos los precios de los energ\u00e9ticos. Que no haya derroche en el gobierno que le cueste menos a la sociedad mantener el gobierno. No corrupci\u00f3n, estado de derecho, oportunidades para la inversi\u00f3n\u201d, detall\u00f3.<\/p>\n<p>Abund\u00f3 que la devoluci\u00f3n del IVA ser\u00e1 dentro del marco de la ley, no como ocurr\u00eda en administraciones anteriores.<\/p>\n<p>\u201cNo de manera ilegal. A los empresarios que aportaron a la campa\u00f1a les devolvieron el IVA sin que fuese legal\u201d, critic\u00f3.<\/p>\n<p>Indic\u00f3 que si compromiso es que no haya derroche en el gobierno, \u201cque le cueste menos a la sociedad mantener el gobierno. No corrupci\u00f3n, estado de derecho, oportunidades para la inversi\u00f3n\u201d, precis\u00f3.<\/p>\n<p>Dijo por \u00faltimo que las buenas relaciones con Estados Unidos permiten poder vender lo que produce M\u00e9xico.<\/p>\n<p>Con informaci\u00f3n de NTX<\/p>\n<\/div>\n","protected":false},"excerpt":{"rendered":"<p>Gobierno devolver\u00e1 IVA a empresas lo antes posible: AMLO Por Jacqueline Morgado El presidente Andr\u00e9s&#8230;<\/p>\n","protected":false},"author":2,"featured_media":56344,"comment_status":"open","ping_status":"open","sticky":false,"template":"","format":"standard","meta":{"_monsterinsights_skip_tracking":false,"_monsterinsights_sitenote_active":false,"_monsterinsights_sitenote_note":"","_monsterinsights_sitenote_category":0,"footnotes":""},"categories":[2],"tags":[],"class_list":["post-56343","post","type-post","status-publish","format-standard","has-post-thumbnail","hentry","category-noticias"],"yoast_head":"<!-- This site is optimized with the Yoast SEO plugin v27.3 - https:\/\/yoast.com\/product\/yoast-seo-wordpress\/ -->\n<title>L\u00ednea Roja\/\/\/Jacqueline Morgado\/\/\/Gobierno devolver\u00e1 IVA a empresas lo antes posible: AMLO -<\/title>\n<meta name=\"robots\" content=\"index, follow, max-snippet:-1, max-image-preview:large, max-video-preview:-1\" \/>\n<link rel=\"canonical\" href=\"https:\/\/quehacerpolitico.mx\/?p=56343\" \/>\n<meta property=\"og:locale\" content=\"es_MX\" \/>\n<meta property=\"og:type\" content=\"article\" \/>\n<meta property=\"og:title\" content=\"L\u00ednea Roja\/\/\/Jacqueline Morgado\/\/\/Gobierno devolver\u00e1 IVA a empresas lo antes posible: AMLO -\" \/>\n<meta property=\"og:description\" content=\"Gobierno devolver\u00e1 IVA a empresas lo antes posible: AMLO Por Jacqueline Morgado El presidente Andr\u00e9s...\" \/>\n<meta property=\"og:url\" content=\"https:\/\/quehacerpolitico.mx\/?p=56343\" \/>\n<meta property=\"article:published_time\" content=\"2020-04-02T17:57:17+00:00\" \/>\n<meta property=\"og:image\" content=\"https:\/\/quehacerpolitico.mx\/wp-content\/uploads\/2020\/04\/3C1220DB-4F33-4683-9F8A-E97920ADEE2F.jpeg\" \/>\n\t<meta property=\"og:image:width\" content=\"1280\" \/>\n\t<meta property=\"og:image:height\" content=\"852\" \/>\n\t<meta property=\"og:image:type\" content=\"image\/jpeg\" \/>\n<meta name=\"author\" content=\"Redacci\u00f3n QP\" \/>\n<meta name=\"twitter:card\" content=\"summary_large_image\" \/>\n<meta name=\"twitter:label1\" content=\"Escrito por\" \/>\n\t<meta name=\"twitter:data1\" content=\"Redacci\u00f3n QP\" \/>\n\t<meta name=\"twitter:label2\" content=\"Tiempo de lectura\" \/>\n\t<meta name=\"twitter:data2\" content=\"2 minutos\" \/>\n<script type=\"application\/ld+json\" class=\"yoast-schema-graph\">{\"@context\":\"https:\\\/\\\/schema.org\",\"@graph\":[{\"@type\":\"Article\",\"@id\":\"https:\\\/\\\/quehacerpolitico.mx\\\/?p=56343#article\",\"isPartOf\":{\"@id\":\"https:\\\/\\\/quehacerpolitico.mx\\\/?p=56343\"},\"author\":{\"name\":\"Redacci\u00f3n QP\",\"@id\":\"https:\\\/\\\/quehacerpolitico.mx\\\/#\\\/schema\\\/person\\\/496d8ad2d1d3f8036101dca7ee39e585\"},\"headline\":\"L\u00ednea Roja\\\/\\\/\\\/Jacqueline Morgado\\\/\\\/\\\/Gobierno devolver\u00e1 IVA a empresas lo antes posible: AMLO\",\"datePublished\":\"2020-04-02T17:57:17+00:00\",\"mainEntityOfPage\":{\"@id\":\"https:\\\/\\\/quehacerpolitico.mx\\\/?p=56343\"},\"wordCount\":360,\"commentCount\":0,\"image\":{\"@id\":\"https:\\\/\\\/quehacerpolitico.mx\\\/?p=56343#primaryimage\"},\"thumbnailUrl\":\"https:\\\/\\\/quehacerpolitico.mx\\\/wp-content\\\/uploads\\\/2020\\\/04\\\/3C1220DB-4F33-4683-9F8A-E97920ADEE2F.jpeg\",\"articleSection\":[\"Noticias\"],\"inLanguage\":\"es\",\"potentialAction\":[{\"@type\":\"CommentAction\",\"name\":\"Comment\",\"target\":[\"https:\\\/\\\/quehacerpolitico.mx\\\/?p=56343#respond\"]}]},{\"@type\":\"WebPage\",\"@id\":\"https:\\\/\\\/quehacerpolitico.mx\\\/?p=56343\",\"url\":\"https:\\\/\\\/quehacerpolitico.mx\\\/?p=56343\",\"name\":\"L\u00ednea Roja\\\/\\\/\\\/Jacqueline Morgado\\\/\\\/\\\/Gobierno devolver\u00e1 IVA a empresas lo antes posible: AMLO -\",\"isPartOf\":{\"@id\":\"https:\\\/\\\/quehacerpolitico.mx\\\/#website\"},\"primaryImageOfPage\":{\"@id\":\"https:\\\/\\\/quehacerpolitico.mx\\\/?p=56343#primaryimage\"},\"image\":{\"@id\":\"https:\\\/\\\/quehacerpolitico.mx\\\/?p=56343#primaryimage\"},\"thumbnailUrl\":\"https:\\\/\\\/quehacerpolitico.mx\\\/wp-content\\\/uploads\\\/2020\\\/04\\\/3C1220DB-4F33-4683-9F8A-E97920ADEE2F.jpeg\",\"datePublished\":\"2020-04-02T17:57:17+00:00\",\"author\":{\"@id\":\"https:\\\/\\\/quehacerpolitico.mx\\\/#\\\/schema\\\/person\\\/496d8ad2d1d3f8036101dca7ee39e585\"},\"breadcrumb\":{\"@id\":\"https:\\\/\\\/quehacerpolitico.mx\\\/?p=56343#breadcrumb\"},\"inLanguage\":\"es\",\"potentialAction\":[{\"@type\":\"ReadAction\",\"target\":[\"https:\\\/\\\/quehacerpolitico.mx\\\/?p=56343\"]}]},{\"@type\":\"ImageObject\",\"inLanguage\":\"es\",\"@id\":\"https:\\\/\\\/quehacerpolitico.mx\\\/?p=56343#primaryimage\",\"url\":\"https:\\\/\\\/quehacerpolitico.mx\\\/wp-content\\\/uploads\\\/2020\\\/04\\\/3C1220DB-4F33-4683-9F8A-E97920ADEE2F.jpeg\",\"contentUrl\":\"https:\\\/\\\/quehacerpolitico.mx\\\/wp-content\\\/uploads\\\/2020\\\/04\\\/3C1220DB-4F33-4683-9F8A-E97920ADEE2F.jpeg\",\"width\":1280,\"height\":852},{\"@type\":\"BreadcrumbList\",\"@id\":\"https:\\\/\\\/quehacerpolitico.mx\\\/?p=56343#breadcrumb\",\"itemListElement\":[{\"@type\":\"ListItem\",\"position\":1,\"name\":\"Inicio\",\"item\":\"https:\\\/\\\/quehacerpolitico.mx\\\/\"},{\"@type\":\"ListItem\",\"position\":2,\"name\":\"L\u00ednea Roja\\\/\\\/\\\/Jacqueline Morgado\\\/\\\/\\\/Gobierno devolver\u00e1 IVA a empresas lo antes posible: AMLO\"}]},{\"@type\":\"WebSite\",\"@id\":\"https:\\\/\\\/quehacerpolitico.mx\\\/#website\",\"url\":\"https:\\\/\\\/quehacerpolitico.mx\\\/\",\"name\":\"\",\"description\":\"\",\"potentialAction\":[{\"@type\":\"SearchAction\",\"target\":{\"@type\":\"EntryPoint\",\"urlTemplate\":\"https:\\\/\\\/quehacerpolitico.mx\\\/?s={search_term_string}\"},\"query-input\":{\"@type\":\"PropertyValueSpecification\",\"valueRequired\":true,\"valueName\":\"search_term_string\"}}],\"inLanguage\":\"es\"},{\"@type\":\"Person\",\"@id\":\"https:\\\/\\\/quehacerpolitico.mx\\\/#\\\/schema\\\/person\\\/496d8ad2d1d3f8036101dca7ee39e585\",\"name\":\"Redacci\u00f3n QP\",\"image\":{\"@type\":\"ImageObject\",\"inLanguage\":\"es\",\"@id\":\"https:\\\/\\\/secure.gravatar.com\\\/avatar\\\/c7164ed6fdec453195284ad24a5ae5b6e1eed2b848477fa2a4787ba9adf39a41?s=96&d=mm&r=g\",\"url\":\"https:\\\/\\\/secure.gravatar.com\\\/avatar\\\/c7164ed6fdec453195284ad24a5ae5b6e1eed2b848477fa2a4787ba9adf39a41?s=96&d=mm&r=g\",\"contentUrl\":\"https:\\\/\\\/secure.gravatar.com\\\/avatar\\\/c7164ed6fdec453195284ad24a5ae5b6e1eed2b848477fa2a4787ba9adf39a41?s=96&d=mm&r=g\",\"caption\":\"Redacci\u00f3n QP\"},\"url\":\"https:\\\/\\\/quehacerpolitico.mx\\\/?author=2\"}]}<\/script>\n<!-- \/ Yoast SEO plugin. -->","yoast_head_json":{"title":"L\u00ednea Roja\/\/\/Jacqueline Morgado\/\/\/Gobierno devolver\u00e1 IVA a empresas lo antes posible: AMLO -","robots":{"index":"index","follow":"follow","max-snippet":"max-snippet:-1","max-image-preview":"max-image-preview:large","max-video-preview":"max-video-preview:-1"},"canonical":"https:\/\/quehacerpolitico.mx\/?p=56343","og_locale":"es_MX","og_type":"article","og_title":"L\u00ednea Roja\/\/\/Jacqueline Morgado\/\/\/Gobierno devolver\u00e1 IVA a empresas lo antes posible: AMLO -","og_description":"Gobierno devolver\u00e1 IVA a empresas lo antes posible: AMLO Por Jacqueline Morgado El presidente Andr\u00e9s...","og_url":"https:\/\/quehacerpolitico.mx\/?p=56343","article_published_time":"2020-04-02T17:57:17+00:00","og_image":[{"width":1280,"height":852,"url":"https:\/\/quehacerpolitico.mx\/wp-content\/uploads\/2020\/04\/3C1220DB-4F33-4683-9F8A-E97920ADEE2F.jpeg","type":"image\/jpeg"}],"author":"Redacci\u00f3n QP","twitter_card":"summary_large_image","twitter_misc":{"Escrito por":"Redacci\u00f3n QP","Tiempo de lectura":"2 minutos"},"schema":{"@context":"https:\/\/schema.org","@graph":[{"@type":"Article","@id":"https:\/\/quehacerpolitico.mx\/?p=56343#article","isPartOf":{"@id":"https:\/\/quehacerpolitico.mx\/?p=56343"},"author":{"name":"Redacci\u00f3n QP","@id":"https:\/\/quehacerpolitico.mx\/#\/schema\/person\/496d8ad2d1d3f8036101dca7ee39e585"},"headline":"L\u00ednea Roja\/\/\/Jacqueline Morgado\/\/\/Gobierno devolver\u00e1 IVA a empresas lo antes posible: AMLO","datePublished":"2020-04-02T17:57:17+00:00","mainEntityOfPage":{"@id":"https:\/\/quehacerpolitico.mx\/?p=56343"},"wordCount":360,"commentCount":0,"image":{"@id":"https:\/\/quehacerpolitico.mx\/?p=56343#primaryimage"},"thumbnailUrl":"https:\/\/quehacerpolitico.mx\/wp-content\/uploads\/2020\/04\/3C1220DB-4F33-4683-9F8A-E97920ADEE2F.jpeg","articleSection":["Noticias"],"inLanguage":"es","potentialAction":[{"@type":"CommentAction","name":"Comment","target":["https:\/\/quehacerpolitico.mx\/?p=56343#respond"]}]},{"@type":"WebPage","@id":"https:\/\/quehacerpolitico.mx\/?p=56343","url":"https:\/\/quehacerpolitico.mx\/?p=56343","name":"L\u00ednea Roja\/\/\/Jacqueline Morgado\/\/\/Gobierno devolver\u00e1 IVA a empresas lo antes posible: AMLO -","isPartOf":{"@id":"https:\/\/quehacerpolitico.mx\/#website"},"primaryImageOfPage":{"@id":"https:\/\/quehacerpolitico.mx\/?p=56343#primaryimage"},"image":{"@id":"https:\/\/quehacerpolitico.mx\/?p=56343#primaryimage"},"thumbnailUrl":"https:\/\/quehacerpolitico.mx\/wp-content\/uploads\/2020\/04\/3C1220DB-4F33-4683-9F8A-E97920ADEE2F.jpeg","datePublished":"2020-04-02T17:57:17+00:00","author":{"@id":"https:\/\/quehacerpolitico.mx\/#\/schema\/person\/496d8ad2d1d3f8036101dca7ee39e585"},"breadcrumb":{"@id":"https:\/\/quehacerpolitico.mx\/?p=56343#breadcrumb"},"inLanguage":"es","potentialAction":[{"@type":"ReadAction","target":["https:\/\/quehacerpolitico.mx\/?p=56343"]}]},{"@type":"ImageObject","inLanguage":"es","@id":"https:\/\/quehacerpolitico.mx\/?p=56343#primaryimage","url":"https:\/\/quehacerpolitico.mx\/wp-content\/uploads\/2020\/04\/3C1220DB-4F33-4683-9F8A-E97920ADEE2F.jpeg","contentUrl":"https:\/\/quehacerpolitico.mx\/wp-content\/uploads\/2020\/04\/3C1220DB-4F33-4683-9F8A-E97920ADEE2F.jpeg","width":1280,"height":852},{"@type":"BreadcrumbList","@id":"https:\/\/quehacerpolitico.mx\/?p=56343#breadcrumb","itemListElement":[{"@type":"ListItem","position":1,"name":"Inicio","item":"https:\/\/quehacerpolitico.mx\/"},{"@type":"ListItem","position":2,"name":"L\u00ednea Roja\/\/\/Jacqueline Morgado\/\/\/Gobierno devolver\u00e1 IVA a empresas lo antes posible: AMLO"}]},{"@type":"WebSite","@id":"https:\/\/quehacerpolitico.mx\/#website","url":"https:\/\/quehacerpolitico.mx\/","name":"","description":"","potentialAction":[{"@type":"SearchAction","target":{"@type":"EntryPoint","urlTemplate":"https:\/\/quehacerpolitico.mx\/?s={search_term_string}"},"query-input":{"@type":"PropertyValueSpecification","valueRequired":true,"valueName":"search_term_string"}}],"inLanguage":"es"},{"@type":"Person","@id":"https:\/\/quehacerpolitico.mx\/#\/schema\/person\/496d8ad2d1d3f8036101dca7ee39e585","name":"Redacci\u00f3n QP","image":{"@type":"ImageObject","inLanguage":"es","@id":"https:\/\/secure.gravatar.com\/avatar\/c7164ed6fdec453195284ad24a5ae5b6e1eed2b848477fa2a4787ba9adf39a41?s=96&d=mm&r=g","url":"https:\/\/secure.gravatar.com\/avatar\/c7164ed6fdec453195284ad24a5ae5b6e1eed2b848477fa2a4787ba9adf39a41?s=96&d=mm&r=g","contentUrl":"https:\/\/secure.gravatar.com\/avatar\/c7164ed6fdec453195284ad24a5ae5b6e1eed2b848477fa2a4787ba9adf39a41?s=96&d=mm&r=g","caption":"Redacci\u00f3n QP"},"url":"https:\/\/quehacerpolitico.mx\/?author=2"}]}},"featured_image_urls":{"full":["https:\/\/quehacerpolitico.mx\/wp-content\/uploads\/2020\/04\/3C1220DB-4F33-4683-9F8A-E97920ADEE2F.jpeg",1280,852,false],"thumbnail":["https:\/\/quehacerpolitico.mx\/wp-content\/uploads\/2020\/04\/3C1220DB-4F33-4683-9F8A-E97920ADEE2F-150x150.jpeg",150,150,true],"medium":["https:\/\/quehacerpolitico.mx\/wp-content\/uploads\/2020\/04\/3C1220DB-4F33-4683-9F8A-E97920ADEE2F-300x200.jpeg",300,200,true],"medium_large":["https:\/\/quehacerpolitico.mx\/wp-content\/uploads\/2020\/04\/3C1220DB-4F33-4683-9F8A-E97920ADEE2F-768x511.jpeg",640,426,true],"large":["https:\/\/quehacerpolitico.mx\/wp-content\/uploads\/2020\/04\/3C1220DB-4F33-4683-9F8A-E97920ADEE2F-1024x682.jpeg",640,426,true],"1536x1536":["https:\/\/quehacerpolitico.mx\/wp-content\/uploads\/2020\/04\/3C1220DB-4F33-4683-9F8A-E97920ADEE2F.jpeg",1280,852,false],"2048x2048":["https:\/\/quehacerpolitico.mx\/wp-content\/uploads\/2020\/04\/3C1220DB-4F33-4683-9F8A-E97920ADEE2F.jpeg",1280,852,false],"covernews-featured":["https:\/\/quehacerpolitico.mx\/wp-content\/uploads\/2020\/04\/3C1220DB-4F33-4683-9F8A-E97920ADEE2F.jpeg",1024,682,false],"covernews-medium":["https:\/\/quehacerpolitico.mx\/wp-content\/uploads\/2020\/04\/3C1220DB-4F33-4683-9F8A-E97920ADEE2F.jpeg",511,340,false]},"author_info":{"display_name":"Redacci\u00f3n QP","author_link":"https:\/\/quehacerpolitico.mx\/?author=2"},"category_info":"<a href=\"https:\/\/quehacerpolitico.mx\/?cat=2\" rel=\"category\">Noticias<\/a>","tag_info":"Noticias","comment_count":"0","_links":{"self":[{"href":"https:\/\/quehacerpolitico.mx\/index.php?rest_route=\/wp\/v2\/posts\/56343","targetHints":{"allow":["GET"]}}],"collection":[{"href":"https:\/\/quehacerpolitico.mx\/index.php?rest_route=\/wp\/v2\/posts"}],"about":[{"href":"https:\/\/quehacerpolitico.mx\/index.php?rest_route=\/wp\/v2\/types\/post"}],"author":[{"embeddable":true,"href":"https:\/\/quehacerpolitico.mx\/index.php?rest_route=\/wp\/v2\/users\/2"}],"replies":[{"embeddable":true,"href":"https:\/\/quehacerpolitico.mx\/index.php?rest_route=%2Fwp%2Fv2%2Fcomments&post=56343"}],"version-history":[{"count":0,"href":"https:\/\/quehacerpolitico.mx\/index.php?rest_route=\/wp\/v2\/posts\/56343\/revisions"}],"wp:featuredmedia":[{"embeddable":true,"href":"https:\/\/quehacerpolitico.mx\/index.php?rest_route=\/wp\/v2\/media\/56344"}],"wp:attachment":[{"href":"https:\/\/quehacerpolitico.mx\/index.php?rest_route=%2Fwp%2Fv2%2Fmedia&parent=56343"}],"wp:term":[{"taxonomy":"category","embeddable":true,"href":"https:\/\/quehacerpolitico.mx\/index.php?rest_route=%2Fwp%2Fv2%2Fcategories&post=56343"},{"taxonomy":"post_tag","embeddable":true,"href":"https:\/\/quehacerpolitico.mx\/index.php?rest_route=%2Fwp%2Fv2%2Ftags&post=56343"}],"curies":[{"name":"wp","href":"https:\/\/api.w.org\/{rel}","templated":true}]}}