{"id":56281,"date":"2020-04-01T13:15:03","date_gmt":"2020-04-01T19:15:03","guid":{"rendered":"http:\/\/quehacerpolitico.mx\/?p=56281"},"modified":"2020-04-01T13:15:03","modified_gmt":"2020-04-01T19:15:03","slug":"linea-roja-jacqueline-morgado-destaca-amlo-equipo-de-especialistas-que-enfrenta-covid-19-en-mexico","status":"publish","type":"post","link":"https:\/\/quehacerpolitico.mx\/?p=56281","title":{"rendered":"L\u00ednea Roja\/\/\/Jacqueline Morgado\/\/\/Destaca AMLO equipo de especialistas que enfrenta COVID-19 en M\u00e9xico"},"content":{"rendered":"<div class=\"titulo\">Destaca AMLO equipo de especialistas que enfrenta COVID-19 en M\u00e9xico<\/div>\n<div class=\"desarrollo\">Por Jacqueline Morgado<\/div>\n<div>\n<p>M\u00e9xico tiene un equipo de expertos de primer nivel para enfrentar la crisis sanitaria desencadena por la epidemia del coronavirus, asever\u00f3 el presidente Andr\u00e9s Manuel L\u00f3pez durante su conferencia matutina de este mi\u00e9rcoles en Palacio Nacional.<\/p>\n<p>El mandatario federal pidi\u00f3 a los mexicanos conocer los perfiles de cada uno de los expertos que est\u00e1n al mando y que conducen la estrategia para frenar el contagio. \u201cEn ning\u00fan pa\u00eds del mundo hay un equipo m\u00e9dico y cient\u00edfico que respalde a un presidente en la lucha contra el coronavirus como el que tiene M\u00e9xico\u201d, resalt\u00f3.<\/p>\n<p>En este marco reconoci\u00f3 al epidemi\u00f3logo Hugo L\u00f3pez-Gatell, por su capacidad de comunicar a la poblaci\u00f3n; adem\u00e1s de ser una eminencia en su campo. \u201cSabe comunicar las ideas, es una virtud que posee el subsecretario de Salud, Hugo L\u00f3pez-Gatell pues hay eminencias como Jes\u00fas Reyes Heroles o Samuel del Villar que no pose\u00edan dotes de expositores\u201d, dijo.<\/p>\n<p>Con informaci\u00f3n de NTX<\/p>\n<\/div>\n","protected":false},"excerpt":{"rendered":"<p>Destaca AMLO equipo de especialistas que enfrenta COVID-19 en M\u00e9xico Por Jacqueline Morgado M\u00e9xico tiene&#8230;<\/p>\n","protected":false},"author":2,"featured_media":56282,"comment_status":"open","ping_status":"open","sticky":false,"template":"","format":"standard","meta":{"_monsterinsights_skip_tracking":false,"_monsterinsights_sitenote_active":false,"_monsterinsights_sitenote_note":"","_monsterinsights_sitenote_category":0,"footnotes":""},"categories":[2],"tags":[],"class_list":["post-56281","post","type-post","status-publish","format-standard","has-post-thumbnail","hentry","category-noticias"],"yoast_head":"<!-- This site is optimized with the Yoast SEO plugin v27.3 - https:\/\/yoast.com\/product\/yoast-seo-wordpress\/ -->\n<title>L\u00ednea Roja\/\/\/Jacqueline Morgado\/\/\/Destaca AMLO equipo de especialistas que enfrenta COVID-19 en M\u00e9xico -<\/title>\n<meta name=\"robots\" content=\"index, follow, max-snippet:-1, max-image-preview:large, max-video-preview:-1\" \/>\n<link rel=\"canonical\" href=\"https:\/\/quehacerpolitico.mx\/?p=56281\" \/>\n<meta property=\"og:locale\" content=\"es_MX\" \/>\n<meta property=\"og:type\" content=\"article\" \/>\n<meta property=\"og:title\" content=\"L\u00ednea Roja\/\/\/Jacqueline Morgado\/\/\/Destaca AMLO equipo de especialistas que enfrenta COVID-19 en M\u00e9xico -\" \/>\n<meta property=\"og:description\" content=\"Destaca AMLO equipo de especialistas que enfrenta COVID-19 en M\u00e9xico Por Jacqueline Morgado M\u00e9xico tiene...\" \/>\n<meta property=\"og:url\" content=\"https:\/\/quehacerpolitico.mx\/?p=56281\" \/>\n<meta property=\"article:published_time\" content=\"2020-04-01T19:15:03+00:00\" \/>\n<meta property=\"og:image\" content=\"https:\/\/quehacerpolitico.mx\/wp-content\/uploads\/2020\/04\/3566EFBF-906C-409F-8BCC-D96383C93FC9.jpeg\" \/>\n\t<meta property=\"og:image:width\" content=\"403\" \/>\n\t<meta property=\"og:image:height\" content=\"299\" \/>\n\t<meta property=\"og:image:type\" content=\"image\/jpeg\" \/>\n<meta name=\"author\" content=\"Redacci\u00f3n QP\" \/>\n<meta name=\"twitter:card\" content=\"summary_large_image\" \/>\n<meta name=\"twitter:label1\" content=\"Escrito por\" \/>\n\t<meta name=\"twitter:data1\" content=\"Redacci\u00f3n QP\" \/>\n\t<meta name=\"twitter:label2\" content=\"Tiempo de lectura\" \/>\n\t<meta name=\"twitter:data2\" content=\"1 minuto\" \/>\n<script type=\"application\/ld+json\" class=\"yoast-schema-graph\">{\"@context\":\"https:\\\/\\\/schema.org\",\"@graph\":[{\"@type\":\"Article\",\"@id\":\"https:\\\/\\\/quehacerpolitico.mx\\\/?p=56281#article\",\"isPartOf\":{\"@id\":\"https:\\\/\\\/quehacerpolitico.mx\\\/?p=56281\"},\"author\":{\"name\":\"Redacci\u00f3n QP\",\"@id\":\"https:\\\/\\\/quehacerpolitico.mx\\\/#\\\/schema\\\/person\\\/496d8ad2d1d3f8036101dca7ee39e585\"},\"headline\":\"L\u00ednea Roja\\\/\\\/\\\/Jacqueline Morgado\\\/\\\/\\\/Destaca AMLO equipo de especialistas que enfrenta COVID-19 en M\u00e9xico\",\"datePublished\":\"2020-04-01T19:15:03+00:00\",\"mainEntityOfPage\":{\"@id\":\"https:\\\/\\\/quehacerpolitico.mx\\\/?p=56281\"},\"wordCount\":202,\"commentCount\":0,\"image\":{\"@id\":\"https:\\\/\\\/quehacerpolitico.mx\\\/?p=56281#primaryimage\"},\"thumbnailUrl\":\"https:\\\/\\\/quehacerpolitico.mx\\\/wp-content\\\/uploads\\\/2020\\\/04\\\/3566EFBF-906C-409F-8BCC-D96383C93FC9.jpeg\",\"articleSection\":[\"Noticias\"],\"inLanguage\":\"es\",\"potentialAction\":[{\"@type\":\"CommentAction\",\"name\":\"Comment\",\"target\":[\"https:\\\/\\\/quehacerpolitico.mx\\\/?p=56281#respond\"]}]},{\"@type\":\"WebPage\",\"@id\":\"https:\\\/\\\/quehacerpolitico.mx\\\/?p=56281\",\"url\":\"https:\\\/\\\/quehacerpolitico.mx\\\/?p=56281\",\"name\":\"L\u00ednea Roja\\\/\\\/\\\/Jacqueline Morgado\\\/\\\/\\\/Destaca AMLO equipo de especialistas que enfrenta COVID-19 en M\u00e9xico -\",\"isPartOf\":{\"@id\":\"https:\\\/\\\/quehacerpolitico.mx\\\/#website\"},\"primaryImageOfPage\":{\"@id\":\"https:\\\/\\\/quehacerpolitico.mx\\\/?p=56281#primaryimage\"},\"image\":{\"@id\":\"https:\\\/\\\/quehacerpolitico.mx\\\/?p=56281#primaryimage\"},\"thumbnailUrl\":\"https:\\\/\\\/quehacerpolitico.mx\\\/wp-content\\\/uploads\\\/2020\\\/04\\\/3566EFBF-906C-409F-8BCC-D96383C93FC9.jpeg\",\"datePublished\":\"2020-04-01T19:15:03+00:00\",\"author\":{\"@id\":\"https:\\\/\\\/quehacerpolitico.mx\\\/#\\\/schema\\\/person\\\/496d8ad2d1d3f8036101dca7ee39e585\"},\"breadcrumb\":{\"@id\":\"https:\\\/\\\/quehacerpolitico.mx\\\/?p=56281#breadcrumb\"},\"inLanguage\":\"es\",\"potentialAction\":[{\"@type\":\"ReadAction\",\"target\":[\"https:\\\/\\\/quehacerpolitico.mx\\\/?p=56281\"]}]},{\"@type\":\"ImageObject\",\"inLanguage\":\"es\",\"@id\":\"https:\\\/\\\/quehacerpolitico.mx\\\/?p=56281#primaryimage\",\"url\":\"https:\\\/\\\/quehacerpolitico.mx\\\/wp-content\\\/uploads\\\/2020\\\/04\\\/3566EFBF-906C-409F-8BCC-D96383C93FC9.jpeg\",\"contentUrl\":\"https:\\\/\\\/quehacerpolitico.mx\\\/wp-content\\\/uploads\\\/2020\\\/04\\\/3566EFBF-906C-409F-8BCC-D96383C93FC9.jpeg\",\"width\":403,\"height\":299},{\"@type\":\"BreadcrumbList\",\"@id\":\"https:\\\/\\\/quehacerpolitico.mx\\\/?p=56281#breadcrumb\",\"itemListElement\":[{\"@type\":\"ListItem\",\"position\":1,\"name\":\"Inicio\",\"item\":\"https:\\\/\\\/quehacerpolitico.mx\\\/\"},{\"@type\":\"ListItem\",\"position\":2,\"name\":\"L\u00ednea Roja\\\/\\\/\\\/Jacqueline Morgado\\\/\\\/\\\/Destaca AMLO equipo de especialistas que enfrenta COVID-19 en M\u00e9xico\"}]},{\"@type\":\"WebSite\",\"@id\":\"https:\\\/\\\/quehacerpolitico.mx\\\/#website\",\"url\":\"https:\\\/\\\/quehacerpolitico.mx\\\/\",\"name\":\"\",\"description\":\"\",\"potentialAction\":[{\"@type\":\"SearchAction\",\"target\":{\"@type\":\"EntryPoint\",\"urlTemplate\":\"https:\\\/\\\/quehacerpolitico.mx\\\/?s={search_term_string}\"},\"query-input\":{\"@type\":\"PropertyValueSpecification\",\"valueRequired\":true,\"valueName\":\"search_term_string\"}}],\"inLanguage\":\"es\"},{\"@type\":\"Person\",\"@id\":\"https:\\\/\\\/quehacerpolitico.mx\\\/#\\\/schema\\\/person\\\/496d8ad2d1d3f8036101dca7ee39e585\",\"name\":\"Redacci\u00f3n QP\",\"image\":{\"@type\":\"ImageObject\",\"inLanguage\":\"es\",\"@id\":\"https:\\\/\\\/secure.gravatar.com\\\/avatar\\\/c7164ed6fdec453195284ad24a5ae5b6e1eed2b848477fa2a4787ba9adf39a41?s=96&d=mm&r=g\",\"url\":\"https:\\\/\\\/secure.gravatar.com\\\/avatar\\\/c7164ed6fdec453195284ad24a5ae5b6e1eed2b848477fa2a4787ba9adf39a41?s=96&d=mm&r=g\",\"contentUrl\":\"https:\\\/\\\/secure.gravatar.com\\\/avatar\\\/c7164ed6fdec453195284ad24a5ae5b6e1eed2b848477fa2a4787ba9adf39a41?s=96&d=mm&r=g\",\"caption\":\"Redacci\u00f3n QP\"},\"url\":\"https:\\\/\\\/quehacerpolitico.mx\\\/?author=2\"}]}<\/script>\n<!-- \/ Yoast SEO plugin. -->","yoast_head_json":{"title":"L\u00ednea Roja\/\/\/Jacqueline Morgado\/\/\/Destaca AMLO equipo de especialistas que enfrenta COVID-19 en M\u00e9xico -","robots":{"index":"index","follow":"follow","max-snippet":"max-snippet:-1","max-image-preview":"max-image-preview:large","max-video-preview":"max-video-preview:-1"},"canonical":"https:\/\/quehacerpolitico.mx\/?p=56281","og_locale":"es_MX","og_type":"article","og_title":"L\u00ednea Roja\/\/\/Jacqueline Morgado\/\/\/Destaca AMLO equipo de especialistas que enfrenta COVID-19 en M\u00e9xico -","og_description":"Destaca AMLO equipo de especialistas que enfrenta COVID-19 en M\u00e9xico Por Jacqueline Morgado M\u00e9xico tiene...","og_url":"https:\/\/quehacerpolitico.mx\/?p=56281","article_published_time":"2020-04-01T19:15:03+00:00","og_image":[{"width":403,"height":299,"url":"https:\/\/quehacerpolitico.mx\/wp-content\/uploads\/2020\/04\/3566EFBF-906C-409F-8BCC-D96383C93FC9.jpeg","type":"image\/jpeg"}],"author":"Redacci\u00f3n QP","twitter_card":"summary_large_image","twitter_misc":{"Escrito por":"Redacci\u00f3n QP","Tiempo de lectura":"1 minuto"},"schema":{"@context":"https:\/\/schema.org","@graph":[{"@type":"Article","@id":"https:\/\/quehacerpolitico.mx\/?p=56281#article","isPartOf":{"@id":"https:\/\/quehacerpolitico.mx\/?p=56281"},"author":{"name":"Redacci\u00f3n QP","@id":"https:\/\/quehacerpolitico.mx\/#\/schema\/person\/496d8ad2d1d3f8036101dca7ee39e585"},"headline":"L\u00ednea Roja\/\/\/Jacqueline Morgado\/\/\/Destaca AMLO equipo de especialistas que enfrenta COVID-19 en M\u00e9xico","datePublished":"2020-04-01T19:15:03+00:00","mainEntityOfPage":{"@id":"https:\/\/quehacerpolitico.mx\/?p=56281"},"wordCount":202,"commentCount":0,"image":{"@id":"https:\/\/quehacerpolitico.mx\/?p=56281#primaryimage"},"thumbnailUrl":"https:\/\/quehacerpolitico.mx\/wp-content\/uploads\/2020\/04\/3566EFBF-906C-409F-8BCC-D96383C93FC9.jpeg","articleSection":["Noticias"],"inLanguage":"es","potentialAction":[{"@type":"CommentAction","name":"Comment","target":["https:\/\/quehacerpolitico.mx\/?p=56281#respond"]}]},{"@type":"WebPage","@id":"https:\/\/quehacerpolitico.mx\/?p=56281","url":"https:\/\/quehacerpolitico.mx\/?p=56281","name":"L\u00ednea Roja\/\/\/Jacqueline Morgado\/\/\/Destaca AMLO equipo de especialistas que enfrenta COVID-19 en M\u00e9xico -","isPartOf":{"@id":"https:\/\/quehacerpolitico.mx\/#website"},"primaryImageOfPage":{"@id":"https:\/\/quehacerpolitico.mx\/?p=56281#primaryimage"},"image":{"@id":"https:\/\/quehacerpolitico.mx\/?p=56281#primaryimage"},"thumbnailUrl":"https:\/\/quehacerpolitico.mx\/wp-content\/uploads\/2020\/04\/3566EFBF-906C-409F-8BCC-D96383C93FC9.jpeg","datePublished":"2020-04-01T19:15:03+00:00","author":{"@id":"https:\/\/quehacerpolitico.mx\/#\/schema\/person\/496d8ad2d1d3f8036101dca7ee39e585"},"breadcrumb":{"@id":"https:\/\/quehacerpolitico.mx\/?p=56281#breadcrumb"},"inLanguage":"es","potentialAction":[{"@type":"ReadAction","target":["https:\/\/quehacerpolitico.mx\/?p=56281"]}]},{"@type":"ImageObject","inLanguage":"es","@id":"https:\/\/quehacerpolitico.mx\/?p=56281#primaryimage","url":"https:\/\/quehacerpolitico.mx\/wp-content\/uploads\/2020\/04\/3566EFBF-906C-409F-8BCC-D96383C93FC9.jpeg","contentUrl":"https:\/\/quehacerpolitico.mx\/wp-content\/uploads\/2020\/04\/3566EFBF-906C-409F-8BCC-D96383C93FC9.jpeg","width":403,"height":299},{"@type":"BreadcrumbList","@id":"https:\/\/quehacerpolitico.mx\/?p=56281#breadcrumb","itemListElement":[{"@type":"ListItem","position":1,"name":"Inicio","item":"https:\/\/quehacerpolitico.mx\/"},{"@type":"ListItem","position":2,"name":"L\u00ednea Roja\/\/\/Jacqueline Morgado\/\/\/Destaca AMLO equipo de especialistas que enfrenta COVID-19 en M\u00e9xico"}]},{"@type":"WebSite","@id":"https:\/\/quehacerpolitico.mx\/#website","url":"https:\/\/quehacerpolitico.mx\/","name":"","description":"","potentialAction":[{"@type":"SearchAction","target":{"@type":"EntryPoint","urlTemplate":"https:\/\/quehacerpolitico.mx\/?s={search_term_string}"},"query-input":{"@type":"PropertyValueSpecification","valueRequired":true,"valueName":"search_term_string"}}],"inLanguage":"es"},{"@type":"Person","@id":"https:\/\/quehacerpolitico.mx\/#\/schema\/person\/496d8ad2d1d3f8036101dca7ee39e585","name":"Redacci\u00f3n QP","image":{"@type":"ImageObject","inLanguage":"es","@id":"https:\/\/secure.gravatar.com\/avatar\/c7164ed6fdec453195284ad24a5ae5b6e1eed2b848477fa2a4787ba9adf39a41?s=96&d=mm&r=g","url":"https:\/\/secure.gravatar.com\/avatar\/c7164ed6fdec453195284ad24a5ae5b6e1eed2b848477fa2a4787ba9adf39a41?s=96&d=mm&r=g","contentUrl":"https:\/\/secure.gravatar.com\/avatar\/c7164ed6fdec453195284ad24a5ae5b6e1eed2b848477fa2a4787ba9adf39a41?s=96&d=mm&r=g","caption":"Redacci\u00f3n QP"},"url":"https:\/\/quehacerpolitico.mx\/?author=2"}]}},"featured_image_urls":{"full":["https:\/\/quehacerpolitico.mx\/wp-content\/uploads\/2020\/04\/3566EFBF-906C-409F-8BCC-D96383C93FC9.jpeg",403,299,false],"thumbnail":["https:\/\/quehacerpolitico.mx\/wp-content\/uploads\/2020\/04\/3566EFBF-906C-409F-8BCC-D96383C93FC9-150x150.jpeg",150,150,true],"medium":["https:\/\/quehacerpolitico.mx\/wp-content\/uploads\/2020\/04\/3566EFBF-906C-409F-8BCC-D96383C93FC9-300x223.jpeg",300,223,true],"medium_large":["https:\/\/quehacerpolitico.mx\/wp-content\/uploads\/2020\/04\/3566EFBF-906C-409F-8BCC-D96383C93FC9.jpeg",403,299,false],"large":["https:\/\/quehacerpolitico.mx\/wp-content\/uploads\/2020\/04\/3566EFBF-906C-409F-8BCC-D96383C93FC9.jpeg",403,299,false],"1536x1536":["https:\/\/quehacerpolitico.mx\/wp-content\/uploads\/2020\/04\/3566EFBF-906C-409F-8BCC-D96383C93FC9.jpeg",403,299,false],"2048x2048":["https:\/\/quehacerpolitico.mx\/wp-content\/uploads\/2020\/04\/3566EFBF-906C-409F-8BCC-D96383C93FC9.jpeg",403,299,false],"covernews-featured":["https:\/\/quehacerpolitico.mx\/wp-content\/uploads\/2020\/04\/3566EFBF-906C-409F-8BCC-D96383C93FC9.jpeg",403,299,false],"covernews-medium":["https:\/\/quehacerpolitico.mx\/wp-content\/uploads\/2020\/04\/3566EFBF-906C-409F-8BCC-D96383C93FC9.jpeg",403,299,false]},"author_info":{"display_name":"Redacci\u00f3n QP","author_link":"https:\/\/quehacerpolitico.mx\/?author=2"},"category_info":"<a href=\"https:\/\/quehacerpolitico.mx\/?cat=2\" rel=\"category\">Noticias<\/a>","tag_info":"Noticias","comment_count":"0","_links":{"self":[{"href":"https:\/\/quehacerpolitico.mx\/index.php?rest_route=\/wp\/v2\/posts\/56281","targetHints":{"allow":["GET"]}}],"collection":[{"href":"https:\/\/quehacerpolitico.mx\/index.php?rest_route=\/wp\/v2\/posts"}],"about":[{"href":"https:\/\/quehacerpolitico.mx\/index.php?rest_route=\/wp\/v2\/types\/post"}],"author":[{"embeddable":true,"href":"https:\/\/quehacerpolitico.mx\/index.php?rest_route=\/wp\/v2\/users\/2"}],"replies":[{"embeddable":true,"href":"https:\/\/quehacerpolitico.mx\/index.php?rest_route=%2Fwp%2Fv2%2Fcomments&post=56281"}],"version-history":[{"count":0,"href":"https:\/\/quehacerpolitico.mx\/index.php?rest_route=\/wp\/v2\/posts\/56281\/revisions"}],"wp:featuredmedia":[{"embeddable":true,"href":"https:\/\/quehacerpolitico.mx\/index.php?rest_route=\/wp\/v2\/media\/56282"}],"wp:attachment":[{"href":"https:\/\/quehacerpolitico.mx\/index.php?rest_route=%2Fwp%2Fv2%2Fmedia&parent=56281"}],"wp:term":[{"taxonomy":"category","embeddable":true,"href":"https:\/\/quehacerpolitico.mx\/index.php?rest_route=%2Fwp%2Fv2%2Fcategories&post=56281"},{"taxonomy":"post_tag","embeddable":true,"href":"https:\/\/quehacerpolitico.mx\/index.php?rest_route=%2Fwp%2Fv2%2Ftags&post=56281"}],"curies":[{"name":"wp","href":"https:\/\/api.w.org\/{rel}","templated":true}]}}