{"id":56251,"date":"2020-03-31T09:01:16","date_gmt":"2020-03-31T15:01:16","guid":{"rendered":"http:\/\/quehacerpolitico.mx\/?p=56251"},"modified":"2020-03-31T09:01:16","modified_gmt":"2020-03-31T15:01:16","slug":"voces-del-periodista-desde-filomeno-mata-8-mouris-salloum-george-no-conocen-la-tregua-de-dios","status":"publish","type":"post","link":"https:\/\/quehacerpolitico.mx\/?p=56251","title":{"rendered":"Voces del Periodista Desde Filomeno Mata 8\/\/\/Mouris Salloum George\/\/\/No conocen la Tregua de Dios"},"content":{"rendered":"<h1 class=\"entry-title penci-entry-title penci-title-\">No conocen la Tregua de Dios<br \/>\nPor Mouris Salloum George<\/h1>\n<p>Director General del Club de Periodistas de M\u00e9xico AC<\/p>\n<p>El concepto <strong><em>Tregua de Dios<\/em><\/strong> es, obviamente, de naturaleza religiosa. Alguna literatura informa que, ante una amenaza com\u00fan, <strong>hasta los animales pactan instintivamente la paz<\/strong>, para preservar las especies.<\/p>\n<p>Esa propuesta fue instituida por el Papado en el siglo XI y trasladada al <strong>conflicto social<\/strong>, despu\u00e9s de que los concilios de Cherraux y Toulogues respondieron un siglo antes en Europa a la <strong>pugna por la tierra<\/strong>, que enfrent\u00f3 a la burgues\u00eda contra la nobleza y la Iglesia cat\u00f3lica intercedi\u00f3 por los campesinos. No gratuitamente: Estaban de por medio sus propios feudos.<\/p>\n<p><strong>El papa Francisco oficia en solitario misa urbi et orbi<\/strong><\/p>\n<p>Diez siglos despu\u00e9s, sobrecoge la imagen del papa <strong>Francisco<\/strong>, oficiando en solitario una misa <strong><em>urbi et orbi <\/em><\/strong>en el centro de la angustia provocada por el <strong><em>coronavirus<\/em><\/strong> y llamando al entendimiento y la conciliaci\u00f3n. Francisco es reputado como <strong><em>El papa de la misericordia <\/em><\/strong>en m\u00e9rito de su bula <strong>Misericordia Vultus <\/strong>(abril\/ 2015): <strong><em>El rostro de la misericordia<\/em><\/strong>.<\/p>\n<p>Estamos en esas ocasiones en que la conseja popular equipara las excitativas p\u00fablicas con <strong><em>los llamados a misa<\/em><\/strong>.<\/p>\n<p>Frente a la universal <strong><em>crisis sicol\u00f3gica <\/em><\/strong>que sacude a la humanidad, no todos sus l\u00edderes se atienden de <strong>terceros<\/strong>: <strong><em>Rezan para su propio santo<\/em><\/strong>, cualquiera que \u00e9ste sea.<\/p>\n<p>M\u00e9xico, por supuesto, no escapa de la <strong>histeria colectiva<\/strong>: El Estado asume sus responsabilidades, pero otros componentes del <strong><em>grupo dominante <\/em><\/strong>no responden en el mismo grado y medida a la preocupaci\u00f3n social. Cada cual vela por sus <strong>propios intereses<\/strong>.<\/p>\n<p>No s\u00f3lo: Cuando los medios convencionales no reproducen sus exigencias, los intereses creados echan mano a las socorridas redes sociales <strong>para cuestionar toda acci\u00f3n cautelar asumida por las autoridades de Salud P\u00fablica<\/strong>.<\/p>\n<p><strong>En la crisis, todos quieren acarrear agua a su molino<\/strong><\/p>\n<p>En asuntos que competen a la Administraci\u00f3n P\u00fablica en casos de contingencia, como el actual, la <strong>Pol\u00edtica <\/strong>se ha convertido en teatro de guerra donde todos quieren <strong><em>acarrear agua a su molino<\/em><\/strong>.<\/p>\n<p>En l\u00ednea con la entrada a este tema, subrayamos la actitud del <strong>Partido Acci\u00f3n Nacional <\/strong>(PAN). Lo amerita el hecho de que, desde su fundaci\u00f3n, bajo la cobertura religiosa,\u00a0 se asume como el partido del <strong><em>humanismo pol\u00edtico<\/em><\/strong>.<\/p>\n<p>Con un deleznable <strong><em>esp\u00edritu de cuerpo<\/em><\/strong>, los representantes de esa formaci\u00f3n partidista en las c\u00e1maras del Congreso de la Uni\u00f3n, en las gubernaturas y las legislaturas estatales, y en los gobiernos municipales <strong>se han trepado al carro del oportunismo electorero<\/strong> para impugnar algunas iniciativas legislativas y, en otros casos, tratar de <strong>sacar provechos particulares<\/strong> de las medidas y programas presupuestales de emergencia adoptadas por la Federaci\u00f3n, para enfrentar la crisis.<\/p>\n<p>Si vale la acotaci\u00f3n, a esas fuentes est\u00e1n acudiendo algunos medios extranjeros de marcada filiaci\u00f3n pol\u00edtica e ideol\u00f3gica, contraria a la del gobierno mexicano, para poner entredicho los planes de emergencia.<\/p>\n<p><strong>El Sindicato de Gobernadores panista, vuelve al ataque<\/strong><\/p>\n<p>En esa direcci\u00f3n se mueven el <strong>sindicato de gobernadores panistas <\/strong>(nueve), desprendimiento de la Conferencia Nacional de Gobernadores (Conago), y algunos poderosos alcaldes del mismo establo,\u00a0 para tratar <em>por la libre <\/em>sus demandas al gobierno de la Rep\u00fablica.<\/p>\n<p>No es extra\u00f1o que el PAN coincida puntualmente con facciones del <strong>poder econ\u00f3mico <\/strong>privado que, por encima del <strong><em>inter\u00e9s superior<\/em><\/strong> de la Naci\u00f3n, est\u00e1n reclamando sus propias prebendas. Ha sido su tendencia hist\u00f3rica, fuera y dentro del poder.<\/p>\n<p>Es cierto que esa conducta no es privativa de la formaci\u00f3n azul, pero es \u00e9sta la que con mayor beligerancia marca la pugna pol\u00edtica.<\/p>\n<p>Como que, en momentos de tragedia, son pocos los que ven <strong><em>el rostro de la misericordia<\/em><\/strong>. Penosa actitud moral.<\/p>\n","protected":false},"excerpt":{"rendered":"<p>No conocen la Tregua de Dios Por Mouris Salloum George Director General del Club de&#8230;<\/p>\n","protected":false},"author":2,"featured_media":56252,"comment_status":"open","ping_status":"open","sticky":false,"template":"","format":"standard","meta":{"_monsterinsights_skip_tracking":false,"_monsterinsights_sitenote_active":false,"_monsterinsights_sitenote_note":"","_monsterinsights_sitenote_category":0,"footnotes":""},"categories":[2],"tags":[],"class_list":["post-56251","post","type-post","status-publish","format-standard","has-post-thumbnail","hentry","category-noticias"],"yoast_head":"<!-- This site is optimized with the Yoast SEO plugin v27.3 - https:\/\/yoast.com\/product\/yoast-seo-wordpress\/ -->\n<title>Voces del Periodista Desde Filomeno Mata 8\/\/\/Mouris Salloum George\/\/\/No conocen la Tregua de Dios -<\/title>\n<meta name=\"robots\" content=\"index, follow, max-snippet:-1, max-image-preview:large, max-video-preview:-1\" \/>\n<link rel=\"canonical\" href=\"https:\/\/quehacerpolitico.mx\/?p=56251\" \/>\n<meta property=\"og:locale\" content=\"es_MX\" \/>\n<meta property=\"og:type\" content=\"article\" \/>\n<meta property=\"og:title\" content=\"Voces del Periodista Desde Filomeno Mata 8\/\/\/Mouris Salloum George\/\/\/No conocen la Tregua de Dios -\" \/>\n<meta property=\"og:description\" content=\"No conocen la Tregua de Dios Por Mouris Salloum George Director General del Club de...\" \/>\n<meta property=\"og:url\" content=\"https:\/\/quehacerpolitico.mx\/?p=56251\" \/>\n<meta property=\"article:published_time\" content=\"2020-03-31T15:01:16+00:00\" \/>\n<meta name=\"author\" content=\"Redacci\u00f3n QP\" \/>\n<meta name=\"twitter:card\" content=\"summary_large_image\" \/>\n<meta name=\"twitter:label1\" content=\"Escrito por\" \/>\n\t<meta name=\"twitter:data1\" content=\"Redacci\u00f3n QP\" \/>\n\t<meta name=\"twitter:label2\" content=\"Tiempo de lectura\" \/>\n\t<meta name=\"twitter:data2\" content=\"3 minutos\" \/>\n<script type=\"application\/ld+json\" class=\"yoast-schema-graph\">{\"@context\":\"https:\\\/\\\/schema.org\",\"@graph\":[{\"@type\":\"Article\",\"@id\":\"https:\\\/\\\/quehacerpolitico.mx\\\/?p=56251#article\",\"isPartOf\":{\"@id\":\"https:\\\/\\\/quehacerpolitico.mx\\\/?p=56251\"},\"author\":{\"name\":\"Redacci\u00f3n QP\",\"@id\":\"https:\\\/\\\/quehacerpolitico.mx\\\/#\\\/schema\\\/person\\\/496d8ad2d1d3f8036101dca7ee39e585\"},\"headline\":\"Voces del Periodista Desde Filomeno Mata 8\\\/\\\/\\\/Mouris Salloum George\\\/\\\/\\\/No conocen la Tregua de Dios\",\"datePublished\":\"2020-03-31T15:01:16+00:00\",\"mainEntityOfPage\":{\"@id\":\"https:\\\/\\\/quehacerpolitico.mx\\\/?p=56251\"},\"wordCount\":658,\"commentCount\":0,\"image\":{\"@id\":\"https:\\\/\\\/quehacerpolitico.mx\\\/?p=56251#primaryimage\"},\"thumbnailUrl\":\"\",\"articleSection\":[\"Noticias\"],\"inLanguage\":\"es\",\"potentialAction\":[{\"@type\":\"CommentAction\",\"name\":\"Comment\",\"target\":[\"https:\\\/\\\/quehacerpolitico.mx\\\/?p=56251#respond\"]}]},{\"@type\":\"WebPage\",\"@id\":\"https:\\\/\\\/quehacerpolitico.mx\\\/?p=56251\",\"url\":\"https:\\\/\\\/quehacerpolitico.mx\\\/?p=56251\",\"name\":\"Voces del Periodista Desde Filomeno Mata 8\\\/\\\/\\\/Mouris Salloum George\\\/\\\/\\\/No conocen la Tregua de Dios -\",\"isPartOf\":{\"@id\":\"https:\\\/\\\/quehacerpolitico.mx\\\/#website\"},\"primaryImageOfPage\":{\"@id\":\"https:\\\/\\\/quehacerpolitico.mx\\\/?p=56251#primaryimage\"},\"image\":{\"@id\":\"https:\\\/\\\/quehacerpolitico.mx\\\/?p=56251#primaryimage\"},\"thumbnailUrl\":\"\",\"datePublished\":\"2020-03-31T15:01:16+00:00\",\"author\":{\"@id\":\"https:\\\/\\\/quehacerpolitico.mx\\\/#\\\/schema\\\/person\\\/496d8ad2d1d3f8036101dca7ee39e585\"},\"breadcrumb\":{\"@id\":\"https:\\\/\\\/quehacerpolitico.mx\\\/?p=56251#breadcrumb\"},\"inLanguage\":\"es\",\"potentialAction\":[{\"@type\":\"ReadAction\",\"target\":[\"https:\\\/\\\/quehacerpolitico.mx\\\/?p=56251\"]}]},{\"@type\":\"ImageObject\",\"inLanguage\":\"es\",\"@id\":\"https:\\\/\\\/quehacerpolitico.mx\\\/?p=56251#primaryimage\",\"url\":\"\",\"contentUrl\":\"\"},{\"@type\":\"BreadcrumbList\",\"@id\":\"https:\\\/\\\/quehacerpolitico.mx\\\/?p=56251#breadcrumb\",\"itemListElement\":[{\"@type\":\"ListItem\",\"position\":1,\"name\":\"Inicio\",\"item\":\"https:\\\/\\\/quehacerpolitico.mx\\\/\"},{\"@type\":\"ListItem\",\"position\":2,\"name\":\"Voces del Periodista Desde Filomeno Mata 8\\\/\\\/\\\/Mouris Salloum George\\\/\\\/\\\/No conocen la Tregua de Dios\"}]},{\"@type\":\"WebSite\",\"@id\":\"https:\\\/\\\/quehacerpolitico.mx\\\/#website\",\"url\":\"https:\\\/\\\/quehacerpolitico.mx\\\/\",\"name\":\"\",\"description\":\"\",\"potentialAction\":[{\"@type\":\"SearchAction\",\"target\":{\"@type\":\"EntryPoint\",\"urlTemplate\":\"https:\\\/\\\/quehacerpolitico.mx\\\/?s={search_term_string}\"},\"query-input\":{\"@type\":\"PropertyValueSpecification\",\"valueRequired\":true,\"valueName\":\"search_term_string\"}}],\"inLanguage\":\"es\"},{\"@type\":\"Person\",\"@id\":\"https:\\\/\\\/quehacerpolitico.mx\\\/#\\\/schema\\\/person\\\/496d8ad2d1d3f8036101dca7ee39e585\",\"name\":\"Redacci\u00f3n QP\",\"image\":{\"@type\":\"ImageObject\",\"inLanguage\":\"es\",\"@id\":\"https:\\\/\\\/secure.gravatar.com\\\/avatar\\\/c7164ed6fdec453195284ad24a5ae5b6e1eed2b848477fa2a4787ba9adf39a41?s=96&d=mm&r=g\",\"url\":\"https:\\\/\\\/secure.gravatar.com\\\/avatar\\\/c7164ed6fdec453195284ad24a5ae5b6e1eed2b848477fa2a4787ba9adf39a41?s=96&d=mm&r=g\",\"contentUrl\":\"https:\\\/\\\/secure.gravatar.com\\\/avatar\\\/c7164ed6fdec453195284ad24a5ae5b6e1eed2b848477fa2a4787ba9adf39a41?s=96&d=mm&r=g\",\"caption\":\"Redacci\u00f3n QP\"},\"url\":\"https:\\\/\\\/quehacerpolitico.mx\\\/?author=2\"}]}<\/script>\n<!-- \/ Yoast SEO plugin. -->","yoast_head_json":{"title":"Voces del Periodista Desde Filomeno Mata 8\/\/\/Mouris Salloum George\/\/\/No conocen la Tregua de Dios -","robots":{"index":"index","follow":"follow","max-snippet":"max-snippet:-1","max-image-preview":"max-image-preview:large","max-video-preview":"max-video-preview:-1"},"canonical":"https:\/\/quehacerpolitico.mx\/?p=56251","og_locale":"es_MX","og_type":"article","og_title":"Voces del Periodista Desde Filomeno Mata 8\/\/\/Mouris Salloum George\/\/\/No conocen la Tregua de Dios -","og_description":"No conocen la Tregua de Dios Por Mouris Salloum George Director General del Club de...","og_url":"https:\/\/quehacerpolitico.mx\/?p=56251","article_published_time":"2020-03-31T15:01:16+00:00","author":"Redacci\u00f3n QP","twitter_card":"summary_large_image","twitter_misc":{"Escrito por":"Redacci\u00f3n QP","Tiempo de lectura":"3 minutos"},"schema":{"@context":"https:\/\/schema.org","@graph":[{"@type":"Article","@id":"https:\/\/quehacerpolitico.mx\/?p=56251#article","isPartOf":{"@id":"https:\/\/quehacerpolitico.mx\/?p=56251"},"author":{"name":"Redacci\u00f3n QP","@id":"https:\/\/quehacerpolitico.mx\/#\/schema\/person\/496d8ad2d1d3f8036101dca7ee39e585"},"headline":"Voces del Periodista Desde Filomeno Mata 8\/\/\/Mouris Salloum George\/\/\/No conocen la Tregua de Dios","datePublished":"2020-03-31T15:01:16+00:00","mainEntityOfPage":{"@id":"https:\/\/quehacerpolitico.mx\/?p=56251"},"wordCount":658,"commentCount":0,"image":{"@id":"https:\/\/quehacerpolitico.mx\/?p=56251#primaryimage"},"thumbnailUrl":"","articleSection":["Noticias"],"inLanguage":"es","potentialAction":[{"@type":"CommentAction","name":"Comment","target":["https:\/\/quehacerpolitico.mx\/?p=56251#respond"]}]},{"@type":"WebPage","@id":"https:\/\/quehacerpolitico.mx\/?p=56251","url":"https:\/\/quehacerpolitico.mx\/?p=56251","name":"Voces del Periodista Desde Filomeno Mata 8\/\/\/Mouris Salloum George\/\/\/No conocen la Tregua de Dios -","isPartOf":{"@id":"https:\/\/quehacerpolitico.mx\/#website"},"primaryImageOfPage":{"@id":"https:\/\/quehacerpolitico.mx\/?p=56251#primaryimage"},"image":{"@id":"https:\/\/quehacerpolitico.mx\/?p=56251#primaryimage"},"thumbnailUrl":"","datePublished":"2020-03-31T15:01:16+00:00","author":{"@id":"https:\/\/quehacerpolitico.mx\/#\/schema\/person\/496d8ad2d1d3f8036101dca7ee39e585"},"breadcrumb":{"@id":"https:\/\/quehacerpolitico.mx\/?p=56251#breadcrumb"},"inLanguage":"es","potentialAction":[{"@type":"ReadAction","target":["https:\/\/quehacerpolitico.mx\/?p=56251"]}]},{"@type":"ImageObject","inLanguage":"es","@id":"https:\/\/quehacerpolitico.mx\/?p=56251#primaryimage","url":"","contentUrl":""},{"@type":"BreadcrumbList","@id":"https:\/\/quehacerpolitico.mx\/?p=56251#breadcrumb","itemListElement":[{"@type":"ListItem","position":1,"name":"Inicio","item":"https:\/\/quehacerpolitico.mx\/"},{"@type":"ListItem","position":2,"name":"Voces del Periodista Desde Filomeno Mata 8\/\/\/Mouris Salloum George\/\/\/No conocen la Tregua de Dios"}]},{"@type":"WebSite","@id":"https:\/\/quehacerpolitico.mx\/#website","url":"https:\/\/quehacerpolitico.mx\/","name":"","description":"","potentialAction":[{"@type":"SearchAction","target":{"@type":"EntryPoint","urlTemplate":"https:\/\/quehacerpolitico.mx\/?s={search_term_string}"},"query-input":{"@type":"PropertyValueSpecification","valueRequired":true,"valueName":"search_term_string"}}],"inLanguage":"es"},{"@type":"Person","@id":"https:\/\/quehacerpolitico.mx\/#\/schema\/person\/496d8ad2d1d3f8036101dca7ee39e585","name":"Redacci\u00f3n QP","image":{"@type":"ImageObject","inLanguage":"es","@id":"https:\/\/secure.gravatar.com\/avatar\/c7164ed6fdec453195284ad24a5ae5b6e1eed2b848477fa2a4787ba9adf39a41?s=96&d=mm&r=g","url":"https:\/\/secure.gravatar.com\/avatar\/c7164ed6fdec453195284ad24a5ae5b6e1eed2b848477fa2a4787ba9adf39a41?s=96&d=mm&r=g","contentUrl":"https:\/\/secure.gravatar.com\/avatar\/c7164ed6fdec453195284ad24a5ae5b6e1eed2b848477fa2a4787ba9adf39a41?s=96&d=mm&r=g","caption":"Redacci\u00f3n QP"},"url":"https:\/\/quehacerpolitico.mx\/?author=2"}]}},"featured_image_urls":{"full":"","thumbnail":"","medium":"","medium_large":"","large":"","1536x1536":"","2048x2048":"","covernews-featured":"","covernews-medium":""},"author_info":{"display_name":"Redacci\u00f3n QP","author_link":"https:\/\/quehacerpolitico.mx\/?author=2"},"category_info":"<a href=\"https:\/\/quehacerpolitico.mx\/?cat=2\" rel=\"category\">Noticias<\/a>","tag_info":"Noticias","comment_count":"0","_links":{"self":[{"href":"https:\/\/quehacerpolitico.mx\/index.php?rest_route=\/wp\/v2\/posts\/56251","targetHints":{"allow":["GET"]}}],"collection":[{"href":"https:\/\/quehacerpolitico.mx\/index.php?rest_route=\/wp\/v2\/posts"}],"about":[{"href":"https:\/\/quehacerpolitico.mx\/index.php?rest_route=\/wp\/v2\/types\/post"}],"author":[{"embeddable":true,"href":"https:\/\/quehacerpolitico.mx\/index.php?rest_route=\/wp\/v2\/users\/2"}],"replies":[{"embeddable":true,"href":"https:\/\/quehacerpolitico.mx\/index.php?rest_route=%2Fwp%2Fv2%2Fcomments&post=56251"}],"version-history":[{"count":0,"href":"https:\/\/quehacerpolitico.mx\/index.php?rest_route=\/wp\/v2\/posts\/56251\/revisions"}],"wp:featuredmedia":[{"embeddable":true,"href":"https:\/\/quehacerpolitico.mx\/index.php?rest_route=\/"}],"wp:attachment":[{"href":"https:\/\/quehacerpolitico.mx\/index.php?rest_route=%2Fwp%2Fv2%2Fmedia&parent=56251"}],"wp:term":[{"taxonomy":"category","embeddable":true,"href":"https:\/\/quehacerpolitico.mx\/index.php?rest_route=%2Fwp%2Fv2%2Fcategories&post=56251"},{"taxonomy":"post_tag","embeddable":true,"href":"https:\/\/quehacerpolitico.mx\/index.php?rest_route=%2Fwp%2Fv2%2Ftags&post=56251"}],"curies":[{"name":"wp","href":"https:\/\/api.w.org\/{rel}","templated":true}]}}