{"id":5622,"date":"2018-09-27T14:41:07","date_gmt":"2018-09-27T14:41:07","guid":{"rendered":"http:\/\/quehacerpolitico.mx\/mexico-participa-plenamente-en-actividad-de-familia-mundial-guterres\/"},"modified":"2018-09-27T14:41:07","modified_gmt":"2018-09-27T14:41:07","slug":"mexico-participa-plenamente-en-actividad-de-familia-mundial-guterres","status":"publish","type":"post","link":"https:\/\/quehacerpolitico.mx\/?p=5622","title":{"rendered":"M\u00e9xico participa plenamente en actividad de &#8220;familia mundial&#8221; Guterres"},"content":{"rendered":"<p><strong>M\u00e9xico &#8220;est\u00e1 participando plenamente en las actividades de nuestra familia mundial&#8221;, declar\u00f3 el secretario general de la Organizaci\u00f3n de Naciones Unidas (ONU), Antonio Guterres<\/strong>, durante la develaci\u00f3n de un cuadro que don\u00f3 ese pa\u00eds a la sede del organismo en Nueva York.<\/p>\n<p>En una ceremonia conducida la noche del mi\u00e9rcoles para develar el cuadro del artista mexicano Manuel Felgu\u00e9rez a la sede de la ONU, Guterres <strong>destac\u00f3 que M\u00e9xico juega un papel destacado en el dise\u00f1o de acuerdos sobre algunos de los temas m\u00e1s relevantes para la cooperaci\u00f3n multilateral.<\/strong><\/p>\n<p>El cuadro mural, titulado &#8220;Agenda 2030&#8221;, est\u00e1 colocado en el pasillo de las banderas hacia la Asamblea General de la ONU. La ceremonia fue presidida adem\u00e1s por el Presidente de Mexico, Enrique Pe\u00f1a Nieto, al margen de su participaci\u00f3n en el plenario de la Asamblea General.<\/p>\n<p>&#8220;Doy las gracias al Presidente Pe\u00f1a Nieto, as\u00ed como al gobierno y al pueblo de M\u00e9xico, por esta maravillosa obra de arte que se suma a la colecci\u00f3n de la sede de la ONU&#8221;, asegur\u00f3 Guterres.<\/p>\n<p>Respecto a la participaci\u00f3n de M\u00e9xico en el sistema internacional,<strong> el titular de la ONU subray\u00f3 que este pa\u00eds &#8220;ha desempe\u00f1ado un papel fundamental en la lucha contra el cambio clim\u00e1tico<\/strong> y fue uno de los primeros pa\u00edses en aprobar una ley sobre el cambio clim\u00e1tico en el 2012&#8243;.<\/p>\n<p>M\u00e9xico adem\u00e1s firm\u00f3 en marzo pasado el Acuerdo de Escaz\u00fa, el primer acuerdo ambiental de Am\u00e9rica Latina y el Caribe.<\/p>\n<p>El titular de la ONU resalt\u00f3 que M\u00e9xico cofacilit\u00f3 los debates de los Estados miembros que condujeron a la firma, a principios de este a\u00f1o, del primer Pacto Mundial para la Migraci\u00f3n Segura, Ordenada y Regular.<\/p>\n<p>M\u00e9xico preside asimismo el Grupo de Amigos del Sostenimiento de la Paz y apoya nuestros esfuerzos para hacer frente a las causas subyacentes de los conflictos.<\/p>\n<p>El pa\u00eds es tambi\u00e9n un l\u00edder en t\u00e9rminos de sostenibilidad, pues ha incorporado los Objetivos de Desarrollo Sostenible a su estrategia nacional de desarrollo.<\/p>\n<p><strong>De manera m\u00e1s informal, Guterres se\u00f1al\u00f3 que \u00e9l es un &#8220;admirador total&#8221; de la cultura y del arte de M\u00e9xico<\/strong>, en especial del arte prehisp\u00e1nico, del barroco y de la tradici\u00f3n de pintura mural del siglo XX, que consider\u00f3 &#8220;una de las m\u00e1s importantes del mundo&#8221;.<\/p>\n<p>&#8220;Creo que nada podr\u00eda estar aqu\u00ed mejor que esta magn\u00edfica obra que nos va a unir a todos en el objetivo de hacer una globalizaci\u00f3n m\u00e1s justa y un mundo mejor para todos y un planeta seguro. Y por eso \u00a1Que viva M\u00e9xico y que vivan las Naciones Unidas!&#8221;, clam\u00f3 Guterres.<\/p>\n<p>El cuadro es el segundo obsequio de M\u00e9xico a la sede de la ONU, luego del mural &#8220;Fraternidad&#8221; de Rufino Tamayo, entregado en 1968.\u00a0<\/p>\n","protected":false},"excerpt":{"rendered":"<p>Destaca que M\u00e9xico juega un papel destacado en el dise\u00f1o de acuerdos sobre algunos de los temas m\u00e1s relevantes para la cooperaci\u00f3n multilateral<br \/>\nPor Redacci\u00f3n QP<\/p>\n","protected":false},"author":2,"featured_media":5621,"comment_status":"open","ping_status":"open","sticky":false,"template":"","format":"standard","meta":{"_monsterinsights_skip_tracking":false,"_monsterinsights_sitenote_active":false,"_monsterinsights_sitenote_note":"","_monsterinsights_sitenote_category":0,"footnotes":""},"categories":[2],"tags":[],"class_list":["post-5622","post","type-post","status-publish","format-standard","has-post-thumbnail","hentry","category-noticias"],"yoast_head":"<!-- This site is optimized with the Yoast SEO plugin v27.3 - https:\/\/yoast.com\/product\/yoast-seo-wordpress\/ -->\n<title>M\u00e9xico participa plenamente en actividad de &quot;familia mundial&quot; Guterres -<\/title>\n<meta name=\"robots\" content=\"index, follow, max-snippet:-1, max-image-preview:large, max-video-preview:-1\" \/>\n<link rel=\"canonical\" href=\"https:\/\/quehacerpolitico.mx\/?p=5622\" \/>\n<meta property=\"og:locale\" content=\"es_MX\" \/>\n<meta property=\"og:type\" content=\"article\" \/>\n<meta property=\"og:title\" content=\"M\u00e9xico participa plenamente en actividad de &quot;familia mundial&quot; Guterres -\" \/>\n<meta property=\"og:description\" content=\"Destaca que M\u00e9xico juega un papel destacado en el dise\u00f1o de acuerdos sobre algunos de los temas m\u00e1s relevantes para la cooperaci\u00f3n multilateral Por Redacci\u00f3n QP\" \/>\n<meta property=\"og:url\" content=\"https:\/\/quehacerpolitico.mx\/?p=5622\" \/>\n<meta property=\"article:published_time\" content=\"2018-09-27T14:41:07+00:00\" \/>\n<meta name=\"author\" content=\"Redacci\u00f3n QP\" \/>\n<meta name=\"twitter:card\" content=\"summary_large_image\" \/>\n<meta name=\"twitter:label1\" content=\"Escrito por\" \/>\n\t<meta name=\"twitter:data1\" content=\"Redacci\u00f3n QP\" \/>\n\t<meta name=\"twitter:label2\" content=\"Tiempo de lectura\" \/>\n\t<meta name=\"twitter:data2\" content=\"2 minutos\" \/>\n<script type=\"application\/ld+json\" class=\"yoast-schema-graph\">{\"@context\":\"https:\\\/\\\/schema.org\",\"@graph\":[{\"@type\":\"Article\",\"@id\":\"https:\\\/\\\/quehacerpolitico.mx\\\/?p=5622#article\",\"isPartOf\":{\"@id\":\"https:\\\/\\\/quehacerpolitico.mx\\\/?p=5622\"},\"author\":{\"name\":\"Redacci\u00f3n QP\",\"@id\":\"https:\\\/\\\/quehacerpolitico.mx\\\/#\\\/schema\\\/person\\\/496d8ad2d1d3f8036101dca7ee39e585\"},\"headline\":\"M\u00e9xico participa plenamente en actividad de &#8220;familia mundial&#8221; Guterres\",\"datePublished\":\"2018-09-27T14:41:07+00:00\",\"mainEntityOfPage\":{\"@id\":\"https:\\\/\\\/quehacerpolitico.mx\\\/?p=5622\"},\"wordCount\":500,\"commentCount\":0,\"image\":{\"@id\":\"https:\\\/\\\/quehacerpolitico.mx\\\/?p=5622#primaryimage\"},\"thumbnailUrl\":\"\",\"articleSection\":[\"Noticias\"],\"inLanguage\":\"es\",\"potentialAction\":[{\"@type\":\"CommentAction\",\"name\":\"Comment\",\"target\":[\"https:\\\/\\\/quehacerpolitico.mx\\\/?p=5622#respond\"]}]},{\"@type\":\"WebPage\",\"@id\":\"https:\\\/\\\/quehacerpolitico.mx\\\/?p=5622\",\"url\":\"https:\\\/\\\/quehacerpolitico.mx\\\/?p=5622\",\"name\":\"M\u00e9xico participa plenamente en actividad de \\\"familia mundial\\\" Guterres -\",\"isPartOf\":{\"@id\":\"https:\\\/\\\/quehacerpolitico.mx\\\/#website\"},\"primaryImageOfPage\":{\"@id\":\"https:\\\/\\\/quehacerpolitico.mx\\\/?p=5622#primaryimage\"},\"image\":{\"@id\":\"https:\\\/\\\/quehacerpolitico.mx\\\/?p=5622#primaryimage\"},\"thumbnailUrl\":\"\",\"datePublished\":\"2018-09-27T14:41:07+00:00\",\"author\":{\"@id\":\"https:\\\/\\\/quehacerpolitico.mx\\\/#\\\/schema\\\/person\\\/496d8ad2d1d3f8036101dca7ee39e585\"},\"breadcrumb\":{\"@id\":\"https:\\\/\\\/quehacerpolitico.mx\\\/?p=5622#breadcrumb\"},\"inLanguage\":\"es\",\"potentialAction\":[{\"@type\":\"ReadAction\",\"target\":[\"https:\\\/\\\/quehacerpolitico.mx\\\/?p=5622\"]}]},{\"@type\":\"ImageObject\",\"inLanguage\":\"es\",\"@id\":\"https:\\\/\\\/quehacerpolitico.mx\\\/?p=5622#primaryimage\",\"url\":\"\",\"contentUrl\":\"\"},{\"@type\":\"BreadcrumbList\",\"@id\":\"https:\\\/\\\/quehacerpolitico.mx\\\/?p=5622#breadcrumb\",\"itemListElement\":[{\"@type\":\"ListItem\",\"position\":1,\"name\":\"Inicio\",\"item\":\"https:\\\/\\\/quehacerpolitico.mx\\\/\"},{\"@type\":\"ListItem\",\"position\":2,\"name\":\"M\u00e9xico participa plenamente en actividad de &#8220;familia mundial&#8221; Guterres\"}]},{\"@type\":\"WebSite\",\"@id\":\"https:\\\/\\\/quehacerpolitico.mx\\\/#website\",\"url\":\"https:\\\/\\\/quehacerpolitico.mx\\\/\",\"name\":\"\",\"description\":\"\",\"potentialAction\":[{\"@type\":\"SearchAction\",\"target\":{\"@type\":\"EntryPoint\",\"urlTemplate\":\"https:\\\/\\\/quehacerpolitico.mx\\\/?s={search_term_string}\"},\"query-input\":{\"@type\":\"PropertyValueSpecification\",\"valueRequired\":true,\"valueName\":\"search_term_string\"}}],\"inLanguage\":\"es\"},{\"@type\":\"Person\",\"@id\":\"https:\\\/\\\/quehacerpolitico.mx\\\/#\\\/schema\\\/person\\\/496d8ad2d1d3f8036101dca7ee39e585\",\"name\":\"Redacci\u00f3n QP\",\"image\":{\"@type\":\"ImageObject\",\"inLanguage\":\"es\",\"@id\":\"https:\\\/\\\/secure.gravatar.com\\\/avatar\\\/c7164ed6fdec453195284ad24a5ae5b6e1eed2b848477fa2a4787ba9adf39a41?s=96&d=mm&r=g\",\"url\":\"https:\\\/\\\/secure.gravatar.com\\\/avatar\\\/c7164ed6fdec453195284ad24a5ae5b6e1eed2b848477fa2a4787ba9adf39a41?s=96&d=mm&r=g\",\"contentUrl\":\"https:\\\/\\\/secure.gravatar.com\\\/avatar\\\/c7164ed6fdec453195284ad24a5ae5b6e1eed2b848477fa2a4787ba9adf39a41?s=96&d=mm&r=g\",\"caption\":\"Redacci\u00f3n QP\"},\"url\":\"https:\\\/\\\/quehacerpolitico.mx\\\/?author=2\"}]}<\/script>\n<!-- \/ Yoast SEO plugin. -->","yoast_head_json":{"title":"M\u00e9xico participa plenamente en actividad de \"familia mundial\" Guterres -","robots":{"index":"index","follow":"follow","max-snippet":"max-snippet:-1","max-image-preview":"max-image-preview:large","max-video-preview":"max-video-preview:-1"},"canonical":"https:\/\/quehacerpolitico.mx\/?p=5622","og_locale":"es_MX","og_type":"article","og_title":"M\u00e9xico participa plenamente en actividad de \"familia mundial\" Guterres -","og_description":"Destaca que M\u00e9xico juega un papel destacado en el dise\u00f1o de acuerdos sobre algunos de los temas m\u00e1s relevantes para la cooperaci\u00f3n multilateral Por Redacci\u00f3n QP","og_url":"https:\/\/quehacerpolitico.mx\/?p=5622","article_published_time":"2018-09-27T14:41:07+00:00","author":"Redacci\u00f3n QP","twitter_card":"summary_large_image","twitter_misc":{"Escrito por":"Redacci\u00f3n QP","Tiempo de lectura":"2 minutos"},"schema":{"@context":"https:\/\/schema.org","@graph":[{"@type":"Article","@id":"https:\/\/quehacerpolitico.mx\/?p=5622#article","isPartOf":{"@id":"https:\/\/quehacerpolitico.mx\/?p=5622"},"author":{"name":"Redacci\u00f3n QP","@id":"https:\/\/quehacerpolitico.mx\/#\/schema\/person\/496d8ad2d1d3f8036101dca7ee39e585"},"headline":"M\u00e9xico participa plenamente en actividad de &#8220;familia mundial&#8221; Guterres","datePublished":"2018-09-27T14:41:07+00:00","mainEntityOfPage":{"@id":"https:\/\/quehacerpolitico.mx\/?p=5622"},"wordCount":500,"commentCount":0,"image":{"@id":"https:\/\/quehacerpolitico.mx\/?p=5622#primaryimage"},"thumbnailUrl":"","articleSection":["Noticias"],"inLanguage":"es","potentialAction":[{"@type":"CommentAction","name":"Comment","target":["https:\/\/quehacerpolitico.mx\/?p=5622#respond"]}]},{"@type":"WebPage","@id":"https:\/\/quehacerpolitico.mx\/?p=5622","url":"https:\/\/quehacerpolitico.mx\/?p=5622","name":"M\u00e9xico participa plenamente en actividad de \"familia mundial\" Guterres -","isPartOf":{"@id":"https:\/\/quehacerpolitico.mx\/#website"},"primaryImageOfPage":{"@id":"https:\/\/quehacerpolitico.mx\/?p=5622#primaryimage"},"image":{"@id":"https:\/\/quehacerpolitico.mx\/?p=5622#primaryimage"},"thumbnailUrl":"","datePublished":"2018-09-27T14:41:07+00:00","author":{"@id":"https:\/\/quehacerpolitico.mx\/#\/schema\/person\/496d8ad2d1d3f8036101dca7ee39e585"},"breadcrumb":{"@id":"https:\/\/quehacerpolitico.mx\/?p=5622#breadcrumb"},"inLanguage":"es","potentialAction":[{"@type":"ReadAction","target":["https:\/\/quehacerpolitico.mx\/?p=5622"]}]},{"@type":"ImageObject","inLanguage":"es","@id":"https:\/\/quehacerpolitico.mx\/?p=5622#primaryimage","url":"","contentUrl":""},{"@type":"BreadcrumbList","@id":"https:\/\/quehacerpolitico.mx\/?p=5622#breadcrumb","itemListElement":[{"@type":"ListItem","position":1,"name":"Inicio","item":"https:\/\/quehacerpolitico.mx\/"},{"@type":"ListItem","position":2,"name":"M\u00e9xico participa plenamente en actividad de &#8220;familia mundial&#8221; Guterres"}]},{"@type":"WebSite","@id":"https:\/\/quehacerpolitico.mx\/#website","url":"https:\/\/quehacerpolitico.mx\/","name":"","description":"","potentialAction":[{"@type":"SearchAction","target":{"@type":"EntryPoint","urlTemplate":"https:\/\/quehacerpolitico.mx\/?s={search_term_string}"},"query-input":{"@type":"PropertyValueSpecification","valueRequired":true,"valueName":"search_term_string"}}],"inLanguage":"es"},{"@type":"Person","@id":"https:\/\/quehacerpolitico.mx\/#\/schema\/person\/496d8ad2d1d3f8036101dca7ee39e585","name":"Redacci\u00f3n QP","image":{"@type":"ImageObject","inLanguage":"es","@id":"https:\/\/secure.gravatar.com\/avatar\/c7164ed6fdec453195284ad24a5ae5b6e1eed2b848477fa2a4787ba9adf39a41?s=96&d=mm&r=g","url":"https:\/\/secure.gravatar.com\/avatar\/c7164ed6fdec453195284ad24a5ae5b6e1eed2b848477fa2a4787ba9adf39a41?s=96&d=mm&r=g","contentUrl":"https:\/\/secure.gravatar.com\/avatar\/c7164ed6fdec453195284ad24a5ae5b6e1eed2b848477fa2a4787ba9adf39a41?s=96&d=mm&r=g","caption":"Redacci\u00f3n QP"},"url":"https:\/\/quehacerpolitico.mx\/?author=2"}]}},"featured_image_urls":{"full":"","thumbnail":"","medium":"","medium_large":"","large":"","1536x1536":"","2048x2048":"","covernews-featured":"","covernews-medium":""},"author_info":{"display_name":"Redacci\u00f3n QP","author_link":"https:\/\/quehacerpolitico.mx\/?author=2"},"category_info":"<a href=\"https:\/\/quehacerpolitico.mx\/?cat=2\" rel=\"category\">Noticias<\/a>","tag_info":"Noticias","comment_count":"0","_links":{"self":[{"href":"https:\/\/quehacerpolitico.mx\/index.php?rest_route=\/wp\/v2\/posts\/5622","targetHints":{"allow":["GET"]}}],"collection":[{"href":"https:\/\/quehacerpolitico.mx\/index.php?rest_route=\/wp\/v2\/posts"}],"about":[{"href":"https:\/\/quehacerpolitico.mx\/index.php?rest_route=\/wp\/v2\/types\/post"}],"author":[{"embeddable":true,"href":"https:\/\/quehacerpolitico.mx\/index.php?rest_route=\/wp\/v2\/users\/2"}],"replies":[{"embeddable":true,"href":"https:\/\/quehacerpolitico.mx\/index.php?rest_route=%2Fwp%2Fv2%2Fcomments&post=5622"}],"version-history":[{"count":0,"href":"https:\/\/quehacerpolitico.mx\/index.php?rest_route=\/wp\/v2\/posts\/5622\/revisions"}],"wp:featuredmedia":[{"embeddable":true,"href":"https:\/\/quehacerpolitico.mx\/index.php?rest_route=\/"}],"wp:attachment":[{"href":"https:\/\/quehacerpolitico.mx\/index.php?rest_route=%2Fwp%2Fv2%2Fmedia&parent=5622"}],"wp:term":[{"taxonomy":"category","embeddable":true,"href":"https:\/\/quehacerpolitico.mx\/index.php?rest_route=%2Fwp%2Fv2%2Fcategories&post=5622"},{"taxonomy":"post_tag","embeddable":true,"href":"https:\/\/quehacerpolitico.mx\/index.php?rest_route=%2Fwp%2Fv2%2Ftags&post=5622"}],"curies":[{"name":"wp","href":"https:\/\/api.w.org\/{rel}","templated":true}]}}