{"id":55978,"date":"2020-03-26T23:41:29","date_gmt":"2020-03-27T05:41:29","guid":{"rendered":"http:\/\/quehacerpolitico.mx\/?p=55978"},"modified":"2020-03-26T23:41:29","modified_gmt":"2020-03-27T05:41:29","slug":"guardia-nacional-de-mexico-llega-a-primer-aniversario-sin-frenar-violencia","status":"publish","type":"post","link":"https:\/\/quehacerpolitico.mx\/?p=55978","title":{"rendered":"Guardia Nacional de M\u00e9xico llega a primer aniversario sin frenar violencia"},"content":{"rendered":"<h1 class=\"news-title\">Guardia Nacional de M\u00e9xico llega a primer aniversario sin frenar violencia<br \/>\nPor Redacci\u00f3n QP<\/h1>\n<div class=\"news-subtitle\">\n<p>El cuerpo de seguridad no pudo evitar que 2019 se convirtiera en el m\u00e1s violento desde que hay registros en M\u00e9xico<\/p>\n<\/div>\n<div class=\"social-share-box normal\">\n<p>La Guardia Nacional\u00a0la gran apuesta de Andr\u00e9s Manuel L\u00f3pez Obrador para detener la violencia en M\u00e9xico, cumpli\u00f3 este jueves su primer aniversario \u00a0<strong>sin ofrecer todav\u00eda resultados contundentes<\/strong> en el combate a la desatada criminalidad que sufren los mexicanos.<\/p>\n<p>Compuesto por polic\u00edas y militares, este cuerpo de seguridad p\u00fablica nacido legalmente el 26 de Marzo del a\u00f1o pasado nacido legalmente el 26 de Marzo del a\u00f1o pasado o\u00a0tras una pol\u00e9mica reforma constitucional, no pudo evitar que 2019 se convirtiera en el m\u00e1s violento desde que hay registros en M\u00e9xico, con la <strong>cifra r\u00e9cord de 34 mil 608 homicidios dolosos, un aumento del 3.6%<\/strong>respecto al a\u00f1o anterior.<\/p>\n<p>Pero las autoridades sostienen que se ha conseguido ralentizar la tendencia al alza mes contra mes. De hecho, en febrero de este a\u00f1o hubo dos mil 766 asesinatos, una cifra algo menor a los dos mil 819 de enero y a los 2 mil 817 de febrero del a\u00f1o anterior.<\/p>\n<p>&#8220;Se estabiliz\u00f3 el n\u00famero de delitos en el pa\u00eds pero siguen siendo altos. Lo que se tendr\u00eda que conseguir es comenzar a bajar la curva estad\u00edstica de cr\u00edmenes&#8221;, dijo este jueves el experto en seguridad p\u00fablica Javier Oliva, quien considera que es pronto para hacer balance de la Guardia Nacional, dado que no comenz\u00f3 a desplegarse por el territorio hasta finales de junio de 2019.<\/p>\n<h4>RESULTADOS PREVISTOS PARA FINALES DE 2020<\/h4>\n<p>L\u00f3pez Obrador ha puesto la nueva Guardia Nacional en el centro de su pol\u00edtica de seguridad, aunque poco a poco ha ido aplazando la fecha prevista para que el nuevo cuerpo consiga resultados claros.<\/p>\n<p>En abril del pasado a\u00f1o, tras la <strong>masacre de 14 personas en un municipio de Veracruz<\/strong>, el Presidente prometi\u00f3 reducir la violencia en seis meses gracias a la Guardia Nacional, pero en octubre admiti\u00f3 que la tendencia &#8220;no se puede bajar de la noche a la ma\u00f1ana&#8221;.<\/p>\n<p>Lo cierto es que el primer a\u00f1o de gobierno de L\u00f3pez Obrador y el despliegue de la Guardia Nacional han coincidido con sucesos tr\u00e1gicos como la brutal matanza contra la comunidad mormona LeBaron o la violencia desatada en la ciudad de Culiac\u00e1n durante el fallido intento de captura de Ovidio Guzm\u00e1n, hijo de Joaqu\u00edn &#8220;el Chapo&#8221; Guzm\u00e1n.<\/p>\n<p>El Mandatario, que ahora prev\u00e9 ofrecer resultados a finales de este a\u00f1o, atribuye constantemente la culpa de la violencia al expresidente Felipe Calder\u00f3n (2006-2012), quien inici\u00f3 una guerra militar contra el narcotr\u00e1fico que descabez\u00f3 los c\u00e1rteles pero multiplic\u00f3 los enfrentamientos.<\/p>\n<p>&#8220;Calder\u00f3n declar\u00f3 la guerra y le peg\u00f3 un garrotazo a lo tonto al avispero y nos meti\u00f3 en todo esto que estamos padeciendo todav\u00eda&#8221;, sostiene recurrentemente.<\/p>\n<h4>UN CUERPO POL\u00c9MICO ANTES DE NACER<\/h4>\n<p>Sin embargo, para las organizaciones defensoras de derechos humanos, la estrategia militar de Calder\u00f3n no se diferencia de la Guardia Nacional de L\u00f3pez Obrador, dado que est\u00e1 formada por militares que patrullan por las calles, sobre quienes pesan denuncias de violaciones de derechos humanos.<\/p>\n<p>Para calmar las cr\u00edticas, el Gobierno propuso que la Guardia Nacional tuviera un mando civil y no militar, algo que fue avalado por unanimidad en el Congreso, pero L\u00f3pez Obrador cambi\u00f3 de opini\u00f3n y <strong>nombr\u00f3 como comandante al exgeneral Luis Rodr\u00edguez Buc\u00edo<\/strong>.<\/p>\n<p>Adem\u00e1s, desat\u00f3 protestas de miles de elementos de la Polic\u00eda Federal, un cuerpo suprimido por L\u00f3pez Obrador al considerarlo ineficaz, porque los soldados ten\u00edan m\u00e1s f\u00e1cil ingreso a la Guardia Nacional que los polic\u00edas.<\/p>\n<p>Para volver a calmar los \u00e1nimos, el Gobierno mexicano firm\u00f3 un convenio con la alta comisionada de las Naciones Unidas para los Derechos Humanos, Michelle Bachelet, para formar a los guardias nacionales.<\/p>\n<p>Oliva asegur\u00f3 que eso ha tenido efecto en el cuerpo, dado que &#8220;ofrece mayor proximidad y acompa\u00f1amiento a la ciudadan\u00eda, algo muy diferente de las Fuerzas Armadas&#8221;.<\/p>\n<p>Sin embargo, la Guardia Nacional, desplegada tambi\u00e9n en la frontera con Guatemala para frenar las caravanas migrantes tras un acuerdo con Estados Unidos, fue <strong>se\u00f1alada en enero por contener a los migrantes con golpes y gases lacrim\u00f3genos<\/strong>.<\/p>\n<h4>LA GUARDIA NACIONAL EN CIFRAS<\/h4>\n<p>El nuevo cuerpo de seguridad naci\u00f3 con 53 mil 671 elementos, 32 mil 888 de los cuales proven\u00edan del Ej\u00e9rcito, 2 mil 788 de la Marina y 17 mil 995 de la ya extinta Polic\u00eda Federal.<\/p>\n<p>Adem\u00e1s, se previ\u00f3 la incorporaci\u00f3n de nuevos elementos hasta superar los 82.000 integrantes en 2019, los 97\u00a0mil en 2020 y los 111 mil\u00a0en 2021.<\/p>\n<p>La Guardia Nacional se despleg\u00f3 progresivamente a mediados de 2019 en 266 coordinaciones regionales repartidas en los 32 estados del pa\u00eds, siendo el Estado de M\u00e9xico, Veracruz y la Ciudad de M\u00e9xico las entidades que m\u00e1s coordinaciones concentraron.<\/p>\n<p>Con Informaci\u00f3n de EFE<\/p>\n<\/div>\n","protected":false},"excerpt":{"rendered":"<p>Guardia Nacional de M\u00e9xico llega a primer aniversario sin frenar violencia Por Redacci\u00f3n QP El&#8230;<\/p>\n","protected":false},"author":2,"featured_media":55979,"comment_status":"open","ping_status":"open","sticky":false,"template":"","format":"standard","meta":{"_monsterinsights_skip_tracking":false,"_monsterinsights_sitenote_active":false,"_monsterinsights_sitenote_note":"","_monsterinsights_sitenote_category":0,"footnotes":""},"categories":[2],"tags":[],"class_list":["post-55978","post","type-post","status-publish","format-standard","has-post-thumbnail","hentry","category-noticias"],"yoast_head":"<!-- This site is optimized with the Yoast SEO plugin v27.3 - https:\/\/yoast.com\/product\/yoast-seo-wordpress\/ -->\n<title>Guardia Nacional de M\u00e9xico llega a primer aniversario sin frenar violencia -<\/title>\n<meta name=\"robots\" content=\"index, follow, max-snippet:-1, max-image-preview:large, max-video-preview:-1\" \/>\n<link rel=\"canonical\" href=\"https:\/\/quehacerpolitico.mx\/?p=55978\" \/>\n<meta property=\"og:locale\" content=\"es_MX\" \/>\n<meta property=\"og:type\" content=\"article\" \/>\n<meta property=\"og:title\" content=\"Guardia Nacional de M\u00e9xico llega a primer aniversario sin frenar violencia -\" \/>\n<meta property=\"og:description\" content=\"Guardia Nacional de M\u00e9xico llega a primer aniversario sin frenar violencia Por Redacci\u00f3n QP El...\" \/>\n<meta property=\"og:url\" content=\"https:\/\/quehacerpolitico.mx\/?p=55978\" \/>\n<meta property=\"article:published_time\" content=\"2020-03-27T05:41:29+00:00\" \/>\n<meta name=\"author\" content=\"Redacci\u00f3n QP\" \/>\n<meta name=\"twitter:card\" content=\"summary_large_image\" \/>\n<meta name=\"twitter:label1\" content=\"Escrito por\" \/>\n\t<meta name=\"twitter:data1\" content=\"Redacci\u00f3n QP\" \/>\n\t<meta name=\"twitter:label2\" content=\"Tiempo de lectura\" \/>\n\t<meta name=\"twitter:data2\" content=\"4 minutos\" \/>\n<script type=\"application\/ld+json\" class=\"yoast-schema-graph\">{\"@context\":\"https:\\\/\\\/schema.org\",\"@graph\":[{\"@type\":\"Article\",\"@id\":\"https:\\\/\\\/quehacerpolitico.mx\\\/?p=55978#article\",\"isPartOf\":{\"@id\":\"https:\\\/\\\/quehacerpolitico.mx\\\/?p=55978\"},\"author\":{\"name\":\"Redacci\u00f3n QP\",\"@id\":\"https:\\\/\\\/quehacerpolitico.mx\\\/#\\\/schema\\\/person\\\/496d8ad2d1d3f8036101dca7ee39e585\"},\"headline\":\"Guardia Nacional de M\u00e9xico llega a primer aniversario sin frenar violencia\",\"datePublished\":\"2020-03-27T05:41:29+00:00\",\"mainEntityOfPage\":{\"@id\":\"https:\\\/\\\/quehacerpolitico.mx\\\/?p=55978\"},\"wordCount\":852,\"commentCount\":0,\"image\":{\"@id\":\"https:\\\/\\\/quehacerpolitico.mx\\\/?p=55978#primaryimage\"},\"thumbnailUrl\":\"\",\"articleSection\":[\"Noticias\"],\"inLanguage\":\"es\",\"potentialAction\":[{\"@type\":\"CommentAction\",\"name\":\"Comment\",\"target\":[\"https:\\\/\\\/quehacerpolitico.mx\\\/?p=55978#respond\"]}]},{\"@type\":\"WebPage\",\"@id\":\"https:\\\/\\\/quehacerpolitico.mx\\\/?p=55978\",\"url\":\"https:\\\/\\\/quehacerpolitico.mx\\\/?p=55978\",\"name\":\"Guardia Nacional de M\u00e9xico llega a primer aniversario sin frenar violencia -\",\"isPartOf\":{\"@id\":\"https:\\\/\\\/quehacerpolitico.mx\\\/#website\"},\"primaryImageOfPage\":{\"@id\":\"https:\\\/\\\/quehacerpolitico.mx\\\/?p=55978#primaryimage\"},\"image\":{\"@id\":\"https:\\\/\\\/quehacerpolitico.mx\\\/?p=55978#primaryimage\"},\"thumbnailUrl\":\"\",\"datePublished\":\"2020-03-27T05:41:29+00:00\",\"author\":{\"@id\":\"https:\\\/\\\/quehacerpolitico.mx\\\/#\\\/schema\\\/person\\\/496d8ad2d1d3f8036101dca7ee39e585\"},\"breadcrumb\":{\"@id\":\"https:\\\/\\\/quehacerpolitico.mx\\\/?p=55978#breadcrumb\"},\"inLanguage\":\"es\",\"potentialAction\":[{\"@type\":\"ReadAction\",\"target\":[\"https:\\\/\\\/quehacerpolitico.mx\\\/?p=55978\"]}]},{\"@type\":\"ImageObject\",\"inLanguage\":\"es\",\"@id\":\"https:\\\/\\\/quehacerpolitico.mx\\\/?p=55978#primaryimage\",\"url\":\"\",\"contentUrl\":\"\"},{\"@type\":\"BreadcrumbList\",\"@id\":\"https:\\\/\\\/quehacerpolitico.mx\\\/?p=55978#breadcrumb\",\"itemListElement\":[{\"@type\":\"ListItem\",\"position\":1,\"name\":\"Inicio\",\"item\":\"https:\\\/\\\/quehacerpolitico.mx\\\/\"},{\"@type\":\"ListItem\",\"position\":2,\"name\":\"Guardia Nacional de M\u00e9xico llega a primer aniversario sin frenar violencia\"}]},{\"@type\":\"WebSite\",\"@id\":\"https:\\\/\\\/quehacerpolitico.mx\\\/#website\",\"url\":\"https:\\\/\\\/quehacerpolitico.mx\\\/\",\"name\":\"\",\"description\":\"\",\"potentialAction\":[{\"@type\":\"SearchAction\",\"target\":{\"@type\":\"EntryPoint\",\"urlTemplate\":\"https:\\\/\\\/quehacerpolitico.mx\\\/?s={search_term_string}\"},\"query-input\":{\"@type\":\"PropertyValueSpecification\",\"valueRequired\":true,\"valueName\":\"search_term_string\"}}],\"inLanguage\":\"es\"},{\"@type\":\"Person\",\"@id\":\"https:\\\/\\\/quehacerpolitico.mx\\\/#\\\/schema\\\/person\\\/496d8ad2d1d3f8036101dca7ee39e585\",\"name\":\"Redacci\u00f3n QP\",\"image\":{\"@type\":\"ImageObject\",\"inLanguage\":\"es\",\"@id\":\"https:\\\/\\\/secure.gravatar.com\\\/avatar\\\/c7164ed6fdec453195284ad24a5ae5b6e1eed2b848477fa2a4787ba9adf39a41?s=96&d=mm&r=g\",\"url\":\"https:\\\/\\\/secure.gravatar.com\\\/avatar\\\/c7164ed6fdec453195284ad24a5ae5b6e1eed2b848477fa2a4787ba9adf39a41?s=96&d=mm&r=g\",\"contentUrl\":\"https:\\\/\\\/secure.gravatar.com\\\/avatar\\\/c7164ed6fdec453195284ad24a5ae5b6e1eed2b848477fa2a4787ba9adf39a41?s=96&d=mm&r=g\",\"caption\":\"Redacci\u00f3n QP\"},\"url\":\"https:\\\/\\\/quehacerpolitico.mx\\\/?author=2\"}]}<\/script>\n<!-- \/ Yoast SEO plugin. -->","yoast_head_json":{"title":"Guardia Nacional de M\u00e9xico llega a primer aniversario sin frenar violencia -","robots":{"index":"index","follow":"follow","max-snippet":"max-snippet:-1","max-image-preview":"max-image-preview:large","max-video-preview":"max-video-preview:-1"},"canonical":"https:\/\/quehacerpolitico.mx\/?p=55978","og_locale":"es_MX","og_type":"article","og_title":"Guardia Nacional de M\u00e9xico llega a primer aniversario sin frenar violencia -","og_description":"Guardia Nacional de M\u00e9xico llega a primer aniversario sin frenar violencia Por Redacci\u00f3n QP El...","og_url":"https:\/\/quehacerpolitico.mx\/?p=55978","article_published_time":"2020-03-27T05:41:29+00:00","author":"Redacci\u00f3n QP","twitter_card":"summary_large_image","twitter_misc":{"Escrito por":"Redacci\u00f3n QP","Tiempo de lectura":"4 minutos"},"schema":{"@context":"https:\/\/schema.org","@graph":[{"@type":"Article","@id":"https:\/\/quehacerpolitico.mx\/?p=55978#article","isPartOf":{"@id":"https:\/\/quehacerpolitico.mx\/?p=55978"},"author":{"name":"Redacci\u00f3n QP","@id":"https:\/\/quehacerpolitico.mx\/#\/schema\/person\/496d8ad2d1d3f8036101dca7ee39e585"},"headline":"Guardia Nacional de M\u00e9xico llega a primer aniversario sin frenar violencia","datePublished":"2020-03-27T05:41:29+00:00","mainEntityOfPage":{"@id":"https:\/\/quehacerpolitico.mx\/?p=55978"},"wordCount":852,"commentCount":0,"image":{"@id":"https:\/\/quehacerpolitico.mx\/?p=55978#primaryimage"},"thumbnailUrl":"","articleSection":["Noticias"],"inLanguage":"es","potentialAction":[{"@type":"CommentAction","name":"Comment","target":["https:\/\/quehacerpolitico.mx\/?p=55978#respond"]}]},{"@type":"WebPage","@id":"https:\/\/quehacerpolitico.mx\/?p=55978","url":"https:\/\/quehacerpolitico.mx\/?p=55978","name":"Guardia Nacional de M\u00e9xico llega a primer aniversario sin frenar violencia -","isPartOf":{"@id":"https:\/\/quehacerpolitico.mx\/#website"},"primaryImageOfPage":{"@id":"https:\/\/quehacerpolitico.mx\/?p=55978#primaryimage"},"image":{"@id":"https:\/\/quehacerpolitico.mx\/?p=55978#primaryimage"},"thumbnailUrl":"","datePublished":"2020-03-27T05:41:29+00:00","author":{"@id":"https:\/\/quehacerpolitico.mx\/#\/schema\/person\/496d8ad2d1d3f8036101dca7ee39e585"},"breadcrumb":{"@id":"https:\/\/quehacerpolitico.mx\/?p=55978#breadcrumb"},"inLanguage":"es","potentialAction":[{"@type":"ReadAction","target":["https:\/\/quehacerpolitico.mx\/?p=55978"]}]},{"@type":"ImageObject","inLanguage":"es","@id":"https:\/\/quehacerpolitico.mx\/?p=55978#primaryimage","url":"","contentUrl":""},{"@type":"BreadcrumbList","@id":"https:\/\/quehacerpolitico.mx\/?p=55978#breadcrumb","itemListElement":[{"@type":"ListItem","position":1,"name":"Inicio","item":"https:\/\/quehacerpolitico.mx\/"},{"@type":"ListItem","position":2,"name":"Guardia Nacional de M\u00e9xico llega a primer aniversario sin frenar violencia"}]},{"@type":"WebSite","@id":"https:\/\/quehacerpolitico.mx\/#website","url":"https:\/\/quehacerpolitico.mx\/","name":"","description":"","potentialAction":[{"@type":"SearchAction","target":{"@type":"EntryPoint","urlTemplate":"https:\/\/quehacerpolitico.mx\/?s={search_term_string}"},"query-input":{"@type":"PropertyValueSpecification","valueRequired":true,"valueName":"search_term_string"}}],"inLanguage":"es"},{"@type":"Person","@id":"https:\/\/quehacerpolitico.mx\/#\/schema\/person\/496d8ad2d1d3f8036101dca7ee39e585","name":"Redacci\u00f3n QP","image":{"@type":"ImageObject","inLanguage":"es","@id":"https:\/\/secure.gravatar.com\/avatar\/c7164ed6fdec453195284ad24a5ae5b6e1eed2b848477fa2a4787ba9adf39a41?s=96&d=mm&r=g","url":"https:\/\/secure.gravatar.com\/avatar\/c7164ed6fdec453195284ad24a5ae5b6e1eed2b848477fa2a4787ba9adf39a41?s=96&d=mm&r=g","contentUrl":"https:\/\/secure.gravatar.com\/avatar\/c7164ed6fdec453195284ad24a5ae5b6e1eed2b848477fa2a4787ba9adf39a41?s=96&d=mm&r=g","caption":"Redacci\u00f3n QP"},"url":"https:\/\/quehacerpolitico.mx\/?author=2"}]}},"featured_image_urls":{"full":"","thumbnail":"","medium":"","medium_large":"","large":"","1536x1536":"","2048x2048":"","covernews-featured":"","covernews-medium":""},"author_info":{"display_name":"Redacci\u00f3n QP","author_link":"https:\/\/quehacerpolitico.mx\/?author=2"},"category_info":"<a href=\"https:\/\/quehacerpolitico.mx\/?cat=2\" rel=\"category\">Noticias<\/a>","tag_info":"Noticias","comment_count":"0","_links":{"self":[{"href":"https:\/\/quehacerpolitico.mx\/index.php?rest_route=\/wp\/v2\/posts\/55978","targetHints":{"allow":["GET"]}}],"collection":[{"href":"https:\/\/quehacerpolitico.mx\/index.php?rest_route=\/wp\/v2\/posts"}],"about":[{"href":"https:\/\/quehacerpolitico.mx\/index.php?rest_route=\/wp\/v2\/types\/post"}],"author":[{"embeddable":true,"href":"https:\/\/quehacerpolitico.mx\/index.php?rest_route=\/wp\/v2\/users\/2"}],"replies":[{"embeddable":true,"href":"https:\/\/quehacerpolitico.mx\/index.php?rest_route=%2Fwp%2Fv2%2Fcomments&post=55978"}],"version-history":[{"count":0,"href":"https:\/\/quehacerpolitico.mx\/index.php?rest_route=\/wp\/v2\/posts\/55978\/revisions"}],"wp:featuredmedia":[{"embeddable":true,"href":"https:\/\/quehacerpolitico.mx\/index.php?rest_route=\/"}],"wp:attachment":[{"href":"https:\/\/quehacerpolitico.mx\/index.php?rest_route=%2Fwp%2Fv2%2Fmedia&parent=55978"}],"wp:term":[{"taxonomy":"category","embeddable":true,"href":"https:\/\/quehacerpolitico.mx\/index.php?rest_route=%2Fwp%2Fv2%2Fcategories&post=55978"},{"taxonomy":"post_tag","embeddable":true,"href":"https:\/\/quehacerpolitico.mx\/index.php?rest_route=%2Fwp%2Fv2%2Ftags&post=55978"}],"curies":[{"name":"wp","href":"https:\/\/api.w.org\/{rel}","templated":true}]}}