{"id":55595,"date":"2020-03-22T15:18:13","date_gmt":"2020-03-22T21:18:13","guid":{"rendered":"http:\/\/quehacerpolitico.mx\/?p=55595"},"modified":"2020-03-22T15:18:13","modified_gmt":"2020-03-22T21:18:13","slug":"internacionales-carolina-alonso-romei-bolivia-entra-en-cuarentena-total-mientras-suben-los-casos-de-coronavirus","status":"publish","type":"post","link":"https:\/\/quehacerpolitico.mx\/?p=55595","title":{"rendered":"Internacionales\/\/\/Carolina Alonso Romei\/\/\/Bolivia entra en cuarentena total mientras suben los casos de coronavirus"},"content":{"rendered":"<h1 class=\"news-title\">Bolivia entra en cuarentena total mientras suben los casos de coronavirus<br \/>\nPor Carolina Alonso Romei<\/h1>\n<p>Internacionalista<\/p>\n<p>Cuenta con 24 casos confirmados en el pa\u00eds, es decir, cuatro contagiados nuevos en un d\u00eda<\/p>\n<p>Bolivia entr\u00f3 en cuarentena total desde este domingo para prevenir m\u00e1s contagios de COVID-19, con 24 casos confirmados en el pa\u00eds, de acuerdo con el \u00faltimo reporte del Ministerio de Salud.<\/p>\n<p>El ministro interino de Salud, An\u00edbal Cruz, inform\u00f3 en conferencia de prensa que <strong>cuatro nuevos casos de coronavirus se presentaron en la ciudad oriental de Santa Cruz, la mayor de Bolivia con m\u00e1s de mill\u00f3n y medio de habitantes.<\/strong><\/p>\n<blockquote class=\"twitter-tweet\" data-width=\"550\" data-dnt=\"true\">\n<p lang=\"es\" dir=\"ltr\"><a href=\"https:\/\/twitter.com\/hashtag\/YoMeQuedoEnCasa?src=hash&amp;ref_src=twsrc%5Etfw\">#YoMeQuedoEnCasa<\/a> <\/p>\n<p>Unidos todos los bolivianos venceremos al virus <a href=\"https:\/\/t.co\/aUCV1Vaxz1\">pic.twitter.com\/aUCV1Vaxz1<\/a><\/p>\n<p>&mdash; Canciller\u00eda de Bolivia \ud83c\udde7\ud83c\uddf4 (@MRE_Bolivia) <a href=\"https:\/\/twitter.com\/MRE_Bolivia\/status\/1241727671484190722?ref_src=twsrc%5Etfw\">March 22, 2020<\/a><\/p><\/blockquote>\n<p><script async src=\"https:\/\/platform.twitter.com\/widgets.js\" charset=\"utf-8\"><\/script><\/p>\n<p>Uno de los enfermos es una persona que lleg\u00f3 de Londres, que est\u00e1 aislada, y otro una mujer de 27 a\u00f1os que tuvo contacto con uno de los infectados en la localidad boliviana de Porongo.<\/p>\n<p>Los otros dos casos son &#8220;contagios locales&#8221;, que <strong>tambi\u00e9n se encuentran aislados, y se realiza el monitoreo de las personas con las que han tenido contacto<\/strong>, seg\u00fan Cruz.<\/p>\n<p>El gobernador de Santa Cruz, Rub\u00e9n Costas, indic\u00f3 que &#8220;ya se entr\u00f3 al contagio local&#8221;, pues los primeros casos eran importados de Europa, e hizo un llamado a la poblaci\u00f3n para acatar con &#8220;responsabilidad&#8221; las determinaciones del Gobierno para evitar m\u00e1s casos.<\/p>\n<h4>Primer d\u00eda de cuarentena total<\/h4>\n<blockquote><p>&#8220;No puede ser que mientras unos bolivianos est\u00e1n arriesgando la vida, otros tomen las cosas de la manera m\u00e1s ligera&#8221;<\/p><\/blockquote>\n<p>Tras la disposici\u00f3n de una cuarentena total por catorce d\u00edas desde este domingo, el ministro transitorio de Gobierno (Interior), Arturo Murillo, en una primera evaluaci\u00f3n se\u00f1al\u00f3 que ve con &#8220;optimismo&#8221; que la gente est\u00e9 acatando esta medida, que impide salir de casa salvo casos excepcionales.<\/p>\n<p>Murillo sostuvo que algunos &#8220;peque\u00f1os puntos&#8221; &#8220;son rebeldes&#8221; y a\u00fan no acatan estas instrucciones, como los barrios de R\u00edo Seco y Senkata en la ciudad de El Alto, vecina de La Paz y la segunda mayor del pa\u00eds con cerca de un mill\u00f3n de habitantes.<\/p>\n<p>Polic\u00edas y militares patrullan en El Alto, donde <strong>la noche del pasado viernes hubo alrededor de una veintena de arrestados por incumplir la cuarentena, que entonces era por unas horas al d\u00eda.<\/strong><\/p>\n<p>De la misma forma, el ministro interino de Defensa, Luis Fernando L\u00f3pez, pidi\u00f3 que las personas que tomen en serio estas medidas y que no salgan a correr o a los parques.<\/p>\n<p>&#8220;No puede ser que mientras unos bolivianos est\u00e1n arriesgando la vida, otros tomen las cosas de la manera m\u00e1s ligera&#8221;, arguy\u00f3 L\u00f3pez.<\/p>\n<h4>Las medidas del gobierno<\/h4>\n<p>Entre las disposiciones asumidas por la presidenta transitoria de Bolivia, Jeanine \u00c1\u00f1ez, est\u00e1 la cuarentena total, al igual que el cierre de fronteras, <strong>la restricci\u00f3n de los vuelos internacionales y del transporte interdepartamental e interprovincial.<\/strong><\/p>\n<p>Tambi\u00e9n se prohibi\u00f3 cualquier evento deportivo o cultural para evitar los actos masivos y se garantizan los servicios b\u00e1sicos durante la cuarentena como agua, luz, gas domiciliario e Internet.<\/p>\n<p>\u00c1\u00f1ez tambi\u00e9n dispuso medidas econ\u00f3micas para &#8220;los m\u00e1s necesitados&#8221;, como un bono equivalente a 72 d\u00f3lares que se entregar\u00e1 en abril para ni\u00f1os de nivel primario e inicial que vayan a escuelas p\u00fablicas.<\/p>\n<p>Con informaci\u00f3n de EFE<\/p>\n","protected":false},"excerpt":{"rendered":"<p>Bolivia entra en cuarentena total mientras suben los casos de coronavirus Por Carolina Alonso Romei&#8230;<\/p>\n","protected":false},"author":2,"featured_media":55597,"comment_status":"open","ping_status":"open","sticky":false,"template":"","format":"standard","meta":{"_monsterinsights_skip_tracking":false,"_monsterinsights_sitenote_active":false,"_monsterinsights_sitenote_note":"","_monsterinsights_sitenote_category":0,"footnotes":""},"categories":[1],"tags":[],"class_list":["post-55595","post","type-post","status-publish","format-standard","has-post-thumbnail","hentry","category-sin-categoria"],"yoast_head":"<!-- This site is optimized with the Yoast SEO plugin v27.3 - https:\/\/yoast.com\/product\/yoast-seo-wordpress\/ -->\n<title>Internacionales\/\/\/Carolina Alonso Romei\/\/\/Bolivia entra en cuarentena total mientras suben los casos de coronavirus -<\/title>\n<meta name=\"robots\" content=\"index, follow, max-snippet:-1, max-image-preview:large, max-video-preview:-1\" \/>\n<link rel=\"canonical\" href=\"https:\/\/quehacerpolitico.mx\/?p=55595\" \/>\n<meta property=\"og:locale\" content=\"es_MX\" \/>\n<meta property=\"og:type\" content=\"article\" \/>\n<meta property=\"og:title\" content=\"Internacionales\/\/\/Carolina Alonso Romei\/\/\/Bolivia entra en cuarentena total mientras suben los casos de coronavirus -\" \/>\n<meta property=\"og:description\" content=\"Bolivia entra en cuarentena total mientras suben los casos de coronavirus Por Carolina Alonso Romei...\" \/>\n<meta property=\"og:url\" content=\"https:\/\/quehacerpolitico.mx\/?p=55595\" \/>\n<meta property=\"article:published_time\" content=\"2020-03-22T21:18:13+00:00\" \/>\n<meta name=\"author\" content=\"Redacci\u00f3n QP\" \/>\n<meta name=\"twitter:card\" content=\"summary_large_image\" \/>\n<meta name=\"twitter:label1\" content=\"Escrito por\" \/>\n\t<meta name=\"twitter:data1\" content=\"Redacci\u00f3n QP\" \/>\n\t<meta name=\"twitter:label2\" content=\"Tiempo de lectura\" \/>\n\t<meta name=\"twitter:data2\" content=\"3 minutos\" \/>\n<script type=\"application\/ld+json\" class=\"yoast-schema-graph\">{\"@context\":\"https:\\\/\\\/schema.org\",\"@graph\":[{\"@type\":\"Article\",\"@id\":\"https:\\\/\\\/quehacerpolitico.mx\\\/?p=55595#article\",\"isPartOf\":{\"@id\":\"https:\\\/\\\/quehacerpolitico.mx\\\/?p=55595\"},\"author\":{\"name\":\"Redacci\u00f3n QP\",\"@id\":\"https:\\\/\\\/quehacerpolitico.mx\\\/#\\\/schema\\\/person\\\/496d8ad2d1d3f8036101dca7ee39e585\"},\"headline\":\"Internacionales\\\/\\\/\\\/Carolina Alonso Romei\\\/\\\/\\\/Bolivia entra en cuarentena total mientras suben los casos de coronavirus\",\"datePublished\":\"2020-03-22T21:18:13+00:00\",\"mainEntityOfPage\":{\"@id\":\"https:\\\/\\\/quehacerpolitico.mx\\\/?p=55595\"},\"wordCount\":572,\"commentCount\":0,\"image\":{\"@id\":\"https:\\\/\\\/quehacerpolitico.mx\\\/?p=55595#primaryimage\"},\"thumbnailUrl\":\"\",\"articleSection\":[\"Internacionales\"],\"inLanguage\":\"es\",\"potentialAction\":[{\"@type\":\"CommentAction\",\"name\":\"Comment\",\"target\":[\"https:\\\/\\\/quehacerpolitico.mx\\\/?p=55595#respond\"]}]},{\"@type\":\"WebPage\",\"@id\":\"https:\\\/\\\/quehacerpolitico.mx\\\/?p=55595\",\"url\":\"https:\\\/\\\/quehacerpolitico.mx\\\/?p=55595\",\"name\":\"Internacionales\\\/\\\/\\\/Carolina Alonso Romei\\\/\\\/\\\/Bolivia entra en cuarentena total mientras suben los casos de coronavirus -\",\"isPartOf\":{\"@id\":\"https:\\\/\\\/quehacerpolitico.mx\\\/#website\"},\"primaryImageOfPage\":{\"@id\":\"https:\\\/\\\/quehacerpolitico.mx\\\/?p=55595#primaryimage\"},\"image\":{\"@id\":\"https:\\\/\\\/quehacerpolitico.mx\\\/?p=55595#primaryimage\"},\"thumbnailUrl\":\"\",\"datePublished\":\"2020-03-22T21:18:13+00:00\",\"author\":{\"@id\":\"https:\\\/\\\/quehacerpolitico.mx\\\/#\\\/schema\\\/person\\\/496d8ad2d1d3f8036101dca7ee39e585\"},\"breadcrumb\":{\"@id\":\"https:\\\/\\\/quehacerpolitico.mx\\\/?p=55595#breadcrumb\"},\"inLanguage\":\"es\",\"potentialAction\":[{\"@type\":\"ReadAction\",\"target\":[\"https:\\\/\\\/quehacerpolitico.mx\\\/?p=55595\"]}]},{\"@type\":\"ImageObject\",\"inLanguage\":\"es\",\"@id\":\"https:\\\/\\\/quehacerpolitico.mx\\\/?p=55595#primaryimage\",\"url\":\"\",\"contentUrl\":\"\"},{\"@type\":\"BreadcrumbList\",\"@id\":\"https:\\\/\\\/quehacerpolitico.mx\\\/?p=55595#breadcrumb\",\"itemListElement\":[{\"@type\":\"ListItem\",\"position\":1,\"name\":\"Inicio\",\"item\":\"https:\\\/\\\/quehacerpolitico.mx\\\/\"},{\"@type\":\"ListItem\",\"position\":2,\"name\":\"Internacionales\\\/\\\/\\\/Carolina Alonso Romei\\\/\\\/\\\/Bolivia entra en cuarentena total mientras suben los casos de coronavirus\"}]},{\"@type\":\"WebSite\",\"@id\":\"https:\\\/\\\/quehacerpolitico.mx\\\/#website\",\"url\":\"https:\\\/\\\/quehacerpolitico.mx\\\/\",\"name\":\"\",\"description\":\"\",\"potentialAction\":[{\"@type\":\"SearchAction\",\"target\":{\"@type\":\"EntryPoint\",\"urlTemplate\":\"https:\\\/\\\/quehacerpolitico.mx\\\/?s={search_term_string}\"},\"query-input\":{\"@type\":\"PropertyValueSpecification\",\"valueRequired\":true,\"valueName\":\"search_term_string\"}}],\"inLanguage\":\"es\"},{\"@type\":\"Person\",\"@id\":\"https:\\\/\\\/quehacerpolitico.mx\\\/#\\\/schema\\\/person\\\/496d8ad2d1d3f8036101dca7ee39e585\",\"name\":\"Redacci\u00f3n QP\",\"image\":{\"@type\":\"ImageObject\",\"inLanguage\":\"es\",\"@id\":\"https:\\\/\\\/secure.gravatar.com\\\/avatar\\\/c7164ed6fdec453195284ad24a5ae5b6e1eed2b848477fa2a4787ba9adf39a41?s=96&d=mm&r=g\",\"url\":\"https:\\\/\\\/secure.gravatar.com\\\/avatar\\\/c7164ed6fdec453195284ad24a5ae5b6e1eed2b848477fa2a4787ba9adf39a41?s=96&d=mm&r=g\",\"contentUrl\":\"https:\\\/\\\/secure.gravatar.com\\\/avatar\\\/c7164ed6fdec453195284ad24a5ae5b6e1eed2b848477fa2a4787ba9adf39a41?s=96&d=mm&r=g\",\"caption\":\"Redacci\u00f3n QP\"},\"url\":\"https:\\\/\\\/quehacerpolitico.mx\\\/?author=2\"}]}<\/script>\n<!-- \/ Yoast SEO plugin. -->","yoast_head_json":{"title":"Internacionales\/\/\/Carolina Alonso Romei\/\/\/Bolivia entra en cuarentena total mientras suben los casos de coronavirus -","robots":{"index":"index","follow":"follow","max-snippet":"max-snippet:-1","max-image-preview":"max-image-preview:large","max-video-preview":"max-video-preview:-1"},"canonical":"https:\/\/quehacerpolitico.mx\/?p=55595","og_locale":"es_MX","og_type":"article","og_title":"Internacionales\/\/\/Carolina Alonso Romei\/\/\/Bolivia entra en cuarentena total mientras suben los casos de coronavirus -","og_description":"Bolivia entra en cuarentena total mientras suben los casos de coronavirus Por Carolina Alonso Romei...","og_url":"https:\/\/quehacerpolitico.mx\/?p=55595","article_published_time":"2020-03-22T21:18:13+00:00","author":"Redacci\u00f3n QP","twitter_card":"summary_large_image","twitter_misc":{"Escrito por":"Redacci\u00f3n QP","Tiempo de lectura":"3 minutos"},"schema":{"@context":"https:\/\/schema.org","@graph":[{"@type":"Article","@id":"https:\/\/quehacerpolitico.mx\/?p=55595#article","isPartOf":{"@id":"https:\/\/quehacerpolitico.mx\/?p=55595"},"author":{"name":"Redacci\u00f3n QP","@id":"https:\/\/quehacerpolitico.mx\/#\/schema\/person\/496d8ad2d1d3f8036101dca7ee39e585"},"headline":"Internacionales\/\/\/Carolina Alonso Romei\/\/\/Bolivia entra en cuarentena total mientras suben los casos de coronavirus","datePublished":"2020-03-22T21:18:13+00:00","mainEntityOfPage":{"@id":"https:\/\/quehacerpolitico.mx\/?p=55595"},"wordCount":572,"commentCount":0,"image":{"@id":"https:\/\/quehacerpolitico.mx\/?p=55595#primaryimage"},"thumbnailUrl":"","articleSection":["Internacionales"],"inLanguage":"es","potentialAction":[{"@type":"CommentAction","name":"Comment","target":["https:\/\/quehacerpolitico.mx\/?p=55595#respond"]}]},{"@type":"WebPage","@id":"https:\/\/quehacerpolitico.mx\/?p=55595","url":"https:\/\/quehacerpolitico.mx\/?p=55595","name":"Internacionales\/\/\/Carolina Alonso Romei\/\/\/Bolivia entra en cuarentena total mientras suben los casos de coronavirus -","isPartOf":{"@id":"https:\/\/quehacerpolitico.mx\/#website"},"primaryImageOfPage":{"@id":"https:\/\/quehacerpolitico.mx\/?p=55595#primaryimage"},"image":{"@id":"https:\/\/quehacerpolitico.mx\/?p=55595#primaryimage"},"thumbnailUrl":"","datePublished":"2020-03-22T21:18:13+00:00","author":{"@id":"https:\/\/quehacerpolitico.mx\/#\/schema\/person\/496d8ad2d1d3f8036101dca7ee39e585"},"breadcrumb":{"@id":"https:\/\/quehacerpolitico.mx\/?p=55595#breadcrumb"},"inLanguage":"es","potentialAction":[{"@type":"ReadAction","target":["https:\/\/quehacerpolitico.mx\/?p=55595"]}]},{"@type":"ImageObject","inLanguage":"es","@id":"https:\/\/quehacerpolitico.mx\/?p=55595#primaryimage","url":"","contentUrl":""},{"@type":"BreadcrumbList","@id":"https:\/\/quehacerpolitico.mx\/?p=55595#breadcrumb","itemListElement":[{"@type":"ListItem","position":1,"name":"Inicio","item":"https:\/\/quehacerpolitico.mx\/"},{"@type":"ListItem","position":2,"name":"Internacionales\/\/\/Carolina Alonso Romei\/\/\/Bolivia entra en cuarentena total mientras suben los casos de coronavirus"}]},{"@type":"WebSite","@id":"https:\/\/quehacerpolitico.mx\/#website","url":"https:\/\/quehacerpolitico.mx\/","name":"","description":"","potentialAction":[{"@type":"SearchAction","target":{"@type":"EntryPoint","urlTemplate":"https:\/\/quehacerpolitico.mx\/?s={search_term_string}"},"query-input":{"@type":"PropertyValueSpecification","valueRequired":true,"valueName":"search_term_string"}}],"inLanguage":"es"},{"@type":"Person","@id":"https:\/\/quehacerpolitico.mx\/#\/schema\/person\/496d8ad2d1d3f8036101dca7ee39e585","name":"Redacci\u00f3n QP","image":{"@type":"ImageObject","inLanguage":"es","@id":"https:\/\/secure.gravatar.com\/avatar\/c7164ed6fdec453195284ad24a5ae5b6e1eed2b848477fa2a4787ba9adf39a41?s=96&d=mm&r=g","url":"https:\/\/secure.gravatar.com\/avatar\/c7164ed6fdec453195284ad24a5ae5b6e1eed2b848477fa2a4787ba9adf39a41?s=96&d=mm&r=g","contentUrl":"https:\/\/secure.gravatar.com\/avatar\/c7164ed6fdec453195284ad24a5ae5b6e1eed2b848477fa2a4787ba9adf39a41?s=96&d=mm&r=g","caption":"Redacci\u00f3n QP"},"url":"https:\/\/quehacerpolitico.mx\/?author=2"}]}},"featured_image_urls":{"full":"","thumbnail":"","medium":"","medium_large":"","large":"","1536x1536":"","2048x2048":"","covernews-featured":"","covernews-medium":""},"author_info":{"display_name":"Redacci\u00f3n QP","author_link":"https:\/\/quehacerpolitico.mx\/?author=2"},"category_info":"<a href=\"https:\/\/quehacerpolitico.mx\/?cat=1\" rel=\"category\">Internacionales<\/a>","tag_info":"Internacionales","comment_count":"0","_links":{"self":[{"href":"https:\/\/quehacerpolitico.mx\/index.php?rest_route=\/wp\/v2\/posts\/55595","targetHints":{"allow":["GET"]}}],"collection":[{"href":"https:\/\/quehacerpolitico.mx\/index.php?rest_route=\/wp\/v2\/posts"}],"about":[{"href":"https:\/\/quehacerpolitico.mx\/index.php?rest_route=\/wp\/v2\/types\/post"}],"author":[{"embeddable":true,"href":"https:\/\/quehacerpolitico.mx\/index.php?rest_route=\/wp\/v2\/users\/2"}],"replies":[{"embeddable":true,"href":"https:\/\/quehacerpolitico.mx\/index.php?rest_route=%2Fwp%2Fv2%2Fcomments&post=55595"}],"version-history":[{"count":0,"href":"https:\/\/quehacerpolitico.mx\/index.php?rest_route=\/wp\/v2\/posts\/55595\/revisions"}],"wp:featuredmedia":[{"embeddable":true,"href":"https:\/\/quehacerpolitico.mx\/index.php?rest_route=\/"}],"wp:attachment":[{"href":"https:\/\/quehacerpolitico.mx\/index.php?rest_route=%2Fwp%2Fv2%2Fmedia&parent=55595"}],"wp:term":[{"taxonomy":"category","embeddable":true,"href":"https:\/\/quehacerpolitico.mx\/index.php?rest_route=%2Fwp%2Fv2%2Fcategories&post=55595"},{"taxonomy":"post_tag","embeddable":true,"href":"https:\/\/quehacerpolitico.mx\/index.php?rest_route=%2Fwp%2Fv2%2Ftags&post=55595"}],"curies":[{"name":"wp","href":"https:\/\/api.w.org\/{rel}","templated":true}]}}