{"id":55585,"date":"2020-03-21T21:34:50","date_gmt":"2020-03-22T03:34:50","guid":{"rendered":"http:\/\/quehacerpolitico.mx\/?p=55585"},"modified":"2020-03-21T21:34:50","modified_gmt":"2020-03-22T03:34:50","slug":"hariamos-mal-si-nos-apanicamos-dice-lopez-obrador-en-oaxaca","status":"publish","type":"post","link":"https:\/\/quehacerpolitico.mx\/?p=55585","title":{"rendered":"Har\u00edamos mal si nos apanicamos, dice L\u00f3pez Obrador en Oaxaca"},"content":{"rendered":"<h1 class=\"news-title\">Har\u00edamos mal si nos apanicamos, dice L\u00f3pez Obrador en Oaxaca<br \/>\nPor Redacci\u00f3n QP<\/h1>\n<div class=\"news-subtitle\">\n<p>En San Pablo Villa de Mitla, el Presidente asegur\u00f3 que a pesar de la amenaza del coronavirus tiene que seguir trabajando<\/p>\n<\/div>\n<div class=\"social-share-box normal\">\n<p>El Presidente Andres Manuel L\u00f3pez Obrador\u00a0se\u00f1al\u00f3 durante su visita a San Pablo Villa de Mitla que la pandemia tiene etapas y no podemos adelantarlas, &#8220;adem\u00e1s de que eso afecta econ\u00f3micamente al pa\u00eds, as\u00ed como socialmente y en lo personal&#8221;.<\/p>\n<blockquote><p>&#8220;No podemos adelantar v\u00edsperas, porque si en vez de aplicar medidas de la primera nos brincamos hasta la tercera etapa nos vamos a desgastar&#8221;<\/p><\/blockquote>\n<p>El Mandatario asegur\u00f3 que <strong>a pesar de la amenaza del coronavirus tiene que seguir trabajando, porque &#8220;har\u00edamos mal si nos apanicamos, si nos detenemos y no hacemos nada&#8221;.<\/strong><\/p>\n<p>Al supervisar la construcci\u00f3n del tramo carretero Mitla-Tehuantepec, el titular del Ejecutivo record\u00f3 que <strong>su administraci\u00f3n tiene un plan para enfrentar la pandemia del COVID-19, la cual tiene etapas<\/strong>. &#8220;No podemos adelantar v\u00edsperas, porque si en vez de aplicar medidas de la primera nos brincamos hasta la tercera etapa nos vamos a desgastar, adem\u00e1s de que eso afecta econ\u00f3micamente al pa\u00eds, as\u00ed como socialmente y en lo personal&#8221;, asever\u00f3.<\/p>\n<p>&#8220;Por eso tenemos que guardar la calma y esperar, estar atentos de la informaci\u00f3n de los m\u00e9dicos, cient\u00edficos y los especialistas, no caer en la trampa de la especulaci\u00f3n, de los rumores, de los que siembran miedo, los que se dedican el amarillismo&#8221;.<\/p>\n<p>&#8220;Por eso como gobierno debemos seguir trabajando, cuidando que no haya grandes concentraciones, pero podemos hacer esto por recomendaci\u00f3n de los encargados de conducir el plan para enfrentar el coronavirus&#8221;.<\/p>\n<blockquote><p>&#8220;Tenemos que guardar la calma, estar atentos de la informaci\u00f3n de los m\u00e9dicos, cient\u00edficos y los especialistas, no caer en la trampa de la especulaci\u00f3n&#8221;<\/p><\/blockquote>\n<p>En el recorrido, el Presidente estuvo acompa\u00f1ado por el gobernador Alejandro Murat (PRI); el titular de la SCT, Javier Jim\u00e9nez Espri\u00fa; el subsecretario de Infraestructura, Cedric Escalante; el titular del INPI, Adelfo Regino, y unos 50 trabajadores y directivos de la constructora Impulsora del Desarrollo y el Empleo en Am\u00e9rica Latina (IDEAL) de Grupo Carso.<\/p>\n<blockquote class=\"twitter-tweet\" data-width=\"550\" data-dnt=\"true\">\n<p lang=\"es\" dir=\"ltr\">Supervisi\u00f3n de obra en tramo carretero Mitla-Tehuantepec, Oaxaca | Gobierno de M\u00e9xico <a href=\"https:\/\/t.co\/OZFe7KOJHc\">https:\/\/t.co\/OZFe7KOJHc<\/a><\/p>\n<p>&mdash; Gobierno de M\u00e9xico (@GobiernoMX) <a href=\"https:\/\/twitter.com\/GobiernoMX\/status\/1241490753005555717?ref_src=twsrc%5Etfw\">March 21, 2020<\/a><\/p><\/blockquote>\n<p><script async src=\"https:\/\/platform.twitter.com\/widgets.js\" charset=\"utf-8\"><\/script><\/p>\n<p>Ah\u00ed, al pie del puente de la carretera de la s\u00faper carretera que lleva m\u00e1s de una d\u00e9cada construcci\u00f3n, <strong>el Presidente pidi\u00f3 a las autoridades y a la empresa terminar la obra antes de los 36 meses en que est\u00e1 programada.<\/strong><\/p>\n<p>&#8220;No quiero despertar celos, pero los constructores del Ej\u00e9rcito est\u00e1n construyendo el aeropuerto m\u00e1s grande del continente y trabajan d\u00eda y noche y van a terminar el 21 de marzo del 2022, es decir en 24 meses&#8221;.<\/p>\n<p>Al t\u00e9rmino del evento se le pregunt\u00f3 al Presidente de la Rep\u00fablica sobre su llamada con el presidente Donald Trump,\u00a0pero el Mandatario s\u00f3lo respondi\u00f3: &#8220;sana distancia&#8221;, mientras se llev\u00f3 la mano al pecho e hizo un saludo a los representes de los medios de comunicaci\u00f3n.<\/p>\n<p>Con informaci\u00f3n de SUN<\/p>\n<\/div>\n","protected":false},"excerpt":{"rendered":"<p>Har\u00edamos mal si nos apanicamos, dice L\u00f3pez Obrador en Oaxaca Por Redacci\u00f3n QP En San&#8230;<\/p>\n","protected":false},"author":2,"featured_media":55586,"comment_status":"open","ping_status":"open","sticky":false,"template":"","format":"standard","meta":{"_monsterinsights_skip_tracking":false,"_monsterinsights_sitenote_active":false,"_monsterinsights_sitenote_note":"","_monsterinsights_sitenote_category":0,"footnotes":""},"categories":[2],"tags":[],"class_list":["post-55585","post","type-post","status-publish","format-standard","has-post-thumbnail","hentry","category-noticias"],"yoast_head":"<!-- This site is optimized with the Yoast SEO plugin v27.3 - https:\/\/yoast.com\/product\/yoast-seo-wordpress\/ -->\n<title>Har\u00edamos mal si nos apanicamos, dice L\u00f3pez Obrador en Oaxaca -<\/title>\n<meta name=\"robots\" content=\"index, follow, max-snippet:-1, max-image-preview:large, max-video-preview:-1\" \/>\n<link rel=\"canonical\" href=\"https:\/\/quehacerpolitico.mx\/?p=55585\" \/>\n<meta property=\"og:locale\" content=\"es_MX\" \/>\n<meta property=\"og:type\" content=\"article\" \/>\n<meta property=\"og:title\" content=\"Har\u00edamos mal si nos apanicamos, dice L\u00f3pez Obrador en Oaxaca -\" \/>\n<meta property=\"og:description\" content=\"Har\u00edamos mal si nos apanicamos, dice L\u00f3pez Obrador en Oaxaca Por Redacci\u00f3n QP En San...\" \/>\n<meta property=\"og:url\" content=\"https:\/\/quehacerpolitico.mx\/?p=55585\" \/>\n<meta property=\"article:published_time\" content=\"2020-03-22T03:34:50+00:00\" \/>\n<meta name=\"author\" content=\"Redacci\u00f3n QP\" \/>\n<meta name=\"twitter:card\" content=\"summary_large_image\" \/>\n<meta name=\"twitter:label1\" content=\"Escrito por\" \/>\n\t<meta name=\"twitter:data1\" content=\"Redacci\u00f3n QP\" \/>\n\t<meta name=\"twitter:label2\" content=\"Tiempo de lectura\" \/>\n\t<meta name=\"twitter:data2\" content=\"3 minutos\" \/>\n<script type=\"application\/ld+json\" class=\"yoast-schema-graph\">{\"@context\":\"https:\\\/\\\/schema.org\",\"@graph\":[{\"@type\":\"Article\",\"@id\":\"https:\\\/\\\/quehacerpolitico.mx\\\/?p=55585#article\",\"isPartOf\":{\"@id\":\"https:\\\/\\\/quehacerpolitico.mx\\\/?p=55585\"},\"author\":{\"name\":\"Redacci\u00f3n QP\",\"@id\":\"https:\\\/\\\/quehacerpolitico.mx\\\/#\\\/schema\\\/person\\\/496d8ad2d1d3f8036101dca7ee39e585\"},\"headline\":\"Har\u00edamos mal si nos apanicamos, dice L\u00f3pez Obrador en Oaxaca\",\"datePublished\":\"2020-03-22T03:34:50+00:00\",\"mainEntityOfPage\":{\"@id\":\"https:\\\/\\\/quehacerpolitico.mx\\\/?p=55585\"},\"wordCount\":530,\"commentCount\":0,\"image\":{\"@id\":\"https:\\\/\\\/quehacerpolitico.mx\\\/?p=55585#primaryimage\"},\"thumbnailUrl\":\"\",\"articleSection\":[\"Noticias\"],\"inLanguage\":\"es\",\"potentialAction\":[{\"@type\":\"CommentAction\",\"name\":\"Comment\",\"target\":[\"https:\\\/\\\/quehacerpolitico.mx\\\/?p=55585#respond\"]}]},{\"@type\":\"WebPage\",\"@id\":\"https:\\\/\\\/quehacerpolitico.mx\\\/?p=55585\",\"url\":\"https:\\\/\\\/quehacerpolitico.mx\\\/?p=55585\",\"name\":\"Har\u00edamos mal si nos apanicamos, dice L\u00f3pez Obrador en Oaxaca -\",\"isPartOf\":{\"@id\":\"https:\\\/\\\/quehacerpolitico.mx\\\/#website\"},\"primaryImageOfPage\":{\"@id\":\"https:\\\/\\\/quehacerpolitico.mx\\\/?p=55585#primaryimage\"},\"image\":{\"@id\":\"https:\\\/\\\/quehacerpolitico.mx\\\/?p=55585#primaryimage\"},\"thumbnailUrl\":\"\",\"datePublished\":\"2020-03-22T03:34:50+00:00\",\"author\":{\"@id\":\"https:\\\/\\\/quehacerpolitico.mx\\\/#\\\/schema\\\/person\\\/496d8ad2d1d3f8036101dca7ee39e585\"},\"breadcrumb\":{\"@id\":\"https:\\\/\\\/quehacerpolitico.mx\\\/?p=55585#breadcrumb\"},\"inLanguage\":\"es\",\"potentialAction\":[{\"@type\":\"ReadAction\",\"target\":[\"https:\\\/\\\/quehacerpolitico.mx\\\/?p=55585\"]}]},{\"@type\":\"ImageObject\",\"inLanguage\":\"es\",\"@id\":\"https:\\\/\\\/quehacerpolitico.mx\\\/?p=55585#primaryimage\",\"url\":\"\",\"contentUrl\":\"\"},{\"@type\":\"BreadcrumbList\",\"@id\":\"https:\\\/\\\/quehacerpolitico.mx\\\/?p=55585#breadcrumb\",\"itemListElement\":[{\"@type\":\"ListItem\",\"position\":1,\"name\":\"Inicio\",\"item\":\"https:\\\/\\\/quehacerpolitico.mx\\\/\"},{\"@type\":\"ListItem\",\"position\":2,\"name\":\"Har\u00edamos mal si nos apanicamos, dice L\u00f3pez Obrador en Oaxaca\"}]},{\"@type\":\"WebSite\",\"@id\":\"https:\\\/\\\/quehacerpolitico.mx\\\/#website\",\"url\":\"https:\\\/\\\/quehacerpolitico.mx\\\/\",\"name\":\"\",\"description\":\"\",\"potentialAction\":[{\"@type\":\"SearchAction\",\"target\":{\"@type\":\"EntryPoint\",\"urlTemplate\":\"https:\\\/\\\/quehacerpolitico.mx\\\/?s={search_term_string}\"},\"query-input\":{\"@type\":\"PropertyValueSpecification\",\"valueRequired\":true,\"valueName\":\"search_term_string\"}}],\"inLanguage\":\"es\"},{\"@type\":\"Person\",\"@id\":\"https:\\\/\\\/quehacerpolitico.mx\\\/#\\\/schema\\\/person\\\/496d8ad2d1d3f8036101dca7ee39e585\",\"name\":\"Redacci\u00f3n QP\",\"image\":{\"@type\":\"ImageObject\",\"inLanguage\":\"es\",\"@id\":\"https:\\\/\\\/secure.gravatar.com\\\/avatar\\\/c7164ed6fdec453195284ad24a5ae5b6e1eed2b848477fa2a4787ba9adf39a41?s=96&d=mm&r=g\",\"url\":\"https:\\\/\\\/secure.gravatar.com\\\/avatar\\\/c7164ed6fdec453195284ad24a5ae5b6e1eed2b848477fa2a4787ba9adf39a41?s=96&d=mm&r=g\",\"contentUrl\":\"https:\\\/\\\/secure.gravatar.com\\\/avatar\\\/c7164ed6fdec453195284ad24a5ae5b6e1eed2b848477fa2a4787ba9adf39a41?s=96&d=mm&r=g\",\"caption\":\"Redacci\u00f3n QP\"},\"url\":\"https:\\\/\\\/quehacerpolitico.mx\\\/?author=2\"}]}<\/script>\n<!-- \/ Yoast SEO plugin. -->","yoast_head_json":{"title":"Har\u00edamos mal si nos apanicamos, dice L\u00f3pez Obrador en Oaxaca -","robots":{"index":"index","follow":"follow","max-snippet":"max-snippet:-1","max-image-preview":"max-image-preview:large","max-video-preview":"max-video-preview:-1"},"canonical":"https:\/\/quehacerpolitico.mx\/?p=55585","og_locale":"es_MX","og_type":"article","og_title":"Har\u00edamos mal si nos apanicamos, dice L\u00f3pez Obrador en Oaxaca -","og_description":"Har\u00edamos mal si nos apanicamos, dice L\u00f3pez Obrador en Oaxaca Por Redacci\u00f3n QP En San...","og_url":"https:\/\/quehacerpolitico.mx\/?p=55585","article_published_time":"2020-03-22T03:34:50+00:00","author":"Redacci\u00f3n QP","twitter_card":"summary_large_image","twitter_misc":{"Escrito por":"Redacci\u00f3n QP","Tiempo de lectura":"3 minutos"},"schema":{"@context":"https:\/\/schema.org","@graph":[{"@type":"Article","@id":"https:\/\/quehacerpolitico.mx\/?p=55585#article","isPartOf":{"@id":"https:\/\/quehacerpolitico.mx\/?p=55585"},"author":{"name":"Redacci\u00f3n QP","@id":"https:\/\/quehacerpolitico.mx\/#\/schema\/person\/496d8ad2d1d3f8036101dca7ee39e585"},"headline":"Har\u00edamos mal si nos apanicamos, dice L\u00f3pez Obrador en Oaxaca","datePublished":"2020-03-22T03:34:50+00:00","mainEntityOfPage":{"@id":"https:\/\/quehacerpolitico.mx\/?p=55585"},"wordCount":530,"commentCount":0,"image":{"@id":"https:\/\/quehacerpolitico.mx\/?p=55585#primaryimage"},"thumbnailUrl":"","articleSection":["Noticias"],"inLanguage":"es","potentialAction":[{"@type":"CommentAction","name":"Comment","target":["https:\/\/quehacerpolitico.mx\/?p=55585#respond"]}]},{"@type":"WebPage","@id":"https:\/\/quehacerpolitico.mx\/?p=55585","url":"https:\/\/quehacerpolitico.mx\/?p=55585","name":"Har\u00edamos mal si nos apanicamos, dice L\u00f3pez Obrador en Oaxaca -","isPartOf":{"@id":"https:\/\/quehacerpolitico.mx\/#website"},"primaryImageOfPage":{"@id":"https:\/\/quehacerpolitico.mx\/?p=55585#primaryimage"},"image":{"@id":"https:\/\/quehacerpolitico.mx\/?p=55585#primaryimage"},"thumbnailUrl":"","datePublished":"2020-03-22T03:34:50+00:00","author":{"@id":"https:\/\/quehacerpolitico.mx\/#\/schema\/person\/496d8ad2d1d3f8036101dca7ee39e585"},"breadcrumb":{"@id":"https:\/\/quehacerpolitico.mx\/?p=55585#breadcrumb"},"inLanguage":"es","potentialAction":[{"@type":"ReadAction","target":["https:\/\/quehacerpolitico.mx\/?p=55585"]}]},{"@type":"ImageObject","inLanguage":"es","@id":"https:\/\/quehacerpolitico.mx\/?p=55585#primaryimage","url":"","contentUrl":""},{"@type":"BreadcrumbList","@id":"https:\/\/quehacerpolitico.mx\/?p=55585#breadcrumb","itemListElement":[{"@type":"ListItem","position":1,"name":"Inicio","item":"https:\/\/quehacerpolitico.mx\/"},{"@type":"ListItem","position":2,"name":"Har\u00edamos mal si nos apanicamos, dice L\u00f3pez Obrador en Oaxaca"}]},{"@type":"WebSite","@id":"https:\/\/quehacerpolitico.mx\/#website","url":"https:\/\/quehacerpolitico.mx\/","name":"","description":"","potentialAction":[{"@type":"SearchAction","target":{"@type":"EntryPoint","urlTemplate":"https:\/\/quehacerpolitico.mx\/?s={search_term_string}"},"query-input":{"@type":"PropertyValueSpecification","valueRequired":true,"valueName":"search_term_string"}}],"inLanguage":"es"},{"@type":"Person","@id":"https:\/\/quehacerpolitico.mx\/#\/schema\/person\/496d8ad2d1d3f8036101dca7ee39e585","name":"Redacci\u00f3n QP","image":{"@type":"ImageObject","inLanguage":"es","@id":"https:\/\/secure.gravatar.com\/avatar\/c7164ed6fdec453195284ad24a5ae5b6e1eed2b848477fa2a4787ba9adf39a41?s=96&d=mm&r=g","url":"https:\/\/secure.gravatar.com\/avatar\/c7164ed6fdec453195284ad24a5ae5b6e1eed2b848477fa2a4787ba9adf39a41?s=96&d=mm&r=g","contentUrl":"https:\/\/secure.gravatar.com\/avatar\/c7164ed6fdec453195284ad24a5ae5b6e1eed2b848477fa2a4787ba9adf39a41?s=96&d=mm&r=g","caption":"Redacci\u00f3n QP"},"url":"https:\/\/quehacerpolitico.mx\/?author=2"}]}},"featured_image_urls":{"full":"","thumbnail":"","medium":"","medium_large":"","large":"","1536x1536":"","2048x2048":"","covernews-featured":"","covernews-medium":""},"author_info":{"display_name":"Redacci\u00f3n QP","author_link":"https:\/\/quehacerpolitico.mx\/?author=2"},"category_info":"<a href=\"https:\/\/quehacerpolitico.mx\/?cat=2\" rel=\"category\">Noticias<\/a>","tag_info":"Noticias","comment_count":"0","_links":{"self":[{"href":"https:\/\/quehacerpolitico.mx\/index.php?rest_route=\/wp\/v2\/posts\/55585","targetHints":{"allow":["GET"]}}],"collection":[{"href":"https:\/\/quehacerpolitico.mx\/index.php?rest_route=\/wp\/v2\/posts"}],"about":[{"href":"https:\/\/quehacerpolitico.mx\/index.php?rest_route=\/wp\/v2\/types\/post"}],"author":[{"embeddable":true,"href":"https:\/\/quehacerpolitico.mx\/index.php?rest_route=\/wp\/v2\/users\/2"}],"replies":[{"embeddable":true,"href":"https:\/\/quehacerpolitico.mx\/index.php?rest_route=%2Fwp%2Fv2%2Fcomments&post=55585"}],"version-history":[{"count":0,"href":"https:\/\/quehacerpolitico.mx\/index.php?rest_route=\/wp\/v2\/posts\/55585\/revisions"}],"wp:featuredmedia":[{"embeddable":true,"href":"https:\/\/quehacerpolitico.mx\/index.php?rest_route=\/"}],"wp:attachment":[{"href":"https:\/\/quehacerpolitico.mx\/index.php?rest_route=%2Fwp%2Fv2%2Fmedia&parent=55585"}],"wp:term":[{"taxonomy":"category","embeddable":true,"href":"https:\/\/quehacerpolitico.mx\/index.php?rest_route=%2Fwp%2Fv2%2Fcategories&post=55585"},{"taxonomy":"post_tag","embeddable":true,"href":"https:\/\/quehacerpolitico.mx\/index.php?rest_route=%2Fwp%2Fv2%2Ftags&post=55585"}],"curies":[{"name":"wp","href":"https:\/\/api.w.org\/{rel}","templated":true}]}}